{"id":36917,"date":"2025-05-31T08:00:04","date_gmt":"2025-05-31T13:00:04","guid":{"rendered":"https:\/\/ciudadyregion.com.co\/?p=36917"},"modified":"2025-05-31T08:00:04","modified_gmt":"2025-05-31T13:00:04","slug":"capturan-en-flandes-a-alias-chela-presunto-expendedor-de-estupefacientes","status":"publish","type":"post","link":"https:\/\/ciudadyregion.com.co\/index.php\/capturan-en-flandes-a-alias-chela-presunto-expendedor-de-estupefacientes\/judicial\/","title":{"rendered":"Capturan en Flandes a alias \u00abChela\u00bb, presunto expendedor de estupefacientes"},"content":{"rendered":"<p>Fue capturado en el barrio Iqueima un hombre conocido con el alias de \u00abChela\u00bb, se\u00f1alado de distribuir estupefacientes en este sector del municipio de Flandes.<\/p>\n<p>Seg\u00fan el reporte oficial, el sujeto fue sorprendido en flagrancia mientras comercializaba varias dosis de bazuco, los uniformados hallaron en su poder: M\u00e1s de 800 dosis de bazuco listas para la venta. Un paquete adicional con contenido equivalente a 1.500 dosis del mismo estupefaciente.<\/p>\n<p>Alias \u00abChela\u00bb fue dejado a disposici\u00f3n de la Fiscal\u00eda y presentado ante un juez de control de garant\u00edas, quien legaliz\u00f3 su captura e inici\u00f3 el proceso judicial por el delito de fabricaci\u00f3n, tr\u00e1fico o porte de estupefacientes.<\/p>\n<p>Las autoridades reiteraron su compromiso de seguir enfrentando el microtr\u00e1fico en el municipio y pidieron a la ciudadan\u00eda colaborar con informaci\u00f3n que permita ubicar a otros responsables de estas actividades il\u00edcitas.<\/p>\n","protected":false},"excerpt":{"rendered":"<p>Fue capturado en el barrio Iqueima un hombre conocido con el alias de \u00abChela\u00bb, se\u00f1alado de distribuir estupefacientes en este sector del municipio de Flandes. Seg\u00fan el reporte oficial, el sujeto fue sorprendido en flagrancia mientras comercializaba varias dosis de bazuco, los uniformados hallaron en su poder: M\u00e1s de 800<span class=\"more-link\"><a href=\"https:\/\/ciudadyregion.com.co\/index.php\/capturan-en-flandes-a-alias-chela-presunto-expendedor-de-estupefacientes\/judicial\/\">Continuar Leyendo<\/a><\/span><\/p>\n","protected":false},"author":2,"featured_media":36918,"comment_status":"open","ping_status":"open","sticky":false,"template":"","format":"standard","meta":{"_uf_show_specific_survey":0,"_uf_disable_surveys":false,"_jetpack_memberships_contains_paid_content":false,"footnotes":"","jetpack_publicize_message":"","jetpack_publicize_feature_enabled":true,"jetpack_social_post_already_shared":true,"jetpack_social_options":{"image_generator_settings":{"template":"highway","enabled":false},"version":2}},"categories":[18],"tags":[],"class_list":["entry","author-diegoaguirre","post-36917","post","type-post","status-publish","format-standard","has-post-thumbnail","category-judicial"],"jetpack_publicize_connections":[],"yoast_head":"<!-- This site is optimized with the Yoast SEO plugin v24.3 - https:\/\/yoast.com\/wordpress\/plugins\/seo\/ -->\n<title>Capturan en Flandes a alias &quot;Chela&quot;, presunto expendedor de estupefacientes - Ciudad y Region<\/title>\n<meta name=\"robots\" content=\"index, follow, max-snippet:-1, max-image-preview:large, max-video-preview:-1\" \/>\n<link rel=\"canonical\" href=\"https:\/\/ciudadyregion.com.co\/index.php\/capturan-en-flandes-a-alias-chela-presunto-expendedor-de-estupefacientes\/judicial\/\" \/>\n<meta property=\"og:locale\" content=\"es_ES\" \/>\n<meta property=\"og:type\" content=\"article\" \/>\n<meta property=\"og:title\" content=\"Capturan en Flandes a alias &quot;Chela&quot;, presunto expendedor de estupefacientes - Ciudad y Region\" \/>\n<meta property=\"og:description\" content=\"Fue capturado en el barrio Iqueima un hombre conocido con el alias de \u00abChela\u00bb, se\u00f1alado de distribuir estupefacientes en este sector del municipio de Flandes. Seg\u00fan el reporte oficial, el sujeto fue sorprendido en flagrancia mientras comercializaba varias dosis de bazuco, los uniformados hallaron en su poder: M\u00e1s de 800Continuar Leyendo\" \/>\n<meta property=\"og:url\" content=\"https:\/\/ciudadyregion.com.co\/index.php\/capturan-en-flandes-a-alias-chela-presunto-expendedor-de-estupefacientes\/judicial\/\" \/>\n<meta property=\"og:site_name\" content=\"Ciudad y Region\" \/>\n<meta property=\"article:published_time\" content=\"2025-05-31T13:00:04+00:00\" \/>\n<meta property=\"og:image\" content=\"https:\/\/ciudadyregion.com.co\/wp-content\/uploads\/2025\/05\/2-2025-05-31T075858.027.jpg\" \/>\n\t<meta property=\"og:image:width\" content=\"800\" \/>\n\t<meta property=\"og:image:height\" content=\"445\" \/>\n\t<meta property=\"og:image:type\" content=\"image\/jpeg\" \/>\n<meta name=\"author\" content=\"David Andr\u00e9s Aguirre\" \/>\n<meta name=\"twitter:card\" content=\"summary_large_image\" \/>\n<meta name=\"twitter:label1\" content=\"Escrito por\" \/>\n\t<meta name=\"twitter:data1\" content=\"David Andr\u00e9s Aguirre\" \/>\n\t<meta name=\"twitter:label2\" content=\"Tiempo de lectura\" \/>\n\t<meta name=\"twitter:data2\" content=\"1 minuto\" \/>\n<script type=\"application\/ld+json\" class=\"yoast-schema-graph\">{\"@context\":\"https:\/\/schema.org\",\"@graph\":[{\"@type\":\"WebPage\",\"@id\":\"https:\/\/ciudadyregion.com.co\/index.php\/capturan-en-flandes-a-alias-chela-presunto-expendedor-de-estupefacientes\/judicial\/\",\"url\":\"https:\/\/ciudadyregion.com.co\/index.php\/capturan-en-flandes-a-alias-chela-presunto-expendedor-de-estupefacientes\/judicial\/\",\"name\":\"Capturan en Flandes a alias \\\"Chela\\\", presunto expendedor de estupefacientes - Ciudad y Region\",\"isPartOf\":{\"@id\":\"https:\/\/ciudadyregion.com.co\/#website\"},\"primaryImageOfPage\":{\"@id\":\"https:\/\/ciudadyregion.com.co\/index.php\/capturan-en-flandes-a-alias-chela-presunto-expendedor-de-estupefacientes\/judicial\/#primaryimage\"},\"image\":{\"@id\":\"https:\/\/ciudadyregion.com.co\/index.php\/capturan-en-flandes-a-alias-chela-presunto-expendedor-de-estupefacientes\/judicial\/#primaryimage\"},\"thumbnailUrl\":\"https:\/\/i0.wp.com\/ciudadyregion.com.co\/wp-content\/uploads\/2025\/05\/2-2025-05-31T075858.027.jpg?fit=800%2C445&ssl=1\",\"datePublished\":\"2025-05-31T13:00:04+00:00\",\"dateModified\":\"2025-05-31T13:00:04+00:00\",\"author\":{\"@id\":\"https:\/\/ciudadyregion.com.co\/#\/schema\/person\/04a4954373ebc4051f46e8c65ff78622\"},\"breadcrumb\":{\"@id\":\"https:\/\/ciudadyregion.com.co\/index.php\/capturan-en-flandes-a-alias-chela-presunto-expendedor-de-estupefacientes\/judicial\/#breadcrumb\"},\"inLanguage\":\"es\",\"potentialAction\":[{\"@type\":\"ReadAction\",\"target\":[\"https:\/\/ciudadyregion.com.co\/index.php\/capturan-en-flandes-a-alias-chela-presunto-expendedor-de-estupefacientes\/judicial\/\"]}]},{\"@type\":\"ImageObject\",\"inLanguage\":\"es\",\"@id\":\"https:\/\/ciudadyregion.com.co\/index.php\/capturan-en-flandes-a-alias-chela-presunto-expendedor-de-estupefacientes\/judicial\/#primaryimage\",\"url\":\"https:\/\/i0.wp.com\/ciudadyregion.com.co\/wp-content\/uploads\/2025\/05\/2-2025-05-31T075858.027.jpg?fit=800%2C445&ssl=1\",\"contentUrl\":\"https:\/\/i0.wp.com\/ciudadyregion.com.co\/wp-content\/uploads\/2025\/05\/2-2025-05-31T075858.027.jpg?fit=800%2C445&ssl=1\",\"width\":800,\"height\":445},{\"@type\":\"BreadcrumbList\",\"@id\":\"https:\/\/ciudadyregion.com.co\/index.php\/capturan-en-flandes-a-alias-chela-presunto-expendedor-de-estupefacientes\/judicial\/#breadcrumb\",\"itemListElement\":[{\"@type\":\"ListItem\",\"position\":1,\"name\":\"Portada\",\"item\":\"https:\/\/ciudadyregion.com.co\/\"},{\"@type\":\"ListItem\",\"position\":2,\"name\":\"Capturan en Flandes a alias \u00abChela\u00bb, presunto expendedor de estupefacientes\"}]},{\"@type\":\"WebSite\",\"@id\":\"https:\/\/ciudadyregion.com.co\/#website\",\"url\":\"https:\/\/ciudadyregion.com.co\/\",\"name\":\"Ciudad y Region\",\"description\":\"\",\"potentialAction\":[{\"@type\":\"SearchAction\",\"target\":{\"@type\":\"EntryPoint\",\"urlTemplate\":\"https:\/\/ciudadyregion.com.co\/?s={search_term_string}\"},\"query-input\":{\"@type\":\"PropertyValueSpecification\",\"valueRequired\":true,\"valueName\":\"search_term_string\"}}],\"inLanguage\":\"es\"},{\"@type\":\"Person\",\"@id\":\"https:\/\/ciudadyregion.com.co\/#\/schema\/person\/04a4954373ebc4051f46e8c65ff78622\",\"name\":\"David Andr\u00e9s Aguirre\",\"image\":{\"@type\":\"ImageObject\",\"inLanguage\":\"es\",\"@id\":\"https:\/\/ciudadyregion.com.co\/#\/schema\/person\/image\/\",\"url\":\"https:\/\/secure.gravatar.com\/avatar\/bc3c655860202182ee6d1b5edd042dbe?s=96&d=mm&r=g\",\"contentUrl\":\"https:\/\/secure.gravatar.com\/avatar\/bc3c655860202182ee6d1b5edd042dbe?s=96&d=mm&r=g\",\"caption\":\"David Andr\u00e9s Aguirre\"},\"url\":\"https:\/\/ciudadyregion.com.co\/index.php\/author\/diegoaguirre\/\"}]}<\/script>\n<!-- \/ Yoast SEO plugin. -->","yoast_head_json":{"title":"Capturan en Flandes a alias \"Chela\", presunto expendedor de estupefacientes - Ciudad y Region","robots":{"index":"index","follow":"follow","max-snippet":"max-snippet:-1","max-image-preview":"max-image-preview:large","max-video-preview":"max-video-preview:-1"},"canonical":"https:\/\/ciudadyregion.com.co\/index.php\/capturan-en-flandes-a-alias-chela-presunto-expendedor-de-estupefacientes\/judicial\/","og_locale":"es_ES","og_type":"article","og_title":"Capturan en Flandes a alias \"Chela\", presunto expendedor de estupefacientes - Ciudad y Region","og_description":"Fue capturado en el barrio Iqueima un hombre conocido con el alias de \u00abChela\u00bb, se\u00f1alado de distribuir estupefacientes en este sector del municipio de Flandes. Seg\u00fan el reporte oficial, el sujeto fue sorprendido en flagrancia mientras comercializaba varias dosis de bazuco, los uniformados hallaron en su poder: M\u00e1s de 800Continuar Leyendo","og_url":"https:\/\/ciudadyregion.com.co\/index.php\/capturan-en-flandes-a-alias-chela-presunto-expendedor-de-estupefacientes\/judicial\/","og_site_name":"Ciudad y Region","article_published_time":"2025-05-31T13:00:04+00:00","og_image":[{"width":800,"height":445,"url":"https:\/\/ciudadyregion.com.co\/wp-content\/uploads\/2025\/05\/2-2025-05-31T075858.027.jpg","type":"image\/jpeg"}],"author":"David Andr\u00e9s Aguirre","twitter_card":"summary_large_image","twitter_misc":{"Escrito por":"David Andr\u00e9s Aguirre","Tiempo de lectura":"1 minuto"},"schema":{"@context":"https:\/\/schema.org","@graph":[{"@type":"WebPage","@id":"https:\/\/ciudadyregion.com.co\/index.php\/capturan-en-flandes-a-alias-chela-presunto-expendedor-de-estupefacientes\/judicial\/","url":"https:\/\/ciudadyregion.com.co\/index.php\/capturan-en-flandes-a-alias-chela-presunto-expendedor-de-estupefacientes\/judicial\/","name":"Capturan en Flandes a alias \"Chela\", presunto expendedor de estupefacientes - Ciudad y Region","isPartOf":{"@id":"https:\/\/ciudadyregion.com.co\/#website"},"primaryImageOfPage":{"@id":"https:\/\/ciudadyregion.com.co\/index.php\/capturan-en-flandes-a-alias-chela-presunto-expendedor-de-estupefacientes\/judicial\/#primaryimage"},"image":{"@id":"https:\/\/ciudadyregion.com.co\/index.php\/capturan-en-flandes-a-alias-chela-presunto-expendedor-de-estupefacientes\/judicial\/#primaryimage"},"thumbnailUrl":"https:\/\/i0.wp.com\/ciudadyregion.com.co\/wp-content\/uploads\/2025\/05\/2-2025-05-31T075858.027.jpg?fit=800%2C445&ssl=1","datePublished":"2025-05-31T13:00:04+00:00","dateModified":"2025-05-31T13:00:04+00:00","author":{"@id":"https:\/\/ciudadyregion.com.co\/#\/schema\/person\/04a4954373ebc4051f46e8c65ff78622"},"breadcrumb":{"@id":"https:\/\/ciudadyregion.com.co\/index.php\/capturan-en-flandes-a-alias-chela-presunto-expendedor-de-estupefacientes\/judicial\/#breadcrumb"},"inLanguage":"es","potentialAction":[{"@type":"ReadAction","target":["https:\/\/ciudadyregion.com.co\/index.php\/capturan-en-flandes-a-alias-chela-presunto-expendedor-de-estupefacientes\/judicial\/"]}]},{"@type":"ImageObject","inLanguage":"es","@id":"https:\/\/ciudadyregion.com.co\/index.php\/capturan-en-flandes-a-alias-chela-presunto-expendedor-de-estupefacientes\/judicial\/#primaryimage","url":"https:\/\/i0.wp.com\/ciudadyregion.com.co\/wp-content\/uploads\/2025\/05\/2-2025-05-31T075858.027.jpg?fit=800%2C445&ssl=1","contentUrl":"https:\/\/i0.wp.com\/ciudadyregion.com.co\/wp-content\/uploads\/2025\/05\/2-2025-05-31T075858.027.jpg?fit=800%2C445&ssl=1","width":800,"height":445},{"@type":"BreadcrumbList","@id":"https:\/\/ciudadyregion.com.co\/index.php\/capturan-en-flandes-a-alias-chela-presunto-expendedor-de-estupefacientes\/judicial\/#breadcrumb","itemListElement":[{"@type":"ListItem","position":1,"name":"Portada","item":"https:\/\/ciudadyregion.com.co\/"},{"@type":"ListItem","position":2,"name":"Capturan en Flandes a alias \u00abChela\u00bb, presunto expendedor de estupefacientes"}]},{"@type":"WebSite","@id":"https:\/\/ciudadyregion.com.co\/#website","url":"https:\/\/ciudadyregion.com.co\/","name":"Ciudad y Region","description":"","potentialAction":[{"@type":"SearchAction","target":{"@type":"EntryPoint","urlTemplate":"https:\/\/ciudadyregion.com.co\/?s={search_term_string}"},"query-input":{"@type":"PropertyValueSpecification","valueRequired":true,"valueName":"search_term_string"}}],"inLanguage":"es"},{"@type":"Person","@id":"https:\/\/ciudadyregion.com.co\/#\/schema\/person\/04a4954373ebc4051f46e8c65ff78622","name":"David Andr\u00e9s Aguirre","image":{"@type":"ImageObject","inLanguage":"es","@id":"https:\/\/ciudadyregion.com.co\/#\/schema\/person\/image\/","url":"https:\/\/secure.gravatar.com\/avatar\/bc3c655860202182ee6d1b5edd042dbe?s=96&d=mm&r=g","contentUrl":"https:\/\/secure.gravatar.com\/avatar\/bc3c655860202182ee6d1b5edd042dbe?s=96&d=mm&r=g","caption":"David Andr\u00e9s Aguirre"},"url":"https:\/\/ciudadyregion.com.co\/index.php\/author\/diegoaguirre\/"}]}},"jetpack_featured_media_url":"https:\/\/i0.wp.com\/ciudadyregion.com.co\/wp-content\/uploads\/2025\/05\/2-2025-05-31T075858.027.jpg?fit=800%2C445&ssl=1","jetpack_sharing_enabled":true,"jetpack_shortlink":"https:\/\/wp.me\/pbS7hh-9Br","jetpack-related-posts":[],"_links":{"self":[{"href":"https:\/\/ciudadyregion.com.co\/index.php\/wp-json\/wp\/v2\/posts\/36917"}],"collection":[{"href":"https:\/\/ciudadyregion.com.co\/index.php\/wp-json\/wp\/v2\/posts"}],"about":[{"href":"https:\/\/ciudadyregion.com.co\/index.php\/wp-json\/wp\/v2\/types\/post"}],"author":[{"embeddable":true,"href":"https:\/\/ciudadyregion.com.co\/index.php\/wp-json\/wp\/v2\/users\/2"}],"replies":[{"embeddable":true,"href":"https:\/\/ciudadyregion.com.co\/index.php\/wp-json\/wp\/v2\/comments?post=36917"}],"version-history":[{"count":1,"href":"https:\/\/ciudadyregion.com.co\/index.php\/wp-json\/wp\/v2\/posts\/36917\/revisions"}],"predecessor-version":[{"id":36919,"href":"https:\/\/ciudadyregion.com.co\/index.php\/wp-json\/wp\/v2\/posts\/36917\/revisions\/36919"}],"wp:featuredmedia":[{"embeddable":true,"href":"https:\/\/ciudadyregion.com.co\/index.php\/wp-json\/wp\/v2\/media\/36918"}],"wp:attachment":[{"href":"https:\/\/ciudadyregion.com.co\/index.php\/wp-json\/wp\/v2\/media?parent=36917"}],"wp:term":[{"taxonomy":"category","embeddable":true,"href":"https:\/\/ciudadyregion.com.co\/index.php\/wp-json\/wp\/v2\/categories?post=36917"},{"taxonomy":"post_tag","embeddable":true,"href":"https:\/\/ciudadyregion.com.co\/index.php\/wp-json\/wp\/v2\/tags?post=36917"}],"curies":[{"name":"wp","href":"https:\/\/api.w.org\/{rel}","templated":true}]}}