{"id":36252,"date":"2025-05-23T05:13:48","date_gmt":"2025-05-23T10:13:48","guid":{"rendered":"https:\/\/ciudadyregion.com.co\/?p=36252"},"modified":"2025-05-23T05:13:48","modified_gmt":"2025-05-23T10:13:48","slug":"ibague-refuerza-control-al-consumo-de-alcohol-y-ratifica-exclusion-de-la-cabalgata-sanjuanera","status":"publish","type":"post","link":"https:\/\/ciudadyregion.com.co\/index.php\/ibague-refuerza-control-al-consumo-de-alcohol-y-ratifica-exclusion-de-la-cabalgata-sanjuanera\/ibague\/","title":{"rendered":"Ibagu\u00e9 refuerza control al consumo de alcohol y ratifica exclusi\u00f3n de la Cabalgata Sanjuanera"},"content":{"rendered":"<p>El 59 % de los homicidios en la ciudad est\u00e1n relacionados con hechos de intolerancia, y gran parte de ellos ocurren en espacios cerrados asociados al consumo de alcohol.<\/p>\n<p>El secretario de Gobierno de Ibagu\u00e9, Francisco Esp\u00edn, anunci\u00f3 que se impondr\u00e1 el decreto de desenguayabe que restringir\u00e1n la venta y consumo de licor en ciertas zonas de la ciudad, como medida preventiva frente a los altos \u00edndices de homicidios relacionados con la intolerancia y el abuso del alcohol.<\/p>\n<p>Seg\u00fan cifras oficiales, el 59 % de los homicidios registrados en Ibagu\u00e9 est\u00e1n asociados a casos de intolerancia. De ese total, un 31 % ocurre en espacios p\u00fablicos, lo que revela que la mayor\u00eda de los hechos violentos se presentan en establecimientos a puerta cerrada, en contextos donde el consumo de alcohol es protagonista.<\/p>\n<p>El decreto de desenguayabe aplicar\u00e1 en horarios estrat\u00e9gicos, especialmente entre las 4:00 a. m. y el mediod\u00eda, sin afectar los desfiles ni actividades culturales del Festival Folcl\u00f3rico Colombiano.<\/p>\n<p>En ese mismo contexto, el funcionario reiter\u00f3 que la tradicional Cabalgata Sanjuanera no har\u00e1 parte de la programaci\u00f3n oficial del festival este a\u00f1o, una decisi\u00f3n que seg\u00fan asegur\u00f3 ya hab\u00eda sido tomada y socializada antes de su llegada al cargo.<\/p>\n<p>El funcionario enfatiz\u00f3 que su prioridad es garantizar unas festividades seguras, enfocadas en la promoci\u00f3n del folclor, la convivencia y el respeto por la vida.<\/p>\n","protected":false},"excerpt":{"rendered":"<p>El 59 % de los homicidios en la ciudad est\u00e1n relacionados con hechos de intolerancia, y gran parte de ellos ocurren en espacios cerrados asociados al consumo de alcohol. El secretario de Gobierno de Ibagu\u00e9, Francisco Esp\u00edn, anunci\u00f3 que se impondr\u00e1 el decreto de desenguayabe que restringir\u00e1n la venta y<span class=\"more-link\"><a href=\"https:\/\/ciudadyregion.com.co\/index.php\/ibague-refuerza-control-al-consumo-de-alcohol-y-ratifica-exclusion-de-la-cabalgata-sanjuanera\/ibague\/\">Continuar Leyendo<\/a><\/span><\/p>\n","protected":false},"author":2,"featured_media":36253,"comment_status":"open","ping_status":"open","sticky":false,"template":"","format":"standard","meta":{"_uf_show_specific_survey":0,"_uf_disable_surveys":false,"_jetpack_memberships_contains_paid_content":false,"footnotes":"","jetpack_publicize_message":"","jetpack_publicize_feature_enabled":true,"jetpack_social_post_already_shared":true,"jetpack_social_options":{"image_generator_settings":{"template":"highway","enabled":false},"version":2}},"categories":[14],"tags":[],"class_list":["entry","author-diegoaguirre","post-36252","post","type-post","status-publish","format-standard","has-post-thumbnail","category-ibague"],"jetpack_publicize_connections":[],"yoast_head":"<!-- This site is optimized with the Yoast SEO plugin v24.3 - https:\/\/yoast.com\/wordpress\/plugins\/seo\/ -->\n<title>Ibagu\u00e9 refuerza control al consumo de alcohol y ratifica exclusi\u00f3n de la Cabalgata Sanjuanera - Ciudad y Region<\/title>\n<meta name=\"robots\" content=\"index, follow, max-snippet:-1, max-image-preview:large, max-video-preview:-1\" \/>\n<link rel=\"canonical\" href=\"https:\/\/ciudadyregion.com.co\/index.php\/ibague-refuerza-control-al-consumo-de-alcohol-y-ratifica-exclusion-de-la-cabalgata-sanjuanera\/ibague\/\" \/>\n<meta property=\"og:locale\" content=\"es_ES\" \/>\n<meta property=\"og:type\" content=\"article\" \/>\n<meta property=\"og:title\" content=\"Ibagu\u00e9 refuerza control al consumo de alcohol y ratifica exclusi\u00f3n de la Cabalgata Sanjuanera - Ciudad y Region\" \/>\n<meta property=\"og:description\" content=\"El 59 % de los homicidios en la ciudad est\u00e1n relacionados con hechos de intolerancia, y gran parte de ellos ocurren en espacios cerrados asociados al consumo de alcohol. El secretario de Gobierno de Ibagu\u00e9, Francisco Esp\u00edn, anunci\u00f3 que se impondr\u00e1 el decreto de desenguayabe que restringir\u00e1n la venta yContinuar Leyendo\" \/>\n<meta property=\"og:url\" content=\"https:\/\/ciudadyregion.com.co\/index.php\/ibague-refuerza-control-al-consumo-de-alcohol-y-ratifica-exclusion-de-la-cabalgata-sanjuanera\/ibague\/\" \/>\n<meta property=\"og:site_name\" content=\"Ciudad y Region\" \/>\n<meta property=\"article:published_time\" content=\"2025-05-23T10:13:48+00:00\" \/>\n<meta property=\"og:image\" content=\"https:\/\/ciudadyregion.com.co\/wp-content\/uploads\/2025\/05\/1-25.jpg\" \/>\n\t<meta property=\"og:image:width\" content=\"800\" \/>\n\t<meta property=\"og:image:height\" content=\"445\" \/>\n\t<meta property=\"og:image:type\" content=\"image\/jpeg\" \/>\n<meta name=\"author\" content=\"David Andr\u00e9s Aguirre\" \/>\n<meta name=\"twitter:card\" content=\"summary_large_image\" \/>\n<meta name=\"twitter:label1\" content=\"Escrito por\" \/>\n\t<meta name=\"twitter:data1\" content=\"David Andr\u00e9s Aguirre\" \/>\n\t<meta name=\"twitter:label2\" content=\"Tiempo de lectura\" \/>\n\t<meta name=\"twitter:data2\" content=\"2 minutos\" \/>\n<script type=\"application\/ld+json\" class=\"yoast-schema-graph\">{\"@context\":\"https:\/\/schema.org\",\"@graph\":[{\"@type\":\"WebPage\",\"@id\":\"https:\/\/ciudadyregion.com.co\/index.php\/ibague-refuerza-control-al-consumo-de-alcohol-y-ratifica-exclusion-de-la-cabalgata-sanjuanera\/ibague\/\",\"url\":\"https:\/\/ciudadyregion.com.co\/index.php\/ibague-refuerza-control-al-consumo-de-alcohol-y-ratifica-exclusion-de-la-cabalgata-sanjuanera\/ibague\/\",\"name\":\"Ibagu\u00e9 refuerza control al consumo de alcohol y ratifica exclusi\u00f3n de la Cabalgata Sanjuanera - Ciudad y Region\",\"isPartOf\":{\"@id\":\"https:\/\/ciudadyregion.com.co\/#website\"},\"primaryImageOfPage\":{\"@id\":\"https:\/\/ciudadyregion.com.co\/index.php\/ibague-refuerza-control-al-consumo-de-alcohol-y-ratifica-exclusion-de-la-cabalgata-sanjuanera\/ibague\/#primaryimage\"},\"image\":{\"@id\":\"https:\/\/ciudadyregion.com.co\/index.php\/ibague-refuerza-control-al-consumo-de-alcohol-y-ratifica-exclusion-de-la-cabalgata-sanjuanera\/ibague\/#primaryimage\"},\"thumbnailUrl\":\"https:\/\/i0.wp.com\/ciudadyregion.com.co\/wp-content\/uploads\/2025\/05\/1-25.jpg?fit=800%2C445&ssl=1\",\"datePublished\":\"2025-05-23T10:13:48+00:00\",\"dateModified\":\"2025-05-23T10:13:48+00:00\",\"author\":{\"@id\":\"https:\/\/ciudadyregion.com.co\/#\/schema\/person\/04a4954373ebc4051f46e8c65ff78622\"},\"breadcrumb\":{\"@id\":\"https:\/\/ciudadyregion.com.co\/index.php\/ibague-refuerza-control-al-consumo-de-alcohol-y-ratifica-exclusion-de-la-cabalgata-sanjuanera\/ibague\/#breadcrumb\"},\"inLanguage\":\"es\",\"potentialAction\":[{\"@type\":\"ReadAction\",\"target\":[\"https:\/\/ciudadyregion.com.co\/index.php\/ibague-refuerza-control-al-consumo-de-alcohol-y-ratifica-exclusion-de-la-cabalgata-sanjuanera\/ibague\/\"]}]},{\"@type\":\"ImageObject\",\"inLanguage\":\"es\",\"@id\":\"https:\/\/ciudadyregion.com.co\/index.php\/ibague-refuerza-control-al-consumo-de-alcohol-y-ratifica-exclusion-de-la-cabalgata-sanjuanera\/ibague\/#primaryimage\",\"url\":\"https:\/\/i0.wp.com\/ciudadyregion.com.co\/wp-content\/uploads\/2025\/05\/1-25.jpg?fit=800%2C445&ssl=1\",\"contentUrl\":\"https:\/\/i0.wp.com\/ciudadyregion.com.co\/wp-content\/uploads\/2025\/05\/1-25.jpg?fit=800%2C445&ssl=1\",\"width\":800,\"height\":445},{\"@type\":\"BreadcrumbList\",\"@id\":\"https:\/\/ciudadyregion.com.co\/index.php\/ibague-refuerza-control-al-consumo-de-alcohol-y-ratifica-exclusion-de-la-cabalgata-sanjuanera\/ibague\/#breadcrumb\",\"itemListElement\":[{\"@type\":\"ListItem\",\"position\":1,\"name\":\"Portada\",\"item\":\"https:\/\/ciudadyregion.com.co\/\"},{\"@type\":\"ListItem\",\"position\":2,\"name\":\"Ibagu\u00e9 refuerza control al consumo de alcohol y ratifica exclusi\u00f3n de la Cabalgata Sanjuanera\"}]},{\"@type\":\"WebSite\",\"@id\":\"https:\/\/ciudadyregion.com.co\/#website\",\"url\":\"https:\/\/ciudadyregion.com.co\/\",\"name\":\"Ciudad y Region\",\"description\":\"\",\"potentialAction\":[{\"@type\":\"SearchAction\",\"target\":{\"@type\":\"EntryPoint\",\"urlTemplate\":\"https:\/\/ciudadyregion.com.co\/?s={search_term_string}\"},\"query-input\":{\"@type\":\"PropertyValueSpecification\",\"valueRequired\":true,\"valueName\":\"search_term_string\"}}],\"inLanguage\":\"es\"},{\"@type\":\"Person\",\"@id\":\"https:\/\/ciudadyregion.com.co\/#\/schema\/person\/04a4954373ebc4051f46e8c65ff78622\",\"name\":\"David Andr\u00e9s Aguirre\",\"image\":{\"@type\":\"ImageObject\",\"inLanguage\":\"es\",\"@id\":\"https:\/\/ciudadyregion.com.co\/#\/schema\/person\/image\/\",\"url\":\"https:\/\/secure.gravatar.com\/avatar\/bc3c655860202182ee6d1b5edd042dbe?s=96&d=mm&r=g\",\"contentUrl\":\"https:\/\/secure.gravatar.com\/avatar\/bc3c655860202182ee6d1b5edd042dbe?s=96&d=mm&r=g\",\"caption\":\"David Andr\u00e9s Aguirre\"},\"url\":\"https:\/\/ciudadyregion.com.co\/index.php\/author\/diegoaguirre\/\"}]}<\/script>\n<!-- \/ Yoast SEO plugin. -->","yoast_head_json":{"title":"Ibagu\u00e9 refuerza control al consumo de alcohol y ratifica exclusi\u00f3n de la Cabalgata Sanjuanera - Ciudad y Region","robots":{"index":"index","follow":"follow","max-snippet":"max-snippet:-1","max-image-preview":"max-image-preview:large","max-video-preview":"max-video-preview:-1"},"canonical":"https:\/\/ciudadyregion.com.co\/index.php\/ibague-refuerza-control-al-consumo-de-alcohol-y-ratifica-exclusion-de-la-cabalgata-sanjuanera\/ibague\/","og_locale":"es_ES","og_type":"article","og_title":"Ibagu\u00e9 refuerza control al consumo de alcohol y ratifica exclusi\u00f3n de la Cabalgata Sanjuanera - Ciudad y Region","og_description":"El 59 % de los homicidios en la ciudad est\u00e1n relacionados con hechos de intolerancia, y gran parte de ellos ocurren en espacios cerrados asociados al consumo de alcohol. El secretario de Gobierno de Ibagu\u00e9, Francisco Esp\u00edn, anunci\u00f3 que se impondr\u00e1 el decreto de desenguayabe que restringir\u00e1n la venta yContinuar Leyendo","og_url":"https:\/\/ciudadyregion.com.co\/index.php\/ibague-refuerza-control-al-consumo-de-alcohol-y-ratifica-exclusion-de-la-cabalgata-sanjuanera\/ibague\/","og_site_name":"Ciudad y Region","article_published_time":"2025-05-23T10:13:48+00:00","og_image":[{"width":800,"height":445,"url":"https:\/\/ciudadyregion.com.co\/wp-content\/uploads\/2025\/05\/1-25.jpg","type":"image\/jpeg"}],"author":"David Andr\u00e9s Aguirre","twitter_card":"summary_large_image","twitter_misc":{"Escrito por":"David Andr\u00e9s Aguirre","Tiempo de lectura":"2 minutos"},"schema":{"@context":"https:\/\/schema.org","@graph":[{"@type":"WebPage","@id":"https:\/\/ciudadyregion.com.co\/index.php\/ibague-refuerza-control-al-consumo-de-alcohol-y-ratifica-exclusion-de-la-cabalgata-sanjuanera\/ibague\/","url":"https:\/\/ciudadyregion.com.co\/index.php\/ibague-refuerza-control-al-consumo-de-alcohol-y-ratifica-exclusion-de-la-cabalgata-sanjuanera\/ibague\/","name":"Ibagu\u00e9 refuerza control al consumo de alcohol y ratifica exclusi\u00f3n de la Cabalgata Sanjuanera - Ciudad y Region","isPartOf":{"@id":"https:\/\/ciudadyregion.com.co\/#website"},"primaryImageOfPage":{"@id":"https:\/\/ciudadyregion.com.co\/index.php\/ibague-refuerza-control-al-consumo-de-alcohol-y-ratifica-exclusion-de-la-cabalgata-sanjuanera\/ibague\/#primaryimage"},"image":{"@id":"https:\/\/ciudadyregion.com.co\/index.php\/ibague-refuerza-control-al-consumo-de-alcohol-y-ratifica-exclusion-de-la-cabalgata-sanjuanera\/ibague\/#primaryimage"},"thumbnailUrl":"https:\/\/i0.wp.com\/ciudadyregion.com.co\/wp-content\/uploads\/2025\/05\/1-25.jpg?fit=800%2C445&ssl=1","datePublished":"2025-05-23T10:13:48+00:00","dateModified":"2025-05-23T10:13:48+00:00","author":{"@id":"https:\/\/ciudadyregion.com.co\/#\/schema\/person\/04a4954373ebc4051f46e8c65ff78622"},"breadcrumb":{"@id":"https:\/\/ciudadyregion.com.co\/index.php\/ibague-refuerza-control-al-consumo-de-alcohol-y-ratifica-exclusion-de-la-cabalgata-sanjuanera\/ibague\/#breadcrumb"},"inLanguage":"es","potentialAction":[{"@type":"ReadAction","target":["https:\/\/ciudadyregion.com.co\/index.php\/ibague-refuerza-control-al-consumo-de-alcohol-y-ratifica-exclusion-de-la-cabalgata-sanjuanera\/ibague\/"]}]},{"@type":"ImageObject","inLanguage":"es","@id":"https:\/\/ciudadyregion.com.co\/index.php\/ibague-refuerza-control-al-consumo-de-alcohol-y-ratifica-exclusion-de-la-cabalgata-sanjuanera\/ibague\/#primaryimage","url":"https:\/\/i0.wp.com\/ciudadyregion.com.co\/wp-content\/uploads\/2025\/05\/1-25.jpg?fit=800%2C445&ssl=1","contentUrl":"https:\/\/i0.wp.com\/ciudadyregion.com.co\/wp-content\/uploads\/2025\/05\/1-25.jpg?fit=800%2C445&ssl=1","width":800,"height":445},{"@type":"BreadcrumbList","@id":"https:\/\/ciudadyregion.com.co\/index.php\/ibague-refuerza-control-al-consumo-de-alcohol-y-ratifica-exclusion-de-la-cabalgata-sanjuanera\/ibague\/#breadcrumb","itemListElement":[{"@type":"ListItem","position":1,"name":"Portada","item":"https:\/\/ciudadyregion.com.co\/"},{"@type":"ListItem","position":2,"name":"Ibagu\u00e9 refuerza control al consumo de alcohol y ratifica exclusi\u00f3n de la Cabalgata Sanjuanera"}]},{"@type":"WebSite","@id":"https:\/\/ciudadyregion.com.co\/#website","url":"https:\/\/ciudadyregion.com.co\/","name":"Ciudad y Region","description":"","potentialAction":[{"@type":"SearchAction","target":{"@type":"EntryPoint","urlTemplate":"https:\/\/ciudadyregion.com.co\/?s={search_term_string}"},"query-input":{"@type":"PropertyValueSpecification","valueRequired":true,"valueName":"search_term_string"}}],"inLanguage":"es"},{"@type":"Person","@id":"https:\/\/ciudadyregion.com.co\/#\/schema\/person\/04a4954373ebc4051f46e8c65ff78622","name":"David Andr\u00e9s Aguirre","image":{"@type":"ImageObject","inLanguage":"es","@id":"https:\/\/ciudadyregion.com.co\/#\/schema\/person\/image\/","url":"https:\/\/secure.gravatar.com\/avatar\/bc3c655860202182ee6d1b5edd042dbe?s=96&d=mm&r=g","contentUrl":"https:\/\/secure.gravatar.com\/avatar\/bc3c655860202182ee6d1b5edd042dbe?s=96&d=mm&r=g","caption":"David Andr\u00e9s Aguirre"},"url":"https:\/\/ciudadyregion.com.co\/index.php\/author\/diegoaguirre\/"}]}},"jetpack_featured_media_url":"https:\/\/i0.wp.com\/ciudadyregion.com.co\/wp-content\/uploads\/2025\/05\/1-25.jpg?fit=800%2C445&ssl=1","jetpack_sharing_enabled":true,"jetpack_shortlink":"https:\/\/wp.me\/pbS7hh-9qI","jetpack-related-posts":[],"_links":{"self":[{"href":"https:\/\/ciudadyregion.com.co\/index.php\/wp-json\/wp\/v2\/posts\/36252"}],"collection":[{"href":"https:\/\/ciudadyregion.com.co\/index.php\/wp-json\/wp\/v2\/posts"}],"about":[{"href":"https:\/\/ciudadyregion.com.co\/index.php\/wp-json\/wp\/v2\/types\/post"}],"author":[{"embeddable":true,"href":"https:\/\/ciudadyregion.com.co\/index.php\/wp-json\/wp\/v2\/users\/2"}],"replies":[{"embeddable":true,"href":"https:\/\/ciudadyregion.com.co\/index.php\/wp-json\/wp\/v2\/comments?post=36252"}],"version-history":[{"count":1,"href":"https:\/\/ciudadyregion.com.co\/index.php\/wp-json\/wp\/v2\/posts\/36252\/revisions"}],"predecessor-version":[{"id":36254,"href":"https:\/\/ciudadyregion.com.co\/index.php\/wp-json\/wp\/v2\/posts\/36252\/revisions\/36254"}],"wp:featuredmedia":[{"embeddable":true,"href":"https:\/\/ciudadyregion.com.co\/index.php\/wp-json\/wp\/v2\/media\/36253"}],"wp:attachment":[{"href":"https:\/\/ciudadyregion.com.co\/index.php\/wp-json\/wp\/v2\/media?parent=36252"}],"wp:term":[{"taxonomy":"category","embeddable":true,"href":"https:\/\/ciudadyregion.com.co\/index.php\/wp-json\/wp\/v2\/categories?post=36252"},{"taxonomy":"post_tag","embeddable":true,"href":"https:\/\/ciudadyregion.com.co\/index.php\/wp-json\/wp\/v2\/tags?post=36252"}],"curies":[{"name":"wp","href":"https:\/\/api.w.org\/{rel}","templated":true}]}}