{"id":36250,"date":"2025-05-23T05:11:18","date_gmt":"2025-05-23T10:11:18","guid":{"rendered":"https:\/\/ciudadyregion.com.co\/?p=36250"},"modified":"2025-05-23T05:11:18","modified_gmt":"2025-05-23T10:11:18","slug":"patio-de-banderas-de-la-calle-42-sera-el-principal-escenario-del-festival-folclorico-colombiano-2025","status":"publish","type":"post","link":"https:\/\/ciudadyregion.com.co\/index.php\/patio-de-banderas-de-la-calle-42-sera-el-principal-escenario-del-festival-folclorico-colombiano-2025\/ibague\/","title":{"rendered":"Patio de banderas de la calle 42 ser\u00e1 el principal escenario del Festival Folcl\u00f3rico Colombiano 2025"},"content":{"rendered":"<p>La Alcald\u00eda de Ibagu\u00e9 present\u00f3 los detalles log\u00edsticos y de organizaci\u00f3n del Festival Folcl\u00f3rico Colombiano 2025, incluyendo la ruta del desfile, los lugares de presentaci\u00f3n y el proceso de asignaci\u00f3n de permisos para ventas ambulantes y estacionarias.<\/p>\n<p>La ruta folcl\u00f3rica tradicional se mantiene: iniciar\u00e1 en la calle 3\u00aa con carrera 3\u00aa, recorrer\u00e1 toda la carrera 3\u00aa hasta la calle 15 y de all\u00ed se trasladar\u00e1 a la carrera 5\u00aa hasta la calle 42, donde estar\u00e1n ubicadas las Piscinas Ol\u00edmpicas, epicentro de las actividades principales del festival.<\/p>\n<p>Rodolfo L\u00f3pez, director de Espacio P\u00fablico, se\u00f1al\u00f3 que adem\u00e1s de este escenario principal, habr\u00e1 tablados populares en los barrios El Salado, Las Ferias y Ricaurte, con programaci\u00f3n cultural y musical durante las festividades.<\/p>\n<p>El proceso para obtener permisos de ventas ambulantes comenzar\u00e1 el 26 de mayo y se extender\u00e1 durante la \u00faltima semana del mes en la nueva sede de la Direcci\u00f3n de Espacio P\u00fablico, ubicada en el Edificio Metropol, cuarto piso.<\/p>\n<p>Los interesados deber\u00e1n hacer el tr\u00e1mite de forma personal e intransferible. Se espera procesar entre 300 y 400 permisos en cinco d\u00edas. Los permisos cobijan actividades como venta de trajes t\u00edpicos, bebidas, comidas, entre otros. En la primera semana de junio, se otorgar\u00e1n los permisos para ventas estacionarias, conocidos como \u00abde experiencia\u00bb, en los principales tablados y zonas de alta afluencia.<\/p>\n<p>Para ambos tipos de permisos, los requisitos est\u00e1n disponibles en la p\u00e1gina oficial de la Alcald\u00eda de Ibagu\u00e9, e incluyen formularios diligenciados y, en casos de uso de tarima o palco, autorizaciones de gesti\u00f3n de riesgo.<\/p>\n","protected":false},"excerpt":{"rendered":"<p>La Alcald\u00eda de Ibagu\u00e9 present\u00f3 los detalles log\u00edsticos y de organizaci\u00f3n del Festival Folcl\u00f3rico Colombiano 2025, incluyendo la ruta del desfile, los lugares de presentaci\u00f3n y el proceso de asignaci\u00f3n de permisos para ventas ambulantes y estacionarias. La ruta folcl\u00f3rica tradicional se mantiene: iniciar\u00e1 en la calle 3\u00aa con carrera<span class=\"more-link\"><a href=\"https:\/\/ciudadyregion.com.co\/index.php\/patio-de-banderas-de-la-calle-42-sera-el-principal-escenario-del-festival-folclorico-colombiano-2025\/ibague\/\">Continuar Leyendo<\/a><\/span><\/p>\n","protected":false},"author":2,"featured_media":33788,"comment_status":"open","ping_status":"open","sticky":false,"template":"","format":"standard","meta":{"_uf_show_specific_survey":0,"_uf_disable_surveys":false,"_jetpack_memberships_contains_paid_content":false,"footnotes":"","jetpack_publicize_message":"","jetpack_publicize_feature_enabled":true,"jetpack_social_post_already_shared":true,"jetpack_social_options":{"image_generator_settings":{"template":"highway","enabled":false},"version":2}},"categories":[14],"tags":[],"class_list":["entry","author-diegoaguirre","post-36250","post","type-post","status-publish","format-standard","has-post-thumbnail","category-ibague"],"jetpack_publicize_connections":[],"yoast_head":"<!-- This site is optimized with the Yoast SEO plugin v24.3 - https:\/\/yoast.com\/wordpress\/plugins\/seo\/ -->\n<title>Patio de banderas de la calle 42 ser\u00e1 el principal escenario del Festival Folcl\u00f3rico Colombiano 2025 - Ciudad y Region<\/title>\n<meta name=\"robots\" content=\"index, follow, max-snippet:-1, max-image-preview:large, max-video-preview:-1\" \/>\n<link rel=\"canonical\" href=\"https:\/\/ciudadyregion.com.co\/index.php\/patio-de-banderas-de-la-calle-42-sera-el-principal-escenario-del-festival-folclorico-colombiano-2025\/ibague\/\" \/>\n<meta property=\"og:locale\" content=\"es_ES\" \/>\n<meta property=\"og:type\" content=\"article\" \/>\n<meta property=\"og:title\" content=\"Patio de banderas de la calle 42 ser\u00e1 el principal escenario del Festival Folcl\u00f3rico Colombiano 2025 - Ciudad y Region\" \/>\n<meta property=\"og:description\" content=\"La Alcald\u00eda de Ibagu\u00e9 present\u00f3 los detalles log\u00edsticos y de organizaci\u00f3n del Festival Folcl\u00f3rico Colombiano 2025, incluyendo la ruta del desfile, los lugares de presentaci\u00f3n y el proceso de asignaci\u00f3n de permisos para ventas ambulantes y estacionarias. La ruta folcl\u00f3rica tradicional se mantiene: iniciar\u00e1 en la calle 3\u00aa con carreraContinuar Leyendo\" \/>\n<meta property=\"og:url\" content=\"https:\/\/ciudadyregion.com.co\/index.php\/patio-de-banderas-de-la-calle-42-sera-el-principal-escenario-del-festival-folclorico-colombiano-2025\/ibague\/\" \/>\n<meta property=\"og:site_name\" content=\"Ciudad y Region\" \/>\n<meta property=\"article:published_time\" content=\"2025-05-23T10:11:18+00:00\" \/>\n<meta property=\"og:image\" content=\"https:\/\/ciudadyregion.com.co\/wp-content\/uploads\/2025\/04\/piscinas-de-la-42-olimpicas.jpg\" \/>\n\t<meta property=\"og:image:width\" content=\"800\" \/>\n\t<meta property=\"og:image:height\" content=\"445\" \/>\n\t<meta property=\"og:image:type\" content=\"image\/jpeg\" \/>\n<meta name=\"author\" content=\"David Andr\u00e9s Aguirre\" \/>\n<meta name=\"twitter:card\" content=\"summary_large_image\" \/>\n<meta name=\"twitter:label1\" content=\"Escrito por\" \/>\n\t<meta name=\"twitter:data1\" content=\"David Andr\u00e9s Aguirre\" \/>\n\t<meta name=\"twitter:label2\" content=\"Tiempo de lectura\" \/>\n\t<meta name=\"twitter:data2\" content=\"2 minutos\" \/>\n<script type=\"application\/ld+json\" class=\"yoast-schema-graph\">{\"@context\":\"https:\/\/schema.org\",\"@graph\":[{\"@type\":\"WebPage\",\"@id\":\"https:\/\/ciudadyregion.com.co\/index.php\/patio-de-banderas-de-la-calle-42-sera-el-principal-escenario-del-festival-folclorico-colombiano-2025\/ibague\/\",\"url\":\"https:\/\/ciudadyregion.com.co\/index.php\/patio-de-banderas-de-la-calle-42-sera-el-principal-escenario-del-festival-folclorico-colombiano-2025\/ibague\/\",\"name\":\"Patio de banderas de la calle 42 ser\u00e1 el principal escenario del Festival Folcl\u00f3rico Colombiano 2025 - Ciudad y Region\",\"isPartOf\":{\"@id\":\"https:\/\/ciudadyregion.com.co\/#website\"},\"primaryImageOfPage\":{\"@id\":\"https:\/\/ciudadyregion.com.co\/index.php\/patio-de-banderas-de-la-calle-42-sera-el-principal-escenario-del-festival-folclorico-colombiano-2025\/ibague\/#primaryimage\"},\"image\":{\"@id\":\"https:\/\/ciudadyregion.com.co\/index.php\/patio-de-banderas-de-la-calle-42-sera-el-principal-escenario-del-festival-folclorico-colombiano-2025\/ibague\/#primaryimage\"},\"thumbnailUrl\":\"https:\/\/i0.wp.com\/ciudadyregion.com.co\/wp-content\/uploads\/2025\/04\/piscinas-de-la-42-olimpicas.jpg?fit=800%2C445&ssl=1\",\"datePublished\":\"2025-05-23T10:11:18+00:00\",\"dateModified\":\"2025-05-23T10:11:18+00:00\",\"author\":{\"@id\":\"https:\/\/ciudadyregion.com.co\/#\/schema\/person\/04a4954373ebc4051f46e8c65ff78622\"},\"breadcrumb\":{\"@id\":\"https:\/\/ciudadyregion.com.co\/index.php\/patio-de-banderas-de-la-calle-42-sera-el-principal-escenario-del-festival-folclorico-colombiano-2025\/ibague\/#breadcrumb\"},\"inLanguage\":\"es\",\"potentialAction\":[{\"@type\":\"ReadAction\",\"target\":[\"https:\/\/ciudadyregion.com.co\/index.php\/patio-de-banderas-de-la-calle-42-sera-el-principal-escenario-del-festival-folclorico-colombiano-2025\/ibague\/\"]}]},{\"@type\":\"ImageObject\",\"inLanguage\":\"es\",\"@id\":\"https:\/\/ciudadyregion.com.co\/index.php\/patio-de-banderas-de-la-calle-42-sera-el-principal-escenario-del-festival-folclorico-colombiano-2025\/ibague\/#primaryimage\",\"url\":\"https:\/\/i0.wp.com\/ciudadyregion.com.co\/wp-content\/uploads\/2025\/04\/piscinas-de-la-42-olimpicas.jpg?fit=800%2C445&ssl=1\",\"contentUrl\":\"https:\/\/i0.wp.com\/ciudadyregion.com.co\/wp-content\/uploads\/2025\/04\/piscinas-de-la-42-olimpicas.jpg?fit=800%2C445&ssl=1\",\"width\":800,\"height\":445},{\"@type\":\"BreadcrumbList\",\"@id\":\"https:\/\/ciudadyregion.com.co\/index.php\/patio-de-banderas-de-la-calle-42-sera-el-principal-escenario-del-festival-folclorico-colombiano-2025\/ibague\/#breadcrumb\",\"itemListElement\":[{\"@type\":\"ListItem\",\"position\":1,\"name\":\"Portada\",\"item\":\"https:\/\/ciudadyregion.com.co\/\"},{\"@type\":\"ListItem\",\"position\":2,\"name\":\"Patio de banderas de la calle 42 ser\u00e1 el principal escenario del Festival Folcl\u00f3rico Colombiano 2025\"}]},{\"@type\":\"WebSite\",\"@id\":\"https:\/\/ciudadyregion.com.co\/#website\",\"url\":\"https:\/\/ciudadyregion.com.co\/\",\"name\":\"Ciudad y Region\",\"description\":\"\",\"potentialAction\":[{\"@type\":\"SearchAction\",\"target\":{\"@type\":\"EntryPoint\",\"urlTemplate\":\"https:\/\/ciudadyregion.com.co\/?s={search_term_string}\"},\"query-input\":{\"@type\":\"PropertyValueSpecification\",\"valueRequired\":true,\"valueName\":\"search_term_string\"}}],\"inLanguage\":\"es\"},{\"@type\":\"Person\",\"@id\":\"https:\/\/ciudadyregion.com.co\/#\/schema\/person\/04a4954373ebc4051f46e8c65ff78622\",\"name\":\"David Andr\u00e9s Aguirre\",\"image\":{\"@type\":\"ImageObject\",\"inLanguage\":\"es\",\"@id\":\"https:\/\/ciudadyregion.com.co\/#\/schema\/person\/image\/\",\"url\":\"https:\/\/secure.gravatar.com\/avatar\/bc3c655860202182ee6d1b5edd042dbe?s=96&d=mm&r=g\",\"contentUrl\":\"https:\/\/secure.gravatar.com\/avatar\/bc3c655860202182ee6d1b5edd042dbe?s=96&d=mm&r=g\",\"caption\":\"David Andr\u00e9s Aguirre\"},\"url\":\"https:\/\/ciudadyregion.com.co\/index.php\/author\/diegoaguirre\/\"}]}<\/script>\n<!-- \/ Yoast SEO plugin. -->","yoast_head_json":{"title":"Patio de banderas de la calle 42 ser\u00e1 el principal escenario del Festival Folcl\u00f3rico Colombiano 2025 - Ciudad y Region","robots":{"index":"index","follow":"follow","max-snippet":"max-snippet:-1","max-image-preview":"max-image-preview:large","max-video-preview":"max-video-preview:-1"},"canonical":"https:\/\/ciudadyregion.com.co\/index.php\/patio-de-banderas-de-la-calle-42-sera-el-principal-escenario-del-festival-folclorico-colombiano-2025\/ibague\/","og_locale":"es_ES","og_type":"article","og_title":"Patio de banderas de la calle 42 ser\u00e1 el principal escenario del Festival Folcl\u00f3rico Colombiano 2025 - Ciudad y Region","og_description":"La Alcald\u00eda de Ibagu\u00e9 present\u00f3 los detalles log\u00edsticos y de organizaci\u00f3n del Festival Folcl\u00f3rico Colombiano 2025, incluyendo la ruta del desfile, los lugares de presentaci\u00f3n y el proceso de asignaci\u00f3n de permisos para ventas ambulantes y estacionarias. La ruta folcl\u00f3rica tradicional se mantiene: iniciar\u00e1 en la calle 3\u00aa con carreraContinuar Leyendo","og_url":"https:\/\/ciudadyregion.com.co\/index.php\/patio-de-banderas-de-la-calle-42-sera-el-principal-escenario-del-festival-folclorico-colombiano-2025\/ibague\/","og_site_name":"Ciudad y Region","article_published_time":"2025-05-23T10:11:18+00:00","og_image":[{"width":800,"height":445,"url":"https:\/\/ciudadyregion.com.co\/wp-content\/uploads\/2025\/04\/piscinas-de-la-42-olimpicas.jpg","type":"image\/jpeg"}],"author":"David Andr\u00e9s Aguirre","twitter_card":"summary_large_image","twitter_misc":{"Escrito por":"David Andr\u00e9s Aguirre","Tiempo de lectura":"2 minutos"},"schema":{"@context":"https:\/\/schema.org","@graph":[{"@type":"WebPage","@id":"https:\/\/ciudadyregion.com.co\/index.php\/patio-de-banderas-de-la-calle-42-sera-el-principal-escenario-del-festival-folclorico-colombiano-2025\/ibague\/","url":"https:\/\/ciudadyregion.com.co\/index.php\/patio-de-banderas-de-la-calle-42-sera-el-principal-escenario-del-festival-folclorico-colombiano-2025\/ibague\/","name":"Patio de banderas de la calle 42 ser\u00e1 el principal escenario del Festival Folcl\u00f3rico Colombiano 2025 - Ciudad y Region","isPartOf":{"@id":"https:\/\/ciudadyregion.com.co\/#website"},"primaryImageOfPage":{"@id":"https:\/\/ciudadyregion.com.co\/index.php\/patio-de-banderas-de-la-calle-42-sera-el-principal-escenario-del-festival-folclorico-colombiano-2025\/ibague\/#primaryimage"},"image":{"@id":"https:\/\/ciudadyregion.com.co\/index.php\/patio-de-banderas-de-la-calle-42-sera-el-principal-escenario-del-festival-folclorico-colombiano-2025\/ibague\/#primaryimage"},"thumbnailUrl":"https:\/\/i0.wp.com\/ciudadyregion.com.co\/wp-content\/uploads\/2025\/04\/piscinas-de-la-42-olimpicas.jpg?fit=800%2C445&ssl=1","datePublished":"2025-05-23T10:11:18+00:00","dateModified":"2025-05-23T10:11:18+00:00","author":{"@id":"https:\/\/ciudadyregion.com.co\/#\/schema\/person\/04a4954373ebc4051f46e8c65ff78622"},"breadcrumb":{"@id":"https:\/\/ciudadyregion.com.co\/index.php\/patio-de-banderas-de-la-calle-42-sera-el-principal-escenario-del-festival-folclorico-colombiano-2025\/ibague\/#breadcrumb"},"inLanguage":"es","potentialAction":[{"@type":"ReadAction","target":["https:\/\/ciudadyregion.com.co\/index.php\/patio-de-banderas-de-la-calle-42-sera-el-principal-escenario-del-festival-folclorico-colombiano-2025\/ibague\/"]}]},{"@type":"ImageObject","inLanguage":"es","@id":"https:\/\/ciudadyregion.com.co\/index.php\/patio-de-banderas-de-la-calle-42-sera-el-principal-escenario-del-festival-folclorico-colombiano-2025\/ibague\/#primaryimage","url":"https:\/\/i0.wp.com\/ciudadyregion.com.co\/wp-content\/uploads\/2025\/04\/piscinas-de-la-42-olimpicas.jpg?fit=800%2C445&ssl=1","contentUrl":"https:\/\/i0.wp.com\/ciudadyregion.com.co\/wp-content\/uploads\/2025\/04\/piscinas-de-la-42-olimpicas.jpg?fit=800%2C445&ssl=1","width":800,"height":445},{"@type":"BreadcrumbList","@id":"https:\/\/ciudadyregion.com.co\/index.php\/patio-de-banderas-de-la-calle-42-sera-el-principal-escenario-del-festival-folclorico-colombiano-2025\/ibague\/#breadcrumb","itemListElement":[{"@type":"ListItem","position":1,"name":"Portada","item":"https:\/\/ciudadyregion.com.co\/"},{"@type":"ListItem","position":2,"name":"Patio de banderas de la calle 42 ser\u00e1 el principal escenario del Festival Folcl\u00f3rico Colombiano 2025"}]},{"@type":"WebSite","@id":"https:\/\/ciudadyregion.com.co\/#website","url":"https:\/\/ciudadyregion.com.co\/","name":"Ciudad y Region","description":"","potentialAction":[{"@type":"SearchAction","target":{"@type":"EntryPoint","urlTemplate":"https:\/\/ciudadyregion.com.co\/?s={search_term_string}"},"query-input":{"@type":"PropertyValueSpecification","valueRequired":true,"valueName":"search_term_string"}}],"inLanguage":"es"},{"@type":"Person","@id":"https:\/\/ciudadyregion.com.co\/#\/schema\/person\/04a4954373ebc4051f46e8c65ff78622","name":"David Andr\u00e9s Aguirre","image":{"@type":"ImageObject","inLanguage":"es","@id":"https:\/\/ciudadyregion.com.co\/#\/schema\/person\/image\/","url":"https:\/\/secure.gravatar.com\/avatar\/bc3c655860202182ee6d1b5edd042dbe?s=96&d=mm&r=g","contentUrl":"https:\/\/secure.gravatar.com\/avatar\/bc3c655860202182ee6d1b5edd042dbe?s=96&d=mm&r=g","caption":"David Andr\u00e9s Aguirre"},"url":"https:\/\/ciudadyregion.com.co\/index.php\/author\/diegoaguirre\/"}]}},"jetpack_featured_media_url":"https:\/\/i0.wp.com\/ciudadyregion.com.co\/wp-content\/uploads\/2025\/04\/piscinas-de-la-42-olimpicas.jpg?fit=800%2C445&ssl=1","jetpack_sharing_enabled":true,"jetpack_shortlink":"https:\/\/wp.me\/pbS7hh-9qG","jetpack-related-posts":[],"_links":{"self":[{"href":"https:\/\/ciudadyregion.com.co\/index.php\/wp-json\/wp\/v2\/posts\/36250"}],"collection":[{"href":"https:\/\/ciudadyregion.com.co\/index.php\/wp-json\/wp\/v2\/posts"}],"about":[{"href":"https:\/\/ciudadyregion.com.co\/index.php\/wp-json\/wp\/v2\/types\/post"}],"author":[{"embeddable":true,"href":"https:\/\/ciudadyregion.com.co\/index.php\/wp-json\/wp\/v2\/users\/2"}],"replies":[{"embeddable":true,"href":"https:\/\/ciudadyregion.com.co\/index.php\/wp-json\/wp\/v2\/comments?post=36250"}],"version-history":[{"count":1,"href":"https:\/\/ciudadyregion.com.co\/index.php\/wp-json\/wp\/v2\/posts\/36250\/revisions"}],"predecessor-version":[{"id":36251,"href":"https:\/\/ciudadyregion.com.co\/index.php\/wp-json\/wp\/v2\/posts\/36250\/revisions\/36251"}],"wp:featuredmedia":[{"embeddable":true,"href":"https:\/\/ciudadyregion.com.co\/index.php\/wp-json\/wp\/v2\/media\/33788"}],"wp:attachment":[{"href":"https:\/\/ciudadyregion.com.co\/index.php\/wp-json\/wp\/v2\/media?parent=36250"}],"wp:term":[{"taxonomy":"category","embeddable":true,"href":"https:\/\/ciudadyregion.com.co\/index.php\/wp-json\/wp\/v2\/categories?post=36250"},{"taxonomy":"post_tag","embeddable":true,"href":"https:\/\/ciudadyregion.com.co\/index.php\/wp-json\/wp\/v2\/tags?post=36250"}],"curies":[{"name":"wp","href":"https:\/\/api.w.org\/{rel}","templated":true}]}}