{"id":36247,"date":"2025-05-23T05:10:26","date_gmt":"2025-05-23T10:10:26","guid":{"rendered":"https:\/\/ciudadyregion.com.co\/?p=36247"},"modified":"2025-05-23T05:10:26","modified_gmt":"2025-05-23T10:10:26","slug":"tolima-busca-respaldo-internacional-para-la-cumbre-suramericana-en-defensa-de-los-andes","status":"publish","type":"post","link":"https:\/\/ciudadyregion.com.co\/index.php\/tolima-busca-respaldo-internacional-para-la-cumbre-suramericana-en-defensa-de-los-andes\/regional\/","title":{"rendered":"Tolima busca respaldo internacional para la Cumbre Suramericana en Defensa de los Andes"},"content":{"rendered":"<p>La gobernadora del Tolima, Adriana Magali Matiz, sostuvo encuentros diplom\u00e1ticos con representantes de Per\u00fa y Ecuador, en el marco de la preparaci\u00f3n de la Cumbre Suramericana en Defensa de la Cordillera de los Andes, que se realizar\u00e1 en octubre.<\/p>\n<p>Como parte de la estrategia para consolidar apoyos internacionales, la gobernadora del Tolima, lider\u00f3 una jornada diplom\u00e1tica en Bogot\u00e1 en las embajadas de Per\u00fa y Ecuador, en el marco de la organizaci\u00f3n de la Cumbre Suramericana en Defensa de la Cordillera de los Andes.<\/p>\n<p>El embajador de Per\u00fa, Mariano L\u00f3pez Black, manifest\u00f3 su inter\u00e9s en la iniciativa y se comprometi\u00f3 a compartir la propuesta con el nuevo embajador y con el Ministerio del Ambiente de su pa\u00eds.<\/p>\n<p>Por su parte, el embajador de Ecuador, Arturo F\u00e9lix Wong, expres\u00f3 su respaldo total y ofreci\u00f3 gestionar el acompa\u00f1amiento de su pa\u00eds al m\u00e1s alto nivel. \u201cVamos a poner todo nuestro contingente para sumarnos a esta linda iniciativa\u201d, asegur\u00f3.<\/p>\n<p>Con estas gestiones, el Gobierno del Tolima contin\u00faa sumando aliados estrat\u00e9gicos para hacer de esta cumbre un escenario de integraci\u00f3n regional y compromiso ambiental por la defensa de la Cordillera de los Andes.<\/p>\n<p>Durante los encuentros, la mandataria, acompa\u00f1ada por la secretaria de Ambiente del departamento, Ericka Lozano, y la directora de Cortolima, socializ\u00f3 los avances y objetivos de esta cumbre ambiental, que busca unir esfuerzos<\/p>\n","protected":false},"excerpt":{"rendered":"<p>La gobernadora del Tolima, Adriana Magali Matiz, sostuvo encuentros diplom\u00e1ticos con representantes de Per\u00fa y Ecuador, en el marco de la preparaci\u00f3n de la Cumbre Suramericana en Defensa de la Cordillera de los Andes, que se realizar\u00e1 en octubre. Como parte de la estrategia para consolidar apoyos internacionales, la gobernadora<span class=\"more-link\"><a href=\"https:\/\/ciudadyregion.com.co\/index.php\/tolima-busca-respaldo-internacional-para-la-cumbre-suramericana-en-defensa-de-los-andes\/regional\/\">Continuar Leyendo<\/a><\/span><\/p>\n","protected":false},"author":2,"featured_media":36248,"comment_status":"open","ping_status":"open","sticky":false,"template":"","format":"standard","meta":{"_uf_show_specific_survey":0,"_uf_disable_surveys":false,"_jetpack_memberships_contains_paid_content":false,"footnotes":"","jetpack_publicize_message":"","jetpack_publicize_feature_enabled":true,"jetpack_social_post_already_shared":true,"jetpack_social_options":{"image_generator_settings":{"template":"highway","enabled":false},"version":2}},"categories":[13],"tags":[],"class_list":["entry","author-diegoaguirre","post-36247","post","type-post","status-publish","format-standard","has-post-thumbnail","category-regional"],"jetpack_publicize_connections":[],"yoast_head":"<!-- This site is optimized with the Yoast SEO plugin v24.3 - https:\/\/yoast.com\/wordpress\/plugins\/seo\/ -->\n<title>Tolima busca respaldo internacional para la Cumbre Suramericana en Defensa de los Andes - Ciudad y Region<\/title>\n<meta name=\"robots\" content=\"index, follow, max-snippet:-1, max-image-preview:large, max-video-preview:-1\" \/>\n<link rel=\"canonical\" href=\"https:\/\/ciudadyregion.com.co\/index.php\/tolima-busca-respaldo-internacional-para-la-cumbre-suramericana-en-defensa-de-los-andes\/regional\/\" \/>\n<meta property=\"og:locale\" content=\"es_ES\" \/>\n<meta property=\"og:type\" content=\"article\" \/>\n<meta property=\"og:title\" content=\"Tolima busca respaldo internacional para la Cumbre Suramericana en Defensa de los Andes - Ciudad y Region\" \/>\n<meta property=\"og:description\" content=\"La gobernadora del Tolima, Adriana Magali Matiz, sostuvo encuentros diplom\u00e1ticos con representantes de Per\u00fa y Ecuador, en el marco de la preparaci\u00f3n de la Cumbre Suramericana en Defensa de la Cordillera de los Andes, que se realizar\u00e1 en octubre. Como parte de la estrategia para consolidar apoyos internacionales, la gobernadoraContinuar Leyendo\" \/>\n<meta property=\"og:url\" content=\"https:\/\/ciudadyregion.com.co\/index.php\/tolima-busca-respaldo-internacional-para-la-cumbre-suramericana-en-defensa-de-los-andes\/regional\/\" \/>\n<meta property=\"og:site_name\" content=\"Ciudad y Region\" \/>\n<meta property=\"article:published_time\" content=\"2025-05-23T10:10:26+00:00\" \/>\n<meta property=\"og:image\" content=\"https:\/\/ciudadyregion.com.co\/wp-content\/uploads\/2025\/05\/2-28.jpg\" \/>\n\t<meta property=\"og:image:width\" content=\"800\" \/>\n\t<meta property=\"og:image:height\" content=\"445\" \/>\n\t<meta property=\"og:image:type\" content=\"image\/jpeg\" \/>\n<meta name=\"author\" content=\"David Andr\u00e9s Aguirre\" \/>\n<meta name=\"twitter:card\" content=\"summary_large_image\" \/>\n<meta name=\"twitter:label1\" content=\"Escrito por\" \/>\n\t<meta name=\"twitter:data1\" content=\"David Andr\u00e9s Aguirre\" \/>\n\t<meta name=\"twitter:label2\" content=\"Tiempo de lectura\" \/>\n\t<meta name=\"twitter:data2\" content=\"2 minutos\" \/>\n<script type=\"application\/ld+json\" class=\"yoast-schema-graph\">{\"@context\":\"https:\/\/schema.org\",\"@graph\":[{\"@type\":\"WebPage\",\"@id\":\"https:\/\/ciudadyregion.com.co\/index.php\/tolima-busca-respaldo-internacional-para-la-cumbre-suramericana-en-defensa-de-los-andes\/regional\/\",\"url\":\"https:\/\/ciudadyregion.com.co\/index.php\/tolima-busca-respaldo-internacional-para-la-cumbre-suramericana-en-defensa-de-los-andes\/regional\/\",\"name\":\"Tolima busca respaldo internacional para la Cumbre Suramericana en Defensa de los Andes - Ciudad y Region\",\"isPartOf\":{\"@id\":\"https:\/\/ciudadyregion.com.co\/#website\"},\"primaryImageOfPage\":{\"@id\":\"https:\/\/ciudadyregion.com.co\/index.php\/tolima-busca-respaldo-internacional-para-la-cumbre-suramericana-en-defensa-de-los-andes\/regional\/#primaryimage\"},\"image\":{\"@id\":\"https:\/\/ciudadyregion.com.co\/index.php\/tolima-busca-respaldo-internacional-para-la-cumbre-suramericana-en-defensa-de-los-andes\/regional\/#primaryimage\"},\"thumbnailUrl\":\"https:\/\/i0.wp.com\/ciudadyregion.com.co\/wp-content\/uploads\/2025\/05\/2-28.jpg?fit=800%2C445&ssl=1\",\"datePublished\":\"2025-05-23T10:10:26+00:00\",\"dateModified\":\"2025-05-23T10:10:26+00:00\",\"author\":{\"@id\":\"https:\/\/ciudadyregion.com.co\/#\/schema\/person\/04a4954373ebc4051f46e8c65ff78622\"},\"breadcrumb\":{\"@id\":\"https:\/\/ciudadyregion.com.co\/index.php\/tolima-busca-respaldo-internacional-para-la-cumbre-suramericana-en-defensa-de-los-andes\/regional\/#breadcrumb\"},\"inLanguage\":\"es\",\"potentialAction\":[{\"@type\":\"ReadAction\",\"target\":[\"https:\/\/ciudadyregion.com.co\/index.php\/tolima-busca-respaldo-internacional-para-la-cumbre-suramericana-en-defensa-de-los-andes\/regional\/\"]}]},{\"@type\":\"ImageObject\",\"inLanguage\":\"es\",\"@id\":\"https:\/\/ciudadyregion.com.co\/index.php\/tolima-busca-respaldo-internacional-para-la-cumbre-suramericana-en-defensa-de-los-andes\/regional\/#primaryimage\",\"url\":\"https:\/\/i0.wp.com\/ciudadyregion.com.co\/wp-content\/uploads\/2025\/05\/2-28.jpg?fit=800%2C445&ssl=1\",\"contentUrl\":\"https:\/\/i0.wp.com\/ciudadyregion.com.co\/wp-content\/uploads\/2025\/05\/2-28.jpg?fit=800%2C445&ssl=1\",\"width\":800,\"height\":445},{\"@type\":\"BreadcrumbList\",\"@id\":\"https:\/\/ciudadyregion.com.co\/index.php\/tolima-busca-respaldo-internacional-para-la-cumbre-suramericana-en-defensa-de-los-andes\/regional\/#breadcrumb\",\"itemListElement\":[{\"@type\":\"ListItem\",\"position\":1,\"name\":\"Portada\",\"item\":\"https:\/\/ciudadyregion.com.co\/\"},{\"@type\":\"ListItem\",\"position\":2,\"name\":\"Tolima busca respaldo internacional para la Cumbre Suramericana en Defensa de los Andes\"}]},{\"@type\":\"WebSite\",\"@id\":\"https:\/\/ciudadyregion.com.co\/#website\",\"url\":\"https:\/\/ciudadyregion.com.co\/\",\"name\":\"Ciudad y Region\",\"description\":\"\",\"potentialAction\":[{\"@type\":\"SearchAction\",\"target\":{\"@type\":\"EntryPoint\",\"urlTemplate\":\"https:\/\/ciudadyregion.com.co\/?s={search_term_string}\"},\"query-input\":{\"@type\":\"PropertyValueSpecification\",\"valueRequired\":true,\"valueName\":\"search_term_string\"}}],\"inLanguage\":\"es\"},{\"@type\":\"Person\",\"@id\":\"https:\/\/ciudadyregion.com.co\/#\/schema\/person\/04a4954373ebc4051f46e8c65ff78622\",\"name\":\"David Andr\u00e9s Aguirre\",\"image\":{\"@type\":\"ImageObject\",\"inLanguage\":\"es\",\"@id\":\"https:\/\/ciudadyregion.com.co\/#\/schema\/person\/image\/\",\"url\":\"https:\/\/secure.gravatar.com\/avatar\/bc3c655860202182ee6d1b5edd042dbe?s=96&d=mm&r=g\",\"contentUrl\":\"https:\/\/secure.gravatar.com\/avatar\/bc3c655860202182ee6d1b5edd042dbe?s=96&d=mm&r=g\",\"caption\":\"David Andr\u00e9s Aguirre\"},\"url\":\"https:\/\/ciudadyregion.com.co\/index.php\/author\/diegoaguirre\/\"}]}<\/script>\n<!-- \/ Yoast SEO plugin. -->","yoast_head_json":{"title":"Tolima busca respaldo internacional para la Cumbre Suramericana en Defensa de los Andes - Ciudad y Region","robots":{"index":"index","follow":"follow","max-snippet":"max-snippet:-1","max-image-preview":"max-image-preview:large","max-video-preview":"max-video-preview:-1"},"canonical":"https:\/\/ciudadyregion.com.co\/index.php\/tolima-busca-respaldo-internacional-para-la-cumbre-suramericana-en-defensa-de-los-andes\/regional\/","og_locale":"es_ES","og_type":"article","og_title":"Tolima busca respaldo internacional para la Cumbre Suramericana en Defensa de los Andes - Ciudad y Region","og_description":"La gobernadora del Tolima, Adriana Magali Matiz, sostuvo encuentros diplom\u00e1ticos con representantes de Per\u00fa y Ecuador, en el marco de la preparaci\u00f3n de la Cumbre Suramericana en Defensa de la Cordillera de los Andes, que se realizar\u00e1 en octubre. Como parte de la estrategia para consolidar apoyos internacionales, la gobernadoraContinuar Leyendo","og_url":"https:\/\/ciudadyregion.com.co\/index.php\/tolima-busca-respaldo-internacional-para-la-cumbre-suramericana-en-defensa-de-los-andes\/regional\/","og_site_name":"Ciudad y Region","article_published_time":"2025-05-23T10:10:26+00:00","og_image":[{"width":800,"height":445,"url":"https:\/\/ciudadyregion.com.co\/wp-content\/uploads\/2025\/05\/2-28.jpg","type":"image\/jpeg"}],"author":"David Andr\u00e9s Aguirre","twitter_card":"summary_large_image","twitter_misc":{"Escrito por":"David Andr\u00e9s Aguirre","Tiempo de lectura":"2 minutos"},"schema":{"@context":"https:\/\/schema.org","@graph":[{"@type":"WebPage","@id":"https:\/\/ciudadyregion.com.co\/index.php\/tolima-busca-respaldo-internacional-para-la-cumbre-suramericana-en-defensa-de-los-andes\/regional\/","url":"https:\/\/ciudadyregion.com.co\/index.php\/tolima-busca-respaldo-internacional-para-la-cumbre-suramericana-en-defensa-de-los-andes\/regional\/","name":"Tolima busca respaldo internacional para la Cumbre Suramericana en Defensa de los Andes - Ciudad y Region","isPartOf":{"@id":"https:\/\/ciudadyregion.com.co\/#website"},"primaryImageOfPage":{"@id":"https:\/\/ciudadyregion.com.co\/index.php\/tolima-busca-respaldo-internacional-para-la-cumbre-suramericana-en-defensa-de-los-andes\/regional\/#primaryimage"},"image":{"@id":"https:\/\/ciudadyregion.com.co\/index.php\/tolima-busca-respaldo-internacional-para-la-cumbre-suramericana-en-defensa-de-los-andes\/regional\/#primaryimage"},"thumbnailUrl":"https:\/\/i0.wp.com\/ciudadyregion.com.co\/wp-content\/uploads\/2025\/05\/2-28.jpg?fit=800%2C445&ssl=1","datePublished":"2025-05-23T10:10:26+00:00","dateModified":"2025-05-23T10:10:26+00:00","author":{"@id":"https:\/\/ciudadyregion.com.co\/#\/schema\/person\/04a4954373ebc4051f46e8c65ff78622"},"breadcrumb":{"@id":"https:\/\/ciudadyregion.com.co\/index.php\/tolima-busca-respaldo-internacional-para-la-cumbre-suramericana-en-defensa-de-los-andes\/regional\/#breadcrumb"},"inLanguage":"es","potentialAction":[{"@type":"ReadAction","target":["https:\/\/ciudadyregion.com.co\/index.php\/tolima-busca-respaldo-internacional-para-la-cumbre-suramericana-en-defensa-de-los-andes\/regional\/"]}]},{"@type":"ImageObject","inLanguage":"es","@id":"https:\/\/ciudadyregion.com.co\/index.php\/tolima-busca-respaldo-internacional-para-la-cumbre-suramericana-en-defensa-de-los-andes\/regional\/#primaryimage","url":"https:\/\/i0.wp.com\/ciudadyregion.com.co\/wp-content\/uploads\/2025\/05\/2-28.jpg?fit=800%2C445&ssl=1","contentUrl":"https:\/\/i0.wp.com\/ciudadyregion.com.co\/wp-content\/uploads\/2025\/05\/2-28.jpg?fit=800%2C445&ssl=1","width":800,"height":445},{"@type":"BreadcrumbList","@id":"https:\/\/ciudadyregion.com.co\/index.php\/tolima-busca-respaldo-internacional-para-la-cumbre-suramericana-en-defensa-de-los-andes\/regional\/#breadcrumb","itemListElement":[{"@type":"ListItem","position":1,"name":"Portada","item":"https:\/\/ciudadyregion.com.co\/"},{"@type":"ListItem","position":2,"name":"Tolima busca respaldo internacional para la Cumbre Suramericana en Defensa de los Andes"}]},{"@type":"WebSite","@id":"https:\/\/ciudadyregion.com.co\/#website","url":"https:\/\/ciudadyregion.com.co\/","name":"Ciudad y Region","description":"","potentialAction":[{"@type":"SearchAction","target":{"@type":"EntryPoint","urlTemplate":"https:\/\/ciudadyregion.com.co\/?s={search_term_string}"},"query-input":{"@type":"PropertyValueSpecification","valueRequired":true,"valueName":"search_term_string"}}],"inLanguage":"es"},{"@type":"Person","@id":"https:\/\/ciudadyregion.com.co\/#\/schema\/person\/04a4954373ebc4051f46e8c65ff78622","name":"David Andr\u00e9s Aguirre","image":{"@type":"ImageObject","inLanguage":"es","@id":"https:\/\/ciudadyregion.com.co\/#\/schema\/person\/image\/","url":"https:\/\/secure.gravatar.com\/avatar\/bc3c655860202182ee6d1b5edd042dbe?s=96&d=mm&r=g","contentUrl":"https:\/\/secure.gravatar.com\/avatar\/bc3c655860202182ee6d1b5edd042dbe?s=96&d=mm&r=g","caption":"David Andr\u00e9s Aguirre"},"url":"https:\/\/ciudadyregion.com.co\/index.php\/author\/diegoaguirre\/"}]}},"jetpack_featured_media_url":"https:\/\/i0.wp.com\/ciudadyregion.com.co\/wp-content\/uploads\/2025\/05\/2-28.jpg?fit=800%2C445&ssl=1","jetpack_sharing_enabled":true,"jetpack_shortlink":"https:\/\/wp.me\/pbS7hh-9qD","jetpack-related-posts":[],"_links":{"self":[{"href":"https:\/\/ciudadyregion.com.co\/index.php\/wp-json\/wp\/v2\/posts\/36247"}],"collection":[{"href":"https:\/\/ciudadyregion.com.co\/index.php\/wp-json\/wp\/v2\/posts"}],"about":[{"href":"https:\/\/ciudadyregion.com.co\/index.php\/wp-json\/wp\/v2\/types\/post"}],"author":[{"embeddable":true,"href":"https:\/\/ciudadyregion.com.co\/index.php\/wp-json\/wp\/v2\/users\/2"}],"replies":[{"embeddable":true,"href":"https:\/\/ciudadyregion.com.co\/index.php\/wp-json\/wp\/v2\/comments?post=36247"}],"version-history":[{"count":1,"href":"https:\/\/ciudadyregion.com.co\/index.php\/wp-json\/wp\/v2\/posts\/36247\/revisions"}],"predecessor-version":[{"id":36249,"href":"https:\/\/ciudadyregion.com.co\/index.php\/wp-json\/wp\/v2\/posts\/36247\/revisions\/36249"}],"wp:featuredmedia":[{"embeddable":true,"href":"https:\/\/ciudadyregion.com.co\/index.php\/wp-json\/wp\/v2\/media\/36248"}],"wp:attachment":[{"href":"https:\/\/ciudadyregion.com.co\/index.php\/wp-json\/wp\/v2\/media?parent=36247"}],"wp:term":[{"taxonomy":"category","embeddable":true,"href":"https:\/\/ciudadyregion.com.co\/index.php\/wp-json\/wp\/v2\/categories?post=36247"},{"taxonomy":"post_tag","embeddable":true,"href":"https:\/\/ciudadyregion.com.co\/index.php\/wp-json\/wp\/v2\/tags?post=36247"}],"curies":[{"name":"wp","href":"https:\/\/api.w.org\/{rel}","templated":true}]}}