{"id":36244,"date":"2025-05-23T05:04:32","date_gmt":"2025-05-23T10:04:32","guid":{"rendered":"https:\/\/ciudadyregion.com.co\/?p=36244"},"modified":"2025-05-23T05:04:32","modified_gmt":"2025-05-23T10:04:32","slug":"a-la-carcel-una-mujer-que-asesino-a-su-pareja-sentimental-de-una-punalada-por-una-discusion","status":"publish","type":"post","link":"https:\/\/ciudadyregion.com.co\/index.php\/a-la-carcel-una-mujer-que-asesino-a-su-pareja-sentimental-de-una-punalada-por-una-discusion\/judicial\/","title":{"rendered":"A la c\u00e1rcel una mujer que asesin\u00f3 a su pareja sentimental de una pu\u00f1alada por una discusi\u00f3n"},"content":{"rendered":"<h4><i>La muerte de la v\u00edctima se produjo luego de una discusi\u00f3n de pareja.<\/i><\/h4>\n<p>El\u00a0material probatorio\u00a0presentado por una\u00a0fiscal de la Seccional Sucre, permiti\u00f3 que un juez con funci\u00f3n de control de garant\u00edas impusiera aseguramiento carcelario a Bleidis Sof\u00eda Yanes Dur\u00e1n, presuntamente implicada en el\u00a0delito de homicidio, cargo que no fue aceptado.<\/p>\n<p>Los hechos investigados ocurrieron el pasado 13 de mayo en una vivienda de la urbanizaci\u00f3n Tulio C\u00e9sar Villalobos, del barrio Villa Nazaret, en el\u00a0municipio de Tol\u00fa (Sucre).\u00a0En este lugar, uniformados de la Polic\u00eda Nacional encontraron el cuerpo de la v\u00edctima.<\/p>\n<p>En el lugar tambi\u00e9n estaba Yanes Dur\u00e1n, compa\u00f1era sentimental de la v\u00edctima, quien ser\u00eda la responsable del crimen. Al parecer, la agresi\u00f3n contra el ciudadano fue ocasionada con una\u00a0arma cortopunzante, y se produjo en medio de una discusi\u00f3n de pareja.<\/p>\n<p>La mujer reporta una herida en el cuello, la cual habr\u00eda sido ocasionada por el hombre fallecido.<\/p>\n","protected":false},"excerpt":{"rendered":"<p>La muerte de la v\u00edctima se produjo luego de una discusi\u00f3n de pareja. El\u00a0material probatorio\u00a0presentado por una\u00a0fiscal de la Seccional Sucre, permiti\u00f3 que un juez con funci\u00f3n de control de garant\u00edas impusiera aseguramiento carcelario a Bleidis Sof\u00eda Yanes Dur\u00e1n, presuntamente implicada en el\u00a0delito de homicidio, cargo que no fue aceptado.<span class=\"more-link\"><a href=\"https:\/\/ciudadyregion.com.co\/index.php\/a-la-carcel-una-mujer-que-asesino-a-su-pareja-sentimental-de-una-punalada-por-una-discusion\/judicial\/\">Continuar Leyendo<\/a><\/span><\/p>\n","protected":false},"author":2,"featured_media":36245,"comment_status":"open","ping_status":"open","sticky":false,"template":"","format":"standard","meta":{"_uf_show_specific_survey":0,"_uf_disable_surveys":false,"_jetpack_memberships_contains_paid_content":false,"footnotes":"","jetpack_publicize_message":"","jetpack_publicize_feature_enabled":true,"jetpack_social_post_already_shared":true,"jetpack_social_options":{"image_generator_settings":{"template":"highway","enabled":false},"version":2}},"categories":[18],"tags":[],"class_list":["entry","author-diegoaguirre","post-36244","post","type-post","status-publish","format-standard","has-post-thumbnail","category-judicial"],"jetpack_publicize_connections":[],"yoast_head":"<!-- This site is optimized with the Yoast SEO plugin v24.3 - https:\/\/yoast.com\/wordpress\/plugins\/seo\/ -->\n<title>A la c\u00e1rcel una mujer que asesin\u00f3 a su pareja sentimental de una pu\u00f1alada por una discusi\u00f3n - Ciudad y Region<\/title>\n<meta name=\"robots\" content=\"index, follow, max-snippet:-1, max-image-preview:large, max-video-preview:-1\" \/>\n<link rel=\"canonical\" href=\"https:\/\/ciudadyregion.com.co\/index.php\/a-la-carcel-una-mujer-que-asesino-a-su-pareja-sentimental-de-una-punalada-por-una-discusion\/judicial\/\" \/>\n<meta property=\"og:locale\" content=\"es_ES\" \/>\n<meta property=\"og:type\" content=\"article\" \/>\n<meta property=\"og:title\" content=\"A la c\u00e1rcel una mujer que asesin\u00f3 a su pareja sentimental de una pu\u00f1alada por una discusi\u00f3n - Ciudad y Region\" \/>\n<meta property=\"og:description\" content=\"La muerte de la v\u00edctima se produjo luego de una discusi\u00f3n de pareja. El\u00a0material probatorio\u00a0presentado por una\u00a0fiscal de la Seccional Sucre, permiti\u00f3 que un juez con funci\u00f3n de control de garant\u00edas impusiera aseguramiento carcelario a Bleidis Sof\u00eda Yanes Dur\u00e1n, presuntamente implicada en el\u00a0delito de homicidio, cargo que no fue aceptado.Continuar Leyendo\" \/>\n<meta property=\"og:url\" content=\"https:\/\/ciudadyregion.com.co\/index.php\/a-la-carcel-una-mujer-que-asesino-a-su-pareja-sentimental-de-una-punalada-por-una-discusion\/judicial\/\" \/>\n<meta property=\"og:site_name\" content=\"Ciudad y Region\" \/>\n<meta property=\"article:published_time\" content=\"2025-05-23T10:04:32+00:00\" \/>\n<meta property=\"og:image\" content=\"https:\/\/ciudadyregion.com.co\/wp-content\/uploads\/2025\/05\/1-24.jpg\" \/>\n\t<meta property=\"og:image:width\" content=\"800\" \/>\n\t<meta property=\"og:image:height\" content=\"445\" \/>\n\t<meta property=\"og:image:type\" content=\"image\/jpeg\" \/>\n<meta name=\"author\" content=\"David Andr\u00e9s Aguirre\" \/>\n<meta name=\"twitter:card\" content=\"summary_large_image\" \/>\n<meta name=\"twitter:label1\" content=\"Escrito por\" \/>\n\t<meta name=\"twitter:data1\" content=\"David Andr\u00e9s Aguirre\" \/>\n\t<meta name=\"twitter:label2\" content=\"Tiempo de lectura\" \/>\n\t<meta name=\"twitter:data2\" content=\"1 minuto\" \/>\n<script type=\"application\/ld+json\" class=\"yoast-schema-graph\">{\"@context\":\"https:\/\/schema.org\",\"@graph\":[{\"@type\":\"WebPage\",\"@id\":\"https:\/\/ciudadyregion.com.co\/index.php\/a-la-carcel-una-mujer-que-asesino-a-su-pareja-sentimental-de-una-punalada-por-una-discusion\/judicial\/\",\"url\":\"https:\/\/ciudadyregion.com.co\/index.php\/a-la-carcel-una-mujer-que-asesino-a-su-pareja-sentimental-de-una-punalada-por-una-discusion\/judicial\/\",\"name\":\"A la c\u00e1rcel una mujer que asesin\u00f3 a su pareja sentimental de una pu\u00f1alada por una discusi\u00f3n - Ciudad y Region\",\"isPartOf\":{\"@id\":\"https:\/\/ciudadyregion.com.co\/#website\"},\"primaryImageOfPage\":{\"@id\":\"https:\/\/ciudadyregion.com.co\/index.php\/a-la-carcel-una-mujer-que-asesino-a-su-pareja-sentimental-de-una-punalada-por-una-discusion\/judicial\/#primaryimage\"},\"image\":{\"@id\":\"https:\/\/ciudadyregion.com.co\/index.php\/a-la-carcel-una-mujer-que-asesino-a-su-pareja-sentimental-de-una-punalada-por-una-discusion\/judicial\/#primaryimage\"},\"thumbnailUrl\":\"https:\/\/i0.wp.com\/ciudadyregion.com.co\/wp-content\/uploads\/2025\/05\/1-24.jpg?fit=800%2C445&ssl=1\",\"datePublished\":\"2025-05-23T10:04:32+00:00\",\"dateModified\":\"2025-05-23T10:04:32+00:00\",\"author\":{\"@id\":\"https:\/\/ciudadyregion.com.co\/#\/schema\/person\/04a4954373ebc4051f46e8c65ff78622\"},\"breadcrumb\":{\"@id\":\"https:\/\/ciudadyregion.com.co\/index.php\/a-la-carcel-una-mujer-que-asesino-a-su-pareja-sentimental-de-una-punalada-por-una-discusion\/judicial\/#breadcrumb\"},\"inLanguage\":\"es\",\"potentialAction\":[{\"@type\":\"ReadAction\",\"target\":[\"https:\/\/ciudadyregion.com.co\/index.php\/a-la-carcel-una-mujer-que-asesino-a-su-pareja-sentimental-de-una-punalada-por-una-discusion\/judicial\/\"]}]},{\"@type\":\"ImageObject\",\"inLanguage\":\"es\",\"@id\":\"https:\/\/ciudadyregion.com.co\/index.php\/a-la-carcel-una-mujer-que-asesino-a-su-pareja-sentimental-de-una-punalada-por-una-discusion\/judicial\/#primaryimage\",\"url\":\"https:\/\/i0.wp.com\/ciudadyregion.com.co\/wp-content\/uploads\/2025\/05\/1-24.jpg?fit=800%2C445&ssl=1\",\"contentUrl\":\"https:\/\/i0.wp.com\/ciudadyregion.com.co\/wp-content\/uploads\/2025\/05\/1-24.jpg?fit=800%2C445&ssl=1\",\"width\":800,\"height\":445},{\"@type\":\"BreadcrumbList\",\"@id\":\"https:\/\/ciudadyregion.com.co\/index.php\/a-la-carcel-una-mujer-que-asesino-a-su-pareja-sentimental-de-una-punalada-por-una-discusion\/judicial\/#breadcrumb\",\"itemListElement\":[{\"@type\":\"ListItem\",\"position\":1,\"name\":\"Portada\",\"item\":\"https:\/\/ciudadyregion.com.co\/\"},{\"@type\":\"ListItem\",\"position\":2,\"name\":\"A la c\u00e1rcel una mujer que asesin\u00f3 a su pareja sentimental de una pu\u00f1alada por una discusi\u00f3n\"}]},{\"@type\":\"WebSite\",\"@id\":\"https:\/\/ciudadyregion.com.co\/#website\",\"url\":\"https:\/\/ciudadyregion.com.co\/\",\"name\":\"Ciudad y Region\",\"description\":\"\",\"potentialAction\":[{\"@type\":\"SearchAction\",\"target\":{\"@type\":\"EntryPoint\",\"urlTemplate\":\"https:\/\/ciudadyregion.com.co\/?s={search_term_string}\"},\"query-input\":{\"@type\":\"PropertyValueSpecification\",\"valueRequired\":true,\"valueName\":\"search_term_string\"}}],\"inLanguage\":\"es\"},{\"@type\":\"Person\",\"@id\":\"https:\/\/ciudadyregion.com.co\/#\/schema\/person\/04a4954373ebc4051f46e8c65ff78622\",\"name\":\"David Andr\u00e9s Aguirre\",\"image\":{\"@type\":\"ImageObject\",\"inLanguage\":\"es\",\"@id\":\"https:\/\/ciudadyregion.com.co\/#\/schema\/person\/image\/\",\"url\":\"https:\/\/secure.gravatar.com\/avatar\/bc3c655860202182ee6d1b5edd042dbe?s=96&d=mm&r=g\",\"contentUrl\":\"https:\/\/secure.gravatar.com\/avatar\/bc3c655860202182ee6d1b5edd042dbe?s=96&d=mm&r=g\",\"caption\":\"David Andr\u00e9s Aguirre\"},\"url\":\"https:\/\/ciudadyregion.com.co\/index.php\/author\/diegoaguirre\/\"}]}<\/script>\n<!-- \/ Yoast SEO plugin. -->","yoast_head_json":{"title":"A la c\u00e1rcel una mujer que asesin\u00f3 a su pareja sentimental de una pu\u00f1alada por una discusi\u00f3n - Ciudad y Region","robots":{"index":"index","follow":"follow","max-snippet":"max-snippet:-1","max-image-preview":"max-image-preview:large","max-video-preview":"max-video-preview:-1"},"canonical":"https:\/\/ciudadyregion.com.co\/index.php\/a-la-carcel-una-mujer-que-asesino-a-su-pareja-sentimental-de-una-punalada-por-una-discusion\/judicial\/","og_locale":"es_ES","og_type":"article","og_title":"A la c\u00e1rcel una mujer que asesin\u00f3 a su pareja sentimental de una pu\u00f1alada por una discusi\u00f3n - Ciudad y Region","og_description":"La muerte de la v\u00edctima se produjo luego de una discusi\u00f3n de pareja. El\u00a0material probatorio\u00a0presentado por una\u00a0fiscal de la Seccional Sucre, permiti\u00f3 que un juez con funci\u00f3n de control de garant\u00edas impusiera aseguramiento carcelario a Bleidis Sof\u00eda Yanes Dur\u00e1n, presuntamente implicada en el\u00a0delito de homicidio, cargo que no fue aceptado.Continuar Leyendo","og_url":"https:\/\/ciudadyregion.com.co\/index.php\/a-la-carcel-una-mujer-que-asesino-a-su-pareja-sentimental-de-una-punalada-por-una-discusion\/judicial\/","og_site_name":"Ciudad y Region","article_published_time":"2025-05-23T10:04:32+00:00","og_image":[{"width":800,"height":445,"url":"https:\/\/ciudadyregion.com.co\/wp-content\/uploads\/2025\/05\/1-24.jpg","type":"image\/jpeg"}],"author":"David Andr\u00e9s Aguirre","twitter_card":"summary_large_image","twitter_misc":{"Escrito por":"David Andr\u00e9s Aguirre","Tiempo de lectura":"1 minuto"},"schema":{"@context":"https:\/\/schema.org","@graph":[{"@type":"WebPage","@id":"https:\/\/ciudadyregion.com.co\/index.php\/a-la-carcel-una-mujer-que-asesino-a-su-pareja-sentimental-de-una-punalada-por-una-discusion\/judicial\/","url":"https:\/\/ciudadyregion.com.co\/index.php\/a-la-carcel-una-mujer-que-asesino-a-su-pareja-sentimental-de-una-punalada-por-una-discusion\/judicial\/","name":"A la c\u00e1rcel una mujer que asesin\u00f3 a su pareja sentimental de una pu\u00f1alada por una discusi\u00f3n - Ciudad y Region","isPartOf":{"@id":"https:\/\/ciudadyregion.com.co\/#website"},"primaryImageOfPage":{"@id":"https:\/\/ciudadyregion.com.co\/index.php\/a-la-carcel-una-mujer-que-asesino-a-su-pareja-sentimental-de-una-punalada-por-una-discusion\/judicial\/#primaryimage"},"image":{"@id":"https:\/\/ciudadyregion.com.co\/index.php\/a-la-carcel-una-mujer-que-asesino-a-su-pareja-sentimental-de-una-punalada-por-una-discusion\/judicial\/#primaryimage"},"thumbnailUrl":"https:\/\/i0.wp.com\/ciudadyregion.com.co\/wp-content\/uploads\/2025\/05\/1-24.jpg?fit=800%2C445&ssl=1","datePublished":"2025-05-23T10:04:32+00:00","dateModified":"2025-05-23T10:04:32+00:00","author":{"@id":"https:\/\/ciudadyregion.com.co\/#\/schema\/person\/04a4954373ebc4051f46e8c65ff78622"},"breadcrumb":{"@id":"https:\/\/ciudadyregion.com.co\/index.php\/a-la-carcel-una-mujer-que-asesino-a-su-pareja-sentimental-de-una-punalada-por-una-discusion\/judicial\/#breadcrumb"},"inLanguage":"es","potentialAction":[{"@type":"ReadAction","target":["https:\/\/ciudadyregion.com.co\/index.php\/a-la-carcel-una-mujer-que-asesino-a-su-pareja-sentimental-de-una-punalada-por-una-discusion\/judicial\/"]}]},{"@type":"ImageObject","inLanguage":"es","@id":"https:\/\/ciudadyregion.com.co\/index.php\/a-la-carcel-una-mujer-que-asesino-a-su-pareja-sentimental-de-una-punalada-por-una-discusion\/judicial\/#primaryimage","url":"https:\/\/i0.wp.com\/ciudadyregion.com.co\/wp-content\/uploads\/2025\/05\/1-24.jpg?fit=800%2C445&ssl=1","contentUrl":"https:\/\/i0.wp.com\/ciudadyregion.com.co\/wp-content\/uploads\/2025\/05\/1-24.jpg?fit=800%2C445&ssl=1","width":800,"height":445},{"@type":"BreadcrumbList","@id":"https:\/\/ciudadyregion.com.co\/index.php\/a-la-carcel-una-mujer-que-asesino-a-su-pareja-sentimental-de-una-punalada-por-una-discusion\/judicial\/#breadcrumb","itemListElement":[{"@type":"ListItem","position":1,"name":"Portada","item":"https:\/\/ciudadyregion.com.co\/"},{"@type":"ListItem","position":2,"name":"A la c\u00e1rcel una mujer que asesin\u00f3 a su pareja sentimental de una pu\u00f1alada por una discusi\u00f3n"}]},{"@type":"WebSite","@id":"https:\/\/ciudadyregion.com.co\/#website","url":"https:\/\/ciudadyregion.com.co\/","name":"Ciudad y Region","description":"","potentialAction":[{"@type":"SearchAction","target":{"@type":"EntryPoint","urlTemplate":"https:\/\/ciudadyregion.com.co\/?s={search_term_string}"},"query-input":{"@type":"PropertyValueSpecification","valueRequired":true,"valueName":"search_term_string"}}],"inLanguage":"es"},{"@type":"Person","@id":"https:\/\/ciudadyregion.com.co\/#\/schema\/person\/04a4954373ebc4051f46e8c65ff78622","name":"David Andr\u00e9s Aguirre","image":{"@type":"ImageObject","inLanguage":"es","@id":"https:\/\/ciudadyregion.com.co\/#\/schema\/person\/image\/","url":"https:\/\/secure.gravatar.com\/avatar\/bc3c655860202182ee6d1b5edd042dbe?s=96&d=mm&r=g","contentUrl":"https:\/\/secure.gravatar.com\/avatar\/bc3c655860202182ee6d1b5edd042dbe?s=96&d=mm&r=g","caption":"David Andr\u00e9s Aguirre"},"url":"https:\/\/ciudadyregion.com.co\/index.php\/author\/diegoaguirre\/"}]}},"jetpack_featured_media_url":"https:\/\/i0.wp.com\/ciudadyregion.com.co\/wp-content\/uploads\/2025\/05\/1-24.jpg?fit=800%2C445&ssl=1","jetpack_sharing_enabled":true,"jetpack_shortlink":"https:\/\/wp.me\/pbS7hh-9qA","jetpack-related-posts":[],"_links":{"self":[{"href":"https:\/\/ciudadyregion.com.co\/index.php\/wp-json\/wp\/v2\/posts\/36244"}],"collection":[{"href":"https:\/\/ciudadyregion.com.co\/index.php\/wp-json\/wp\/v2\/posts"}],"about":[{"href":"https:\/\/ciudadyregion.com.co\/index.php\/wp-json\/wp\/v2\/types\/post"}],"author":[{"embeddable":true,"href":"https:\/\/ciudadyregion.com.co\/index.php\/wp-json\/wp\/v2\/users\/2"}],"replies":[{"embeddable":true,"href":"https:\/\/ciudadyregion.com.co\/index.php\/wp-json\/wp\/v2\/comments?post=36244"}],"version-history":[{"count":1,"href":"https:\/\/ciudadyregion.com.co\/index.php\/wp-json\/wp\/v2\/posts\/36244\/revisions"}],"predecessor-version":[{"id":36246,"href":"https:\/\/ciudadyregion.com.co\/index.php\/wp-json\/wp\/v2\/posts\/36244\/revisions\/36246"}],"wp:featuredmedia":[{"embeddable":true,"href":"https:\/\/ciudadyregion.com.co\/index.php\/wp-json\/wp\/v2\/media\/36245"}],"wp:attachment":[{"href":"https:\/\/ciudadyregion.com.co\/index.php\/wp-json\/wp\/v2\/media?parent=36244"}],"wp:term":[{"taxonomy":"category","embeddable":true,"href":"https:\/\/ciudadyregion.com.co\/index.php\/wp-json\/wp\/v2\/categories?post=36244"},{"taxonomy":"post_tag","embeddable":true,"href":"https:\/\/ciudadyregion.com.co\/index.php\/wp-json\/wp\/v2\/tags?post=36244"}],"curies":[{"name":"wp","href":"https:\/\/api.w.org\/{rel}","templated":true}]}}