{"id":36242,"date":"2025-05-23T05:00:57","date_gmt":"2025-05-23T10:00:57","guid":{"rendered":"https:\/\/ciudadyregion.com.co\/?p=36242"},"modified":"2025-05-23T05:00:57","modified_gmt":"2025-05-23T10:00:57","slug":"imputan-a-exdirector-del-departamento-administrativo-de-la-presidencia-por-su-presunta-participacion-en-el-entramado-de-corrupcion-en-la-ungrd","status":"publish","type":"post","link":"https:\/\/ciudadyregion.com.co\/index.php\/imputan-a-exdirector-del-departamento-administrativo-de-la-presidencia-por-su-presunta-participacion-en-el-entramado-de-corrupcion-en-la-ungrd\/judicial\/","title":{"rendered":"Imputan a exdirector del Departamento Administrativo de la Presidencia por su presunta participaci\u00f3n en el entramado de corrupci\u00f3n en la UNGRD"},"content":{"rendered":"<blockquote>\n<h4><strong><i>Carlos Ram\u00f3n Gonz\u00e1lez Merch\u00e1n habr\u00eda ordenado el direccionamiento de contratos de la UNGRD y el pago de coimas en beneficio de los congresistas Iv\u00e1n Leonidas Name V\u00e1squez y Andr\u00e9s David Calle Aguas.<\/i><\/strong><\/h4>\n<\/blockquote>\n<p>En audiencia realizada ante un magistrado de la\u00a0Sala Penal del Tribunal Superior de Bogot\u00e1, la\u00a0Fiscal\u00eda General de la Naci\u00f3n\u00a0imput\u00f3 al\u00a0exdirector del Departamento Administrativo de la Presidencia (DAPRE), Carlos Ram\u00f3n Gonz\u00e1lez Merch\u00e1n, como presunto responsable de los delitos de cohecho por dar u ofrecer, peculado por apropiaci\u00f3n agravado en favor de terceros y lavado de activos.<\/p>\n<p>Los elementos materiales probatorios dan cuenta de que el exfuncionario, en ejercicio de su cargo, habr\u00eda ordenado al entonces director de la\u00a0Unidad para la Gesti\u00f3n del Riesgo de Desastres (UNGRD),\u00a0Olmedo de Jes\u00fas L\u00f3pez Mart\u00ednez, orientar la contrataci\u00f3n en la entidad en beneficio del expresidente del Senado, Iv\u00e1n Leonidas Name V\u00e1squez; y el expresidente de la\u00a0C\u00e1mara de Representantes, Andr\u00e9s David Calle Aguas, para que impulsaran en el Congreso de la Rep\u00fablica la aprobaci\u00f3n de proyectos que tramitaba el Gobierno nacional.<\/p>\n<p>Posteriormente, Gonz\u00e1lez Merch\u00e1n imparti\u00f3 instrucciones al\u00a0exdirector de la UNGRD\u00a0para que, a cambio de contrataci\u00f3n, se comprometiera a entregarles dinero en efectivo a los dos congresistas, que saldr\u00eda de una orden de proveedur\u00eda que contemplaba el abastecimiento de carrotanques para las\u00a0comunidades de La Guajira.<\/p>\n<p>Dichas coimas se materializaron en octubre del mismo a\u00f1o. Con la intermediaci\u00f3n de la\u00a0exconsejera para las Regiones de la Presidencia de la Rep\u00fablica, Sandra Liliana Ortiz Nova, se le hicieron llegar 3.000 millones de pesos al congresista Name V\u00e1squez en Bogot\u00e1. Por su parte, Pinilla \u00c1lvarez se traslad\u00f3 a Monter\u00eda (C\u00f3rdoba) y le entreg\u00f3 1.000 millones de pesos al representante Calle Aguas.<\/p>\n<p>Durante la audiencia, el exdirector del\u00a0DAPRE\u00a0no acept\u00f3 los cargos formulados por el equipo de fiscales delegados ante la Corte Suprema de Justicia que lidera la investigaci\u00f3n por los actos de corrupci\u00f3n en la UNGRD.<\/p>\n","protected":false},"excerpt":{"rendered":"<p>Carlos Ram\u00f3n Gonz\u00e1lez Merch\u00e1n habr\u00eda ordenado el direccionamiento de contratos de la UNGRD y el pago de coimas en beneficio de los congresistas Iv\u00e1n Leonidas Name V\u00e1squez y Andr\u00e9s David Calle Aguas. En audiencia realizada ante un magistrado de la\u00a0Sala Penal del Tribunal Superior de Bogot\u00e1, la\u00a0Fiscal\u00eda General de la<span class=\"more-link\"><a href=\"https:\/\/ciudadyregion.com.co\/index.php\/imputan-a-exdirector-del-departamento-administrativo-de-la-presidencia-por-su-presunta-participacion-en-el-entramado-de-corrupcion-en-la-ungrd\/judicial\/\">Continuar Leyendo<\/a><\/span><\/p>\n","protected":false},"author":2,"featured_media":20888,"comment_status":"open","ping_status":"open","sticky":false,"template":"","format":"standard","meta":{"_uf_show_specific_survey":0,"_uf_disable_surveys":false,"_jetpack_memberships_contains_paid_content":false,"footnotes":"","jetpack_publicize_message":"","jetpack_publicize_feature_enabled":true,"jetpack_social_post_already_shared":true,"jetpack_social_options":{"image_generator_settings":{"template":"highway","enabled":false},"version":2}},"categories":[18],"tags":[],"class_list":["entry","author-diegoaguirre","post-36242","post","type-post","status-publish","format-standard","has-post-thumbnail","category-judicial"],"jetpack_publicize_connections":[],"yoast_head":"<!-- This site is optimized with the Yoast SEO plugin v24.3 - https:\/\/yoast.com\/wordpress\/plugins\/seo\/ -->\n<title>Imputan a exdirector del Departamento Administrativo de la Presidencia por su presunta participaci\u00f3n en el entramado de corrupci\u00f3n en la UNGRD - Ciudad y Region<\/title>\n<meta name=\"robots\" content=\"index, follow, max-snippet:-1, max-image-preview:large, max-video-preview:-1\" \/>\n<link rel=\"canonical\" href=\"https:\/\/ciudadyregion.com.co\/index.php\/imputan-a-exdirector-del-departamento-administrativo-de-la-presidencia-por-su-presunta-participacion-en-el-entramado-de-corrupcion-en-la-ungrd\/judicial\/\" \/>\n<meta property=\"og:locale\" content=\"es_ES\" \/>\n<meta property=\"og:type\" content=\"article\" \/>\n<meta property=\"og:title\" content=\"Imputan a exdirector del Departamento Administrativo de la Presidencia por su presunta participaci\u00f3n en el entramado de corrupci\u00f3n en la UNGRD - Ciudad y Region\" \/>\n<meta property=\"og:description\" content=\"Carlos Ram\u00f3n Gonz\u00e1lez Merch\u00e1n habr\u00eda ordenado el direccionamiento de contratos de la UNGRD y el pago de coimas en beneficio de los congresistas Iv\u00e1n Leonidas Name V\u00e1squez y Andr\u00e9s David Calle Aguas. En audiencia realizada ante un magistrado de la\u00a0Sala Penal del Tribunal Superior de Bogot\u00e1, la\u00a0Fiscal\u00eda General de laContinuar Leyendo\" \/>\n<meta property=\"og:url\" content=\"https:\/\/ciudadyregion.com.co\/index.php\/imputan-a-exdirector-del-departamento-administrativo-de-la-presidencia-por-su-presunta-participacion-en-el-entramado-de-corrupcion-en-la-ungrd\/judicial\/\" \/>\n<meta property=\"og:site_name\" content=\"Ciudad y Region\" \/>\n<meta property=\"article:published_time\" content=\"2025-05-23T10:00:57+00:00\" \/>\n<meta property=\"og:image\" content=\"https:\/\/ciudadyregion.com.co\/wp-content\/uploads\/2024\/09\/ungrd-1.jpg\" \/>\n\t<meta property=\"og:image:width\" content=\"800\" \/>\n\t<meta property=\"og:image:height\" content=\"445\" \/>\n\t<meta property=\"og:image:type\" content=\"image\/jpeg\" \/>\n<meta name=\"author\" content=\"David Andr\u00e9s Aguirre\" \/>\n<meta name=\"twitter:card\" content=\"summary_large_image\" \/>\n<meta name=\"twitter:label1\" content=\"Escrito por\" \/>\n\t<meta name=\"twitter:data1\" content=\"David Andr\u00e9s Aguirre\" \/>\n\t<meta name=\"twitter:label2\" content=\"Tiempo de lectura\" \/>\n\t<meta name=\"twitter:data2\" content=\"2 minutos\" \/>\n<script type=\"application\/ld+json\" class=\"yoast-schema-graph\">{\"@context\":\"https:\/\/schema.org\",\"@graph\":[{\"@type\":\"WebPage\",\"@id\":\"https:\/\/ciudadyregion.com.co\/index.php\/imputan-a-exdirector-del-departamento-administrativo-de-la-presidencia-por-su-presunta-participacion-en-el-entramado-de-corrupcion-en-la-ungrd\/judicial\/\",\"url\":\"https:\/\/ciudadyregion.com.co\/index.php\/imputan-a-exdirector-del-departamento-administrativo-de-la-presidencia-por-su-presunta-participacion-en-el-entramado-de-corrupcion-en-la-ungrd\/judicial\/\",\"name\":\"Imputan a exdirector del Departamento Administrativo de la Presidencia por su presunta participaci\u00f3n en el entramado de corrupci\u00f3n en la UNGRD - Ciudad y Region\",\"isPartOf\":{\"@id\":\"https:\/\/ciudadyregion.com.co\/#website\"},\"primaryImageOfPage\":{\"@id\":\"https:\/\/ciudadyregion.com.co\/index.php\/imputan-a-exdirector-del-departamento-administrativo-de-la-presidencia-por-su-presunta-participacion-en-el-entramado-de-corrupcion-en-la-ungrd\/judicial\/#primaryimage\"},\"image\":{\"@id\":\"https:\/\/ciudadyregion.com.co\/index.php\/imputan-a-exdirector-del-departamento-administrativo-de-la-presidencia-por-su-presunta-participacion-en-el-entramado-de-corrupcion-en-la-ungrd\/judicial\/#primaryimage\"},\"thumbnailUrl\":\"https:\/\/i0.wp.com\/ciudadyregion.com.co\/wp-content\/uploads\/2024\/09\/ungrd-1.jpg?fit=800%2C445&ssl=1\",\"datePublished\":\"2025-05-23T10:00:57+00:00\",\"dateModified\":\"2025-05-23T10:00:57+00:00\",\"author\":{\"@id\":\"https:\/\/ciudadyregion.com.co\/#\/schema\/person\/04a4954373ebc4051f46e8c65ff78622\"},\"breadcrumb\":{\"@id\":\"https:\/\/ciudadyregion.com.co\/index.php\/imputan-a-exdirector-del-departamento-administrativo-de-la-presidencia-por-su-presunta-participacion-en-el-entramado-de-corrupcion-en-la-ungrd\/judicial\/#breadcrumb\"},\"inLanguage\":\"es\",\"potentialAction\":[{\"@type\":\"ReadAction\",\"target\":[\"https:\/\/ciudadyregion.com.co\/index.php\/imputan-a-exdirector-del-departamento-administrativo-de-la-presidencia-por-su-presunta-participacion-en-el-entramado-de-corrupcion-en-la-ungrd\/judicial\/\"]}]},{\"@type\":\"ImageObject\",\"inLanguage\":\"es\",\"@id\":\"https:\/\/ciudadyregion.com.co\/index.php\/imputan-a-exdirector-del-departamento-administrativo-de-la-presidencia-por-su-presunta-participacion-en-el-entramado-de-corrupcion-en-la-ungrd\/judicial\/#primaryimage\",\"url\":\"https:\/\/i0.wp.com\/ciudadyregion.com.co\/wp-content\/uploads\/2024\/09\/ungrd-1.jpg?fit=800%2C445&ssl=1\",\"contentUrl\":\"https:\/\/i0.wp.com\/ciudadyregion.com.co\/wp-content\/uploads\/2024\/09\/ungrd-1.jpg?fit=800%2C445&ssl=1\",\"width\":800,\"height\":445},{\"@type\":\"BreadcrumbList\",\"@id\":\"https:\/\/ciudadyregion.com.co\/index.php\/imputan-a-exdirector-del-departamento-administrativo-de-la-presidencia-por-su-presunta-participacion-en-el-entramado-de-corrupcion-en-la-ungrd\/judicial\/#breadcrumb\",\"itemListElement\":[{\"@type\":\"ListItem\",\"position\":1,\"name\":\"Portada\",\"item\":\"https:\/\/ciudadyregion.com.co\/\"},{\"@type\":\"ListItem\",\"position\":2,\"name\":\"Imputan a exdirector del Departamento Administrativo de la Presidencia por su presunta participaci\u00f3n en el entramado de corrupci\u00f3n en la UNGRD\"}]},{\"@type\":\"WebSite\",\"@id\":\"https:\/\/ciudadyregion.com.co\/#website\",\"url\":\"https:\/\/ciudadyregion.com.co\/\",\"name\":\"Ciudad y Region\",\"description\":\"\",\"potentialAction\":[{\"@type\":\"SearchAction\",\"target\":{\"@type\":\"EntryPoint\",\"urlTemplate\":\"https:\/\/ciudadyregion.com.co\/?s={search_term_string}\"},\"query-input\":{\"@type\":\"PropertyValueSpecification\",\"valueRequired\":true,\"valueName\":\"search_term_string\"}}],\"inLanguage\":\"es\"},{\"@type\":\"Person\",\"@id\":\"https:\/\/ciudadyregion.com.co\/#\/schema\/person\/04a4954373ebc4051f46e8c65ff78622\",\"name\":\"David Andr\u00e9s Aguirre\",\"image\":{\"@type\":\"ImageObject\",\"inLanguage\":\"es\",\"@id\":\"https:\/\/ciudadyregion.com.co\/#\/schema\/person\/image\/\",\"url\":\"https:\/\/secure.gravatar.com\/avatar\/bc3c655860202182ee6d1b5edd042dbe?s=96&d=mm&r=g\",\"contentUrl\":\"https:\/\/secure.gravatar.com\/avatar\/bc3c655860202182ee6d1b5edd042dbe?s=96&d=mm&r=g\",\"caption\":\"David Andr\u00e9s Aguirre\"},\"url\":\"https:\/\/ciudadyregion.com.co\/index.php\/author\/diegoaguirre\/\"}]}<\/script>\n<!-- \/ Yoast SEO plugin. -->","yoast_head_json":{"title":"Imputan a exdirector del Departamento Administrativo de la Presidencia por su presunta participaci\u00f3n en el entramado de corrupci\u00f3n en la UNGRD - Ciudad y Region","robots":{"index":"index","follow":"follow","max-snippet":"max-snippet:-1","max-image-preview":"max-image-preview:large","max-video-preview":"max-video-preview:-1"},"canonical":"https:\/\/ciudadyregion.com.co\/index.php\/imputan-a-exdirector-del-departamento-administrativo-de-la-presidencia-por-su-presunta-participacion-en-el-entramado-de-corrupcion-en-la-ungrd\/judicial\/","og_locale":"es_ES","og_type":"article","og_title":"Imputan a exdirector del Departamento Administrativo de la Presidencia por su presunta participaci\u00f3n en el entramado de corrupci\u00f3n en la UNGRD - Ciudad y Region","og_description":"Carlos Ram\u00f3n Gonz\u00e1lez Merch\u00e1n habr\u00eda ordenado el direccionamiento de contratos de la UNGRD y el pago de coimas en beneficio de los congresistas Iv\u00e1n Leonidas Name V\u00e1squez y Andr\u00e9s David Calle Aguas. En audiencia realizada ante un magistrado de la\u00a0Sala Penal del Tribunal Superior de Bogot\u00e1, la\u00a0Fiscal\u00eda General de laContinuar Leyendo","og_url":"https:\/\/ciudadyregion.com.co\/index.php\/imputan-a-exdirector-del-departamento-administrativo-de-la-presidencia-por-su-presunta-participacion-en-el-entramado-de-corrupcion-en-la-ungrd\/judicial\/","og_site_name":"Ciudad y Region","article_published_time":"2025-05-23T10:00:57+00:00","og_image":[{"width":800,"height":445,"url":"https:\/\/ciudadyregion.com.co\/wp-content\/uploads\/2024\/09\/ungrd-1.jpg","type":"image\/jpeg"}],"author":"David Andr\u00e9s Aguirre","twitter_card":"summary_large_image","twitter_misc":{"Escrito por":"David Andr\u00e9s Aguirre","Tiempo de lectura":"2 minutos"},"schema":{"@context":"https:\/\/schema.org","@graph":[{"@type":"WebPage","@id":"https:\/\/ciudadyregion.com.co\/index.php\/imputan-a-exdirector-del-departamento-administrativo-de-la-presidencia-por-su-presunta-participacion-en-el-entramado-de-corrupcion-en-la-ungrd\/judicial\/","url":"https:\/\/ciudadyregion.com.co\/index.php\/imputan-a-exdirector-del-departamento-administrativo-de-la-presidencia-por-su-presunta-participacion-en-el-entramado-de-corrupcion-en-la-ungrd\/judicial\/","name":"Imputan a exdirector del Departamento Administrativo de la Presidencia por su presunta participaci\u00f3n en el entramado de corrupci\u00f3n en la UNGRD - Ciudad y Region","isPartOf":{"@id":"https:\/\/ciudadyregion.com.co\/#website"},"primaryImageOfPage":{"@id":"https:\/\/ciudadyregion.com.co\/index.php\/imputan-a-exdirector-del-departamento-administrativo-de-la-presidencia-por-su-presunta-participacion-en-el-entramado-de-corrupcion-en-la-ungrd\/judicial\/#primaryimage"},"image":{"@id":"https:\/\/ciudadyregion.com.co\/index.php\/imputan-a-exdirector-del-departamento-administrativo-de-la-presidencia-por-su-presunta-participacion-en-el-entramado-de-corrupcion-en-la-ungrd\/judicial\/#primaryimage"},"thumbnailUrl":"https:\/\/i0.wp.com\/ciudadyregion.com.co\/wp-content\/uploads\/2024\/09\/ungrd-1.jpg?fit=800%2C445&ssl=1","datePublished":"2025-05-23T10:00:57+00:00","dateModified":"2025-05-23T10:00:57+00:00","author":{"@id":"https:\/\/ciudadyregion.com.co\/#\/schema\/person\/04a4954373ebc4051f46e8c65ff78622"},"breadcrumb":{"@id":"https:\/\/ciudadyregion.com.co\/index.php\/imputan-a-exdirector-del-departamento-administrativo-de-la-presidencia-por-su-presunta-participacion-en-el-entramado-de-corrupcion-en-la-ungrd\/judicial\/#breadcrumb"},"inLanguage":"es","potentialAction":[{"@type":"ReadAction","target":["https:\/\/ciudadyregion.com.co\/index.php\/imputan-a-exdirector-del-departamento-administrativo-de-la-presidencia-por-su-presunta-participacion-en-el-entramado-de-corrupcion-en-la-ungrd\/judicial\/"]}]},{"@type":"ImageObject","inLanguage":"es","@id":"https:\/\/ciudadyregion.com.co\/index.php\/imputan-a-exdirector-del-departamento-administrativo-de-la-presidencia-por-su-presunta-participacion-en-el-entramado-de-corrupcion-en-la-ungrd\/judicial\/#primaryimage","url":"https:\/\/i0.wp.com\/ciudadyregion.com.co\/wp-content\/uploads\/2024\/09\/ungrd-1.jpg?fit=800%2C445&ssl=1","contentUrl":"https:\/\/i0.wp.com\/ciudadyregion.com.co\/wp-content\/uploads\/2024\/09\/ungrd-1.jpg?fit=800%2C445&ssl=1","width":800,"height":445},{"@type":"BreadcrumbList","@id":"https:\/\/ciudadyregion.com.co\/index.php\/imputan-a-exdirector-del-departamento-administrativo-de-la-presidencia-por-su-presunta-participacion-en-el-entramado-de-corrupcion-en-la-ungrd\/judicial\/#breadcrumb","itemListElement":[{"@type":"ListItem","position":1,"name":"Portada","item":"https:\/\/ciudadyregion.com.co\/"},{"@type":"ListItem","position":2,"name":"Imputan a exdirector del Departamento Administrativo de la Presidencia por su presunta participaci\u00f3n en el entramado de corrupci\u00f3n en la UNGRD"}]},{"@type":"WebSite","@id":"https:\/\/ciudadyregion.com.co\/#website","url":"https:\/\/ciudadyregion.com.co\/","name":"Ciudad y Region","description":"","potentialAction":[{"@type":"SearchAction","target":{"@type":"EntryPoint","urlTemplate":"https:\/\/ciudadyregion.com.co\/?s={search_term_string}"},"query-input":{"@type":"PropertyValueSpecification","valueRequired":true,"valueName":"search_term_string"}}],"inLanguage":"es"},{"@type":"Person","@id":"https:\/\/ciudadyregion.com.co\/#\/schema\/person\/04a4954373ebc4051f46e8c65ff78622","name":"David Andr\u00e9s Aguirre","image":{"@type":"ImageObject","inLanguage":"es","@id":"https:\/\/ciudadyregion.com.co\/#\/schema\/person\/image\/","url":"https:\/\/secure.gravatar.com\/avatar\/bc3c655860202182ee6d1b5edd042dbe?s=96&d=mm&r=g","contentUrl":"https:\/\/secure.gravatar.com\/avatar\/bc3c655860202182ee6d1b5edd042dbe?s=96&d=mm&r=g","caption":"David Andr\u00e9s Aguirre"},"url":"https:\/\/ciudadyregion.com.co\/index.php\/author\/diegoaguirre\/"}]}},"jetpack_featured_media_url":"https:\/\/i0.wp.com\/ciudadyregion.com.co\/wp-content\/uploads\/2024\/09\/ungrd-1.jpg?fit=800%2C445&ssl=1","jetpack_sharing_enabled":true,"jetpack_shortlink":"https:\/\/wp.me\/pbS7hh-9qy","jetpack-related-posts":[],"_links":{"self":[{"href":"https:\/\/ciudadyregion.com.co\/index.php\/wp-json\/wp\/v2\/posts\/36242"}],"collection":[{"href":"https:\/\/ciudadyregion.com.co\/index.php\/wp-json\/wp\/v2\/posts"}],"about":[{"href":"https:\/\/ciudadyregion.com.co\/index.php\/wp-json\/wp\/v2\/types\/post"}],"author":[{"embeddable":true,"href":"https:\/\/ciudadyregion.com.co\/index.php\/wp-json\/wp\/v2\/users\/2"}],"replies":[{"embeddable":true,"href":"https:\/\/ciudadyregion.com.co\/index.php\/wp-json\/wp\/v2\/comments?post=36242"}],"version-history":[{"count":1,"href":"https:\/\/ciudadyregion.com.co\/index.php\/wp-json\/wp\/v2\/posts\/36242\/revisions"}],"predecessor-version":[{"id":36243,"href":"https:\/\/ciudadyregion.com.co\/index.php\/wp-json\/wp\/v2\/posts\/36242\/revisions\/36243"}],"wp:featuredmedia":[{"embeddable":true,"href":"https:\/\/ciudadyregion.com.co\/index.php\/wp-json\/wp\/v2\/media\/20888"}],"wp:attachment":[{"href":"https:\/\/ciudadyregion.com.co\/index.php\/wp-json\/wp\/v2\/media?parent=36242"}],"wp:term":[{"taxonomy":"category","embeddable":true,"href":"https:\/\/ciudadyregion.com.co\/index.php\/wp-json\/wp\/v2\/categories?post=36242"},{"taxonomy":"post_tag","embeddable":true,"href":"https:\/\/ciudadyregion.com.co\/index.php\/wp-json\/wp\/v2\/tags?post=36242"}],"curies":[{"name":"wp","href":"https:\/\/api.w.org\/{rel}","templated":true}]}}