{"id":36204,"date":"2025-05-23T04:58:16","date_gmt":"2025-05-23T09:58:16","guid":{"rendered":"https:\/\/ciudadyregion.com.co\/?p=36204"},"modified":"2025-05-22T19:59:15","modified_gmt":"2025-05-23T00:59:15","slug":"la-apunalo-en-el-cuello-por-una-pelea-esta-mujer-fue-asegurada-por-asesinar-a-otra-durante-una-discusion-en-cali","status":"publish","type":"post","link":"https:\/\/ciudadyregion.com.co\/index.php\/la-apunalo-en-el-cuello-por-una-pelea-esta-mujer-fue-asegurada-por-asesinar-a-otra-durante-una-discusion-en-cali\/judicial\/","title":{"rendered":"La apu\u00f1al\u00f3 en el cuello por una pelea: Esta mujer fue asegurada por asesinar a otra durante una discusi\u00f3n en Cali"},"content":{"rendered":"<p>La Fiscal\u00eda General de la Naci\u00f3n judicializ\u00f3 a Stephani Cardona Pedroza, se\u00f1alada de haber asesinado a otra persona en Cali (Valle del Cauca).<\/p>\n<p>Un fiscal de la Seccional Cali imput\u00f3 a la procesada el delito de homicidio, pues cuenta con evidencias en\u00a0las que constar\u00eda que la investigada habr\u00eda sostenido una discusi\u00f3n con la v\u00edctima en el barrio El Aguacatal de Cali.\u00a0La mujer muri\u00f3 producto de la gravedad de la herida que con un arma cortopunzante le fue causada en el cuello.<\/p>\n<p>La procesada fue capturada en flagrancia por la Polic\u00eda Nacional, el pasado 14 de mayo, en el\u00a0barrio Ciudad Modelo de la capital vallecaucana.<\/p>\n<p>Un juez de control de garant\u00edas acogi\u00f3 la solicitud de la Fiscal\u00eda y decidi\u00f3 que la hoy procesada debe cumplir la medida de aseguramiento en centro carcelario.<\/p>\n","protected":false},"excerpt":{"rendered":"<p>La Fiscal\u00eda General de la Naci\u00f3n judicializ\u00f3 a Stephani Cardona Pedroza, se\u00f1alada de haber asesinado a otra persona en Cali (Valle del Cauca). Un fiscal de la Seccional Cali imput\u00f3 a la procesada el delito de homicidio, pues cuenta con evidencias en\u00a0las que constar\u00eda que la investigada habr\u00eda sostenido una<span class=\"more-link\"><a href=\"https:\/\/ciudadyregion.com.co\/index.php\/la-apunalo-en-el-cuello-por-una-pelea-esta-mujer-fue-asegurada-por-asesinar-a-otra-durante-una-discusion-en-cali\/judicial\/\">Continuar Leyendo<\/a><\/span><\/p>\n","protected":false},"author":2,"featured_media":36205,"comment_status":"open","ping_status":"open","sticky":false,"template":"","format":"standard","meta":{"_uf_show_specific_survey":0,"_uf_disable_surveys":false,"_jetpack_memberships_contains_paid_content":false,"footnotes":"","jetpack_publicize_message":"","jetpack_publicize_feature_enabled":true,"jetpack_social_post_already_shared":true,"jetpack_social_options":{"image_generator_settings":{"template":"highway","enabled":false},"version":2}},"categories":[18],"tags":[],"class_list":["entry","author-diegoaguirre","post-36204","post","type-post","status-publish","format-standard","has-post-thumbnail","category-judicial"],"jetpack_publicize_connections":[],"yoast_head":"<!-- This site is optimized with the Yoast SEO plugin v24.3 - https:\/\/yoast.com\/wordpress\/plugins\/seo\/ -->\n<title>La apu\u00f1al\u00f3 en el cuello por una pelea: Esta mujer fue asegurada por asesinar a otra durante una discusi\u00f3n en Cali - Ciudad y Region<\/title>\n<meta name=\"robots\" content=\"index, follow, max-snippet:-1, max-image-preview:large, max-video-preview:-1\" \/>\n<link rel=\"canonical\" href=\"https:\/\/ciudadyregion.com.co\/index.php\/la-apunalo-en-el-cuello-por-una-pelea-esta-mujer-fue-asegurada-por-asesinar-a-otra-durante-una-discusion-en-cali\/judicial\/\" \/>\n<meta property=\"og:locale\" content=\"es_ES\" \/>\n<meta property=\"og:type\" content=\"article\" \/>\n<meta property=\"og:title\" content=\"La apu\u00f1al\u00f3 en el cuello por una pelea: Esta mujer fue asegurada por asesinar a otra durante una discusi\u00f3n en Cali - Ciudad y Region\" \/>\n<meta property=\"og:description\" content=\"La Fiscal\u00eda General de la Naci\u00f3n judicializ\u00f3 a Stephani Cardona Pedroza, se\u00f1alada de haber asesinado a otra persona en Cali (Valle del Cauca). Un fiscal de la Seccional Cali imput\u00f3 a la procesada el delito de homicidio, pues cuenta con evidencias en\u00a0las que constar\u00eda que la investigada habr\u00eda sostenido unaContinuar Leyendo\" \/>\n<meta property=\"og:url\" content=\"https:\/\/ciudadyregion.com.co\/index.php\/la-apunalo-en-el-cuello-por-una-pelea-esta-mujer-fue-asegurada-por-asesinar-a-otra-durante-una-discusion-en-cali\/judicial\/\" \/>\n<meta property=\"og:site_name\" content=\"Ciudad y Region\" \/>\n<meta property=\"article:published_time\" content=\"2025-05-23T09:58:16+00:00\" \/>\n<meta property=\"article:modified_time\" content=\"2025-05-23T00:59:15+00:00\" \/>\n<meta property=\"og:image\" content=\"https:\/\/i0.wp.com\/ciudadyregion.com.co\/wp-content\/uploads\/2025\/05\/1-20.jpg?fit=800%2C445&ssl=1\" \/>\n\t<meta property=\"og:image:width\" content=\"800\" \/>\n\t<meta property=\"og:image:height\" content=\"445\" \/>\n\t<meta property=\"og:image:type\" content=\"image\/jpeg\" \/>\n<meta name=\"author\" content=\"David Andr\u00e9s Aguirre\" \/>\n<meta name=\"twitter:card\" content=\"summary_large_image\" \/>\n<meta name=\"twitter:label1\" content=\"Escrito por\" \/>\n\t<meta name=\"twitter:data1\" content=\"David Andr\u00e9s Aguirre\" \/>\n\t<meta name=\"twitter:label2\" content=\"Tiempo de lectura\" \/>\n\t<meta name=\"twitter:data2\" content=\"1 minuto\" \/>\n<script type=\"application\/ld+json\" class=\"yoast-schema-graph\">{\"@context\":\"https:\/\/schema.org\",\"@graph\":[{\"@type\":\"WebPage\",\"@id\":\"https:\/\/ciudadyregion.com.co\/index.php\/la-apunalo-en-el-cuello-por-una-pelea-esta-mujer-fue-asegurada-por-asesinar-a-otra-durante-una-discusion-en-cali\/judicial\/\",\"url\":\"https:\/\/ciudadyregion.com.co\/index.php\/la-apunalo-en-el-cuello-por-una-pelea-esta-mujer-fue-asegurada-por-asesinar-a-otra-durante-una-discusion-en-cali\/judicial\/\",\"name\":\"La apu\u00f1al\u00f3 en el cuello por una pelea: Esta mujer fue asegurada por asesinar a otra durante una discusi\u00f3n en Cali - Ciudad y Region\",\"isPartOf\":{\"@id\":\"https:\/\/ciudadyregion.com.co\/#website\"},\"primaryImageOfPage\":{\"@id\":\"https:\/\/ciudadyregion.com.co\/index.php\/la-apunalo-en-el-cuello-por-una-pelea-esta-mujer-fue-asegurada-por-asesinar-a-otra-durante-una-discusion-en-cali\/judicial\/#primaryimage\"},\"image\":{\"@id\":\"https:\/\/ciudadyregion.com.co\/index.php\/la-apunalo-en-el-cuello-por-una-pelea-esta-mujer-fue-asegurada-por-asesinar-a-otra-durante-una-discusion-en-cali\/judicial\/#primaryimage\"},\"thumbnailUrl\":\"https:\/\/i0.wp.com\/ciudadyregion.com.co\/wp-content\/uploads\/2025\/05\/1-20.jpg?fit=800%2C445&ssl=1\",\"datePublished\":\"2025-05-23T09:58:16+00:00\",\"dateModified\":\"2025-05-23T00:59:15+00:00\",\"author\":{\"@id\":\"https:\/\/ciudadyregion.com.co\/#\/schema\/person\/04a4954373ebc4051f46e8c65ff78622\"},\"breadcrumb\":{\"@id\":\"https:\/\/ciudadyregion.com.co\/index.php\/la-apunalo-en-el-cuello-por-una-pelea-esta-mujer-fue-asegurada-por-asesinar-a-otra-durante-una-discusion-en-cali\/judicial\/#breadcrumb\"},\"inLanguage\":\"es\",\"potentialAction\":[{\"@type\":\"ReadAction\",\"target\":[\"https:\/\/ciudadyregion.com.co\/index.php\/la-apunalo-en-el-cuello-por-una-pelea-esta-mujer-fue-asegurada-por-asesinar-a-otra-durante-una-discusion-en-cali\/judicial\/\"]}]},{\"@type\":\"ImageObject\",\"inLanguage\":\"es\",\"@id\":\"https:\/\/ciudadyregion.com.co\/index.php\/la-apunalo-en-el-cuello-por-una-pelea-esta-mujer-fue-asegurada-por-asesinar-a-otra-durante-una-discusion-en-cali\/judicial\/#primaryimage\",\"url\":\"https:\/\/i0.wp.com\/ciudadyregion.com.co\/wp-content\/uploads\/2025\/05\/1-20.jpg?fit=800%2C445&ssl=1\",\"contentUrl\":\"https:\/\/i0.wp.com\/ciudadyregion.com.co\/wp-content\/uploads\/2025\/05\/1-20.jpg?fit=800%2C445&ssl=1\",\"width\":800,\"height\":445},{\"@type\":\"BreadcrumbList\",\"@id\":\"https:\/\/ciudadyregion.com.co\/index.php\/la-apunalo-en-el-cuello-por-una-pelea-esta-mujer-fue-asegurada-por-asesinar-a-otra-durante-una-discusion-en-cali\/judicial\/#breadcrumb\",\"itemListElement\":[{\"@type\":\"ListItem\",\"position\":1,\"name\":\"Portada\",\"item\":\"https:\/\/ciudadyregion.com.co\/\"},{\"@type\":\"ListItem\",\"position\":2,\"name\":\"La apu\u00f1al\u00f3 en el cuello por una pelea: Esta mujer fue asegurada por asesinar a otra durante una discusi\u00f3n en Cali\"}]},{\"@type\":\"WebSite\",\"@id\":\"https:\/\/ciudadyregion.com.co\/#website\",\"url\":\"https:\/\/ciudadyregion.com.co\/\",\"name\":\"Ciudad y Region\",\"description\":\"\",\"potentialAction\":[{\"@type\":\"SearchAction\",\"target\":{\"@type\":\"EntryPoint\",\"urlTemplate\":\"https:\/\/ciudadyregion.com.co\/?s={search_term_string}\"},\"query-input\":{\"@type\":\"PropertyValueSpecification\",\"valueRequired\":true,\"valueName\":\"search_term_string\"}}],\"inLanguage\":\"es\"},{\"@type\":\"Person\",\"@id\":\"https:\/\/ciudadyregion.com.co\/#\/schema\/person\/04a4954373ebc4051f46e8c65ff78622\",\"name\":\"David Andr\u00e9s Aguirre\",\"image\":{\"@type\":\"ImageObject\",\"inLanguage\":\"es\",\"@id\":\"https:\/\/ciudadyregion.com.co\/#\/schema\/person\/image\/\",\"url\":\"https:\/\/secure.gravatar.com\/avatar\/bc3c655860202182ee6d1b5edd042dbe?s=96&d=mm&r=g\",\"contentUrl\":\"https:\/\/secure.gravatar.com\/avatar\/bc3c655860202182ee6d1b5edd042dbe?s=96&d=mm&r=g\",\"caption\":\"David Andr\u00e9s Aguirre\"},\"url\":\"https:\/\/ciudadyregion.com.co\/index.php\/author\/diegoaguirre\/\"}]}<\/script>\n<!-- \/ Yoast SEO plugin. -->","yoast_head_json":{"title":"La apu\u00f1al\u00f3 en el cuello por una pelea: Esta mujer fue asegurada por asesinar a otra durante una discusi\u00f3n en Cali - Ciudad y Region","robots":{"index":"index","follow":"follow","max-snippet":"max-snippet:-1","max-image-preview":"max-image-preview:large","max-video-preview":"max-video-preview:-1"},"canonical":"https:\/\/ciudadyregion.com.co\/index.php\/la-apunalo-en-el-cuello-por-una-pelea-esta-mujer-fue-asegurada-por-asesinar-a-otra-durante-una-discusion-en-cali\/judicial\/","og_locale":"es_ES","og_type":"article","og_title":"La apu\u00f1al\u00f3 en el cuello por una pelea: Esta mujer fue asegurada por asesinar a otra durante una discusi\u00f3n en Cali - Ciudad y Region","og_description":"La Fiscal\u00eda General de la Naci\u00f3n judicializ\u00f3 a Stephani Cardona Pedroza, se\u00f1alada de haber asesinado a otra persona en Cali (Valle del Cauca). Un fiscal de la Seccional Cali imput\u00f3 a la procesada el delito de homicidio, pues cuenta con evidencias en\u00a0las que constar\u00eda que la investigada habr\u00eda sostenido unaContinuar Leyendo","og_url":"https:\/\/ciudadyregion.com.co\/index.php\/la-apunalo-en-el-cuello-por-una-pelea-esta-mujer-fue-asegurada-por-asesinar-a-otra-durante-una-discusion-en-cali\/judicial\/","og_site_name":"Ciudad y Region","article_published_time":"2025-05-23T09:58:16+00:00","article_modified_time":"2025-05-23T00:59:15+00:00","og_image":[{"width":800,"height":445,"url":"https:\/\/i0.wp.com\/ciudadyregion.com.co\/wp-content\/uploads\/2025\/05\/1-20.jpg?fit=800%2C445&ssl=1","type":"image\/jpeg"}],"author":"David Andr\u00e9s Aguirre","twitter_card":"summary_large_image","twitter_misc":{"Escrito por":"David Andr\u00e9s Aguirre","Tiempo de lectura":"1 minuto"},"schema":{"@context":"https:\/\/schema.org","@graph":[{"@type":"WebPage","@id":"https:\/\/ciudadyregion.com.co\/index.php\/la-apunalo-en-el-cuello-por-una-pelea-esta-mujer-fue-asegurada-por-asesinar-a-otra-durante-una-discusion-en-cali\/judicial\/","url":"https:\/\/ciudadyregion.com.co\/index.php\/la-apunalo-en-el-cuello-por-una-pelea-esta-mujer-fue-asegurada-por-asesinar-a-otra-durante-una-discusion-en-cali\/judicial\/","name":"La apu\u00f1al\u00f3 en el cuello por una pelea: Esta mujer fue asegurada por asesinar a otra durante una discusi\u00f3n en Cali - Ciudad y Region","isPartOf":{"@id":"https:\/\/ciudadyregion.com.co\/#website"},"primaryImageOfPage":{"@id":"https:\/\/ciudadyregion.com.co\/index.php\/la-apunalo-en-el-cuello-por-una-pelea-esta-mujer-fue-asegurada-por-asesinar-a-otra-durante-una-discusion-en-cali\/judicial\/#primaryimage"},"image":{"@id":"https:\/\/ciudadyregion.com.co\/index.php\/la-apunalo-en-el-cuello-por-una-pelea-esta-mujer-fue-asegurada-por-asesinar-a-otra-durante-una-discusion-en-cali\/judicial\/#primaryimage"},"thumbnailUrl":"https:\/\/i0.wp.com\/ciudadyregion.com.co\/wp-content\/uploads\/2025\/05\/1-20.jpg?fit=800%2C445&ssl=1","datePublished":"2025-05-23T09:58:16+00:00","dateModified":"2025-05-23T00:59:15+00:00","author":{"@id":"https:\/\/ciudadyregion.com.co\/#\/schema\/person\/04a4954373ebc4051f46e8c65ff78622"},"breadcrumb":{"@id":"https:\/\/ciudadyregion.com.co\/index.php\/la-apunalo-en-el-cuello-por-una-pelea-esta-mujer-fue-asegurada-por-asesinar-a-otra-durante-una-discusion-en-cali\/judicial\/#breadcrumb"},"inLanguage":"es","potentialAction":[{"@type":"ReadAction","target":["https:\/\/ciudadyregion.com.co\/index.php\/la-apunalo-en-el-cuello-por-una-pelea-esta-mujer-fue-asegurada-por-asesinar-a-otra-durante-una-discusion-en-cali\/judicial\/"]}]},{"@type":"ImageObject","inLanguage":"es","@id":"https:\/\/ciudadyregion.com.co\/index.php\/la-apunalo-en-el-cuello-por-una-pelea-esta-mujer-fue-asegurada-por-asesinar-a-otra-durante-una-discusion-en-cali\/judicial\/#primaryimage","url":"https:\/\/i0.wp.com\/ciudadyregion.com.co\/wp-content\/uploads\/2025\/05\/1-20.jpg?fit=800%2C445&ssl=1","contentUrl":"https:\/\/i0.wp.com\/ciudadyregion.com.co\/wp-content\/uploads\/2025\/05\/1-20.jpg?fit=800%2C445&ssl=1","width":800,"height":445},{"@type":"BreadcrumbList","@id":"https:\/\/ciudadyregion.com.co\/index.php\/la-apunalo-en-el-cuello-por-una-pelea-esta-mujer-fue-asegurada-por-asesinar-a-otra-durante-una-discusion-en-cali\/judicial\/#breadcrumb","itemListElement":[{"@type":"ListItem","position":1,"name":"Portada","item":"https:\/\/ciudadyregion.com.co\/"},{"@type":"ListItem","position":2,"name":"La apu\u00f1al\u00f3 en el cuello por una pelea: Esta mujer fue asegurada por asesinar a otra durante una discusi\u00f3n en Cali"}]},{"@type":"WebSite","@id":"https:\/\/ciudadyregion.com.co\/#website","url":"https:\/\/ciudadyregion.com.co\/","name":"Ciudad y Region","description":"","potentialAction":[{"@type":"SearchAction","target":{"@type":"EntryPoint","urlTemplate":"https:\/\/ciudadyregion.com.co\/?s={search_term_string}"},"query-input":{"@type":"PropertyValueSpecification","valueRequired":true,"valueName":"search_term_string"}}],"inLanguage":"es"},{"@type":"Person","@id":"https:\/\/ciudadyregion.com.co\/#\/schema\/person\/04a4954373ebc4051f46e8c65ff78622","name":"David Andr\u00e9s Aguirre","image":{"@type":"ImageObject","inLanguage":"es","@id":"https:\/\/ciudadyregion.com.co\/#\/schema\/person\/image\/","url":"https:\/\/secure.gravatar.com\/avatar\/bc3c655860202182ee6d1b5edd042dbe?s=96&d=mm&r=g","contentUrl":"https:\/\/secure.gravatar.com\/avatar\/bc3c655860202182ee6d1b5edd042dbe?s=96&d=mm&r=g","caption":"David Andr\u00e9s Aguirre"},"url":"https:\/\/ciudadyregion.com.co\/index.php\/author\/diegoaguirre\/"}]}},"jetpack_featured_media_url":"https:\/\/i0.wp.com\/ciudadyregion.com.co\/wp-content\/uploads\/2025\/05\/1-20.jpg?fit=800%2C445&ssl=1","jetpack_sharing_enabled":true,"jetpack_shortlink":"https:\/\/wp.me\/pbS7hh-9pW","jetpack-related-posts":[],"_links":{"self":[{"href":"https:\/\/ciudadyregion.com.co\/index.php\/wp-json\/wp\/v2\/posts\/36204"}],"collection":[{"href":"https:\/\/ciudadyregion.com.co\/index.php\/wp-json\/wp\/v2\/posts"}],"about":[{"href":"https:\/\/ciudadyregion.com.co\/index.php\/wp-json\/wp\/v2\/types\/post"}],"author":[{"embeddable":true,"href":"https:\/\/ciudadyregion.com.co\/index.php\/wp-json\/wp\/v2\/users\/2"}],"replies":[{"embeddable":true,"href":"https:\/\/ciudadyregion.com.co\/index.php\/wp-json\/wp\/v2\/comments?post=36204"}],"version-history":[{"count":1,"href":"https:\/\/ciudadyregion.com.co\/index.php\/wp-json\/wp\/v2\/posts\/36204\/revisions"}],"predecessor-version":[{"id":36206,"href":"https:\/\/ciudadyregion.com.co\/index.php\/wp-json\/wp\/v2\/posts\/36204\/revisions\/36206"}],"wp:featuredmedia":[{"embeddable":true,"href":"https:\/\/ciudadyregion.com.co\/index.php\/wp-json\/wp\/v2\/media\/36205"}],"wp:attachment":[{"href":"https:\/\/ciudadyregion.com.co\/index.php\/wp-json\/wp\/v2\/media?parent=36204"}],"wp:term":[{"taxonomy":"category","embeddable":true,"href":"https:\/\/ciudadyregion.com.co\/index.php\/wp-json\/wp\/v2\/categories?post=36204"},{"taxonomy":"post_tag","embeddable":true,"href":"https:\/\/ciudadyregion.com.co\/index.php\/wp-json\/wp\/v2\/tags?post=36204"}],"curies":[{"name":"wp","href":"https:\/\/api.w.org\/{rel}","templated":true}]}}