{"id":36201,"date":"2025-05-23T04:53:26","date_gmt":"2025-05-23T09:53:26","guid":{"rendered":"https:\/\/ciudadyregion.com.co\/?p=36201"},"modified":"2025-05-22T19:54:32","modified_gmt":"2025-05-23T00:54:32","slug":"carcel-para-hombre-que-aprovecho-que-se-quedo-a-solas-con-su-hijastra-menor-de-edad-y-la-abuso-sexualmente-en-quindio","status":"publish","type":"post","link":"https:\/\/ciudadyregion.com.co\/index.php\/carcel-para-hombre-que-aprovecho-que-se-quedo-a-solas-con-su-hijastra-menor-de-edad-y-la-abuso-sexualmente-en-quindio\/judicial\/","title":{"rendered":"C\u00e1rcel para hombre que aprovech\u00f3 que se qued\u00f3 a solas con su hijastra menor de edad y la abus\u00f3 sexualmente, en Quind\u00edo"},"content":{"rendered":"<p>Por solicitud de la Fiscal\u00eda General de la Naci\u00f3n, un juez de control de garant\u00edas impuso medida de aseguramiento en centro carcelario contra un hombre, que habr\u00eda abusado sexualmente de su hijastra menor de edad, de 13 a\u00f1os.<\/p>\n<p>Un fiscal de la Seccional Quind\u00edo le formul\u00f3 imputaci\u00f3n por los delitos de acceso carnal violento y acto sexual violento, ambas conductas agravadas. Los cargos no fueron aceptados por el procesado.<\/p>\n<p>De acuerdo con la investigaci\u00f3n, los hechos ocurrieron entre septiembre y diciembre de 2023, en una vivienda ubicada en el barrio San Diego de C\u00f3rdoba (Quind\u00edo), donde el procesado conviv\u00eda con la v\u00edctima.<\/p>\n<p>Este hombre, presuntamente, aprovech\u00f3 los momentos en que se quedaba a solas con la menor de edad y le realiz\u00f3 tocamientos de \u00edndole sexual y la accedi\u00f3, en varias ocasiones.<\/p>\n<p>Este hombre fue capturado por la Polic\u00eda Nacional en C\u00f3rdoba (Quind\u00edo), en cumplimiento de una orden judicial en su contra.<\/p>\n","protected":false},"excerpt":{"rendered":"<p>Por solicitud de la Fiscal\u00eda General de la Naci\u00f3n, un juez de control de garant\u00edas impuso medida de aseguramiento en centro carcelario contra un hombre, que habr\u00eda abusado sexualmente de su hijastra menor de edad, de 13 a\u00f1os. Un fiscal de la Seccional Quind\u00edo le formul\u00f3 imputaci\u00f3n por los delitos<span class=\"more-link\"><a href=\"https:\/\/ciudadyregion.com.co\/index.php\/carcel-para-hombre-que-aprovecho-que-se-quedo-a-solas-con-su-hijastra-menor-de-edad-y-la-abuso-sexualmente-en-quindio\/judicial\/\">Continuar Leyendo<\/a><\/span><\/p>\n","protected":false},"author":2,"featured_media":21457,"comment_status":"open","ping_status":"open","sticky":false,"template":"","format":"standard","meta":{"_uf_show_specific_survey":0,"_uf_disable_surveys":false,"_jetpack_memberships_contains_paid_content":false,"footnotes":"","jetpack_publicize_message":"","jetpack_publicize_feature_enabled":true,"jetpack_social_post_already_shared":true,"jetpack_social_options":{"image_generator_settings":{"template":"highway","enabled":false},"version":2}},"categories":[18],"tags":[],"class_list":["entry","author-diegoaguirre","post-36201","post","type-post","status-publish","format-standard","has-post-thumbnail","category-judicial"],"jetpack_publicize_connections":[],"yoast_head":"<!-- This site is optimized with the Yoast SEO plugin v24.3 - https:\/\/yoast.com\/wordpress\/plugins\/seo\/ -->\n<title>C\u00e1rcel para hombre que aprovech\u00f3 que se qued\u00f3 a solas con su hijastra menor de edad y la abus\u00f3 sexualmente, en Quind\u00edo - Ciudad y Region<\/title>\n<meta name=\"robots\" content=\"index, follow, max-snippet:-1, max-image-preview:large, max-video-preview:-1\" \/>\n<link rel=\"canonical\" href=\"https:\/\/ciudadyregion.com.co\/index.php\/carcel-para-hombre-que-aprovecho-que-se-quedo-a-solas-con-su-hijastra-menor-de-edad-y-la-abuso-sexualmente-en-quindio\/judicial\/\" \/>\n<meta property=\"og:locale\" content=\"es_ES\" \/>\n<meta property=\"og:type\" content=\"article\" \/>\n<meta property=\"og:title\" content=\"C\u00e1rcel para hombre que aprovech\u00f3 que se qued\u00f3 a solas con su hijastra menor de edad y la abus\u00f3 sexualmente, en Quind\u00edo - Ciudad y Region\" \/>\n<meta property=\"og:description\" content=\"Por solicitud de la Fiscal\u00eda General de la Naci\u00f3n, un juez de control de garant\u00edas impuso medida de aseguramiento en centro carcelario contra un hombre, que habr\u00eda abusado sexualmente de su hijastra menor de edad, de 13 a\u00f1os. Un fiscal de la Seccional Quind\u00edo le formul\u00f3 imputaci\u00f3n por los delitosContinuar Leyendo\" \/>\n<meta property=\"og:url\" content=\"https:\/\/ciudadyregion.com.co\/index.php\/carcel-para-hombre-que-aprovecho-que-se-quedo-a-solas-con-su-hijastra-menor-de-edad-y-la-abuso-sexualmente-en-quindio\/judicial\/\" \/>\n<meta property=\"og:site_name\" content=\"Ciudad y Region\" \/>\n<meta property=\"article:published_time\" content=\"2025-05-23T09:53:26+00:00\" \/>\n<meta property=\"article:modified_time\" content=\"2025-05-23T00:54:32+00:00\" \/>\n<meta property=\"og:image\" content=\"https:\/\/i0.wp.com\/ciudadyregion.com.co\/wp-content\/uploads\/2024\/09\/3-abuso-menores-nina-violacion.jpg?fit=800%2C445&ssl=1\" \/>\n\t<meta property=\"og:image:width\" content=\"800\" \/>\n\t<meta property=\"og:image:height\" content=\"445\" \/>\n\t<meta property=\"og:image:type\" content=\"image\/jpeg\" \/>\n<meta name=\"author\" content=\"David Andr\u00e9s Aguirre\" \/>\n<meta name=\"twitter:card\" content=\"summary_large_image\" \/>\n<meta name=\"twitter:label1\" content=\"Escrito por\" \/>\n\t<meta name=\"twitter:data1\" content=\"David Andr\u00e9s Aguirre\" \/>\n\t<meta name=\"twitter:label2\" content=\"Tiempo de lectura\" \/>\n\t<meta name=\"twitter:data2\" content=\"1 minuto\" \/>\n<script type=\"application\/ld+json\" class=\"yoast-schema-graph\">{\"@context\":\"https:\/\/schema.org\",\"@graph\":[{\"@type\":\"WebPage\",\"@id\":\"https:\/\/ciudadyregion.com.co\/index.php\/carcel-para-hombre-que-aprovecho-que-se-quedo-a-solas-con-su-hijastra-menor-de-edad-y-la-abuso-sexualmente-en-quindio\/judicial\/\",\"url\":\"https:\/\/ciudadyregion.com.co\/index.php\/carcel-para-hombre-que-aprovecho-que-se-quedo-a-solas-con-su-hijastra-menor-de-edad-y-la-abuso-sexualmente-en-quindio\/judicial\/\",\"name\":\"C\u00e1rcel para hombre que aprovech\u00f3 que se qued\u00f3 a solas con su hijastra menor de edad y la abus\u00f3 sexualmente, en Quind\u00edo - Ciudad y Region\",\"isPartOf\":{\"@id\":\"https:\/\/ciudadyregion.com.co\/#website\"},\"primaryImageOfPage\":{\"@id\":\"https:\/\/ciudadyregion.com.co\/index.php\/carcel-para-hombre-que-aprovecho-que-se-quedo-a-solas-con-su-hijastra-menor-de-edad-y-la-abuso-sexualmente-en-quindio\/judicial\/#primaryimage\"},\"image\":{\"@id\":\"https:\/\/ciudadyregion.com.co\/index.php\/carcel-para-hombre-que-aprovecho-que-se-quedo-a-solas-con-su-hijastra-menor-de-edad-y-la-abuso-sexualmente-en-quindio\/judicial\/#primaryimage\"},\"thumbnailUrl\":\"https:\/\/i0.wp.com\/ciudadyregion.com.co\/wp-content\/uploads\/2024\/09\/3-abuso-menores-nina-violacion.jpg?fit=800%2C445&ssl=1\",\"datePublished\":\"2025-05-23T09:53:26+00:00\",\"dateModified\":\"2025-05-23T00:54:32+00:00\",\"author\":{\"@id\":\"https:\/\/ciudadyregion.com.co\/#\/schema\/person\/04a4954373ebc4051f46e8c65ff78622\"},\"breadcrumb\":{\"@id\":\"https:\/\/ciudadyregion.com.co\/index.php\/carcel-para-hombre-que-aprovecho-que-se-quedo-a-solas-con-su-hijastra-menor-de-edad-y-la-abuso-sexualmente-en-quindio\/judicial\/#breadcrumb\"},\"inLanguage\":\"es\",\"potentialAction\":[{\"@type\":\"ReadAction\",\"target\":[\"https:\/\/ciudadyregion.com.co\/index.php\/carcel-para-hombre-que-aprovecho-que-se-quedo-a-solas-con-su-hijastra-menor-de-edad-y-la-abuso-sexualmente-en-quindio\/judicial\/\"]}]},{\"@type\":\"ImageObject\",\"inLanguage\":\"es\",\"@id\":\"https:\/\/ciudadyregion.com.co\/index.php\/carcel-para-hombre-que-aprovecho-que-se-quedo-a-solas-con-su-hijastra-menor-de-edad-y-la-abuso-sexualmente-en-quindio\/judicial\/#primaryimage\",\"url\":\"https:\/\/i0.wp.com\/ciudadyregion.com.co\/wp-content\/uploads\/2024\/09\/3-abuso-menores-nina-violacion.jpg?fit=800%2C445&ssl=1\",\"contentUrl\":\"https:\/\/i0.wp.com\/ciudadyregion.com.co\/wp-content\/uploads\/2024\/09\/3-abuso-menores-nina-violacion.jpg?fit=800%2C445&ssl=1\",\"width\":800,\"height\":445},{\"@type\":\"BreadcrumbList\",\"@id\":\"https:\/\/ciudadyregion.com.co\/index.php\/carcel-para-hombre-que-aprovecho-que-se-quedo-a-solas-con-su-hijastra-menor-de-edad-y-la-abuso-sexualmente-en-quindio\/judicial\/#breadcrumb\",\"itemListElement\":[{\"@type\":\"ListItem\",\"position\":1,\"name\":\"Portada\",\"item\":\"https:\/\/ciudadyregion.com.co\/\"},{\"@type\":\"ListItem\",\"position\":2,\"name\":\"C\u00e1rcel para hombre que aprovech\u00f3 que se qued\u00f3 a solas con su hijastra menor de edad y la abus\u00f3 sexualmente, en Quind\u00edo\"}]},{\"@type\":\"WebSite\",\"@id\":\"https:\/\/ciudadyregion.com.co\/#website\",\"url\":\"https:\/\/ciudadyregion.com.co\/\",\"name\":\"Ciudad y Region\",\"description\":\"\",\"potentialAction\":[{\"@type\":\"SearchAction\",\"target\":{\"@type\":\"EntryPoint\",\"urlTemplate\":\"https:\/\/ciudadyregion.com.co\/?s={search_term_string}\"},\"query-input\":{\"@type\":\"PropertyValueSpecification\",\"valueRequired\":true,\"valueName\":\"search_term_string\"}}],\"inLanguage\":\"es\"},{\"@type\":\"Person\",\"@id\":\"https:\/\/ciudadyregion.com.co\/#\/schema\/person\/04a4954373ebc4051f46e8c65ff78622\",\"name\":\"David Andr\u00e9s Aguirre\",\"image\":{\"@type\":\"ImageObject\",\"inLanguage\":\"es\",\"@id\":\"https:\/\/ciudadyregion.com.co\/#\/schema\/person\/image\/\",\"url\":\"https:\/\/secure.gravatar.com\/avatar\/bc3c655860202182ee6d1b5edd042dbe?s=96&d=mm&r=g\",\"contentUrl\":\"https:\/\/secure.gravatar.com\/avatar\/bc3c655860202182ee6d1b5edd042dbe?s=96&d=mm&r=g\",\"caption\":\"David Andr\u00e9s Aguirre\"},\"url\":\"https:\/\/ciudadyregion.com.co\/index.php\/author\/diegoaguirre\/\"}]}<\/script>\n<!-- \/ Yoast SEO plugin. -->","yoast_head_json":{"title":"C\u00e1rcel para hombre que aprovech\u00f3 que se qued\u00f3 a solas con su hijastra menor de edad y la abus\u00f3 sexualmente, en Quind\u00edo - Ciudad y Region","robots":{"index":"index","follow":"follow","max-snippet":"max-snippet:-1","max-image-preview":"max-image-preview:large","max-video-preview":"max-video-preview:-1"},"canonical":"https:\/\/ciudadyregion.com.co\/index.php\/carcel-para-hombre-que-aprovecho-que-se-quedo-a-solas-con-su-hijastra-menor-de-edad-y-la-abuso-sexualmente-en-quindio\/judicial\/","og_locale":"es_ES","og_type":"article","og_title":"C\u00e1rcel para hombre que aprovech\u00f3 que se qued\u00f3 a solas con su hijastra menor de edad y la abus\u00f3 sexualmente, en Quind\u00edo - Ciudad y Region","og_description":"Por solicitud de la Fiscal\u00eda General de la Naci\u00f3n, un juez de control de garant\u00edas impuso medida de aseguramiento en centro carcelario contra un hombre, que habr\u00eda abusado sexualmente de su hijastra menor de edad, de 13 a\u00f1os. Un fiscal de la Seccional Quind\u00edo le formul\u00f3 imputaci\u00f3n por los delitosContinuar Leyendo","og_url":"https:\/\/ciudadyregion.com.co\/index.php\/carcel-para-hombre-que-aprovecho-que-se-quedo-a-solas-con-su-hijastra-menor-de-edad-y-la-abuso-sexualmente-en-quindio\/judicial\/","og_site_name":"Ciudad y Region","article_published_time":"2025-05-23T09:53:26+00:00","article_modified_time":"2025-05-23T00:54:32+00:00","og_image":[{"width":800,"height":445,"url":"https:\/\/i0.wp.com\/ciudadyregion.com.co\/wp-content\/uploads\/2024\/09\/3-abuso-menores-nina-violacion.jpg?fit=800%2C445&ssl=1","type":"image\/jpeg"}],"author":"David Andr\u00e9s Aguirre","twitter_card":"summary_large_image","twitter_misc":{"Escrito por":"David Andr\u00e9s Aguirre","Tiempo de lectura":"1 minuto"},"schema":{"@context":"https:\/\/schema.org","@graph":[{"@type":"WebPage","@id":"https:\/\/ciudadyregion.com.co\/index.php\/carcel-para-hombre-que-aprovecho-que-se-quedo-a-solas-con-su-hijastra-menor-de-edad-y-la-abuso-sexualmente-en-quindio\/judicial\/","url":"https:\/\/ciudadyregion.com.co\/index.php\/carcel-para-hombre-que-aprovecho-que-se-quedo-a-solas-con-su-hijastra-menor-de-edad-y-la-abuso-sexualmente-en-quindio\/judicial\/","name":"C\u00e1rcel para hombre que aprovech\u00f3 que se qued\u00f3 a solas con su hijastra menor de edad y la abus\u00f3 sexualmente, en Quind\u00edo - Ciudad y Region","isPartOf":{"@id":"https:\/\/ciudadyregion.com.co\/#website"},"primaryImageOfPage":{"@id":"https:\/\/ciudadyregion.com.co\/index.php\/carcel-para-hombre-que-aprovecho-que-se-quedo-a-solas-con-su-hijastra-menor-de-edad-y-la-abuso-sexualmente-en-quindio\/judicial\/#primaryimage"},"image":{"@id":"https:\/\/ciudadyregion.com.co\/index.php\/carcel-para-hombre-que-aprovecho-que-se-quedo-a-solas-con-su-hijastra-menor-de-edad-y-la-abuso-sexualmente-en-quindio\/judicial\/#primaryimage"},"thumbnailUrl":"https:\/\/i0.wp.com\/ciudadyregion.com.co\/wp-content\/uploads\/2024\/09\/3-abuso-menores-nina-violacion.jpg?fit=800%2C445&ssl=1","datePublished":"2025-05-23T09:53:26+00:00","dateModified":"2025-05-23T00:54:32+00:00","author":{"@id":"https:\/\/ciudadyregion.com.co\/#\/schema\/person\/04a4954373ebc4051f46e8c65ff78622"},"breadcrumb":{"@id":"https:\/\/ciudadyregion.com.co\/index.php\/carcel-para-hombre-que-aprovecho-que-se-quedo-a-solas-con-su-hijastra-menor-de-edad-y-la-abuso-sexualmente-en-quindio\/judicial\/#breadcrumb"},"inLanguage":"es","potentialAction":[{"@type":"ReadAction","target":["https:\/\/ciudadyregion.com.co\/index.php\/carcel-para-hombre-que-aprovecho-que-se-quedo-a-solas-con-su-hijastra-menor-de-edad-y-la-abuso-sexualmente-en-quindio\/judicial\/"]}]},{"@type":"ImageObject","inLanguage":"es","@id":"https:\/\/ciudadyregion.com.co\/index.php\/carcel-para-hombre-que-aprovecho-que-se-quedo-a-solas-con-su-hijastra-menor-de-edad-y-la-abuso-sexualmente-en-quindio\/judicial\/#primaryimage","url":"https:\/\/i0.wp.com\/ciudadyregion.com.co\/wp-content\/uploads\/2024\/09\/3-abuso-menores-nina-violacion.jpg?fit=800%2C445&ssl=1","contentUrl":"https:\/\/i0.wp.com\/ciudadyregion.com.co\/wp-content\/uploads\/2024\/09\/3-abuso-menores-nina-violacion.jpg?fit=800%2C445&ssl=1","width":800,"height":445},{"@type":"BreadcrumbList","@id":"https:\/\/ciudadyregion.com.co\/index.php\/carcel-para-hombre-que-aprovecho-que-se-quedo-a-solas-con-su-hijastra-menor-de-edad-y-la-abuso-sexualmente-en-quindio\/judicial\/#breadcrumb","itemListElement":[{"@type":"ListItem","position":1,"name":"Portada","item":"https:\/\/ciudadyregion.com.co\/"},{"@type":"ListItem","position":2,"name":"C\u00e1rcel para hombre que aprovech\u00f3 que se qued\u00f3 a solas con su hijastra menor de edad y la abus\u00f3 sexualmente, en Quind\u00edo"}]},{"@type":"WebSite","@id":"https:\/\/ciudadyregion.com.co\/#website","url":"https:\/\/ciudadyregion.com.co\/","name":"Ciudad y Region","description":"","potentialAction":[{"@type":"SearchAction","target":{"@type":"EntryPoint","urlTemplate":"https:\/\/ciudadyregion.com.co\/?s={search_term_string}"},"query-input":{"@type":"PropertyValueSpecification","valueRequired":true,"valueName":"search_term_string"}}],"inLanguage":"es"},{"@type":"Person","@id":"https:\/\/ciudadyregion.com.co\/#\/schema\/person\/04a4954373ebc4051f46e8c65ff78622","name":"David Andr\u00e9s Aguirre","image":{"@type":"ImageObject","inLanguage":"es","@id":"https:\/\/ciudadyregion.com.co\/#\/schema\/person\/image\/","url":"https:\/\/secure.gravatar.com\/avatar\/bc3c655860202182ee6d1b5edd042dbe?s=96&d=mm&r=g","contentUrl":"https:\/\/secure.gravatar.com\/avatar\/bc3c655860202182ee6d1b5edd042dbe?s=96&d=mm&r=g","caption":"David Andr\u00e9s Aguirre"},"url":"https:\/\/ciudadyregion.com.co\/index.php\/author\/diegoaguirre\/"}]}},"jetpack_featured_media_url":"https:\/\/i0.wp.com\/ciudadyregion.com.co\/wp-content\/uploads\/2024\/09\/3-abuso-menores-nina-violacion.jpg?fit=800%2C445&ssl=1","jetpack_sharing_enabled":true,"jetpack_shortlink":"https:\/\/wp.me\/pbS7hh-9pT","jetpack-related-posts":[],"_links":{"self":[{"href":"https:\/\/ciudadyregion.com.co\/index.php\/wp-json\/wp\/v2\/posts\/36201"}],"collection":[{"href":"https:\/\/ciudadyregion.com.co\/index.php\/wp-json\/wp\/v2\/posts"}],"about":[{"href":"https:\/\/ciudadyregion.com.co\/index.php\/wp-json\/wp\/v2\/types\/post"}],"author":[{"embeddable":true,"href":"https:\/\/ciudadyregion.com.co\/index.php\/wp-json\/wp\/v2\/users\/2"}],"replies":[{"embeddable":true,"href":"https:\/\/ciudadyregion.com.co\/index.php\/wp-json\/wp\/v2\/comments?post=36201"}],"version-history":[{"count":2,"href":"https:\/\/ciudadyregion.com.co\/index.php\/wp-json\/wp\/v2\/posts\/36201\/revisions"}],"predecessor-version":[{"id":36203,"href":"https:\/\/ciudadyregion.com.co\/index.php\/wp-json\/wp\/v2\/posts\/36201\/revisions\/36203"}],"wp:featuredmedia":[{"embeddable":true,"href":"https:\/\/ciudadyregion.com.co\/index.php\/wp-json\/wp\/v2\/media\/21457"}],"wp:attachment":[{"href":"https:\/\/ciudadyregion.com.co\/index.php\/wp-json\/wp\/v2\/media?parent=36201"}],"wp:term":[{"taxonomy":"category","embeddable":true,"href":"https:\/\/ciudadyregion.com.co\/index.php\/wp-json\/wp\/v2\/categories?post=36201"},{"taxonomy":"post_tag","embeddable":true,"href":"https:\/\/ciudadyregion.com.co\/index.php\/wp-json\/wp\/v2\/tags?post=36201"}],"curies":[{"name":"wp","href":"https:\/\/api.w.org\/{rel}","templated":true}]}}