{"id":36148,"date":"2025-05-23T04:48:51","date_gmt":"2025-05-23T09:48:51","guid":{"rendered":"https:\/\/ciudadyregion.com.co\/?p=36148"},"modified":"2025-05-22T12:49:18","modified_gmt":"2025-05-22T17:49:18","slug":"en-ibague-entregaron-un-mural-en-conmemoracion-del-dia-de-la-afrocolombianidad","status":"publish","type":"post","link":"https:\/\/ciudadyregion.com.co\/index.php\/en-ibague-entregaron-un-mural-en-conmemoracion-del-dia-de-la-afrocolombianidad\/cultura\/","title":{"rendered":"En Ibagu\u00e9 entregaron un mural en conmemoraci\u00f3n del D\u00eda de la Afrocolombianidad"},"content":{"rendered":"<div>En un acto lleno de alegr\u00eda y orgullo cultural, la Alcald\u00eda de Ibagu\u00e9 entreg\u00f3 oficialmente un mural en la Casa Afro, ubicada en la carrera 9 #3-51 en el barrio La Pola, como parte de la conmemoraci\u00f3n del D\u00eda de la Afrocolombianidad.<\/div>\n<div><span style=\"font-family: Arial, Verdana;\">\u00a0<\/span><\/div>\n<div><span style=\"font-family: Arial, Verdana;\">La obra art\u00edstica, en el marco de la estrategia \u2018La Excusa es el Color\u2019, plasma la esencia de las ra\u00edces afrodescendientes, destacando los rostros, colores y elementos que identifican la riqueza \u00e9tnica y ancestral de estas comunidades negras, raizal y palenquera que hacen parte activa del tejido social de Ibagu\u00e9.<\/span><\/div>\n<div><span style=\"font-family: Arial, Verdana;\">\u00a0<\/span><\/div>\n<blockquote>\n<div><span style=\"font-family: Arial, Verdana;\"><i>\u201cEste mural que entregamos a nuestras comunidades afro simboliza sus luchas, costumbres y ra\u00edces. Que esta representaci\u00f3n gr\u00e1fica adornada de color e identidad, sea la motivaci\u00f3n para trabajar de la mano porque tenemos como compromiso primordial incentivar a la construcci\u00f3n de su patrimonio\u201d<\/i>, destac\u00f3 Leandro Vera, secretario de Desarrollo Social Comunitario.\u00a0<\/span><\/div>\n<\/blockquote>\n<div><span style=\"font-family: Arial, Verdana;\">\u00a0<\/span><\/div>\n<div><span style=\"font-family: Arial, Verdana;\">El ganador de la convocatoria p\u00fablica para plasmar la pintura, abierta en cooperaci\u00f3n por las secretar\u00edas de Desarrollo Social Comunitario y Desarrollo Econ\u00f3mico municipal, fue el artista ibaguere\u00f1o Miguel \u00c1ngel Mart\u00ednez Rodr\u00edguez, quien capt\u00f3 con gran habilidad el mensaje que las comunidades quer\u00edan ver en el mural, recibiendo adem\u00e1s un reconocimiento de un mill\u00f3n de pesos por su trabajo.<\/span><\/div>\n<div><span style=\"font-family: Arial, Verdana;\">\u00a0<\/span><\/div>\n<blockquote>\n<div><span style=\"font-family: Arial, Verdana;\"><i>\u201cEl mural lo ejecutamos en conjunto con las comunidades afro quienes fueron los que finalmente aportaron en detalle sus ideas para el producto final. Tiene varios elementos representativos como los rostros de una mujer con su turbante colorido, un ni\u00f1o con sus rizos, una palma de coco, el chontaduro y una marimba en representaci\u00f3n de la m\u00fasica\u201d,<\/i>\u00a0agreg\u00f3 Miguel \u00c1ngel Mart\u00ednez Rodr\u00edguez, artista del mural.<\/span><\/div>\n<\/blockquote>\n<div><span style=\"font-family: Arial, Verdana;\">\u00a0<\/span><\/div>\n<div><span style=\"font-family: Arial, Verdana;\">Durante la jornada, se vivi\u00f3 una fiesta cultural con muestras gastron\u00f3micas, ritmos tradicionales y actividades l\u00fadicas para los asistentes. Adem\u00e1s, hicieron presencia los representantes de los grupos afro asentados en Ibagu\u00e9, que visibilizan sus ra\u00edces y dejan en alto su valioso legado cultural.<\/span><\/div>\n<div><span style=\"font-family: Arial, Verdana;\">\u00a0<\/span><\/div>\n<blockquote>\n<div><span style=\"font-family: Arial, Verdana;\"><i>\u201cEn esta fecha conmemorativa damos las gracias a la administraci\u00f3n municipal por la gesti\u00f3n para la adecuaci\u00f3n de la Casa Afro, que debe servir de inter\u00e9s colectivo en beneficio de todas las comunidades con iniciativas y proyectos para el fortalecimiento de nuestro patrimonio, memoria e identidad cultural\u201d,<\/i>\u00a0expres\u00f3 Manuel Qui\u00f1ones, integrante de las comunidades afro de Ibagu\u00e9.\u00a0<\/span><\/div>\n<\/blockquote>\n<div><span style=\"font-family: Arial, Verdana;\">\u00a0<\/span><\/div>\n<div><span style=\"font-family: Arial, Verdana;\">Se vincularon a la jornada del D\u00eda de la Afrocolombianidad con su oferta institucional, la Vicepresidencia de la Rep\u00fablica\u00a0<\/span><\/div>\n","protected":false},"excerpt":{"rendered":"<p>En un acto lleno de alegr\u00eda y orgullo cultural, la Alcald\u00eda de Ibagu\u00e9 entreg\u00f3 oficialmente un mural en la Casa Afro, ubicada en la carrera 9 #3-51 en el barrio La Pola, como parte de la conmemoraci\u00f3n del D\u00eda de la Afrocolombianidad. \u00a0 La obra art\u00edstica, en el marco de<span class=\"more-link\"><a href=\"https:\/\/ciudadyregion.com.co\/index.php\/en-ibague-entregaron-un-mural-en-conmemoracion-del-dia-de-la-afrocolombianidad\/cultura\/\">Continuar Leyendo<\/a><\/span><\/p>\n","protected":false},"author":2,"featured_media":36149,"comment_status":"open","ping_status":"open","sticky":false,"template":"","format":"standard","meta":{"_uf_show_specific_survey":0,"_uf_disable_surveys":false,"_jetpack_memberships_contains_paid_content":false,"footnotes":"","jetpack_publicize_message":"","jetpack_publicize_feature_enabled":true,"jetpack_social_post_already_shared":true,"jetpack_social_options":{"image_generator_settings":{"template":"highway","enabled":false},"version":2}},"categories":[30],"tags":[],"class_list":["entry","author-diegoaguirre","post-36148","post","type-post","status-publish","format-standard","has-post-thumbnail","category-cultura"],"jetpack_publicize_connections":[],"yoast_head":"<!-- This site is optimized with the Yoast SEO plugin v24.3 - https:\/\/yoast.com\/wordpress\/plugins\/seo\/ -->\n<title>En Ibagu\u00e9 entregaron un mural en conmemoraci\u00f3n del D\u00eda de la Afrocolombianidad - Ciudad y Region<\/title>\n<meta name=\"robots\" content=\"index, follow, max-snippet:-1, max-image-preview:large, max-video-preview:-1\" \/>\n<link rel=\"canonical\" href=\"https:\/\/ciudadyregion.com.co\/index.php\/en-ibague-entregaron-un-mural-en-conmemoracion-del-dia-de-la-afrocolombianidad\/cultura\/\" \/>\n<meta property=\"og:locale\" content=\"es_ES\" \/>\n<meta property=\"og:type\" content=\"article\" \/>\n<meta property=\"og:title\" content=\"En Ibagu\u00e9 entregaron un mural en conmemoraci\u00f3n del D\u00eda de la Afrocolombianidad - Ciudad y Region\" \/>\n<meta property=\"og:description\" content=\"En un acto lleno de alegr\u00eda y orgullo cultural, la Alcald\u00eda de Ibagu\u00e9 entreg\u00f3 oficialmente un mural en la Casa Afro, ubicada en la carrera 9 #3-51 en el barrio La Pola, como parte de la conmemoraci\u00f3n del D\u00eda de la Afrocolombianidad. \u00a0 La obra art\u00edstica, en el marco deContinuar Leyendo\" \/>\n<meta property=\"og:url\" content=\"https:\/\/ciudadyregion.com.co\/index.php\/en-ibague-entregaron-un-mural-en-conmemoracion-del-dia-de-la-afrocolombianidad\/cultura\/\" \/>\n<meta property=\"og:site_name\" content=\"Ciudad y Region\" \/>\n<meta property=\"article:published_time\" content=\"2025-05-23T09:48:51+00:00\" \/>\n<meta property=\"article:modified_time\" content=\"2025-05-22T17:49:18+00:00\" \/>\n<meta property=\"og:image\" content=\"https:\/\/i0.wp.com\/ciudadyregion.com.co\/wp-content\/uploads\/2025\/05\/3-2025-05-22T124824.393.jpg?fit=800%2C445&ssl=1\" \/>\n\t<meta property=\"og:image:width\" content=\"800\" \/>\n\t<meta property=\"og:image:height\" content=\"445\" \/>\n\t<meta property=\"og:image:type\" content=\"image\/jpeg\" \/>\n<meta name=\"author\" content=\"David Andr\u00e9s Aguirre\" \/>\n<meta name=\"twitter:card\" content=\"summary_large_image\" \/>\n<meta name=\"twitter:label1\" content=\"Escrito por\" \/>\n\t<meta name=\"twitter:data1\" content=\"David Andr\u00e9s Aguirre\" \/>\n\t<meta name=\"twitter:label2\" content=\"Tiempo de lectura\" \/>\n\t<meta name=\"twitter:data2\" content=\"2 minutos\" \/>\n<script type=\"application\/ld+json\" class=\"yoast-schema-graph\">{\"@context\":\"https:\/\/schema.org\",\"@graph\":[{\"@type\":\"WebPage\",\"@id\":\"https:\/\/ciudadyregion.com.co\/index.php\/en-ibague-entregaron-un-mural-en-conmemoracion-del-dia-de-la-afrocolombianidad\/cultura\/\",\"url\":\"https:\/\/ciudadyregion.com.co\/index.php\/en-ibague-entregaron-un-mural-en-conmemoracion-del-dia-de-la-afrocolombianidad\/cultura\/\",\"name\":\"En Ibagu\u00e9 entregaron un mural en conmemoraci\u00f3n del D\u00eda de la Afrocolombianidad - Ciudad y Region\",\"isPartOf\":{\"@id\":\"https:\/\/ciudadyregion.com.co\/#website\"},\"primaryImageOfPage\":{\"@id\":\"https:\/\/ciudadyregion.com.co\/index.php\/en-ibague-entregaron-un-mural-en-conmemoracion-del-dia-de-la-afrocolombianidad\/cultura\/#primaryimage\"},\"image\":{\"@id\":\"https:\/\/ciudadyregion.com.co\/index.php\/en-ibague-entregaron-un-mural-en-conmemoracion-del-dia-de-la-afrocolombianidad\/cultura\/#primaryimage\"},\"thumbnailUrl\":\"https:\/\/i0.wp.com\/ciudadyregion.com.co\/wp-content\/uploads\/2025\/05\/3-2025-05-22T124824.393.jpg?fit=800%2C445&ssl=1\",\"datePublished\":\"2025-05-23T09:48:51+00:00\",\"dateModified\":\"2025-05-22T17:49:18+00:00\",\"author\":{\"@id\":\"https:\/\/ciudadyregion.com.co\/#\/schema\/person\/04a4954373ebc4051f46e8c65ff78622\"},\"breadcrumb\":{\"@id\":\"https:\/\/ciudadyregion.com.co\/index.php\/en-ibague-entregaron-un-mural-en-conmemoracion-del-dia-de-la-afrocolombianidad\/cultura\/#breadcrumb\"},\"inLanguage\":\"es\",\"potentialAction\":[{\"@type\":\"ReadAction\",\"target\":[\"https:\/\/ciudadyregion.com.co\/index.php\/en-ibague-entregaron-un-mural-en-conmemoracion-del-dia-de-la-afrocolombianidad\/cultura\/\"]}]},{\"@type\":\"ImageObject\",\"inLanguage\":\"es\",\"@id\":\"https:\/\/ciudadyregion.com.co\/index.php\/en-ibague-entregaron-un-mural-en-conmemoracion-del-dia-de-la-afrocolombianidad\/cultura\/#primaryimage\",\"url\":\"https:\/\/i0.wp.com\/ciudadyregion.com.co\/wp-content\/uploads\/2025\/05\/3-2025-05-22T124824.393.jpg?fit=800%2C445&ssl=1\",\"contentUrl\":\"https:\/\/i0.wp.com\/ciudadyregion.com.co\/wp-content\/uploads\/2025\/05\/3-2025-05-22T124824.393.jpg?fit=800%2C445&ssl=1\",\"width\":800,\"height\":445},{\"@type\":\"BreadcrumbList\",\"@id\":\"https:\/\/ciudadyregion.com.co\/index.php\/en-ibague-entregaron-un-mural-en-conmemoracion-del-dia-de-la-afrocolombianidad\/cultura\/#breadcrumb\",\"itemListElement\":[{\"@type\":\"ListItem\",\"position\":1,\"name\":\"Portada\",\"item\":\"https:\/\/ciudadyregion.com.co\/\"},{\"@type\":\"ListItem\",\"position\":2,\"name\":\"En Ibagu\u00e9 entregaron un mural en conmemoraci\u00f3n del D\u00eda de la Afrocolombianidad\"}]},{\"@type\":\"WebSite\",\"@id\":\"https:\/\/ciudadyregion.com.co\/#website\",\"url\":\"https:\/\/ciudadyregion.com.co\/\",\"name\":\"Ciudad y Region\",\"description\":\"\",\"potentialAction\":[{\"@type\":\"SearchAction\",\"target\":{\"@type\":\"EntryPoint\",\"urlTemplate\":\"https:\/\/ciudadyregion.com.co\/?s={search_term_string}\"},\"query-input\":{\"@type\":\"PropertyValueSpecification\",\"valueRequired\":true,\"valueName\":\"search_term_string\"}}],\"inLanguage\":\"es\"},{\"@type\":\"Person\",\"@id\":\"https:\/\/ciudadyregion.com.co\/#\/schema\/person\/04a4954373ebc4051f46e8c65ff78622\",\"name\":\"David Andr\u00e9s Aguirre\",\"image\":{\"@type\":\"ImageObject\",\"inLanguage\":\"es\",\"@id\":\"https:\/\/ciudadyregion.com.co\/#\/schema\/person\/image\/\",\"url\":\"https:\/\/secure.gravatar.com\/avatar\/bc3c655860202182ee6d1b5edd042dbe?s=96&d=mm&r=g\",\"contentUrl\":\"https:\/\/secure.gravatar.com\/avatar\/bc3c655860202182ee6d1b5edd042dbe?s=96&d=mm&r=g\",\"caption\":\"David Andr\u00e9s Aguirre\"},\"url\":\"https:\/\/ciudadyregion.com.co\/index.php\/author\/diegoaguirre\/\"}]}<\/script>\n<!-- \/ Yoast SEO plugin. -->","yoast_head_json":{"title":"En Ibagu\u00e9 entregaron un mural en conmemoraci\u00f3n del D\u00eda de la Afrocolombianidad - Ciudad y Region","robots":{"index":"index","follow":"follow","max-snippet":"max-snippet:-1","max-image-preview":"max-image-preview:large","max-video-preview":"max-video-preview:-1"},"canonical":"https:\/\/ciudadyregion.com.co\/index.php\/en-ibague-entregaron-un-mural-en-conmemoracion-del-dia-de-la-afrocolombianidad\/cultura\/","og_locale":"es_ES","og_type":"article","og_title":"En Ibagu\u00e9 entregaron un mural en conmemoraci\u00f3n del D\u00eda de la Afrocolombianidad - Ciudad y Region","og_description":"En un acto lleno de alegr\u00eda y orgullo cultural, la Alcald\u00eda de Ibagu\u00e9 entreg\u00f3 oficialmente un mural en la Casa Afro, ubicada en la carrera 9 #3-51 en el barrio La Pola, como parte de la conmemoraci\u00f3n del D\u00eda de la Afrocolombianidad. \u00a0 La obra art\u00edstica, en el marco deContinuar Leyendo","og_url":"https:\/\/ciudadyregion.com.co\/index.php\/en-ibague-entregaron-un-mural-en-conmemoracion-del-dia-de-la-afrocolombianidad\/cultura\/","og_site_name":"Ciudad y Region","article_published_time":"2025-05-23T09:48:51+00:00","article_modified_time":"2025-05-22T17:49:18+00:00","og_image":[{"width":800,"height":445,"url":"https:\/\/i0.wp.com\/ciudadyregion.com.co\/wp-content\/uploads\/2025\/05\/3-2025-05-22T124824.393.jpg?fit=800%2C445&ssl=1","type":"image\/jpeg"}],"author":"David Andr\u00e9s Aguirre","twitter_card":"summary_large_image","twitter_misc":{"Escrito por":"David Andr\u00e9s Aguirre","Tiempo de lectura":"2 minutos"},"schema":{"@context":"https:\/\/schema.org","@graph":[{"@type":"WebPage","@id":"https:\/\/ciudadyregion.com.co\/index.php\/en-ibague-entregaron-un-mural-en-conmemoracion-del-dia-de-la-afrocolombianidad\/cultura\/","url":"https:\/\/ciudadyregion.com.co\/index.php\/en-ibague-entregaron-un-mural-en-conmemoracion-del-dia-de-la-afrocolombianidad\/cultura\/","name":"En Ibagu\u00e9 entregaron un mural en conmemoraci\u00f3n del D\u00eda de la Afrocolombianidad - Ciudad y Region","isPartOf":{"@id":"https:\/\/ciudadyregion.com.co\/#website"},"primaryImageOfPage":{"@id":"https:\/\/ciudadyregion.com.co\/index.php\/en-ibague-entregaron-un-mural-en-conmemoracion-del-dia-de-la-afrocolombianidad\/cultura\/#primaryimage"},"image":{"@id":"https:\/\/ciudadyregion.com.co\/index.php\/en-ibague-entregaron-un-mural-en-conmemoracion-del-dia-de-la-afrocolombianidad\/cultura\/#primaryimage"},"thumbnailUrl":"https:\/\/i0.wp.com\/ciudadyregion.com.co\/wp-content\/uploads\/2025\/05\/3-2025-05-22T124824.393.jpg?fit=800%2C445&ssl=1","datePublished":"2025-05-23T09:48:51+00:00","dateModified":"2025-05-22T17:49:18+00:00","author":{"@id":"https:\/\/ciudadyregion.com.co\/#\/schema\/person\/04a4954373ebc4051f46e8c65ff78622"},"breadcrumb":{"@id":"https:\/\/ciudadyregion.com.co\/index.php\/en-ibague-entregaron-un-mural-en-conmemoracion-del-dia-de-la-afrocolombianidad\/cultura\/#breadcrumb"},"inLanguage":"es","potentialAction":[{"@type":"ReadAction","target":["https:\/\/ciudadyregion.com.co\/index.php\/en-ibague-entregaron-un-mural-en-conmemoracion-del-dia-de-la-afrocolombianidad\/cultura\/"]}]},{"@type":"ImageObject","inLanguage":"es","@id":"https:\/\/ciudadyregion.com.co\/index.php\/en-ibague-entregaron-un-mural-en-conmemoracion-del-dia-de-la-afrocolombianidad\/cultura\/#primaryimage","url":"https:\/\/i0.wp.com\/ciudadyregion.com.co\/wp-content\/uploads\/2025\/05\/3-2025-05-22T124824.393.jpg?fit=800%2C445&ssl=1","contentUrl":"https:\/\/i0.wp.com\/ciudadyregion.com.co\/wp-content\/uploads\/2025\/05\/3-2025-05-22T124824.393.jpg?fit=800%2C445&ssl=1","width":800,"height":445},{"@type":"BreadcrumbList","@id":"https:\/\/ciudadyregion.com.co\/index.php\/en-ibague-entregaron-un-mural-en-conmemoracion-del-dia-de-la-afrocolombianidad\/cultura\/#breadcrumb","itemListElement":[{"@type":"ListItem","position":1,"name":"Portada","item":"https:\/\/ciudadyregion.com.co\/"},{"@type":"ListItem","position":2,"name":"En Ibagu\u00e9 entregaron un mural en conmemoraci\u00f3n del D\u00eda de la Afrocolombianidad"}]},{"@type":"WebSite","@id":"https:\/\/ciudadyregion.com.co\/#website","url":"https:\/\/ciudadyregion.com.co\/","name":"Ciudad y Region","description":"","potentialAction":[{"@type":"SearchAction","target":{"@type":"EntryPoint","urlTemplate":"https:\/\/ciudadyregion.com.co\/?s={search_term_string}"},"query-input":{"@type":"PropertyValueSpecification","valueRequired":true,"valueName":"search_term_string"}}],"inLanguage":"es"},{"@type":"Person","@id":"https:\/\/ciudadyregion.com.co\/#\/schema\/person\/04a4954373ebc4051f46e8c65ff78622","name":"David Andr\u00e9s Aguirre","image":{"@type":"ImageObject","inLanguage":"es","@id":"https:\/\/ciudadyregion.com.co\/#\/schema\/person\/image\/","url":"https:\/\/secure.gravatar.com\/avatar\/bc3c655860202182ee6d1b5edd042dbe?s=96&d=mm&r=g","contentUrl":"https:\/\/secure.gravatar.com\/avatar\/bc3c655860202182ee6d1b5edd042dbe?s=96&d=mm&r=g","caption":"David Andr\u00e9s Aguirre"},"url":"https:\/\/ciudadyregion.com.co\/index.php\/author\/diegoaguirre\/"}]}},"jetpack_featured_media_url":"https:\/\/i0.wp.com\/ciudadyregion.com.co\/wp-content\/uploads\/2025\/05\/3-2025-05-22T124824.393.jpg?fit=800%2C445&ssl=1","jetpack_sharing_enabled":true,"jetpack_shortlink":"https:\/\/wp.me\/pbS7hh-9p2","jetpack-related-posts":[],"_links":{"self":[{"href":"https:\/\/ciudadyregion.com.co\/index.php\/wp-json\/wp\/v2\/posts\/36148"}],"collection":[{"href":"https:\/\/ciudadyregion.com.co\/index.php\/wp-json\/wp\/v2\/posts"}],"about":[{"href":"https:\/\/ciudadyregion.com.co\/index.php\/wp-json\/wp\/v2\/types\/post"}],"author":[{"embeddable":true,"href":"https:\/\/ciudadyregion.com.co\/index.php\/wp-json\/wp\/v2\/users\/2"}],"replies":[{"embeddable":true,"href":"https:\/\/ciudadyregion.com.co\/index.php\/wp-json\/wp\/v2\/comments?post=36148"}],"version-history":[{"count":1,"href":"https:\/\/ciudadyregion.com.co\/index.php\/wp-json\/wp\/v2\/posts\/36148\/revisions"}],"predecessor-version":[{"id":36150,"href":"https:\/\/ciudadyregion.com.co\/index.php\/wp-json\/wp\/v2\/posts\/36148\/revisions\/36150"}],"wp:featuredmedia":[{"embeddable":true,"href":"https:\/\/ciudadyregion.com.co\/index.php\/wp-json\/wp\/v2\/media\/36149"}],"wp:attachment":[{"href":"https:\/\/ciudadyregion.com.co\/index.php\/wp-json\/wp\/v2\/media?parent=36148"}],"wp:term":[{"taxonomy":"category","embeddable":true,"href":"https:\/\/ciudadyregion.com.co\/index.php\/wp-json\/wp\/v2\/categories?post=36148"},{"taxonomy":"post_tag","embeddable":true,"href":"https:\/\/ciudadyregion.com.co\/index.php\/wp-json\/wp\/v2\/tags?post=36148"}],"curies":[{"name":"wp","href":"https:\/\/api.w.org\/{rel}","templated":true}]}}