{"id":361,"date":"2023-10-23T09:41:53","date_gmt":"2023-10-23T14:41:53","guid":{"rendered":"https:\/\/ciudadyregion.com.co\/?p=361"},"modified":"2023-10-23T09:41:53","modified_gmt":"2023-10-23T14:41:53","slug":"candidato-al-concejo-fallecio-en-accidente-de-transito-en-el-norte-del-tolima","status":"publish","type":"post","link":"https:\/\/ciudadyregion.com.co\/index.php\/candidato-al-concejo-fallecio-en-accidente-de-transito-en-el-norte-del-tolima\/regional\/","title":{"rendered":"Candidato al concejo falleci\u00f3 en accidente de tr\u00e1nsito en el norte del Tolima"},"content":{"rendered":"<p>De luto se encuentra el municipio de Honda, luego de que se reportara el fallecimiento del candidato al concejo Carlos Jacob Ram\u00edrez Mahecha.<\/p>\n<p>El accidente tuvo lugar en la tarde del viernes sobre el kil\u00f3metro 53+700 metros de v\u00eda Ibagu\u00e9 \u2013 Mariquita, zona que es conocida como R\u00edo Recio de la jurisdicci\u00f3n de Venadillo.<\/p>\n<p>Se supo que Jacob iba desplaz\u00e1ndose en una motocicleta en la que colision\u00f3 con un objeto de la carretera. El resultado de este impacto fue un trauma en el t\u00f3rax y fractura en su brazo derecho. Posterior a esto fue llevado por una ambulancia al hospital Reina Sof\u00eda, donde, a pesar de los esfuerzos del cuerpo m\u00e9dico Jacob falleci\u00f3 minutos despu\u00e9s.<\/p>\n<p>La noticia del tr\u00e1gico incidente ha generado una gran conmoci\u00f3n en las redes sociales, donde cientos de personas han expresado sus condolencias y lamentos por la p\u00e9rdida de este joven aspirante al Concejo de Honda.<\/p>\n<p>El impacto de su fallecimiento ha sido evidente en la comunidad, destacando la huella que dej\u00f3 en la vida de muchas personas.<\/p>\n<p>&nbsp;<\/p>\n<p>&nbsp;<\/p>\n<p>&nbsp;<\/p>\n<p>&nbsp;<\/p>\n<p>Autora: Danna Londo\u00f1o<\/p>\n","protected":false},"excerpt":{"rendered":"<p>De luto se encuentra el municipio de Honda, luego de que se reportara el fallecimiento del candidato al concejo Carlos Jacob Ram\u00edrez Mahecha. El accidente tuvo lugar en la tarde del viernes sobre el kil\u00f3metro 53+700 metros de v\u00eda Ibagu\u00e9 \u2013 Mariquita, zona que es conocida como R\u00edo Recio de<span class=\"more-link\"><a href=\"https:\/\/ciudadyregion.com.co\/index.php\/candidato-al-concejo-fallecio-en-accidente-de-transito-en-el-norte-del-tolima\/regional\/\">Continuar Leyendo<\/a><\/span><\/p>\n","protected":false},"author":2,"featured_media":389,"comment_status":"open","ping_status":"open","sticky":false,"template":"","format":"standard","meta":{"_uf_show_specific_survey":0,"_uf_disable_surveys":false,"_jetpack_memberships_contains_paid_content":false,"footnotes":"","jetpack_publicize_message":"","jetpack_publicize_feature_enabled":true,"jetpack_social_post_already_shared":false,"jetpack_social_options":{"image_generator_settings":{"template":"highway","enabled":false},"version":2}},"categories":[13],"tags":[],"class_list":["entry","author-diegoaguirre","post-361","post","type-post","status-publish","format-standard","has-post-thumbnail","category-regional"],"jetpack_publicize_connections":[],"yoast_head":"<!-- This site is optimized with the Yoast SEO plugin v24.3 - https:\/\/yoast.com\/wordpress\/plugins\/seo\/ -->\n<title>Candidato al concejo falleci\u00f3 en accidente de tr\u00e1nsito en el norte del Tolima - Ciudad y Region<\/title>\n<meta name=\"robots\" content=\"index, follow, max-snippet:-1, max-image-preview:large, max-video-preview:-1\" \/>\n<link rel=\"canonical\" href=\"https:\/\/ciudadyregion.com.co\/index.php\/candidato-al-concejo-fallecio-en-accidente-de-transito-en-el-norte-del-tolima\/regional\/\" \/>\n<meta property=\"og:locale\" content=\"es_ES\" \/>\n<meta property=\"og:type\" content=\"article\" \/>\n<meta property=\"og:title\" content=\"Candidato al concejo falleci\u00f3 en accidente de tr\u00e1nsito en el norte del Tolima - Ciudad y Region\" \/>\n<meta property=\"og:description\" content=\"De luto se encuentra el municipio de Honda, luego de que se reportara el fallecimiento del candidato al concejo Carlos Jacob Ram\u00edrez Mahecha. El accidente tuvo lugar en la tarde del viernes sobre el kil\u00f3metro 53+700 metros de v\u00eda Ibagu\u00e9 \u2013 Mariquita, zona que es conocida como R\u00edo Recio deContinuar Leyendo\" \/>\n<meta property=\"og:url\" content=\"https:\/\/ciudadyregion.com.co\/index.php\/candidato-al-concejo-fallecio-en-accidente-de-transito-en-el-norte-del-tolima\/regional\/\" \/>\n<meta property=\"og:site_name\" content=\"Ciudad y Region\" \/>\n<meta property=\"article:published_time\" content=\"2023-10-23T14:41:53+00:00\" \/>\n<meta property=\"og:image\" content=\"https:\/\/ciudadyregion.com.co\/wp-content\/uploads\/2023\/10\/8-1.jpg\" \/>\n\t<meta property=\"og:image:width\" content=\"800\" \/>\n\t<meta property=\"og:image:height\" content=\"445\" \/>\n\t<meta property=\"og:image:type\" content=\"image\/jpeg\" \/>\n<meta name=\"author\" content=\"David Andr\u00e9s Aguirre\" \/>\n<meta name=\"twitter:card\" content=\"summary_large_image\" \/>\n<meta name=\"twitter:label1\" content=\"Escrito por\" \/>\n\t<meta name=\"twitter:data1\" content=\"David Andr\u00e9s Aguirre\" \/>\n\t<meta name=\"twitter:label2\" content=\"Tiempo de lectura\" \/>\n\t<meta name=\"twitter:data2\" content=\"1 minuto\" \/>\n<script type=\"application\/ld+json\" class=\"yoast-schema-graph\">{\"@context\":\"https:\/\/schema.org\",\"@graph\":[{\"@type\":\"WebPage\",\"@id\":\"https:\/\/ciudadyregion.com.co\/index.php\/candidato-al-concejo-fallecio-en-accidente-de-transito-en-el-norte-del-tolima\/regional\/\",\"url\":\"https:\/\/ciudadyregion.com.co\/index.php\/candidato-al-concejo-fallecio-en-accidente-de-transito-en-el-norte-del-tolima\/regional\/\",\"name\":\"Candidato al concejo falleci\u00f3 en accidente de tr\u00e1nsito en el norte del Tolima - Ciudad y Region\",\"isPartOf\":{\"@id\":\"https:\/\/ciudadyregion.com.co\/#website\"},\"primaryImageOfPage\":{\"@id\":\"https:\/\/ciudadyregion.com.co\/index.php\/candidato-al-concejo-fallecio-en-accidente-de-transito-en-el-norte-del-tolima\/regional\/#primaryimage\"},\"image\":{\"@id\":\"https:\/\/ciudadyregion.com.co\/index.php\/candidato-al-concejo-fallecio-en-accidente-de-transito-en-el-norte-del-tolima\/regional\/#primaryimage\"},\"thumbnailUrl\":\"https:\/\/i0.wp.com\/ciudadyregion.com.co\/wp-content\/uploads\/2023\/10\/8-1.jpg?fit=800%2C445&ssl=1\",\"datePublished\":\"2023-10-23T14:41:53+00:00\",\"dateModified\":\"2023-10-23T14:41:53+00:00\",\"author\":{\"@id\":\"https:\/\/ciudadyregion.com.co\/#\/schema\/person\/04a4954373ebc4051f46e8c65ff78622\"},\"breadcrumb\":{\"@id\":\"https:\/\/ciudadyregion.com.co\/index.php\/candidato-al-concejo-fallecio-en-accidente-de-transito-en-el-norte-del-tolima\/regional\/#breadcrumb\"},\"inLanguage\":\"es\",\"potentialAction\":[{\"@type\":\"ReadAction\",\"target\":[\"https:\/\/ciudadyregion.com.co\/index.php\/candidato-al-concejo-fallecio-en-accidente-de-transito-en-el-norte-del-tolima\/regional\/\"]}]},{\"@type\":\"ImageObject\",\"inLanguage\":\"es\",\"@id\":\"https:\/\/ciudadyregion.com.co\/index.php\/candidato-al-concejo-fallecio-en-accidente-de-transito-en-el-norte-del-tolima\/regional\/#primaryimage\",\"url\":\"https:\/\/i0.wp.com\/ciudadyregion.com.co\/wp-content\/uploads\/2023\/10\/8-1.jpg?fit=800%2C445&ssl=1\",\"contentUrl\":\"https:\/\/i0.wp.com\/ciudadyregion.com.co\/wp-content\/uploads\/2023\/10\/8-1.jpg?fit=800%2C445&ssl=1\",\"width\":800,\"height\":445},{\"@type\":\"BreadcrumbList\",\"@id\":\"https:\/\/ciudadyregion.com.co\/index.php\/candidato-al-concejo-fallecio-en-accidente-de-transito-en-el-norte-del-tolima\/regional\/#breadcrumb\",\"itemListElement\":[{\"@type\":\"ListItem\",\"position\":1,\"name\":\"Portada\",\"item\":\"https:\/\/ciudadyregion.com.co\/\"},{\"@type\":\"ListItem\",\"position\":2,\"name\":\"Candidato al concejo falleci\u00f3 en accidente de tr\u00e1nsito en el norte del Tolima\"}]},{\"@type\":\"WebSite\",\"@id\":\"https:\/\/ciudadyregion.com.co\/#website\",\"url\":\"https:\/\/ciudadyregion.com.co\/\",\"name\":\"Ciudad y Region\",\"description\":\"\",\"potentialAction\":[{\"@type\":\"SearchAction\",\"target\":{\"@type\":\"EntryPoint\",\"urlTemplate\":\"https:\/\/ciudadyregion.com.co\/?s={search_term_string}\"},\"query-input\":{\"@type\":\"PropertyValueSpecification\",\"valueRequired\":true,\"valueName\":\"search_term_string\"}}],\"inLanguage\":\"es\"},{\"@type\":\"Person\",\"@id\":\"https:\/\/ciudadyregion.com.co\/#\/schema\/person\/04a4954373ebc4051f46e8c65ff78622\",\"name\":\"David Andr\u00e9s Aguirre\",\"image\":{\"@type\":\"ImageObject\",\"inLanguage\":\"es\",\"@id\":\"https:\/\/ciudadyregion.com.co\/#\/schema\/person\/image\/\",\"url\":\"https:\/\/secure.gravatar.com\/avatar\/bc3c655860202182ee6d1b5edd042dbe?s=96&d=mm&r=g\",\"contentUrl\":\"https:\/\/secure.gravatar.com\/avatar\/bc3c655860202182ee6d1b5edd042dbe?s=96&d=mm&r=g\",\"caption\":\"David Andr\u00e9s Aguirre\"},\"url\":\"https:\/\/ciudadyregion.com.co\/index.php\/author\/diegoaguirre\/\"}]}<\/script>\n<!-- \/ Yoast SEO plugin. -->","yoast_head_json":{"title":"Candidato al concejo falleci\u00f3 en accidente de tr\u00e1nsito en el norte del Tolima - Ciudad y Region","robots":{"index":"index","follow":"follow","max-snippet":"max-snippet:-1","max-image-preview":"max-image-preview:large","max-video-preview":"max-video-preview:-1"},"canonical":"https:\/\/ciudadyregion.com.co\/index.php\/candidato-al-concejo-fallecio-en-accidente-de-transito-en-el-norte-del-tolima\/regional\/","og_locale":"es_ES","og_type":"article","og_title":"Candidato al concejo falleci\u00f3 en accidente de tr\u00e1nsito en el norte del Tolima - Ciudad y Region","og_description":"De luto se encuentra el municipio de Honda, luego de que se reportara el fallecimiento del candidato al concejo Carlos Jacob Ram\u00edrez Mahecha. El accidente tuvo lugar en la tarde del viernes sobre el kil\u00f3metro 53+700 metros de v\u00eda Ibagu\u00e9 \u2013 Mariquita, zona que es conocida como R\u00edo Recio deContinuar Leyendo","og_url":"https:\/\/ciudadyregion.com.co\/index.php\/candidato-al-concejo-fallecio-en-accidente-de-transito-en-el-norte-del-tolima\/regional\/","og_site_name":"Ciudad y Region","article_published_time":"2023-10-23T14:41:53+00:00","og_image":[{"width":800,"height":445,"url":"https:\/\/ciudadyregion.com.co\/wp-content\/uploads\/2023\/10\/8-1.jpg","type":"image\/jpeg"}],"author":"David Andr\u00e9s Aguirre","twitter_card":"summary_large_image","twitter_misc":{"Escrito por":"David Andr\u00e9s Aguirre","Tiempo de lectura":"1 minuto"},"schema":{"@context":"https:\/\/schema.org","@graph":[{"@type":"WebPage","@id":"https:\/\/ciudadyregion.com.co\/index.php\/candidato-al-concejo-fallecio-en-accidente-de-transito-en-el-norte-del-tolima\/regional\/","url":"https:\/\/ciudadyregion.com.co\/index.php\/candidato-al-concejo-fallecio-en-accidente-de-transito-en-el-norte-del-tolima\/regional\/","name":"Candidato al concejo falleci\u00f3 en accidente de tr\u00e1nsito en el norte del Tolima - Ciudad y Region","isPartOf":{"@id":"https:\/\/ciudadyregion.com.co\/#website"},"primaryImageOfPage":{"@id":"https:\/\/ciudadyregion.com.co\/index.php\/candidato-al-concejo-fallecio-en-accidente-de-transito-en-el-norte-del-tolima\/regional\/#primaryimage"},"image":{"@id":"https:\/\/ciudadyregion.com.co\/index.php\/candidato-al-concejo-fallecio-en-accidente-de-transito-en-el-norte-del-tolima\/regional\/#primaryimage"},"thumbnailUrl":"https:\/\/i0.wp.com\/ciudadyregion.com.co\/wp-content\/uploads\/2023\/10\/8-1.jpg?fit=800%2C445&ssl=1","datePublished":"2023-10-23T14:41:53+00:00","dateModified":"2023-10-23T14:41:53+00:00","author":{"@id":"https:\/\/ciudadyregion.com.co\/#\/schema\/person\/04a4954373ebc4051f46e8c65ff78622"},"breadcrumb":{"@id":"https:\/\/ciudadyregion.com.co\/index.php\/candidato-al-concejo-fallecio-en-accidente-de-transito-en-el-norte-del-tolima\/regional\/#breadcrumb"},"inLanguage":"es","potentialAction":[{"@type":"ReadAction","target":["https:\/\/ciudadyregion.com.co\/index.php\/candidato-al-concejo-fallecio-en-accidente-de-transito-en-el-norte-del-tolima\/regional\/"]}]},{"@type":"ImageObject","inLanguage":"es","@id":"https:\/\/ciudadyregion.com.co\/index.php\/candidato-al-concejo-fallecio-en-accidente-de-transito-en-el-norte-del-tolima\/regional\/#primaryimage","url":"https:\/\/i0.wp.com\/ciudadyregion.com.co\/wp-content\/uploads\/2023\/10\/8-1.jpg?fit=800%2C445&ssl=1","contentUrl":"https:\/\/i0.wp.com\/ciudadyregion.com.co\/wp-content\/uploads\/2023\/10\/8-1.jpg?fit=800%2C445&ssl=1","width":800,"height":445},{"@type":"BreadcrumbList","@id":"https:\/\/ciudadyregion.com.co\/index.php\/candidato-al-concejo-fallecio-en-accidente-de-transito-en-el-norte-del-tolima\/regional\/#breadcrumb","itemListElement":[{"@type":"ListItem","position":1,"name":"Portada","item":"https:\/\/ciudadyregion.com.co\/"},{"@type":"ListItem","position":2,"name":"Candidato al concejo falleci\u00f3 en accidente de tr\u00e1nsito en el norte del Tolima"}]},{"@type":"WebSite","@id":"https:\/\/ciudadyregion.com.co\/#website","url":"https:\/\/ciudadyregion.com.co\/","name":"Ciudad y Region","description":"","potentialAction":[{"@type":"SearchAction","target":{"@type":"EntryPoint","urlTemplate":"https:\/\/ciudadyregion.com.co\/?s={search_term_string}"},"query-input":{"@type":"PropertyValueSpecification","valueRequired":true,"valueName":"search_term_string"}}],"inLanguage":"es"},{"@type":"Person","@id":"https:\/\/ciudadyregion.com.co\/#\/schema\/person\/04a4954373ebc4051f46e8c65ff78622","name":"David Andr\u00e9s Aguirre","image":{"@type":"ImageObject","inLanguage":"es","@id":"https:\/\/ciudadyregion.com.co\/#\/schema\/person\/image\/","url":"https:\/\/secure.gravatar.com\/avatar\/bc3c655860202182ee6d1b5edd042dbe?s=96&d=mm&r=g","contentUrl":"https:\/\/secure.gravatar.com\/avatar\/bc3c655860202182ee6d1b5edd042dbe?s=96&d=mm&r=g","caption":"David Andr\u00e9s Aguirre"},"url":"https:\/\/ciudadyregion.com.co\/index.php\/author\/diegoaguirre\/"}]}},"jetpack_featured_media_url":"https:\/\/i0.wp.com\/ciudadyregion.com.co\/wp-content\/uploads\/2023\/10\/8-1.jpg?fit=800%2C445&ssl=1","jetpack_sharing_enabled":true,"jetpack_shortlink":"https:\/\/wp.me\/pbS7hh-5P","jetpack-related-posts":[],"_links":{"self":[{"href":"https:\/\/ciudadyregion.com.co\/index.php\/wp-json\/wp\/v2\/posts\/361"}],"collection":[{"href":"https:\/\/ciudadyregion.com.co\/index.php\/wp-json\/wp\/v2\/posts"}],"about":[{"href":"https:\/\/ciudadyregion.com.co\/index.php\/wp-json\/wp\/v2\/types\/post"}],"author":[{"embeddable":true,"href":"https:\/\/ciudadyregion.com.co\/index.php\/wp-json\/wp\/v2\/users\/2"}],"replies":[{"embeddable":true,"href":"https:\/\/ciudadyregion.com.co\/index.php\/wp-json\/wp\/v2\/comments?post=361"}],"version-history":[{"count":1,"href":"https:\/\/ciudadyregion.com.co\/index.php\/wp-json\/wp\/v2\/posts\/361\/revisions"}],"predecessor-version":[{"id":362,"href":"https:\/\/ciudadyregion.com.co\/index.php\/wp-json\/wp\/v2\/posts\/361\/revisions\/362"}],"wp:featuredmedia":[{"embeddable":true,"href":"https:\/\/ciudadyregion.com.co\/index.php\/wp-json\/wp\/v2\/media\/389"}],"wp:attachment":[{"href":"https:\/\/ciudadyregion.com.co\/index.php\/wp-json\/wp\/v2\/media?parent=361"}],"wp:term":[{"taxonomy":"category","embeddable":true,"href":"https:\/\/ciudadyregion.com.co\/index.php\/wp-json\/wp\/v2\/categories?post=361"},{"taxonomy":"post_tag","embeddable":true,"href":"https:\/\/ciudadyregion.com.co\/index.php\/wp-json\/wp\/v2\/tags?post=361"}],"curies":[{"name":"wp","href":"https:\/\/api.w.org\/{rel}","templated":true}]}}