{"id":356,"date":"2023-10-23T09:41:37","date_gmt":"2023-10-23T14:41:37","guid":{"rendered":"https:\/\/ciudadyregion.com.co\/?p=356"},"modified":"2023-10-23T09:41:37","modified_gmt":"2023-10-23T14:41:37","slug":"productiva-asi-fue-catalogada-la-gira-de-50-negocios-verdes-de-cortolima-por-el-eje-cafetero","status":"publish","type":"post","link":"https:\/\/ciudadyregion.com.co\/index.php\/productiva-asi-fue-catalogada-la-gira-de-50-negocios-verdes-de-cortolima-por-el-eje-cafetero\/medio-ambiente\/","title":{"rendered":"Productiva, as\u00ed fue catalogada la gira de 50 Negocios Verdes de Cortolima por el Eje Cafetero"},"content":{"rendered":"<p>El prop\u00f3sito fue visitar casos de Negocios Verdes exitosos y c\u00f3mo a trav\u00e9s de pr\u00e1cticas de conservaci\u00f3n y mitigaci\u00f3n del impacto ambiental se pueden generar negocios que contengan una visi\u00f3n empresarial, productiva y sostenible<\/p>\n<p>Como parte de la estrategia de biocomercio de Cortolima, donde los Negocios Verdes del departamento se est\u00e1n fortaleciendo con procesos de capacitaci\u00f3n y entrega de kits con elementos tecnol\u00f3gicos, se realiz\u00f3 la primera misi\u00f3n de aprendizaje e intercambio de saberes en el departamento del Quind\u00edo, con el apoyo de la CAR del Quind\u00edo.<\/p>\n<p><img data-recalc-dims=\"1\" loading=\"lazy\" decoding=\"async\" class=\"alignnone size-medium wp-image-358\" src=\"https:\/\/i0.wp.com\/ciudadyregion.com.co\/wp-content\/uploads\/2023\/10\/WhatsApp-Image-2023-10-22-at-6.04.16-AM.jpeg?resize=300%2C200&#038;ssl=1\" alt=\"\" width=\"300\" height=\"200\" srcset=\"https:\/\/i0.wp.com\/ciudadyregion.com.co\/wp-content\/uploads\/2023\/10\/WhatsApp-Image-2023-10-22-at-6.04.16-AM.jpeg?resize=300%2C200&amp;ssl=1 300w, https:\/\/i0.wp.com\/ciudadyregion.com.co\/wp-content\/uploads\/2023\/10\/WhatsApp-Image-2023-10-22-at-6.04.16-AM.jpeg?resize=1024%2C682&amp;ssl=1 1024w, https:\/\/i0.wp.com\/ciudadyregion.com.co\/wp-content\/uploads\/2023\/10\/WhatsApp-Image-2023-10-22-at-6.04.16-AM.jpeg?resize=768%2C512&amp;ssl=1 768w, https:\/\/i0.wp.com\/ciudadyregion.com.co\/wp-content\/uploads\/2023\/10\/WhatsApp-Image-2023-10-22-at-6.04.16-AM.jpeg?resize=465%2C310&amp;ssl=1 465w, https:\/\/i0.wp.com\/ciudadyregion.com.co\/wp-content\/uploads\/2023\/10\/WhatsApp-Image-2023-10-22-at-6.04.16-AM.jpeg?resize=695%2C463&amp;ssl=1 695w, https:\/\/i0.wp.com\/ciudadyregion.com.co\/wp-content\/uploads\/2023\/10\/WhatsApp-Image-2023-10-22-at-6.04.16-AM.jpeg?w=1280&amp;ssl=1 1280w\" sizes=\"(max-width: 300px) 100vw, 300px\" \/><\/p>\n<p>Participaron 50 Negocios Verdes avalados por Cortolima, quienes conocieron de cerca las pr\u00e1cticas sostenibles implementadas y los resultados positivos tanto desde el punto de vista ambiental, como del empresarial en lugares como: PANACA, Jard\u00edn Bot\u00e1nico y Mariposario en Calarc\u00e1, municipios de C\u00f3rdoba y Quimbaya.<\/p>\n<blockquote><p>\u201cEn esta gira nos llevamos unos conocimientos muy amplios por ejemplo en la Granja Lul\u00fa encontramos una econom\u00eda circular donde nos ense\u00f1an que para producir no necesitamos grandes extensiones ni deforestar, sino la econom\u00eda se mueve a trav\u00e9s de la reutilizaci\u00f3n de los productos\u201d afirm\u00f3 Willington Guti\u00e9rrez del Negocio Verde Dynasty Guti\u00e9rrez Coffee de Planadas, Tolima.<\/p><\/blockquote>\n<p>As\u00ed mismo Edith Riveros de la Asociaci\u00f3n de Chachafruteros de Ibagu\u00e9, asegur\u00f3 \u201cEn este recorrido que nos ha ofrecido Cortolima nos han brindado ideas de c\u00f3mo establecer nuestra asociaci\u00f3n y articularla junto con otros productores para obtener un mercado m\u00e1s completo\u201d.<\/p>\n<p><img data-recalc-dims=\"1\" loading=\"lazy\" decoding=\"async\" class=\"alignnone size-medium wp-image-359\" src=\"https:\/\/i0.wp.com\/ciudadyregion.com.co\/wp-content\/uploads\/2023\/10\/38d5d3eb-4e85-4e35-8b7b-591e160fcf0e.jpg?resize=300%2C200&#038;ssl=1\" alt=\"\" width=\"300\" height=\"200\" srcset=\"https:\/\/i0.wp.com\/ciudadyregion.com.co\/wp-content\/uploads\/2023\/10\/38d5d3eb-4e85-4e35-8b7b-591e160fcf0e.jpg?resize=300%2C200&amp;ssl=1 300w, https:\/\/i0.wp.com\/ciudadyregion.com.co\/wp-content\/uploads\/2023\/10\/38d5d3eb-4e85-4e35-8b7b-591e160fcf0e.jpg?resize=1024%2C682&amp;ssl=1 1024w, https:\/\/i0.wp.com\/ciudadyregion.com.co\/wp-content\/uploads\/2023\/10\/38d5d3eb-4e85-4e35-8b7b-591e160fcf0e.jpg?resize=768%2C512&amp;ssl=1 768w, https:\/\/i0.wp.com\/ciudadyregion.com.co\/wp-content\/uploads\/2023\/10\/38d5d3eb-4e85-4e35-8b7b-591e160fcf0e.jpg?resize=465%2C310&amp;ssl=1 465w, https:\/\/i0.wp.com\/ciudadyregion.com.co\/wp-content\/uploads\/2023\/10\/38d5d3eb-4e85-4e35-8b7b-591e160fcf0e.jpg?resize=695%2C463&amp;ssl=1 695w, https:\/\/i0.wp.com\/ciudadyregion.com.co\/wp-content\/uploads\/2023\/10\/38d5d3eb-4e85-4e35-8b7b-591e160fcf0e.jpg?w=1280&amp;ssl=1 1280w\" sizes=\"(max-width: 300px) 100vw, 300px\" \/><\/p>\n<p>O el caso de Camilo Rodr\u00edguez oriundo de Cajamarca, su negocio denominado el Ed\u00e9n Coffe hace parte de Negocios Verdes desde el a\u00f1o 2022.<\/p>\n<blockquote><p>\u201cEn los m\u00e1s de 26 empresarios que venimos del Tolima, realmente ha sido una experiencia fabulosa el hecho que Cortolima haya apoyado esas iniciativas de negocios verdes y que nos est\u00e9 abriendo los ojos ante las posibilidades de conseguir recursos y adquirir conocimientos.\u201d<\/p><\/blockquote>\n<p>Cortolima invita a quienes quieran hacer parte de Negocios Verdes del Tolima para que se acerquen a la Corporaci\u00f3n e inicien el proceso, que posee lineamientos y el aval del Ministerio de Ambiente y Desarrollo Sostenible, siendo indispensable para su aceptaci\u00f3n, el cumplimiento de tres componentes: ambiental, social y econ\u00f3mico. M\u00e1s informaci\u00f3n en:<\/p>\n<p><a href=\"https:\/\/www.cortolima.gov.co\/planes-y-programas\/negocios-verdes\">https:\/\/www.cortolima.gov.co\/planes-y-programas\/negocios-verdes<\/a><\/p>\n<p>&nbsp;<\/p>\n<p>&nbsp;<\/p>\n<p>&nbsp;<\/p>\n<p>Cr\u00e9ditos: Cortolima<\/p>\n","protected":false},"excerpt":{"rendered":"<p>El prop\u00f3sito fue visitar casos de Negocios Verdes exitosos y c\u00f3mo a trav\u00e9s de pr\u00e1cticas de conservaci\u00f3n y mitigaci\u00f3n del impacto ambiental se pueden generar negocios que contengan una visi\u00f3n empresarial, productiva y sostenible Como parte de la estrategia de biocomercio de Cortolima, donde los Negocios Verdes del departamento se<span class=\"more-link\"><a href=\"https:\/\/ciudadyregion.com.co\/index.php\/productiva-asi-fue-catalogada-la-gira-de-50-negocios-verdes-de-cortolima-por-el-eje-cafetero\/medio-ambiente\/\">Continuar Leyendo<\/a><\/span><\/p>\n","protected":false},"author":2,"featured_media":388,"comment_status":"open","ping_status":"open","sticky":false,"template":"","format":"standard","meta":{"_uf_show_specific_survey":0,"_uf_disable_surveys":false,"_jetpack_memberships_contains_paid_content":false,"footnotes":"","jetpack_publicize_message":"","jetpack_publicize_feature_enabled":true,"jetpack_social_post_already_shared":false,"jetpack_social_options":{"image_generator_settings":{"template":"highway","enabled":false},"version":2}},"categories":[32],"tags":[],"class_list":["entry","author-diegoaguirre","post-356","post","type-post","status-publish","format-standard","has-post-thumbnail","category-medio-ambiente"],"jetpack_publicize_connections":[],"yoast_head":"<!-- This site is optimized with the Yoast SEO plugin v24.3 - https:\/\/yoast.com\/wordpress\/plugins\/seo\/ -->\n<title>Productiva, as\u00ed fue catalogada la gira de 50 Negocios Verdes de Cortolima por el Eje Cafetero - Ciudad y Region<\/title>\n<meta name=\"robots\" content=\"index, follow, max-snippet:-1, max-image-preview:large, max-video-preview:-1\" \/>\n<link rel=\"canonical\" href=\"https:\/\/ciudadyregion.com.co\/index.php\/productiva-asi-fue-catalogada-la-gira-de-50-negocios-verdes-de-cortolima-por-el-eje-cafetero\/medio-ambiente\/\" \/>\n<meta property=\"og:locale\" content=\"es_ES\" \/>\n<meta property=\"og:type\" content=\"article\" \/>\n<meta property=\"og:title\" content=\"Productiva, as\u00ed fue catalogada la gira de 50 Negocios Verdes de Cortolima por el Eje Cafetero - Ciudad y Region\" \/>\n<meta property=\"og:description\" content=\"El prop\u00f3sito fue visitar casos de Negocios Verdes exitosos y c\u00f3mo a trav\u00e9s de pr\u00e1cticas de conservaci\u00f3n y mitigaci\u00f3n del impacto ambiental se pueden generar negocios que contengan una visi\u00f3n empresarial, productiva y sostenible Como parte de la estrategia de biocomercio de Cortolima, donde los Negocios Verdes del departamento seContinuar Leyendo\" \/>\n<meta property=\"og:url\" content=\"https:\/\/ciudadyregion.com.co\/index.php\/productiva-asi-fue-catalogada-la-gira-de-50-negocios-verdes-de-cortolima-por-el-eje-cafetero\/medio-ambiente\/\" \/>\n<meta property=\"og:site_name\" content=\"Ciudad y Region\" \/>\n<meta property=\"article:published_time\" content=\"2023-10-23T14:41:37+00:00\" \/>\n<meta property=\"og:image\" content=\"https:\/\/ciudadyregion.com.co\/wp-content\/uploads\/2023\/10\/7.jpg\" \/>\n\t<meta property=\"og:image:width\" content=\"800\" \/>\n\t<meta property=\"og:image:height\" content=\"445\" \/>\n\t<meta property=\"og:image:type\" content=\"image\/jpeg\" \/>\n<meta name=\"author\" content=\"David Andr\u00e9s Aguirre\" \/>\n<meta name=\"twitter:card\" content=\"summary_large_image\" \/>\n<meta name=\"twitter:label1\" content=\"Escrito por\" \/>\n\t<meta name=\"twitter:data1\" content=\"David Andr\u00e9s Aguirre\" \/>\n\t<meta name=\"twitter:label2\" content=\"Tiempo de lectura\" \/>\n\t<meta name=\"twitter:data2\" content=\"2 minutos\" \/>\n<script type=\"application\/ld+json\" class=\"yoast-schema-graph\">{\"@context\":\"https:\/\/schema.org\",\"@graph\":[{\"@type\":\"WebPage\",\"@id\":\"https:\/\/ciudadyregion.com.co\/index.php\/productiva-asi-fue-catalogada-la-gira-de-50-negocios-verdes-de-cortolima-por-el-eje-cafetero\/medio-ambiente\/\",\"url\":\"https:\/\/ciudadyregion.com.co\/index.php\/productiva-asi-fue-catalogada-la-gira-de-50-negocios-verdes-de-cortolima-por-el-eje-cafetero\/medio-ambiente\/\",\"name\":\"Productiva, as\u00ed fue catalogada la gira de 50 Negocios Verdes de Cortolima por el Eje Cafetero - Ciudad y Region\",\"isPartOf\":{\"@id\":\"https:\/\/ciudadyregion.com.co\/#website\"},\"primaryImageOfPage\":{\"@id\":\"https:\/\/ciudadyregion.com.co\/index.php\/productiva-asi-fue-catalogada-la-gira-de-50-negocios-verdes-de-cortolima-por-el-eje-cafetero\/medio-ambiente\/#primaryimage\"},\"image\":{\"@id\":\"https:\/\/ciudadyregion.com.co\/index.php\/productiva-asi-fue-catalogada-la-gira-de-50-negocios-verdes-de-cortolima-por-el-eje-cafetero\/medio-ambiente\/#primaryimage\"},\"thumbnailUrl\":\"https:\/\/i0.wp.com\/ciudadyregion.com.co\/wp-content\/uploads\/2023\/10\/7.jpg?fit=800%2C445&ssl=1\",\"datePublished\":\"2023-10-23T14:41:37+00:00\",\"dateModified\":\"2023-10-23T14:41:37+00:00\",\"author\":{\"@id\":\"https:\/\/ciudadyregion.com.co\/#\/schema\/person\/04a4954373ebc4051f46e8c65ff78622\"},\"breadcrumb\":{\"@id\":\"https:\/\/ciudadyregion.com.co\/index.php\/productiva-asi-fue-catalogada-la-gira-de-50-negocios-verdes-de-cortolima-por-el-eje-cafetero\/medio-ambiente\/#breadcrumb\"},\"inLanguage\":\"es\",\"potentialAction\":[{\"@type\":\"ReadAction\",\"target\":[\"https:\/\/ciudadyregion.com.co\/index.php\/productiva-asi-fue-catalogada-la-gira-de-50-negocios-verdes-de-cortolima-por-el-eje-cafetero\/medio-ambiente\/\"]}]},{\"@type\":\"ImageObject\",\"inLanguage\":\"es\",\"@id\":\"https:\/\/ciudadyregion.com.co\/index.php\/productiva-asi-fue-catalogada-la-gira-de-50-negocios-verdes-de-cortolima-por-el-eje-cafetero\/medio-ambiente\/#primaryimage\",\"url\":\"https:\/\/i0.wp.com\/ciudadyregion.com.co\/wp-content\/uploads\/2023\/10\/7.jpg?fit=800%2C445&ssl=1\",\"contentUrl\":\"https:\/\/i0.wp.com\/ciudadyregion.com.co\/wp-content\/uploads\/2023\/10\/7.jpg?fit=800%2C445&ssl=1\",\"width\":800,\"height\":445},{\"@type\":\"BreadcrumbList\",\"@id\":\"https:\/\/ciudadyregion.com.co\/index.php\/productiva-asi-fue-catalogada-la-gira-de-50-negocios-verdes-de-cortolima-por-el-eje-cafetero\/medio-ambiente\/#breadcrumb\",\"itemListElement\":[{\"@type\":\"ListItem\",\"position\":1,\"name\":\"Portada\",\"item\":\"https:\/\/ciudadyregion.com.co\/\"},{\"@type\":\"ListItem\",\"position\":2,\"name\":\"Productiva, as\u00ed fue catalogada la gira de 50 Negocios Verdes de Cortolima por el Eje Cafetero\"}]},{\"@type\":\"WebSite\",\"@id\":\"https:\/\/ciudadyregion.com.co\/#website\",\"url\":\"https:\/\/ciudadyregion.com.co\/\",\"name\":\"Ciudad y Region\",\"description\":\"\",\"potentialAction\":[{\"@type\":\"SearchAction\",\"target\":{\"@type\":\"EntryPoint\",\"urlTemplate\":\"https:\/\/ciudadyregion.com.co\/?s={search_term_string}\"},\"query-input\":{\"@type\":\"PropertyValueSpecification\",\"valueRequired\":true,\"valueName\":\"search_term_string\"}}],\"inLanguage\":\"es\"},{\"@type\":\"Person\",\"@id\":\"https:\/\/ciudadyregion.com.co\/#\/schema\/person\/04a4954373ebc4051f46e8c65ff78622\",\"name\":\"David Andr\u00e9s Aguirre\",\"image\":{\"@type\":\"ImageObject\",\"inLanguage\":\"es\",\"@id\":\"https:\/\/ciudadyregion.com.co\/#\/schema\/person\/image\/\",\"url\":\"https:\/\/secure.gravatar.com\/avatar\/bc3c655860202182ee6d1b5edd042dbe?s=96&d=mm&r=g\",\"contentUrl\":\"https:\/\/secure.gravatar.com\/avatar\/bc3c655860202182ee6d1b5edd042dbe?s=96&d=mm&r=g\",\"caption\":\"David Andr\u00e9s Aguirre\"},\"url\":\"https:\/\/ciudadyregion.com.co\/index.php\/author\/diegoaguirre\/\"}]}<\/script>\n<!-- \/ Yoast SEO plugin. -->","yoast_head_json":{"title":"Productiva, as\u00ed fue catalogada la gira de 50 Negocios Verdes de Cortolima por el Eje Cafetero - Ciudad y Region","robots":{"index":"index","follow":"follow","max-snippet":"max-snippet:-1","max-image-preview":"max-image-preview:large","max-video-preview":"max-video-preview:-1"},"canonical":"https:\/\/ciudadyregion.com.co\/index.php\/productiva-asi-fue-catalogada-la-gira-de-50-negocios-verdes-de-cortolima-por-el-eje-cafetero\/medio-ambiente\/","og_locale":"es_ES","og_type":"article","og_title":"Productiva, as\u00ed fue catalogada la gira de 50 Negocios Verdes de Cortolima por el Eje Cafetero - Ciudad y Region","og_description":"El prop\u00f3sito fue visitar casos de Negocios Verdes exitosos y c\u00f3mo a trav\u00e9s de pr\u00e1cticas de conservaci\u00f3n y mitigaci\u00f3n del impacto ambiental se pueden generar negocios que contengan una visi\u00f3n empresarial, productiva y sostenible Como parte de la estrategia de biocomercio de Cortolima, donde los Negocios Verdes del departamento seContinuar Leyendo","og_url":"https:\/\/ciudadyregion.com.co\/index.php\/productiva-asi-fue-catalogada-la-gira-de-50-negocios-verdes-de-cortolima-por-el-eje-cafetero\/medio-ambiente\/","og_site_name":"Ciudad y Region","article_published_time":"2023-10-23T14:41:37+00:00","og_image":[{"width":800,"height":445,"url":"https:\/\/ciudadyregion.com.co\/wp-content\/uploads\/2023\/10\/7.jpg","type":"image\/jpeg"}],"author":"David Andr\u00e9s Aguirre","twitter_card":"summary_large_image","twitter_misc":{"Escrito por":"David Andr\u00e9s Aguirre","Tiempo de lectura":"2 minutos"},"schema":{"@context":"https:\/\/schema.org","@graph":[{"@type":"WebPage","@id":"https:\/\/ciudadyregion.com.co\/index.php\/productiva-asi-fue-catalogada-la-gira-de-50-negocios-verdes-de-cortolima-por-el-eje-cafetero\/medio-ambiente\/","url":"https:\/\/ciudadyregion.com.co\/index.php\/productiva-asi-fue-catalogada-la-gira-de-50-negocios-verdes-de-cortolima-por-el-eje-cafetero\/medio-ambiente\/","name":"Productiva, as\u00ed fue catalogada la gira de 50 Negocios Verdes de Cortolima por el Eje Cafetero - Ciudad y Region","isPartOf":{"@id":"https:\/\/ciudadyregion.com.co\/#website"},"primaryImageOfPage":{"@id":"https:\/\/ciudadyregion.com.co\/index.php\/productiva-asi-fue-catalogada-la-gira-de-50-negocios-verdes-de-cortolima-por-el-eje-cafetero\/medio-ambiente\/#primaryimage"},"image":{"@id":"https:\/\/ciudadyregion.com.co\/index.php\/productiva-asi-fue-catalogada-la-gira-de-50-negocios-verdes-de-cortolima-por-el-eje-cafetero\/medio-ambiente\/#primaryimage"},"thumbnailUrl":"https:\/\/i0.wp.com\/ciudadyregion.com.co\/wp-content\/uploads\/2023\/10\/7.jpg?fit=800%2C445&ssl=1","datePublished":"2023-10-23T14:41:37+00:00","dateModified":"2023-10-23T14:41:37+00:00","author":{"@id":"https:\/\/ciudadyregion.com.co\/#\/schema\/person\/04a4954373ebc4051f46e8c65ff78622"},"breadcrumb":{"@id":"https:\/\/ciudadyregion.com.co\/index.php\/productiva-asi-fue-catalogada-la-gira-de-50-negocios-verdes-de-cortolima-por-el-eje-cafetero\/medio-ambiente\/#breadcrumb"},"inLanguage":"es","potentialAction":[{"@type":"ReadAction","target":["https:\/\/ciudadyregion.com.co\/index.php\/productiva-asi-fue-catalogada-la-gira-de-50-negocios-verdes-de-cortolima-por-el-eje-cafetero\/medio-ambiente\/"]}]},{"@type":"ImageObject","inLanguage":"es","@id":"https:\/\/ciudadyregion.com.co\/index.php\/productiva-asi-fue-catalogada-la-gira-de-50-negocios-verdes-de-cortolima-por-el-eje-cafetero\/medio-ambiente\/#primaryimage","url":"https:\/\/i0.wp.com\/ciudadyregion.com.co\/wp-content\/uploads\/2023\/10\/7.jpg?fit=800%2C445&ssl=1","contentUrl":"https:\/\/i0.wp.com\/ciudadyregion.com.co\/wp-content\/uploads\/2023\/10\/7.jpg?fit=800%2C445&ssl=1","width":800,"height":445},{"@type":"BreadcrumbList","@id":"https:\/\/ciudadyregion.com.co\/index.php\/productiva-asi-fue-catalogada-la-gira-de-50-negocios-verdes-de-cortolima-por-el-eje-cafetero\/medio-ambiente\/#breadcrumb","itemListElement":[{"@type":"ListItem","position":1,"name":"Portada","item":"https:\/\/ciudadyregion.com.co\/"},{"@type":"ListItem","position":2,"name":"Productiva, as\u00ed fue catalogada la gira de 50 Negocios Verdes de Cortolima por el Eje Cafetero"}]},{"@type":"WebSite","@id":"https:\/\/ciudadyregion.com.co\/#website","url":"https:\/\/ciudadyregion.com.co\/","name":"Ciudad y Region","description":"","potentialAction":[{"@type":"SearchAction","target":{"@type":"EntryPoint","urlTemplate":"https:\/\/ciudadyregion.com.co\/?s={search_term_string}"},"query-input":{"@type":"PropertyValueSpecification","valueRequired":true,"valueName":"search_term_string"}}],"inLanguage":"es"},{"@type":"Person","@id":"https:\/\/ciudadyregion.com.co\/#\/schema\/person\/04a4954373ebc4051f46e8c65ff78622","name":"David Andr\u00e9s Aguirre","image":{"@type":"ImageObject","inLanguage":"es","@id":"https:\/\/ciudadyregion.com.co\/#\/schema\/person\/image\/","url":"https:\/\/secure.gravatar.com\/avatar\/bc3c655860202182ee6d1b5edd042dbe?s=96&d=mm&r=g","contentUrl":"https:\/\/secure.gravatar.com\/avatar\/bc3c655860202182ee6d1b5edd042dbe?s=96&d=mm&r=g","caption":"David Andr\u00e9s Aguirre"},"url":"https:\/\/ciudadyregion.com.co\/index.php\/author\/diegoaguirre\/"}]}},"jetpack_featured_media_url":"https:\/\/i0.wp.com\/ciudadyregion.com.co\/wp-content\/uploads\/2023\/10\/7.jpg?fit=800%2C445&ssl=1","jetpack_sharing_enabled":true,"jetpack_shortlink":"https:\/\/wp.me\/pbS7hh-5K","jetpack-related-posts":[],"_links":{"self":[{"href":"https:\/\/ciudadyregion.com.co\/index.php\/wp-json\/wp\/v2\/posts\/356"}],"collection":[{"href":"https:\/\/ciudadyregion.com.co\/index.php\/wp-json\/wp\/v2\/posts"}],"about":[{"href":"https:\/\/ciudadyregion.com.co\/index.php\/wp-json\/wp\/v2\/types\/post"}],"author":[{"embeddable":true,"href":"https:\/\/ciudadyregion.com.co\/index.php\/wp-json\/wp\/v2\/users\/2"}],"replies":[{"embeddable":true,"href":"https:\/\/ciudadyregion.com.co\/index.php\/wp-json\/wp\/v2\/comments?post=356"}],"version-history":[{"count":2,"href":"https:\/\/ciudadyregion.com.co\/index.php\/wp-json\/wp\/v2\/posts\/356\/revisions"}],"predecessor-version":[{"id":360,"href":"https:\/\/ciudadyregion.com.co\/index.php\/wp-json\/wp\/v2\/posts\/356\/revisions\/360"}],"wp:featuredmedia":[{"embeddable":true,"href":"https:\/\/ciudadyregion.com.co\/index.php\/wp-json\/wp\/v2\/media\/388"}],"wp:attachment":[{"href":"https:\/\/ciudadyregion.com.co\/index.php\/wp-json\/wp\/v2\/media?parent=356"}],"wp:term":[{"taxonomy":"category","embeddable":true,"href":"https:\/\/ciudadyregion.com.co\/index.php\/wp-json\/wp\/v2\/categories?post=356"},{"taxonomy":"post_tag","embeddable":true,"href":"https:\/\/ciudadyregion.com.co\/index.php\/wp-json\/wp\/v2\/tags?post=356"}],"curies":[{"name":"wp","href":"https:\/\/api.w.org\/{rel}","templated":true}]}}