{"id":35551,"date":"2025-05-15T07:44:35","date_gmt":"2025-05-15T12:44:35","guid":{"rendered":"https:\/\/ciudadyregion.com.co\/?p=35551"},"modified":"2025-05-15T07:44:35","modified_gmt":"2025-05-15T12:44:35","slug":"nancy-gomez-torres-rectora-encargada-de-la-universidad-del-tolima","status":"publish","type":"post","link":"https:\/\/ciudadyregion.com.co\/index.php\/nancy-gomez-torres-rectora-encargada-de-la-universidad-del-tolima\/educacion\/","title":{"rendered":"Nancy G\u00f3mez Torres, rectora encargada de la Universidad del Tolima"},"content":{"rendered":"<p>Su designaci\u00f3n se produce tras la aceptaci\u00f3n, por parte del Consejo Superior Universitario, de la solicitud presentada por el doctor Omar Mej\u00eda Pati\u00f1o.<\/p>\n<p>La profesora de planta Nancy G\u00f3mez Torres asumir\u00e1, a partir del jueves 15 de mayo, la rector\u00eda de la Universidad del Tolima en calidad de encargada. Hasta la fecha, se ven\u00eda desempe\u00f1ando como vicerrectora de Docencia, funci\u00f3n desde la cual ha liderado importantes procesos acad\u00e9micos en la Instituci\u00f3n.<\/p>\n<p>Su designaci\u00f3n, en concordancia con lo establecido en el Estatuto General de la Universidad del Tolima, se da luego de que el Consejo Superior aceptara la solicitud presentada por el doctor Omar Mej\u00eda Pati\u00f1o para apartarse temporalmente del cargo de rector. Esta decisi\u00f3n, amparada en una figura administrativa leg\u00edtima, tiene como prop\u00f3sito ofrecer plenas garant\u00edas para el desarrollo de las investigaciones en curso, con el rigor, la objetividad y la celeridad que exige el respeto por la institucionalidad.<\/p>\n<p>La rectora encargada es licenciada en Ciencias de la Educaci\u00f3n con especialidad en Ingl\u00e9s y Espa\u00f1ol de la Universidad del Atl\u00e1ntico. Su formaci\u00f3n acad\u00e9mica incluye, adem\u00e1s, una especializaci\u00f3n en Gerencia y otra en Ense\u00f1anza del Ingl\u00e9s de la Universidad Pontificia Bolivariana de Monter\u00eda. Cuenta con dos maestr\u00edas: una en Formaci\u00f3n de Formadores en Ense\u00f1anza de Espa\u00f1ol como Segunda Lengua (Universidad de Le\u00f3n) y otra en Ling\u00fc\u00edstica Aplicada a la Ense\u00f1anza de Lenguas (Universidad de Ja\u00e9n). Actualmente, cursa su tercer a\u00f1o de doctorado en la Universidad de Vigo (Espa\u00f1a), consolidando un perfil acad\u00e9mico de alta cualificaci\u00f3n.<\/p>\n<p>Con cerca de 28 a\u00f1os de trayectoria en el \u00e1mbito acad\u00e9mico-administrativo, la profesora G\u00f3mez Torres se ha caracterizado por su compromiso con la equidad, la calidad educativa y el desarrollo institucional. Desde hace 11 a\u00f1os hace parte de la Universidad del Tolima, donde ha contribuido significativamente al fortalecimiento de los procesos misionales de docencia, investigaci\u00f3n y proyecci\u00f3n social.<\/p>\n<p>Barranquillera de origen, pero con una trayectoria acad\u00e9mica que la ha llevado por diversas regiones del pa\u00eds, lleg\u00f3 hace 11 a\u00f1os a la Universidad del Tolima con el firme prop\u00f3sito de aportar sus conocimientos y experiencia al alma mater.<\/p>\n<p>La rectora encargada ha reiterado la importancia de continuar avanzando en temas prioritarios como la actualizaci\u00f3n del Protocolo de Atenci\u00f3n a las Violencias Basadas en G\u00e9nero, as\u00ed como el fortalecimiento de las pol\u00edticas institucionales orientadas al bienestar.<\/p>\n","protected":false},"excerpt":{"rendered":"<p>Su designaci\u00f3n se produce tras la aceptaci\u00f3n, por parte del Consejo Superior Universitario, de la solicitud presentada por el doctor Omar Mej\u00eda Pati\u00f1o. La profesora de planta Nancy G\u00f3mez Torres asumir\u00e1, a partir del jueves 15 de mayo, la rector\u00eda de la Universidad del Tolima en calidad de encargada. Hasta<span class=\"more-link\"><a href=\"https:\/\/ciudadyregion.com.co\/index.php\/nancy-gomez-torres-rectora-encargada-de-la-universidad-del-tolima\/educacion\/\">Continuar Leyendo<\/a><\/span><\/p>\n","protected":false},"author":2,"featured_media":35552,"comment_status":"open","ping_status":"open","sticky":false,"template":"","format":"standard","meta":{"_uf_show_specific_survey":0,"_uf_disable_surveys":false,"_jetpack_memberships_contains_paid_content":false,"footnotes":"","jetpack_publicize_message":"","jetpack_publicize_feature_enabled":true,"jetpack_social_post_already_shared":true,"jetpack_social_options":{"image_generator_settings":{"template":"highway","enabled":false},"version":2}},"categories":[22],"tags":[],"class_list":["entry","author-diegoaguirre","post-35551","post","type-post","status-publish","format-standard","has-post-thumbnail","category-educacion"],"jetpack_publicize_connections":[],"yoast_head":"<!-- This site is optimized with the Yoast SEO plugin v24.3 - https:\/\/yoast.com\/wordpress\/plugins\/seo\/ -->\n<title>Nancy G\u00f3mez Torres, rectora encargada de la Universidad del Tolima - Ciudad y Region<\/title>\n<meta name=\"robots\" content=\"index, follow, max-snippet:-1, max-image-preview:large, max-video-preview:-1\" \/>\n<link rel=\"canonical\" href=\"https:\/\/ciudadyregion.com.co\/index.php\/nancy-gomez-torres-rectora-encargada-de-la-universidad-del-tolima\/educacion\/\" \/>\n<meta property=\"og:locale\" content=\"es_ES\" \/>\n<meta property=\"og:type\" content=\"article\" \/>\n<meta property=\"og:title\" content=\"Nancy G\u00f3mez Torres, rectora encargada de la Universidad del Tolima - Ciudad y Region\" \/>\n<meta property=\"og:description\" content=\"Su designaci\u00f3n se produce tras la aceptaci\u00f3n, por parte del Consejo Superior Universitario, de la solicitud presentada por el doctor Omar Mej\u00eda Pati\u00f1o. La profesora de planta Nancy G\u00f3mez Torres asumir\u00e1, a partir del jueves 15 de mayo, la rector\u00eda de la Universidad del Tolima en calidad de encargada. HastaContinuar Leyendo\" \/>\n<meta property=\"og:url\" content=\"https:\/\/ciudadyregion.com.co\/index.php\/nancy-gomez-torres-rectora-encargada-de-la-universidad-del-tolima\/educacion\/\" \/>\n<meta property=\"og:site_name\" content=\"Ciudad y Region\" \/>\n<meta property=\"article:published_time\" content=\"2025-05-15T12:44:35+00:00\" \/>\n<meta property=\"og:image\" content=\"https:\/\/ciudadyregion.com.co\/wp-content\/uploads\/2025\/05\/2-86.jpg\" \/>\n\t<meta property=\"og:image:width\" content=\"800\" \/>\n\t<meta property=\"og:image:height\" content=\"445\" \/>\n\t<meta property=\"og:image:type\" content=\"image\/jpeg\" \/>\n<meta name=\"author\" content=\"David Andr\u00e9s Aguirre\" \/>\n<meta name=\"twitter:card\" content=\"summary_large_image\" \/>\n<meta name=\"twitter:label1\" content=\"Escrito por\" \/>\n\t<meta name=\"twitter:data1\" content=\"David Andr\u00e9s Aguirre\" \/>\n\t<meta name=\"twitter:label2\" content=\"Tiempo de lectura\" \/>\n\t<meta name=\"twitter:data2\" content=\"2 minutos\" \/>\n<script type=\"application\/ld+json\" class=\"yoast-schema-graph\">{\"@context\":\"https:\/\/schema.org\",\"@graph\":[{\"@type\":\"WebPage\",\"@id\":\"https:\/\/ciudadyregion.com.co\/index.php\/nancy-gomez-torres-rectora-encargada-de-la-universidad-del-tolima\/educacion\/\",\"url\":\"https:\/\/ciudadyregion.com.co\/index.php\/nancy-gomez-torres-rectora-encargada-de-la-universidad-del-tolima\/educacion\/\",\"name\":\"Nancy G\u00f3mez Torres, rectora encargada de la Universidad del Tolima - Ciudad y Region\",\"isPartOf\":{\"@id\":\"https:\/\/ciudadyregion.com.co\/#website\"},\"primaryImageOfPage\":{\"@id\":\"https:\/\/ciudadyregion.com.co\/index.php\/nancy-gomez-torres-rectora-encargada-de-la-universidad-del-tolima\/educacion\/#primaryimage\"},\"image\":{\"@id\":\"https:\/\/ciudadyregion.com.co\/index.php\/nancy-gomez-torres-rectora-encargada-de-la-universidad-del-tolima\/educacion\/#primaryimage\"},\"thumbnailUrl\":\"https:\/\/i0.wp.com\/ciudadyregion.com.co\/wp-content\/uploads\/2025\/05\/2-86.jpg?fit=800%2C445&ssl=1\",\"datePublished\":\"2025-05-15T12:44:35+00:00\",\"dateModified\":\"2025-05-15T12:44:35+00:00\",\"author\":{\"@id\":\"https:\/\/ciudadyregion.com.co\/#\/schema\/person\/04a4954373ebc4051f46e8c65ff78622\"},\"breadcrumb\":{\"@id\":\"https:\/\/ciudadyregion.com.co\/index.php\/nancy-gomez-torres-rectora-encargada-de-la-universidad-del-tolima\/educacion\/#breadcrumb\"},\"inLanguage\":\"es\",\"potentialAction\":[{\"@type\":\"ReadAction\",\"target\":[\"https:\/\/ciudadyregion.com.co\/index.php\/nancy-gomez-torres-rectora-encargada-de-la-universidad-del-tolima\/educacion\/\"]}]},{\"@type\":\"ImageObject\",\"inLanguage\":\"es\",\"@id\":\"https:\/\/ciudadyregion.com.co\/index.php\/nancy-gomez-torres-rectora-encargada-de-la-universidad-del-tolima\/educacion\/#primaryimage\",\"url\":\"https:\/\/i0.wp.com\/ciudadyregion.com.co\/wp-content\/uploads\/2025\/05\/2-86.jpg?fit=800%2C445&ssl=1\",\"contentUrl\":\"https:\/\/i0.wp.com\/ciudadyregion.com.co\/wp-content\/uploads\/2025\/05\/2-86.jpg?fit=800%2C445&ssl=1\",\"width\":800,\"height\":445},{\"@type\":\"BreadcrumbList\",\"@id\":\"https:\/\/ciudadyregion.com.co\/index.php\/nancy-gomez-torres-rectora-encargada-de-la-universidad-del-tolima\/educacion\/#breadcrumb\",\"itemListElement\":[{\"@type\":\"ListItem\",\"position\":1,\"name\":\"Portada\",\"item\":\"https:\/\/ciudadyregion.com.co\/\"},{\"@type\":\"ListItem\",\"position\":2,\"name\":\"Nancy G\u00f3mez Torres, rectora encargada de la Universidad del Tolima\"}]},{\"@type\":\"WebSite\",\"@id\":\"https:\/\/ciudadyregion.com.co\/#website\",\"url\":\"https:\/\/ciudadyregion.com.co\/\",\"name\":\"Ciudad y Region\",\"description\":\"\",\"potentialAction\":[{\"@type\":\"SearchAction\",\"target\":{\"@type\":\"EntryPoint\",\"urlTemplate\":\"https:\/\/ciudadyregion.com.co\/?s={search_term_string}\"},\"query-input\":{\"@type\":\"PropertyValueSpecification\",\"valueRequired\":true,\"valueName\":\"search_term_string\"}}],\"inLanguage\":\"es\"},{\"@type\":\"Person\",\"@id\":\"https:\/\/ciudadyregion.com.co\/#\/schema\/person\/04a4954373ebc4051f46e8c65ff78622\",\"name\":\"David Andr\u00e9s Aguirre\",\"image\":{\"@type\":\"ImageObject\",\"inLanguage\":\"es\",\"@id\":\"https:\/\/ciudadyregion.com.co\/#\/schema\/person\/image\/\",\"url\":\"https:\/\/secure.gravatar.com\/avatar\/bc3c655860202182ee6d1b5edd042dbe?s=96&d=mm&r=g\",\"contentUrl\":\"https:\/\/secure.gravatar.com\/avatar\/bc3c655860202182ee6d1b5edd042dbe?s=96&d=mm&r=g\",\"caption\":\"David Andr\u00e9s Aguirre\"},\"url\":\"https:\/\/ciudadyregion.com.co\/index.php\/author\/diegoaguirre\/\"}]}<\/script>\n<!-- \/ Yoast SEO plugin. -->","yoast_head_json":{"title":"Nancy G\u00f3mez Torres, rectora encargada de la Universidad del Tolima - Ciudad y Region","robots":{"index":"index","follow":"follow","max-snippet":"max-snippet:-1","max-image-preview":"max-image-preview:large","max-video-preview":"max-video-preview:-1"},"canonical":"https:\/\/ciudadyregion.com.co\/index.php\/nancy-gomez-torres-rectora-encargada-de-la-universidad-del-tolima\/educacion\/","og_locale":"es_ES","og_type":"article","og_title":"Nancy G\u00f3mez Torres, rectora encargada de la Universidad del Tolima - Ciudad y Region","og_description":"Su designaci\u00f3n se produce tras la aceptaci\u00f3n, por parte del Consejo Superior Universitario, de la solicitud presentada por el doctor Omar Mej\u00eda Pati\u00f1o. La profesora de planta Nancy G\u00f3mez Torres asumir\u00e1, a partir del jueves 15 de mayo, la rector\u00eda de la Universidad del Tolima en calidad de encargada. HastaContinuar Leyendo","og_url":"https:\/\/ciudadyregion.com.co\/index.php\/nancy-gomez-torres-rectora-encargada-de-la-universidad-del-tolima\/educacion\/","og_site_name":"Ciudad y Region","article_published_time":"2025-05-15T12:44:35+00:00","og_image":[{"width":800,"height":445,"url":"https:\/\/ciudadyregion.com.co\/wp-content\/uploads\/2025\/05\/2-86.jpg","type":"image\/jpeg"}],"author":"David Andr\u00e9s Aguirre","twitter_card":"summary_large_image","twitter_misc":{"Escrito por":"David Andr\u00e9s Aguirre","Tiempo de lectura":"2 minutos"},"schema":{"@context":"https:\/\/schema.org","@graph":[{"@type":"WebPage","@id":"https:\/\/ciudadyregion.com.co\/index.php\/nancy-gomez-torres-rectora-encargada-de-la-universidad-del-tolima\/educacion\/","url":"https:\/\/ciudadyregion.com.co\/index.php\/nancy-gomez-torres-rectora-encargada-de-la-universidad-del-tolima\/educacion\/","name":"Nancy G\u00f3mez Torres, rectora encargada de la Universidad del Tolima - Ciudad y Region","isPartOf":{"@id":"https:\/\/ciudadyregion.com.co\/#website"},"primaryImageOfPage":{"@id":"https:\/\/ciudadyregion.com.co\/index.php\/nancy-gomez-torres-rectora-encargada-de-la-universidad-del-tolima\/educacion\/#primaryimage"},"image":{"@id":"https:\/\/ciudadyregion.com.co\/index.php\/nancy-gomez-torres-rectora-encargada-de-la-universidad-del-tolima\/educacion\/#primaryimage"},"thumbnailUrl":"https:\/\/i0.wp.com\/ciudadyregion.com.co\/wp-content\/uploads\/2025\/05\/2-86.jpg?fit=800%2C445&ssl=1","datePublished":"2025-05-15T12:44:35+00:00","dateModified":"2025-05-15T12:44:35+00:00","author":{"@id":"https:\/\/ciudadyregion.com.co\/#\/schema\/person\/04a4954373ebc4051f46e8c65ff78622"},"breadcrumb":{"@id":"https:\/\/ciudadyregion.com.co\/index.php\/nancy-gomez-torres-rectora-encargada-de-la-universidad-del-tolima\/educacion\/#breadcrumb"},"inLanguage":"es","potentialAction":[{"@type":"ReadAction","target":["https:\/\/ciudadyregion.com.co\/index.php\/nancy-gomez-torres-rectora-encargada-de-la-universidad-del-tolima\/educacion\/"]}]},{"@type":"ImageObject","inLanguage":"es","@id":"https:\/\/ciudadyregion.com.co\/index.php\/nancy-gomez-torres-rectora-encargada-de-la-universidad-del-tolima\/educacion\/#primaryimage","url":"https:\/\/i0.wp.com\/ciudadyregion.com.co\/wp-content\/uploads\/2025\/05\/2-86.jpg?fit=800%2C445&ssl=1","contentUrl":"https:\/\/i0.wp.com\/ciudadyregion.com.co\/wp-content\/uploads\/2025\/05\/2-86.jpg?fit=800%2C445&ssl=1","width":800,"height":445},{"@type":"BreadcrumbList","@id":"https:\/\/ciudadyregion.com.co\/index.php\/nancy-gomez-torres-rectora-encargada-de-la-universidad-del-tolima\/educacion\/#breadcrumb","itemListElement":[{"@type":"ListItem","position":1,"name":"Portada","item":"https:\/\/ciudadyregion.com.co\/"},{"@type":"ListItem","position":2,"name":"Nancy G\u00f3mez Torres, rectora encargada de la Universidad del Tolima"}]},{"@type":"WebSite","@id":"https:\/\/ciudadyregion.com.co\/#website","url":"https:\/\/ciudadyregion.com.co\/","name":"Ciudad y Region","description":"","potentialAction":[{"@type":"SearchAction","target":{"@type":"EntryPoint","urlTemplate":"https:\/\/ciudadyregion.com.co\/?s={search_term_string}"},"query-input":{"@type":"PropertyValueSpecification","valueRequired":true,"valueName":"search_term_string"}}],"inLanguage":"es"},{"@type":"Person","@id":"https:\/\/ciudadyregion.com.co\/#\/schema\/person\/04a4954373ebc4051f46e8c65ff78622","name":"David Andr\u00e9s Aguirre","image":{"@type":"ImageObject","inLanguage":"es","@id":"https:\/\/ciudadyregion.com.co\/#\/schema\/person\/image\/","url":"https:\/\/secure.gravatar.com\/avatar\/bc3c655860202182ee6d1b5edd042dbe?s=96&d=mm&r=g","contentUrl":"https:\/\/secure.gravatar.com\/avatar\/bc3c655860202182ee6d1b5edd042dbe?s=96&d=mm&r=g","caption":"David Andr\u00e9s Aguirre"},"url":"https:\/\/ciudadyregion.com.co\/index.php\/author\/diegoaguirre\/"}]}},"jetpack_featured_media_url":"https:\/\/i0.wp.com\/ciudadyregion.com.co\/wp-content\/uploads\/2025\/05\/2-86.jpg?fit=800%2C445&ssl=1","jetpack_sharing_enabled":true,"jetpack_shortlink":"https:\/\/wp.me\/pbS7hh-9fp","jetpack-related-posts":[],"_links":{"self":[{"href":"https:\/\/ciudadyregion.com.co\/index.php\/wp-json\/wp\/v2\/posts\/35551"}],"collection":[{"href":"https:\/\/ciudadyregion.com.co\/index.php\/wp-json\/wp\/v2\/posts"}],"about":[{"href":"https:\/\/ciudadyregion.com.co\/index.php\/wp-json\/wp\/v2\/types\/post"}],"author":[{"embeddable":true,"href":"https:\/\/ciudadyregion.com.co\/index.php\/wp-json\/wp\/v2\/users\/2"}],"replies":[{"embeddable":true,"href":"https:\/\/ciudadyregion.com.co\/index.php\/wp-json\/wp\/v2\/comments?post=35551"}],"version-history":[{"count":1,"href":"https:\/\/ciudadyregion.com.co\/index.php\/wp-json\/wp\/v2\/posts\/35551\/revisions"}],"predecessor-version":[{"id":35553,"href":"https:\/\/ciudadyregion.com.co\/index.php\/wp-json\/wp\/v2\/posts\/35551\/revisions\/35553"}],"wp:featuredmedia":[{"embeddable":true,"href":"https:\/\/ciudadyregion.com.co\/index.php\/wp-json\/wp\/v2\/media\/35552"}],"wp:attachment":[{"href":"https:\/\/ciudadyregion.com.co\/index.php\/wp-json\/wp\/v2\/media?parent=35551"}],"wp:term":[{"taxonomy":"category","embeddable":true,"href":"https:\/\/ciudadyregion.com.co\/index.php\/wp-json\/wp\/v2\/categories?post=35551"},{"taxonomy":"post_tag","embeddable":true,"href":"https:\/\/ciudadyregion.com.co\/index.php\/wp-json\/wp\/v2\/tags?post=35551"}],"curies":[{"name":"wp","href":"https:\/\/api.w.org\/{rel}","templated":true}]}}