{"id":343,"date":"2023-10-23T09:38:36","date_gmt":"2023-10-23T14:38:36","guid":{"rendered":"https:\/\/ciudadyregion.com.co\/?p=343"},"modified":"2023-10-23T09:38:36","modified_gmt":"2023-10-23T14:38:36","slug":"lamentable-un-campesino-fue-asesinado-en-cajamarca","status":"publish","type":"post","link":"https:\/\/ciudadyregion.com.co\/index.php\/lamentable-un-campesino-fue-asesinado-en-cajamarca\/judicial\/","title":{"rendered":"Lamentable: Un campesino fue asesinado en Cajamarca"},"content":{"rendered":"<p>Un nuevo caso de homicidio se present\u00f3 durante este fin de semana en el municipio de Cajamarca, Tolima, en el que la v\u00edctima esta vez fue un campesino quien ten\u00eda a su cargo la administraci\u00f3n de una finca en la zona rural de este municipio.<\/p>\n<p>En lo que se a podido establecer sobre este hecho el se\u00f1or El\u00edas Vaca Rodr\u00edguez de 58 a\u00f1os de edad fue encontrado al interior de la finca con heridas de arma de fuego quien como se dijo anteriormente era el administrador de la finca Esportilla en la vereda Recreoalto.<\/p>\n<blockquote><p>\u201cEl ciudadano es dedicado a las labores campesinas y al parecer fue ultimado con arma de fuego, los autores y forma de muerte es materia de verificaci\u00f3n\u201d.<\/p><\/blockquote>\n<p>Finalmente, se est\u00e1 estableciendo posibles causas en este sangriento hecho ocurrido en la Despensa Agr\u00edcola de Colombia.<\/p>\n<p>&nbsp;<\/p>\n<p>&nbsp;<\/p>\n<p>&nbsp;<\/p>\n<p>&nbsp;<\/p>\n<p>Autora: Danna Londo\u00f1o<\/p>\n","protected":false},"excerpt":{"rendered":"<p>Un nuevo caso de homicidio se present\u00f3 durante este fin de semana en el municipio de Cajamarca, Tolima, en el que la v\u00edctima esta vez fue un campesino quien ten\u00eda a su cargo la administraci\u00f3n de una finca en la zona rural de este municipio. En lo que se a<span class=\"more-link\"><a href=\"https:\/\/ciudadyregion.com.co\/index.php\/lamentable-un-campesino-fue-asesinado-en-cajamarca\/judicial\/\">Continuar Leyendo<\/a><\/span><\/p>\n","protected":false},"author":2,"featured_media":382,"comment_status":"open","ping_status":"open","sticky":false,"template":"","format":"standard","meta":{"_uf_show_specific_survey":0,"_uf_disable_surveys":false,"_jetpack_memberships_contains_paid_content":false,"footnotes":"","jetpack_publicize_message":"","jetpack_publicize_feature_enabled":true,"jetpack_social_post_already_shared":false,"jetpack_social_options":{"image_generator_settings":{"template":"highway","enabled":false},"version":2}},"categories":[18],"tags":[],"class_list":["entry","author-diegoaguirre","post-343","post","type-post","status-publish","format-standard","has-post-thumbnail","category-judicial"],"jetpack_publicize_connections":[],"yoast_head":"<!-- This site is optimized with the Yoast SEO plugin v24.3 - https:\/\/yoast.com\/wordpress\/plugins\/seo\/ -->\n<title>Lamentable: Un campesino fue asesinado en Cajamarca - Ciudad y Region<\/title>\n<meta name=\"robots\" content=\"index, follow, max-snippet:-1, max-image-preview:large, max-video-preview:-1\" \/>\n<link rel=\"canonical\" href=\"https:\/\/ciudadyregion.com.co\/index.php\/lamentable-un-campesino-fue-asesinado-en-cajamarca\/judicial\/\" \/>\n<meta property=\"og:locale\" content=\"es_ES\" \/>\n<meta property=\"og:type\" content=\"article\" \/>\n<meta property=\"og:title\" content=\"Lamentable: Un campesino fue asesinado en Cajamarca - Ciudad y Region\" \/>\n<meta property=\"og:description\" content=\"Un nuevo caso de homicidio se present\u00f3 durante este fin de semana en el municipio de Cajamarca, Tolima, en el que la v\u00edctima esta vez fue un campesino quien ten\u00eda a su cargo la administraci\u00f3n de una finca en la zona rural de este municipio. En lo que se aContinuar Leyendo\" \/>\n<meta property=\"og:url\" content=\"https:\/\/ciudadyregion.com.co\/index.php\/lamentable-un-campesino-fue-asesinado-en-cajamarca\/judicial\/\" \/>\n<meta property=\"og:site_name\" content=\"Ciudad y Region\" \/>\n<meta property=\"article:published_time\" content=\"2023-10-23T14:38:36+00:00\" \/>\n<meta property=\"og:image\" content=\"https:\/\/ciudadyregion.com.co\/wp-content\/uploads\/2023\/10\/2-1.jpg\" \/>\n\t<meta property=\"og:image:width\" content=\"800\" \/>\n\t<meta property=\"og:image:height\" content=\"445\" \/>\n\t<meta property=\"og:image:type\" content=\"image\/jpeg\" \/>\n<meta name=\"author\" content=\"David Andr\u00e9s Aguirre\" \/>\n<meta name=\"twitter:card\" content=\"summary_large_image\" \/>\n<meta name=\"twitter:label1\" content=\"Escrito por\" \/>\n\t<meta name=\"twitter:data1\" content=\"David Andr\u00e9s Aguirre\" \/>\n\t<meta name=\"twitter:label2\" content=\"Tiempo de lectura\" \/>\n\t<meta name=\"twitter:data2\" content=\"1 minuto\" \/>\n<script type=\"application\/ld+json\" class=\"yoast-schema-graph\">{\"@context\":\"https:\/\/schema.org\",\"@graph\":[{\"@type\":\"WebPage\",\"@id\":\"https:\/\/ciudadyregion.com.co\/index.php\/lamentable-un-campesino-fue-asesinado-en-cajamarca\/judicial\/\",\"url\":\"https:\/\/ciudadyregion.com.co\/index.php\/lamentable-un-campesino-fue-asesinado-en-cajamarca\/judicial\/\",\"name\":\"Lamentable: Un campesino fue asesinado en Cajamarca - Ciudad y Region\",\"isPartOf\":{\"@id\":\"https:\/\/ciudadyregion.com.co\/#website\"},\"primaryImageOfPage\":{\"@id\":\"https:\/\/ciudadyregion.com.co\/index.php\/lamentable-un-campesino-fue-asesinado-en-cajamarca\/judicial\/#primaryimage\"},\"image\":{\"@id\":\"https:\/\/ciudadyregion.com.co\/index.php\/lamentable-un-campesino-fue-asesinado-en-cajamarca\/judicial\/#primaryimage\"},\"thumbnailUrl\":\"https:\/\/i0.wp.com\/ciudadyregion.com.co\/wp-content\/uploads\/2023\/10\/2-1.jpg?fit=800%2C445&ssl=1\",\"datePublished\":\"2023-10-23T14:38:36+00:00\",\"dateModified\":\"2023-10-23T14:38:36+00:00\",\"author\":{\"@id\":\"https:\/\/ciudadyregion.com.co\/#\/schema\/person\/04a4954373ebc4051f46e8c65ff78622\"},\"breadcrumb\":{\"@id\":\"https:\/\/ciudadyregion.com.co\/index.php\/lamentable-un-campesino-fue-asesinado-en-cajamarca\/judicial\/#breadcrumb\"},\"inLanguage\":\"es\",\"potentialAction\":[{\"@type\":\"ReadAction\",\"target\":[\"https:\/\/ciudadyregion.com.co\/index.php\/lamentable-un-campesino-fue-asesinado-en-cajamarca\/judicial\/\"]}]},{\"@type\":\"ImageObject\",\"inLanguage\":\"es\",\"@id\":\"https:\/\/ciudadyregion.com.co\/index.php\/lamentable-un-campesino-fue-asesinado-en-cajamarca\/judicial\/#primaryimage\",\"url\":\"https:\/\/i0.wp.com\/ciudadyregion.com.co\/wp-content\/uploads\/2023\/10\/2-1.jpg?fit=800%2C445&ssl=1\",\"contentUrl\":\"https:\/\/i0.wp.com\/ciudadyregion.com.co\/wp-content\/uploads\/2023\/10\/2-1.jpg?fit=800%2C445&ssl=1\",\"width\":800,\"height\":445},{\"@type\":\"BreadcrumbList\",\"@id\":\"https:\/\/ciudadyregion.com.co\/index.php\/lamentable-un-campesino-fue-asesinado-en-cajamarca\/judicial\/#breadcrumb\",\"itemListElement\":[{\"@type\":\"ListItem\",\"position\":1,\"name\":\"Portada\",\"item\":\"https:\/\/ciudadyregion.com.co\/\"},{\"@type\":\"ListItem\",\"position\":2,\"name\":\"Lamentable: Un campesino fue asesinado en Cajamarca\"}]},{\"@type\":\"WebSite\",\"@id\":\"https:\/\/ciudadyregion.com.co\/#website\",\"url\":\"https:\/\/ciudadyregion.com.co\/\",\"name\":\"Ciudad y Region\",\"description\":\"\",\"potentialAction\":[{\"@type\":\"SearchAction\",\"target\":{\"@type\":\"EntryPoint\",\"urlTemplate\":\"https:\/\/ciudadyregion.com.co\/?s={search_term_string}\"},\"query-input\":{\"@type\":\"PropertyValueSpecification\",\"valueRequired\":true,\"valueName\":\"search_term_string\"}}],\"inLanguage\":\"es\"},{\"@type\":\"Person\",\"@id\":\"https:\/\/ciudadyregion.com.co\/#\/schema\/person\/04a4954373ebc4051f46e8c65ff78622\",\"name\":\"David Andr\u00e9s Aguirre\",\"image\":{\"@type\":\"ImageObject\",\"inLanguage\":\"es\",\"@id\":\"https:\/\/ciudadyregion.com.co\/#\/schema\/person\/image\/\",\"url\":\"https:\/\/secure.gravatar.com\/avatar\/bc3c655860202182ee6d1b5edd042dbe?s=96&d=mm&r=g\",\"contentUrl\":\"https:\/\/secure.gravatar.com\/avatar\/bc3c655860202182ee6d1b5edd042dbe?s=96&d=mm&r=g\",\"caption\":\"David Andr\u00e9s Aguirre\"},\"url\":\"https:\/\/ciudadyregion.com.co\/index.php\/author\/diegoaguirre\/\"}]}<\/script>\n<!-- \/ Yoast SEO plugin. -->","yoast_head_json":{"title":"Lamentable: Un campesino fue asesinado en Cajamarca - Ciudad y Region","robots":{"index":"index","follow":"follow","max-snippet":"max-snippet:-1","max-image-preview":"max-image-preview:large","max-video-preview":"max-video-preview:-1"},"canonical":"https:\/\/ciudadyregion.com.co\/index.php\/lamentable-un-campesino-fue-asesinado-en-cajamarca\/judicial\/","og_locale":"es_ES","og_type":"article","og_title":"Lamentable: Un campesino fue asesinado en Cajamarca - Ciudad y Region","og_description":"Un nuevo caso de homicidio se present\u00f3 durante este fin de semana en el municipio de Cajamarca, Tolima, en el que la v\u00edctima esta vez fue un campesino quien ten\u00eda a su cargo la administraci\u00f3n de una finca en la zona rural de este municipio. En lo que se aContinuar Leyendo","og_url":"https:\/\/ciudadyregion.com.co\/index.php\/lamentable-un-campesino-fue-asesinado-en-cajamarca\/judicial\/","og_site_name":"Ciudad y Region","article_published_time":"2023-10-23T14:38:36+00:00","og_image":[{"width":800,"height":445,"url":"https:\/\/ciudadyregion.com.co\/wp-content\/uploads\/2023\/10\/2-1.jpg","type":"image\/jpeg"}],"author":"David Andr\u00e9s Aguirre","twitter_card":"summary_large_image","twitter_misc":{"Escrito por":"David Andr\u00e9s Aguirre","Tiempo de lectura":"1 minuto"},"schema":{"@context":"https:\/\/schema.org","@graph":[{"@type":"WebPage","@id":"https:\/\/ciudadyregion.com.co\/index.php\/lamentable-un-campesino-fue-asesinado-en-cajamarca\/judicial\/","url":"https:\/\/ciudadyregion.com.co\/index.php\/lamentable-un-campesino-fue-asesinado-en-cajamarca\/judicial\/","name":"Lamentable: Un campesino fue asesinado en Cajamarca - Ciudad y Region","isPartOf":{"@id":"https:\/\/ciudadyregion.com.co\/#website"},"primaryImageOfPage":{"@id":"https:\/\/ciudadyregion.com.co\/index.php\/lamentable-un-campesino-fue-asesinado-en-cajamarca\/judicial\/#primaryimage"},"image":{"@id":"https:\/\/ciudadyregion.com.co\/index.php\/lamentable-un-campesino-fue-asesinado-en-cajamarca\/judicial\/#primaryimage"},"thumbnailUrl":"https:\/\/i0.wp.com\/ciudadyregion.com.co\/wp-content\/uploads\/2023\/10\/2-1.jpg?fit=800%2C445&ssl=1","datePublished":"2023-10-23T14:38:36+00:00","dateModified":"2023-10-23T14:38:36+00:00","author":{"@id":"https:\/\/ciudadyregion.com.co\/#\/schema\/person\/04a4954373ebc4051f46e8c65ff78622"},"breadcrumb":{"@id":"https:\/\/ciudadyregion.com.co\/index.php\/lamentable-un-campesino-fue-asesinado-en-cajamarca\/judicial\/#breadcrumb"},"inLanguage":"es","potentialAction":[{"@type":"ReadAction","target":["https:\/\/ciudadyregion.com.co\/index.php\/lamentable-un-campesino-fue-asesinado-en-cajamarca\/judicial\/"]}]},{"@type":"ImageObject","inLanguage":"es","@id":"https:\/\/ciudadyregion.com.co\/index.php\/lamentable-un-campesino-fue-asesinado-en-cajamarca\/judicial\/#primaryimage","url":"https:\/\/i0.wp.com\/ciudadyregion.com.co\/wp-content\/uploads\/2023\/10\/2-1.jpg?fit=800%2C445&ssl=1","contentUrl":"https:\/\/i0.wp.com\/ciudadyregion.com.co\/wp-content\/uploads\/2023\/10\/2-1.jpg?fit=800%2C445&ssl=1","width":800,"height":445},{"@type":"BreadcrumbList","@id":"https:\/\/ciudadyregion.com.co\/index.php\/lamentable-un-campesino-fue-asesinado-en-cajamarca\/judicial\/#breadcrumb","itemListElement":[{"@type":"ListItem","position":1,"name":"Portada","item":"https:\/\/ciudadyregion.com.co\/"},{"@type":"ListItem","position":2,"name":"Lamentable: Un campesino fue asesinado en Cajamarca"}]},{"@type":"WebSite","@id":"https:\/\/ciudadyregion.com.co\/#website","url":"https:\/\/ciudadyregion.com.co\/","name":"Ciudad y Region","description":"","potentialAction":[{"@type":"SearchAction","target":{"@type":"EntryPoint","urlTemplate":"https:\/\/ciudadyregion.com.co\/?s={search_term_string}"},"query-input":{"@type":"PropertyValueSpecification","valueRequired":true,"valueName":"search_term_string"}}],"inLanguage":"es"},{"@type":"Person","@id":"https:\/\/ciudadyregion.com.co\/#\/schema\/person\/04a4954373ebc4051f46e8c65ff78622","name":"David Andr\u00e9s Aguirre","image":{"@type":"ImageObject","inLanguage":"es","@id":"https:\/\/ciudadyregion.com.co\/#\/schema\/person\/image\/","url":"https:\/\/secure.gravatar.com\/avatar\/bc3c655860202182ee6d1b5edd042dbe?s=96&d=mm&r=g","contentUrl":"https:\/\/secure.gravatar.com\/avatar\/bc3c655860202182ee6d1b5edd042dbe?s=96&d=mm&r=g","caption":"David Andr\u00e9s Aguirre"},"url":"https:\/\/ciudadyregion.com.co\/index.php\/author\/diegoaguirre\/"}]}},"jetpack_featured_media_url":"https:\/\/i0.wp.com\/ciudadyregion.com.co\/wp-content\/uploads\/2023\/10\/2-1.jpg?fit=800%2C445&ssl=1","jetpack_sharing_enabled":true,"jetpack_shortlink":"https:\/\/wp.me\/pbS7hh-5x","jetpack-related-posts":[],"_links":{"self":[{"href":"https:\/\/ciudadyregion.com.co\/index.php\/wp-json\/wp\/v2\/posts\/343"}],"collection":[{"href":"https:\/\/ciudadyregion.com.co\/index.php\/wp-json\/wp\/v2\/posts"}],"about":[{"href":"https:\/\/ciudadyregion.com.co\/index.php\/wp-json\/wp\/v2\/types\/post"}],"author":[{"embeddable":true,"href":"https:\/\/ciudadyregion.com.co\/index.php\/wp-json\/wp\/v2\/users\/2"}],"replies":[{"embeddable":true,"href":"https:\/\/ciudadyregion.com.co\/index.php\/wp-json\/wp\/v2\/comments?post=343"}],"version-history":[{"count":1,"href":"https:\/\/ciudadyregion.com.co\/index.php\/wp-json\/wp\/v2\/posts\/343\/revisions"}],"predecessor-version":[{"id":344,"href":"https:\/\/ciudadyregion.com.co\/index.php\/wp-json\/wp\/v2\/posts\/343\/revisions\/344"}],"wp:featuredmedia":[{"embeddable":true,"href":"https:\/\/ciudadyregion.com.co\/index.php\/wp-json\/wp\/v2\/media\/382"}],"wp:attachment":[{"href":"https:\/\/ciudadyregion.com.co\/index.php\/wp-json\/wp\/v2\/media?parent=343"}],"wp:term":[{"taxonomy":"category","embeddable":true,"href":"https:\/\/ciudadyregion.com.co\/index.php\/wp-json\/wp\/v2\/categories?post=343"},{"taxonomy":"post_tag","embeddable":true,"href":"https:\/\/ciudadyregion.com.co\/index.php\/wp-json\/wp\/v2\/tags?post=343"}],"curies":[{"name":"wp","href":"https:\/\/api.w.org\/{rel}","templated":true}]}}