{"id":33754,"date":"2025-04-15T07:23:00","date_gmt":"2025-04-15T12:23:00","guid":{"rendered":"https:\/\/ciudadyregion.com.co\/?p=33754"},"modified":"2025-04-15T07:23:00","modified_gmt":"2025-04-15T12:23:00","slug":"plan-padrino-arranco-con-exito-en-zonas-donde-hoy-se-concentran-focos-de-fiebre-amarilla","status":"publish","type":"post","link":"https:\/\/ciudadyregion.com.co\/index.php\/plan-padrino-arranco-con-exito-en-zonas-donde-hoy-se-concentran-focos-de-fiebre-amarilla\/regional\/","title":{"rendered":"Plan padrino arranc\u00f3 con \u00e9xito en zonas donde hoy se concentran focos de fiebre amarilla"},"content":{"rendered":"<ul>\n<li><em><strong>Gabinete departamental se pone la camiseta y en territorio hace un acompa\u00f1amiento t\u00e9cnico a los municipios en emergencia y en alerta por esta enfermedad.<\/strong><\/em><\/li>\n<li><em><strong>El Tolima acumula hoy 57 casos confirmados de los cuales hay 23 mortalidades.<\/strong><\/em><\/li>\n<li><em><strong>Los casos se concentran en el oriente y sur del departamento.<\/strong><\/em><\/li>\n<\/ul>\n<p>El Plan Padrino por casos de fiebre amarilla arranc\u00f3 con \u00e9xito en esta Semana Santa en municipios como Dolores, Purificaci\u00f3n, Falan, Chaparral, Ataco y Palocabildo; de acuerdo a lo establecido por la gobernadora de los tolimenses, Adriana Magali Matiz, en el Consejo de Gesti\u00f3n del Riesgo y en el que el departamento hace un acompa\u00f1amiento a los municipios en emergencia y alerta por la presencia de casos positivos de esta grave enfermedad.<\/p>\n<blockquote><p>\u201cSe inici\u00f3 el Plan Padrino que es un despliegue de todo el gabinete a los municipios que hoy est\u00e1n en emergencia y en alerta, pero tambi\u00e9n los que hoy est\u00e1n en alto riesgo. Ac\u00e1 el mensaje es que desde el departamento, trabajamos de forma incansable por la salud de los tolimenses y por esta fiebre amarilla que estamos seguros que con la sangre que corre por las venas de los tolimenses, saldremos adelante\u201d, dijo la secretaria de Salud, Katherine Rengifo Hern\u00e1ndez.<\/p><\/blockquote>\n<p>Las visitas continuar\u00e1n los d\u00edas mi\u00e9rcoles y s\u00e1bado santos. La intensi\u00f3n de esta estrategia es aplicar una lista de chequeo b\u00e1sica teniendo en cuenta la Circular 012 del Ministerio de Salud y Protecci\u00f3n Social, para verificar y apoyar aspectos clave en la implementaci\u00f3n de los planes de contingencia como son los puntos de vacunaci\u00f3n habilitados, comunicaci\u00f3n, la suficiencia de biol\u00f3gico y las disposiciones adoptadas por cada uno de los municipios, entre otros.<\/p>\n<p>Los municipios importantes que se visitar\u00e1n son: Cunday, Prado, Dolores, Purificaci\u00f3n, Villarrica, Ataco, Chaparral, Melgar y Palocabildo; adem\u00e1s de las poblaciones que conforman los corredores protectores y que hoy se encuentran en alerta como son Icononzo, Su\u00e1rez, Salda\u00f1a, Guamo, Coyaima, Natagaima, Rioblanco, Planadas, Falan, entre otros.<\/p>\n<p><strong>Casos<\/strong><\/p>\n<p><em>El balance de carros confirmados hoy en el Tolima son 57 casos, con 23 mortalidades. \u201cIngresa un nuevo caso al municipio de Chaparral y ac\u00e1 sabemos que tenemos un foco en el oriente, sur y norte, pero que tenemos la soluci\u00f3n a nuestras manos y es la vacunaci\u00f3n\u201d, dijo la secretaria.<\/em><\/p>\n<p><em>Record\u00f3, igualmente, que la vacuna se aplica a partir de los 9 meses y m\u00e1s sin barreras. Hay puestos de vacunaci\u00f3n en los 47 municipios de este departamento, en los hospitales p\u00fablicos, en las plazas y en los parques.<\/em><\/p>\n<p><em>\u201cHay puestos de control pedag\u00f3gico en acompa\u00f1amiento de la fuerza p\u00fablica, siguiendo las directrices de nuestra se\u00f1ora gobernadora, la doctora Adriana Magali Matiz,\u201d, enfatiz\u00f3 Rengifo Hern\u00e1ndez.<\/em><\/p>\n","protected":false},"excerpt":{"rendered":"<p>Gabinete departamental se pone la camiseta y en territorio hace un acompa\u00f1amiento t\u00e9cnico a los municipios en emergencia y en alerta por esta enfermedad. El Tolima acumula hoy 57 casos confirmados de los cuales hay 23 mortalidades. Los casos se concentran en el oriente y sur del departamento. El Plan<span class=\"more-link\"><a href=\"https:\/\/ciudadyregion.com.co\/index.php\/plan-padrino-arranco-con-exito-en-zonas-donde-hoy-se-concentran-focos-de-fiebre-amarilla\/regional\/\">Continuar Leyendo<\/a><\/span><\/p>\n","protected":false},"author":2,"featured_media":33755,"comment_status":"open","ping_status":"open","sticky":false,"template":"","format":"standard","meta":{"_uf_show_specific_survey":0,"_uf_disable_surveys":false,"_jetpack_memberships_contains_paid_content":false,"footnotes":"","jetpack_publicize_message":"","jetpack_publicize_feature_enabled":true,"jetpack_social_post_already_shared":true,"jetpack_social_options":{"image_generator_settings":{"template":"highway","enabled":false},"version":2}},"categories":[13],"tags":[],"class_list":["entry","author-diegoaguirre","post-33754","post","type-post","status-publish","format-standard","has-post-thumbnail","category-regional"],"jetpack_publicize_connections":[],"yoast_head":"<!-- This site is optimized with the Yoast SEO plugin v24.3 - https:\/\/yoast.com\/wordpress\/plugins\/seo\/ -->\n<title>Plan padrino arranc\u00f3 con \u00e9xito en zonas donde hoy se concentran focos de fiebre amarilla - Ciudad y Region<\/title>\n<meta name=\"robots\" content=\"index, follow, max-snippet:-1, max-image-preview:large, max-video-preview:-1\" \/>\n<link rel=\"canonical\" href=\"https:\/\/ciudadyregion.com.co\/index.php\/plan-padrino-arranco-con-exito-en-zonas-donde-hoy-se-concentran-focos-de-fiebre-amarilla\/regional\/\" \/>\n<meta property=\"og:locale\" content=\"es_ES\" \/>\n<meta property=\"og:type\" content=\"article\" \/>\n<meta property=\"og:title\" content=\"Plan padrino arranc\u00f3 con \u00e9xito en zonas donde hoy se concentran focos de fiebre amarilla - Ciudad y Region\" \/>\n<meta property=\"og:description\" content=\"Gabinete departamental se pone la camiseta y en territorio hace un acompa\u00f1amiento t\u00e9cnico a los municipios en emergencia y en alerta por esta enfermedad. El Tolima acumula hoy 57 casos confirmados de los cuales hay 23 mortalidades. Los casos se concentran en el oriente y sur del departamento. El PlanContinuar Leyendo\" \/>\n<meta property=\"og:url\" content=\"https:\/\/ciudadyregion.com.co\/index.php\/plan-padrino-arranco-con-exito-en-zonas-donde-hoy-se-concentran-focos-de-fiebre-amarilla\/regional\/\" \/>\n<meta property=\"og:site_name\" content=\"Ciudad y Region\" \/>\n<meta property=\"article:published_time\" content=\"2025-04-15T12:23:00+00:00\" \/>\n<meta property=\"og:image\" content=\"https:\/\/ciudadyregion.com.co\/wp-content\/uploads\/2025\/04\/1-30.jpg\" \/>\n\t<meta property=\"og:image:width\" content=\"800\" \/>\n\t<meta property=\"og:image:height\" content=\"445\" \/>\n\t<meta property=\"og:image:type\" content=\"image\/jpeg\" \/>\n<meta name=\"author\" content=\"David Andr\u00e9s Aguirre\" \/>\n<meta name=\"twitter:card\" content=\"summary_large_image\" \/>\n<meta name=\"twitter:label1\" content=\"Escrito por\" \/>\n\t<meta name=\"twitter:data1\" content=\"David Andr\u00e9s Aguirre\" \/>\n\t<meta name=\"twitter:label2\" content=\"Tiempo de lectura\" \/>\n\t<meta name=\"twitter:data2\" content=\"2 minutos\" \/>\n<script type=\"application\/ld+json\" class=\"yoast-schema-graph\">{\"@context\":\"https:\/\/schema.org\",\"@graph\":[{\"@type\":\"WebPage\",\"@id\":\"https:\/\/ciudadyregion.com.co\/index.php\/plan-padrino-arranco-con-exito-en-zonas-donde-hoy-se-concentran-focos-de-fiebre-amarilla\/regional\/\",\"url\":\"https:\/\/ciudadyregion.com.co\/index.php\/plan-padrino-arranco-con-exito-en-zonas-donde-hoy-se-concentran-focos-de-fiebre-amarilla\/regional\/\",\"name\":\"Plan padrino arranc\u00f3 con \u00e9xito en zonas donde hoy se concentran focos de fiebre amarilla - Ciudad y Region\",\"isPartOf\":{\"@id\":\"https:\/\/ciudadyregion.com.co\/#website\"},\"primaryImageOfPage\":{\"@id\":\"https:\/\/ciudadyregion.com.co\/index.php\/plan-padrino-arranco-con-exito-en-zonas-donde-hoy-se-concentran-focos-de-fiebre-amarilla\/regional\/#primaryimage\"},\"image\":{\"@id\":\"https:\/\/ciudadyregion.com.co\/index.php\/plan-padrino-arranco-con-exito-en-zonas-donde-hoy-se-concentran-focos-de-fiebre-amarilla\/regional\/#primaryimage\"},\"thumbnailUrl\":\"https:\/\/i0.wp.com\/ciudadyregion.com.co\/wp-content\/uploads\/2025\/04\/1-30.jpg?fit=800%2C445&ssl=1\",\"datePublished\":\"2025-04-15T12:23:00+00:00\",\"dateModified\":\"2025-04-15T12:23:00+00:00\",\"author\":{\"@id\":\"https:\/\/ciudadyregion.com.co\/#\/schema\/person\/04a4954373ebc4051f46e8c65ff78622\"},\"breadcrumb\":{\"@id\":\"https:\/\/ciudadyregion.com.co\/index.php\/plan-padrino-arranco-con-exito-en-zonas-donde-hoy-se-concentran-focos-de-fiebre-amarilla\/regional\/#breadcrumb\"},\"inLanguage\":\"es\",\"potentialAction\":[{\"@type\":\"ReadAction\",\"target\":[\"https:\/\/ciudadyregion.com.co\/index.php\/plan-padrino-arranco-con-exito-en-zonas-donde-hoy-se-concentran-focos-de-fiebre-amarilla\/regional\/\"]}]},{\"@type\":\"ImageObject\",\"inLanguage\":\"es\",\"@id\":\"https:\/\/ciudadyregion.com.co\/index.php\/plan-padrino-arranco-con-exito-en-zonas-donde-hoy-se-concentran-focos-de-fiebre-amarilla\/regional\/#primaryimage\",\"url\":\"https:\/\/i0.wp.com\/ciudadyregion.com.co\/wp-content\/uploads\/2025\/04\/1-30.jpg?fit=800%2C445&ssl=1\",\"contentUrl\":\"https:\/\/i0.wp.com\/ciudadyregion.com.co\/wp-content\/uploads\/2025\/04\/1-30.jpg?fit=800%2C445&ssl=1\",\"width\":800,\"height\":445},{\"@type\":\"BreadcrumbList\",\"@id\":\"https:\/\/ciudadyregion.com.co\/index.php\/plan-padrino-arranco-con-exito-en-zonas-donde-hoy-se-concentran-focos-de-fiebre-amarilla\/regional\/#breadcrumb\",\"itemListElement\":[{\"@type\":\"ListItem\",\"position\":1,\"name\":\"Portada\",\"item\":\"https:\/\/ciudadyregion.com.co\/\"},{\"@type\":\"ListItem\",\"position\":2,\"name\":\"Plan padrino arranc\u00f3 con \u00e9xito en zonas donde hoy se concentran focos de fiebre amarilla\"}]},{\"@type\":\"WebSite\",\"@id\":\"https:\/\/ciudadyregion.com.co\/#website\",\"url\":\"https:\/\/ciudadyregion.com.co\/\",\"name\":\"Ciudad y Region\",\"description\":\"\",\"potentialAction\":[{\"@type\":\"SearchAction\",\"target\":{\"@type\":\"EntryPoint\",\"urlTemplate\":\"https:\/\/ciudadyregion.com.co\/?s={search_term_string}\"},\"query-input\":{\"@type\":\"PropertyValueSpecification\",\"valueRequired\":true,\"valueName\":\"search_term_string\"}}],\"inLanguage\":\"es\"},{\"@type\":\"Person\",\"@id\":\"https:\/\/ciudadyregion.com.co\/#\/schema\/person\/04a4954373ebc4051f46e8c65ff78622\",\"name\":\"David Andr\u00e9s Aguirre\",\"image\":{\"@type\":\"ImageObject\",\"inLanguage\":\"es\",\"@id\":\"https:\/\/ciudadyregion.com.co\/#\/schema\/person\/image\/\",\"url\":\"https:\/\/secure.gravatar.com\/avatar\/bc3c655860202182ee6d1b5edd042dbe?s=96&d=mm&r=g\",\"contentUrl\":\"https:\/\/secure.gravatar.com\/avatar\/bc3c655860202182ee6d1b5edd042dbe?s=96&d=mm&r=g\",\"caption\":\"David Andr\u00e9s Aguirre\"},\"url\":\"https:\/\/ciudadyregion.com.co\/index.php\/author\/diegoaguirre\/\"}]}<\/script>\n<!-- \/ Yoast SEO plugin. -->","yoast_head_json":{"title":"Plan padrino arranc\u00f3 con \u00e9xito en zonas donde hoy se concentran focos de fiebre amarilla - Ciudad y Region","robots":{"index":"index","follow":"follow","max-snippet":"max-snippet:-1","max-image-preview":"max-image-preview:large","max-video-preview":"max-video-preview:-1"},"canonical":"https:\/\/ciudadyregion.com.co\/index.php\/plan-padrino-arranco-con-exito-en-zonas-donde-hoy-se-concentran-focos-de-fiebre-amarilla\/regional\/","og_locale":"es_ES","og_type":"article","og_title":"Plan padrino arranc\u00f3 con \u00e9xito en zonas donde hoy se concentran focos de fiebre amarilla - Ciudad y Region","og_description":"Gabinete departamental se pone la camiseta y en territorio hace un acompa\u00f1amiento t\u00e9cnico a los municipios en emergencia y en alerta por esta enfermedad. El Tolima acumula hoy 57 casos confirmados de los cuales hay 23 mortalidades. Los casos se concentran en el oriente y sur del departamento. El PlanContinuar Leyendo","og_url":"https:\/\/ciudadyregion.com.co\/index.php\/plan-padrino-arranco-con-exito-en-zonas-donde-hoy-se-concentran-focos-de-fiebre-amarilla\/regional\/","og_site_name":"Ciudad y Region","article_published_time":"2025-04-15T12:23:00+00:00","og_image":[{"width":800,"height":445,"url":"https:\/\/ciudadyregion.com.co\/wp-content\/uploads\/2025\/04\/1-30.jpg","type":"image\/jpeg"}],"author":"David Andr\u00e9s Aguirre","twitter_card":"summary_large_image","twitter_misc":{"Escrito por":"David Andr\u00e9s Aguirre","Tiempo de lectura":"2 minutos"},"schema":{"@context":"https:\/\/schema.org","@graph":[{"@type":"WebPage","@id":"https:\/\/ciudadyregion.com.co\/index.php\/plan-padrino-arranco-con-exito-en-zonas-donde-hoy-se-concentran-focos-de-fiebre-amarilla\/regional\/","url":"https:\/\/ciudadyregion.com.co\/index.php\/plan-padrino-arranco-con-exito-en-zonas-donde-hoy-se-concentran-focos-de-fiebre-amarilla\/regional\/","name":"Plan padrino arranc\u00f3 con \u00e9xito en zonas donde hoy se concentran focos de fiebre amarilla - Ciudad y Region","isPartOf":{"@id":"https:\/\/ciudadyregion.com.co\/#website"},"primaryImageOfPage":{"@id":"https:\/\/ciudadyregion.com.co\/index.php\/plan-padrino-arranco-con-exito-en-zonas-donde-hoy-se-concentran-focos-de-fiebre-amarilla\/regional\/#primaryimage"},"image":{"@id":"https:\/\/ciudadyregion.com.co\/index.php\/plan-padrino-arranco-con-exito-en-zonas-donde-hoy-se-concentran-focos-de-fiebre-amarilla\/regional\/#primaryimage"},"thumbnailUrl":"https:\/\/i0.wp.com\/ciudadyregion.com.co\/wp-content\/uploads\/2025\/04\/1-30.jpg?fit=800%2C445&ssl=1","datePublished":"2025-04-15T12:23:00+00:00","dateModified":"2025-04-15T12:23:00+00:00","author":{"@id":"https:\/\/ciudadyregion.com.co\/#\/schema\/person\/04a4954373ebc4051f46e8c65ff78622"},"breadcrumb":{"@id":"https:\/\/ciudadyregion.com.co\/index.php\/plan-padrino-arranco-con-exito-en-zonas-donde-hoy-se-concentran-focos-de-fiebre-amarilla\/regional\/#breadcrumb"},"inLanguage":"es","potentialAction":[{"@type":"ReadAction","target":["https:\/\/ciudadyregion.com.co\/index.php\/plan-padrino-arranco-con-exito-en-zonas-donde-hoy-se-concentran-focos-de-fiebre-amarilla\/regional\/"]}]},{"@type":"ImageObject","inLanguage":"es","@id":"https:\/\/ciudadyregion.com.co\/index.php\/plan-padrino-arranco-con-exito-en-zonas-donde-hoy-se-concentran-focos-de-fiebre-amarilla\/regional\/#primaryimage","url":"https:\/\/i0.wp.com\/ciudadyregion.com.co\/wp-content\/uploads\/2025\/04\/1-30.jpg?fit=800%2C445&ssl=1","contentUrl":"https:\/\/i0.wp.com\/ciudadyregion.com.co\/wp-content\/uploads\/2025\/04\/1-30.jpg?fit=800%2C445&ssl=1","width":800,"height":445},{"@type":"BreadcrumbList","@id":"https:\/\/ciudadyregion.com.co\/index.php\/plan-padrino-arranco-con-exito-en-zonas-donde-hoy-se-concentran-focos-de-fiebre-amarilla\/regional\/#breadcrumb","itemListElement":[{"@type":"ListItem","position":1,"name":"Portada","item":"https:\/\/ciudadyregion.com.co\/"},{"@type":"ListItem","position":2,"name":"Plan padrino arranc\u00f3 con \u00e9xito en zonas donde hoy se concentran focos de fiebre amarilla"}]},{"@type":"WebSite","@id":"https:\/\/ciudadyregion.com.co\/#website","url":"https:\/\/ciudadyregion.com.co\/","name":"Ciudad y Region","description":"","potentialAction":[{"@type":"SearchAction","target":{"@type":"EntryPoint","urlTemplate":"https:\/\/ciudadyregion.com.co\/?s={search_term_string}"},"query-input":{"@type":"PropertyValueSpecification","valueRequired":true,"valueName":"search_term_string"}}],"inLanguage":"es"},{"@type":"Person","@id":"https:\/\/ciudadyregion.com.co\/#\/schema\/person\/04a4954373ebc4051f46e8c65ff78622","name":"David Andr\u00e9s Aguirre","image":{"@type":"ImageObject","inLanguage":"es","@id":"https:\/\/ciudadyregion.com.co\/#\/schema\/person\/image\/","url":"https:\/\/secure.gravatar.com\/avatar\/bc3c655860202182ee6d1b5edd042dbe?s=96&d=mm&r=g","contentUrl":"https:\/\/secure.gravatar.com\/avatar\/bc3c655860202182ee6d1b5edd042dbe?s=96&d=mm&r=g","caption":"David Andr\u00e9s Aguirre"},"url":"https:\/\/ciudadyregion.com.co\/index.php\/author\/diegoaguirre\/"}]}},"jetpack_featured_media_url":"https:\/\/i0.wp.com\/ciudadyregion.com.co\/wp-content\/uploads\/2025\/04\/1-30.jpg?fit=800%2C445&ssl=1","jetpack_sharing_enabled":true,"jetpack_shortlink":"https:\/\/wp.me\/pbS7hh-8Mq","jetpack-related-posts":[],"_links":{"self":[{"href":"https:\/\/ciudadyregion.com.co\/index.php\/wp-json\/wp\/v2\/posts\/33754"}],"collection":[{"href":"https:\/\/ciudadyregion.com.co\/index.php\/wp-json\/wp\/v2\/posts"}],"about":[{"href":"https:\/\/ciudadyregion.com.co\/index.php\/wp-json\/wp\/v2\/types\/post"}],"author":[{"embeddable":true,"href":"https:\/\/ciudadyregion.com.co\/index.php\/wp-json\/wp\/v2\/users\/2"}],"replies":[{"embeddable":true,"href":"https:\/\/ciudadyregion.com.co\/index.php\/wp-json\/wp\/v2\/comments?post=33754"}],"version-history":[{"count":1,"href":"https:\/\/ciudadyregion.com.co\/index.php\/wp-json\/wp\/v2\/posts\/33754\/revisions"}],"predecessor-version":[{"id":33756,"href":"https:\/\/ciudadyregion.com.co\/index.php\/wp-json\/wp\/v2\/posts\/33754\/revisions\/33756"}],"wp:featuredmedia":[{"embeddable":true,"href":"https:\/\/ciudadyregion.com.co\/index.php\/wp-json\/wp\/v2\/media\/33755"}],"wp:attachment":[{"href":"https:\/\/ciudadyregion.com.co\/index.php\/wp-json\/wp\/v2\/media?parent=33754"}],"wp:term":[{"taxonomy":"category","embeddable":true,"href":"https:\/\/ciudadyregion.com.co\/index.php\/wp-json\/wp\/v2\/categories?post=33754"},{"taxonomy":"post_tag","embeddable":true,"href":"https:\/\/ciudadyregion.com.co\/index.php\/wp-json\/wp\/v2\/tags?post=33754"}],"curies":[{"name":"wp","href":"https:\/\/api.w.org\/{rel}","templated":true}]}}