{"id":33736,"date":"2025-04-15T04:53:41","date_gmt":"2025-04-15T09:53:41","guid":{"rendered":"https:\/\/ciudadyregion.com.co\/?p=33736"},"modified":"2025-04-14T12:54:12","modified_gmt":"2025-04-14T17:54:12","slug":"universidad-del-tolima-lidera-formalizacion-laboral-de-docentes-catedraticos","status":"publish","type":"post","link":"https:\/\/ciudadyregion.com.co\/index.php\/universidad-del-tolima-lidera-formalizacion-laboral-de-docentes-catedraticos\/educacion\/","title":{"rendered":"Universidad del Tolima lidera formalizaci\u00f3n laboral de docentes catedr\u00e1ticos"},"content":{"rendered":"<p>Se destaca la remuneraci\u00f3n de actividades que anteriormente no eran reconocidas, como labores de investigaci\u00f3n, ejecuci\u00f3n de proyectos de proyecci\u00f3n social, representaciones institucionales, entre otras.<\/p>\n<p>El Gobierno Nacional, mediante el Ministerio de Educaci\u00f3n, aprob\u00f3 recientemente el Decreto 0391 de 2025, el cual establece las bases para la implementaci\u00f3n de planes de formalizaci\u00f3n laboral en las instituciones de educaci\u00f3n superior estatales y oficiales. Con este decreto, se busca mejorar las condiciones laborales en el sector educativo, con un \u00e9nfasis particular en los docentes ocasionales, catedr\u00e1ticos y el personal administrativo.<\/p>\n<p>En este contexto, la Universidad del Tolima se destaca como pionera en la implementaci\u00f3n de procesos orientados a la formalizaci\u00f3n de los profesores catedr\u00e1ticos, cumpliendo con los lineamientos establecidos en el reciente decreto. Este avance es el resultado de la aplicaci\u00f3n del Acuerdo 096 de 2023 del Consejo Acad\u00e9mico, el cual surgi\u00f3 como una propuesta para reglamentar el plan de trabajo de los profesores catedr\u00e1ticos.<\/p>\n<p>Gracias a dicho acuerdo, los docentes dejaron de recibir compensaciones econ\u00f3micas exclusivamente por las horas de docencia directa. La propuesta incluy\u00f3 la remuneraci\u00f3n de otras actividades que anteriormente no eran reconocidas. Entre estas se encuentran: labores de investigaci\u00f3n, ejecuci\u00f3n de proyectos de proyecci\u00f3n social, gesti\u00f3n acad\u00e9mico-administrativa, ocupaci\u00f3n de cargos de direcci\u00f3n acad\u00e9mica, representaciones institucionales, direcci\u00f3n y evaluaci\u00f3n acad\u00e9mica y de opciones de grado, docencia asistencial, entre otras.<\/p>\n<p>Adem\u00e1s, los docentes pasaron de recibir un reconocimiento adicional fijo del 10% a uno variable, determinado seg\u00fan su categorizaci\u00f3n y de acuerdo a la cantidad de estudiantes por curso asignado. Esto permite que el porcentaje de reconocimiento pueda incrementarse hasta un 15% adicional a las horas efectivas de docencia y que van destinadas a la preparaci\u00f3n y evaluaci\u00f3n del curso, a la asesor\u00eda de estudiantes y al cumplimiento de los resultados de aprendizaje.<\/p>\n<p>Con la implementaci\u00f3n de este acuerdo, la Universidad del Tolima ha dado un paso importante hacia una mayor estabilidad laboral para los docentes catedr\u00e1ticos, mejorando sus condiciones laborales y promoviendo un entorno educativo m\u00e1s justo y equitativo. Esta iniciativa, tomada antes de la promulgaci\u00f3n del decreto del Gobierno Nacional, refleja el compromiso de la universidad por reconocer y valorar el aporte esencial de los docentes en el cumplimiento de sus funciones misionales, asegurando un reconocimiento econ\u00f3mico justo por las diversas actividades que desempe\u00f1an.<\/p>\n","protected":false},"excerpt":{"rendered":"<p>Se destaca la remuneraci\u00f3n de actividades que anteriormente no eran reconocidas, como labores de investigaci\u00f3n, ejecuci\u00f3n de proyectos de proyecci\u00f3n social, representaciones institucionales, entre otras. El Gobierno Nacional, mediante el Ministerio de Educaci\u00f3n, aprob\u00f3 recientemente el Decreto 0391 de 2025, el cual establece las bases para la implementaci\u00f3n de planes<span class=\"more-link\"><a href=\"https:\/\/ciudadyregion.com.co\/index.php\/universidad-del-tolima-lidera-formalizacion-laboral-de-docentes-catedraticos\/educacion\/\">Continuar Leyendo<\/a><\/span><\/p>\n","protected":false},"author":2,"featured_media":33737,"comment_status":"open","ping_status":"open","sticky":false,"template":"","format":"standard","meta":{"_uf_show_specific_survey":0,"_uf_disable_surveys":false,"_jetpack_memberships_contains_paid_content":false,"footnotes":"","jetpack_publicize_message":"","jetpack_publicize_feature_enabled":true,"jetpack_social_post_already_shared":true,"jetpack_social_options":{"image_generator_settings":{"template":"highway","enabled":false},"version":2}},"categories":[22],"tags":[],"class_list":["entry","author-diegoaguirre","post-33736","post","type-post","status-publish","format-standard","has-post-thumbnail","category-educacion"],"jetpack_publicize_connections":[],"yoast_head":"<!-- This site is optimized with the Yoast SEO plugin v24.3 - https:\/\/yoast.com\/wordpress\/plugins\/seo\/ -->\n<title>Universidad del Tolima lidera formalizaci\u00f3n laboral de docentes catedr\u00e1ticos - Ciudad y Region<\/title>\n<meta name=\"robots\" content=\"index, follow, max-snippet:-1, max-image-preview:large, max-video-preview:-1\" \/>\n<link rel=\"canonical\" href=\"https:\/\/ciudadyregion.com.co\/index.php\/universidad-del-tolima-lidera-formalizacion-laboral-de-docentes-catedraticos\/educacion\/\" \/>\n<meta property=\"og:locale\" content=\"es_ES\" \/>\n<meta property=\"og:type\" content=\"article\" \/>\n<meta property=\"og:title\" content=\"Universidad del Tolima lidera formalizaci\u00f3n laboral de docentes catedr\u00e1ticos - Ciudad y Region\" \/>\n<meta property=\"og:description\" content=\"Se destaca la remuneraci\u00f3n de actividades que anteriormente no eran reconocidas, como labores de investigaci\u00f3n, ejecuci\u00f3n de proyectos de proyecci\u00f3n social, representaciones institucionales, entre otras. El Gobierno Nacional, mediante el Ministerio de Educaci\u00f3n, aprob\u00f3 recientemente el Decreto 0391 de 2025, el cual establece las bases para la implementaci\u00f3n de planesContinuar Leyendo\" \/>\n<meta property=\"og:url\" content=\"https:\/\/ciudadyregion.com.co\/index.php\/universidad-del-tolima-lidera-formalizacion-laboral-de-docentes-catedraticos\/educacion\/\" \/>\n<meta property=\"og:site_name\" content=\"Ciudad y Region\" \/>\n<meta property=\"article:published_time\" content=\"2025-04-15T09:53:41+00:00\" \/>\n<meta property=\"article:modified_time\" content=\"2025-04-14T17:54:12+00:00\" \/>\n<meta property=\"og:image\" content=\"https:\/\/i0.wp.com\/ciudadyregion.com.co\/wp-content\/uploads\/2025\/04\/1-29.jpg?fit=800%2C445&ssl=1\" \/>\n\t<meta property=\"og:image:width\" content=\"800\" \/>\n\t<meta property=\"og:image:height\" content=\"445\" \/>\n\t<meta property=\"og:image:type\" content=\"image\/jpeg\" \/>\n<meta name=\"author\" content=\"David Andr\u00e9s Aguirre\" \/>\n<meta name=\"twitter:card\" content=\"summary_large_image\" \/>\n<meta name=\"twitter:label1\" content=\"Escrito por\" \/>\n\t<meta name=\"twitter:data1\" content=\"David Andr\u00e9s Aguirre\" \/>\n\t<meta name=\"twitter:label2\" content=\"Tiempo de lectura\" \/>\n\t<meta name=\"twitter:data2\" content=\"2 minutos\" \/>\n<script type=\"application\/ld+json\" class=\"yoast-schema-graph\">{\"@context\":\"https:\/\/schema.org\",\"@graph\":[{\"@type\":\"WebPage\",\"@id\":\"https:\/\/ciudadyregion.com.co\/index.php\/universidad-del-tolima-lidera-formalizacion-laboral-de-docentes-catedraticos\/educacion\/\",\"url\":\"https:\/\/ciudadyregion.com.co\/index.php\/universidad-del-tolima-lidera-formalizacion-laboral-de-docentes-catedraticos\/educacion\/\",\"name\":\"Universidad del Tolima lidera formalizaci\u00f3n laboral de docentes catedr\u00e1ticos - Ciudad y Region\",\"isPartOf\":{\"@id\":\"https:\/\/ciudadyregion.com.co\/#website\"},\"primaryImageOfPage\":{\"@id\":\"https:\/\/ciudadyregion.com.co\/index.php\/universidad-del-tolima-lidera-formalizacion-laboral-de-docentes-catedraticos\/educacion\/#primaryimage\"},\"image\":{\"@id\":\"https:\/\/ciudadyregion.com.co\/index.php\/universidad-del-tolima-lidera-formalizacion-laboral-de-docentes-catedraticos\/educacion\/#primaryimage\"},\"thumbnailUrl\":\"https:\/\/i0.wp.com\/ciudadyregion.com.co\/wp-content\/uploads\/2025\/04\/1-29.jpg?fit=800%2C445&ssl=1\",\"datePublished\":\"2025-04-15T09:53:41+00:00\",\"dateModified\":\"2025-04-14T17:54:12+00:00\",\"author\":{\"@id\":\"https:\/\/ciudadyregion.com.co\/#\/schema\/person\/04a4954373ebc4051f46e8c65ff78622\"},\"breadcrumb\":{\"@id\":\"https:\/\/ciudadyregion.com.co\/index.php\/universidad-del-tolima-lidera-formalizacion-laboral-de-docentes-catedraticos\/educacion\/#breadcrumb\"},\"inLanguage\":\"es\",\"potentialAction\":[{\"@type\":\"ReadAction\",\"target\":[\"https:\/\/ciudadyregion.com.co\/index.php\/universidad-del-tolima-lidera-formalizacion-laboral-de-docentes-catedraticos\/educacion\/\"]}]},{\"@type\":\"ImageObject\",\"inLanguage\":\"es\",\"@id\":\"https:\/\/ciudadyregion.com.co\/index.php\/universidad-del-tolima-lidera-formalizacion-laboral-de-docentes-catedraticos\/educacion\/#primaryimage\",\"url\":\"https:\/\/i0.wp.com\/ciudadyregion.com.co\/wp-content\/uploads\/2025\/04\/1-29.jpg?fit=800%2C445&ssl=1\",\"contentUrl\":\"https:\/\/i0.wp.com\/ciudadyregion.com.co\/wp-content\/uploads\/2025\/04\/1-29.jpg?fit=800%2C445&ssl=1\",\"width\":800,\"height\":445},{\"@type\":\"BreadcrumbList\",\"@id\":\"https:\/\/ciudadyregion.com.co\/index.php\/universidad-del-tolima-lidera-formalizacion-laboral-de-docentes-catedraticos\/educacion\/#breadcrumb\",\"itemListElement\":[{\"@type\":\"ListItem\",\"position\":1,\"name\":\"Portada\",\"item\":\"https:\/\/ciudadyregion.com.co\/\"},{\"@type\":\"ListItem\",\"position\":2,\"name\":\"Universidad del Tolima lidera formalizaci\u00f3n laboral de docentes catedr\u00e1ticos\"}]},{\"@type\":\"WebSite\",\"@id\":\"https:\/\/ciudadyregion.com.co\/#website\",\"url\":\"https:\/\/ciudadyregion.com.co\/\",\"name\":\"Ciudad y Region\",\"description\":\"\",\"potentialAction\":[{\"@type\":\"SearchAction\",\"target\":{\"@type\":\"EntryPoint\",\"urlTemplate\":\"https:\/\/ciudadyregion.com.co\/?s={search_term_string}\"},\"query-input\":{\"@type\":\"PropertyValueSpecification\",\"valueRequired\":true,\"valueName\":\"search_term_string\"}}],\"inLanguage\":\"es\"},{\"@type\":\"Person\",\"@id\":\"https:\/\/ciudadyregion.com.co\/#\/schema\/person\/04a4954373ebc4051f46e8c65ff78622\",\"name\":\"David Andr\u00e9s Aguirre\",\"image\":{\"@type\":\"ImageObject\",\"inLanguage\":\"es\",\"@id\":\"https:\/\/ciudadyregion.com.co\/#\/schema\/person\/image\/\",\"url\":\"https:\/\/secure.gravatar.com\/avatar\/bc3c655860202182ee6d1b5edd042dbe?s=96&d=mm&r=g\",\"contentUrl\":\"https:\/\/secure.gravatar.com\/avatar\/bc3c655860202182ee6d1b5edd042dbe?s=96&d=mm&r=g\",\"caption\":\"David Andr\u00e9s Aguirre\"},\"url\":\"https:\/\/ciudadyregion.com.co\/index.php\/author\/diegoaguirre\/\"}]}<\/script>\n<!-- \/ Yoast SEO plugin. -->","yoast_head_json":{"title":"Universidad del Tolima lidera formalizaci\u00f3n laboral de docentes catedr\u00e1ticos - Ciudad y Region","robots":{"index":"index","follow":"follow","max-snippet":"max-snippet:-1","max-image-preview":"max-image-preview:large","max-video-preview":"max-video-preview:-1"},"canonical":"https:\/\/ciudadyregion.com.co\/index.php\/universidad-del-tolima-lidera-formalizacion-laboral-de-docentes-catedraticos\/educacion\/","og_locale":"es_ES","og_type":"article","og_title":"Universidad del Tolima lidera formalizaci\u00f3n laboral de docentes catedr\u00e1ticos - Ciudad y Region","og_description":"Se destaca la remuneraci\u00f3n de actividades que anteriormente no eran reconocidas, como labores de investigaci\u00f3n, ejecuci\u00f3n de proyectos de proyecci\u00f3n social, representaciones institucionales, entre otras. El Gobierno Nacional, mediante el Ministerio de Educaci\u00f3n, aprob\u00f3 recientemente el Decreto 0391 de 2025, el cual establece las bases para la implementaci\u00f3n de planesContinuar Leyendo","og_url":"https:\/\/ciudadyregion.com.co\/index.php\/universidad-del-tolima-lidera-formalizacion-laboral-de-docentes-catedraticos\/educacion\/","og_site_name":"Ciudad y Region","article_published_time":"2025-04-15T09:53:41+00:00","article_modified_time":"2025-04-14T17:54:12+00:00","og_image":[{"width":800,"height":445,"url":"https:\/\/i0.wp.com\/ciudadyregion.com.co\/wp-content\/uploads\/2025\/04\/1-29.jpg?fit=800%2C445&ssl=1","type":"image\/jpeg"}],"author":"David Andr\u00e9s Aguirre","twitter_card":"summary_large_image","twitter_misc":{"Escrito por":"David Andr\u00e9s Aguirre","Tiempo de lectura":"2 minutos"},"schema":{"@context":"https:\/\/schema.org","@graph":[{"@type":"WebPage","@id":"https:\/\/ciudadyregion.com.co\/index.php\/universidad-del-tolima-lidera-formalizacion-laboral-de-docentes-catedraticos\/educacion\/","url":"https:\/\/ciudadyregion.com.co\/index.php\/universidad-del-tolima-lidera-formalizacion-laboral-de-docentes-catedraticos\/educacion\/","name":"Universidad del Tolima lidera formalizaci\u00f3n laboral de docentes catedr\u00e1ticos - Ciudad y Region","isPartOf":{"@id":"https:\/\/ciudadyregion.com.co\/#website"},"primaryImageOfPage":{"@id":"https:\/\/ciudadyregion.com.co\/index.php\/universidad-del-tolima-lidera-formalizacion-laboral-de-docentes-catedraticos\/educacion\/#primaryimage"},"image":{"@id":"https:\/\/ciudadyregion.com.co\/index.php\/universidad-del-tolima-lidera-formalizacion-laboral-de-docentes-catedraticos\/educacion\/#primaryimage"},"thumbnailUrl":"https:\/\/i0.wp.com\/ciudadyregion.com.co\/wp-content\/uploads\/2025\/04\/1-29.jpg?fit=800%2C445&ssl=1","datePublished":"2025-04-15T09:53:41+00:00","dateModified":"2025-04-14T17:54:12+00:00","author":{"@id":"https:\/\/ciudadyregion.com.co\/#\/schema\/person\/04a4954373ebc4051f46e8c65ff78622"},"breadcrumb":{"@id":"https:\/\/ciudadyregion.com.co\/index.php\/universidad-del-tolima-lidera-formalizacion-laboral-de-docentes-catedraticos\/educacion\/#breadcrumb"},"inLanguage":"es","potentialAction":[{"@type":"ReadAction","target":["https:\/\/ciudadyregion.com.co\/index.php\/universidad-del-tolima-lidera-formalizacion-laboral-de-docentes-catedraticos\/educacion\/"]}]},{"@type":"ImageObject","inLanguage":"es","@id":"https:\/\/ciudadyregion.com.co\/index.php\/universidad-del-tolima-lidera-formalizacion-laboral-de-docentes-catedraticos\/educacion\/#primaryimage","url":"https:\/\/i0.wp.com\/ciudadyregion.com.co\/wp-content\/uploads\/2025\/04\/1-29.jpg?fit=800%2C445&ssl=1","contentUrl":"https:\/\/i0.wp.com\/ciudadyregion.com.co\/wp-content\/uploads\/2025\/04\/1-29.jpg?fit=800%2C445&ssl=1","width":800,"height":445},{"@type":"BreadcrumbList","@id":"https:\/\/ciudadyregion.com.co\/index.php\/universidad-del-tolima-lidera-formalizacion-laboral-de-docentes-catedraticos\/educacion\/#breadcrumb","itemListElement":[{"@type":"ListItem","position":1,"name":"Portada","item":"https:\/\/ciudadyregion.com.co\/"},{"@type":"ListItem","position":2,"name":"Universidad del Tolima lidera formalizaci\u00f3n laboral de docentes catedr\u00e1ticos"}]},{"@type":"WebSite","@id":"https:\/\/ciudadyregion.com.co\/#website","url":"https:\/\/ciudadyregion.com.co\/","name":"Ciudad y Region","description":"","potentialAction":[{"@type":"SearchAction","target":{"@type":"EntryPoint","urlTemplate":"https:\/\/ciudadyregion.com.co\/?s={search_term_string}"},"query-input":{"@type":"PropertyValueSpecification","valueRequired":true,"valueName":"search_term_string"}}],"inLanguage":"es"},{"@type":"Person","@id":"https:\/\/ciudadyregion.com.co\/#\/schema\/person\/04a4954373ebc4051f46e8c65ff78622","name":"David Andr\u00e9s Aguirre","image":{"@type":"ImageObject","inLanguage":"es","@id":"https:\/\/ciudadyregion.com.co\/#\/schema\/person\/image\/","url":"https:\/\/secure.gravatar.com\/avatar\/bc3c655860202182ee6d1b5edd042dbe?s=96&d=mm&r=g","contentUrl":"https:\/\/secure.gravatar.com\/avatar\/bc3c655860202182ee6d1b5edd042dbe?s=96&d=mm&r=g","caption":"David Andr\u00e9s Aguirre"},"url":"https:\/\/ciudadyregion.com.co\/index.php\/author\/diegoaguirre\/"}]}},"jetpack_featured_media_url":"https:\/\/i0.wp.com\/ciudadyregion.com.co\/wp-content\/uploads\/2025\/04\/1-29.jpg?fit=800%2C445&ssl=1","jetpack_sharing_enabled":true,"jetpack_shortlink":"https:\/\/wp.me\/pbS7hh-8M8","jetpack-related-posts":[],"_links":{"self":[{"href":"https:\/\/ciudadyregion.com.co\/index.php\/wp-json\/wp\/v2\/posts\/33736"}],"collection":[{"href":"https:\/\/ciudadyregion.com.co\/index.php\/wp-json\/wp\/v2\/posts"}],"about":[{"href":"https:\/\/ciudadyregion.com.co\/index.php\/wp-json\/wp\/v2\/types\/post"}],"author":[{"embeddable":true,"href":"https:\/\/ciudadyregion.com.co\/index.php\/wp-json\/wp\/v2\/users\/2"}],"replies":[{"embeddable":true,"href":"https:\/\/ciudadyregion.com.co\/index.php\/wp-json\/wp\/v2\/comments?post=33736"}],"version-history":[{"count":1,"href":"https:\/\/ciudadyregion.com.co\/index.php\/wp-json\/wp\/v2\/posts\/33736\/revisions"}],"predecessor-version":[{"id":33738,"href":"https:\/\/ciudadyregion.com.co\/index.php\/wp-json\/wp\/v2\/posts\/33736\/revisions\/33738"}],"wp:featuredmedia":[{"embeddable":true,"href":"https:\/\/ciudadyregion.com.co\/index.php\/wp-json\/wp\/v2\/media\/33737"}],"wp:attachment":[{"href":"https:\/\/ciudadyregion.com.co\/index.php\/wp-json\/wp\/v2\/media?parent=33736"}],"wp:term":[{"taxonomy":"category","embeddable":true,"href":"https:\/\/ciudadyregion.com.co\/index.php\/wp-json\/wp\/v2\/categories?post=33736"},{"taxonomy":"post_tag","embeddable":true,"href":"https:\/\/ciudadyregion.com.co\/index.php\/wp-json\/wp\/v2\/tags?post=33736"}],"curies":[{"name":"wp","href":"https:\/\/api.w.org\/{rel}","templated":true}]}}