{"id":33667,"date":"2025-04-14T08:57:48","date_gmt":"2025-04-14T13:57:48","guid":{"rendered":"https:\/\/ciudadyregion.com.co\/?p=33667"},"modified":"2025-04-14T08:57:48","modified_gmt":"2025-04-14T13:57:48","slug":"gobernadora-adriana-matiz-inauguro-los-xviii-juegos-nacionales-de-periodistas-deportivos-acord-en-ibague","status":"publish","type":"post","link":"https:\/\/ciudadyregion.com.co\/index.php\/gobernadora-adriana-matiz-inauguro-los-xviii-juegos-nacionales-de-periodistas-deportivos-acord-en-ibague\/deportes\/","title":{"rendered":"Gobernadora Adriana Matiz inaugur\u00f3 los XVIII Juegos Nacionales de Periodistas Deportivos Acord en Ibagu\u00e9"},"content":{"rendered":"<p>En el marco de la conmemoraci\u00f3n de los 164 a\u00f1os de historia del departamento del Tolima, el Coliseo Mayor de Ibagu\u00e9 se convirti\u00f3 en el cierre perfecto de una agenda marat\u00f3nica que mostr\u00f3 lo mejor del talento, la cultura y la hospitalidad tolimense.<\/p>\n<p>Durante la ceremonia se rindi\u00f3 un sentido homenaje a \u00c1lvaro Ariza Cort\u00e1zar, referente del periodismo deportivo en el Tolima, cuyo legado y trayectoria fueron recordados con admiraci\u00f3n y respeto.<\/p>\n<p>Estos juegos llevan su nombre precisamente como reconocimiento p\u00f3stumo a su invaluable aporte al gremio, y su memoria fue honrada con un minuto de silencio.<\/p>\n<p>La inauguraci\u00f3n cont\u00f3 con un colorido desfile de delegaciones provenientes de todo el pa\u00eds, quienes llenaron de alegr\u00eda y entusiasmo el Coliseo Mayor. M\u00e1s de 600 periodistas deportivos participan en estas justas, que se desarrollan del 12 al 19 de abril en la ciudad de Ibagu\u00e9, con el respaldo de la Gobernaci\u00f3n del Tolima, a trav\u00e9s de Indeportes Tolima.<\/p>\n<p>La noche tambi\u00e9n estuvo enmarcada por presentaciones folcl\u00f3ricas que exaltaron las ra\u00edces culturales del departamento, cautivando a los presentes con bailes t\u00edpicos y ritmos aut\u00f3ctonos. Figuras del deporte, el periodismo y la vida institucional acompa\u00f1aron este acto que simboliz\u00f3 uni\u00f3n, identidad y orgullo regional.<\/p>\n<p>La gobernadora Adriana Magali Matiz extendi\u00f3 una especial invitaci\u00f3n a propios y visitantes para que descubran y disfruten del Tolima durante la Semana Santa.<\/p>\n<blockquote><p>\u201cLo que ustedes hacen esta noche es un regalo m\u00e1s para nuestra tierra. Gracias delegaciones por estar aqu\u00ed. Estos juegos son especiales porque pasan delegaciones ser observadores a ser protagonistas. Pasan de la cr\u00edtica a la acci\u00f3n. El deporte no es un simplemente un gasto en lo p\u00fablico, el deporte es inversi\u00f3n social porque a trav\u00e9s de \u00e9l transformamos vidas. Bienvenidos a nuestro departamento\u201d, manifest\u00f3 la mandataria.<\/p><\/blockquote>\n<p>Con esta significativa inauguraci\u00f3n, el Tolima no solo celebr\u00f3 su aniversario, sino que se reafirm\u00f3 como epicentro del deporte, la cultura y la memoria viva de sus grandes referentes.<\/p>\n","protected":false},"excerpt":{"rendered":"<p>En el marco de la conmemoraci\u00f3n de los 164 a\u00f1os de historia del departamento del Tolima, el Coliseo Mayor de Ibagu\u00e9 se convirti\u00f3 en el cierre perfecto de una agenda marat\u00f3nica que mostr\u00f3 lo mejor del talento, la cultura y la hospitalidad tolimense. Durante la ceremonia se rindi\u00f3 un sentido<span class=\"more-link\"><a href=\"https:\/\/ciudadyregion.com.co\/index.php\/gobernadora-adriana-matiz-inauguro-los-xviii-juegos-nacionales-de-periodistas-deportivos-acord-en-ibague\/deportes\/\">Continuar Leyendo<\/a><\/span><\/p>\n","protected":false},"author":2,"featured_media":33668,"comment_status":"open","ping_status":"open","sticky":false,"template":"","format":"standard","meta":{"_uf_show_specific_survey":0,"_uf_disable_surveys":false,"_jetpack_memberships_contains_paid_content":false,"footnotes":"","jetpack_publicize_message":"","jetpack_publicize_feature_enabled":true,"jetpack_social_post_already_shared":true,"jetpack_social_options":{"image_generator_settings":{"template":"highway","enabled":false},"version":2}},"categories":[15,13],"tags":[],"class_list":["entry","author-diegoaguirre","post-33667","post","type-post","status-publish","format-standard","has-post-thumbnail","category-deportes","category-regional"],"jetpack_publicize_connections":[],"yoast_head":"<!-- This site is optimized with the Yoast SEO plugin v24.3 - https:\/\/yoast.com\/wordpress\/plugins\/seo\/ -->\n<title>Gobernadora Adriana Matiz inaugur\u00f3 los XVIII Juegos Nacionales de Periodistas Deportivos Acord en Ibagu\u00e9 - Ciudad y Region<\/title>\n<meta name=\"robots\" content=\"index, follow, max-snippet:-1, max-image-preview:large, max-video-preview:-1\" \/>\n<link rel=\"canonical\" href=\"https:\/\/ciudadyregion.com.co\/index.php\/gobernadora-adriana-matiz-inauguro-los-xviii-juegos-nacionales-de-periodistas-deportivos-acord-en-ibague\/deportes\/\" \/>\n<meta property=\"og:locale\" content=\"es_ES\" \/>\n<meta property=\"og:type\" content=\"article\" \/>\n<meta property=\"og:title\" content=\"Gobernadora Adriana Matiz inaugur\u00f3 los XVIII Juegos Nacionales de Periodistas Deportivos Acord en Ibagu\u00e9 - Ciudad y Region\" \/>\n<meta property=\"og:description\" content=\"En el marco de la conmemoraci\u00f3n de los 164 a\u00f1os de historia del departamento del Tolima, el Coliseo Mayor de Ibagu\u00e9 se convirti\u00f3 en el cierre perfecto de una agenda marat\u00f3nica que mostr\u00f3 lo mejor del talento, la cultura y la hospitalidad tolimense. Durante la ceremonia se rindi\u00f3 un sentidoContinuar Leyendo\" \/>\n<meta property=\"og:url\" content=\"https:\/\/ciudadyregion.com.co\/index.php\/gobernadora-adriana-matiz-inauguro-los-xviii-juegos-nacionales-de-periodistas-deportivos-acord-en-ibague\/deportes\/\" \/>\n<meta property=\"og:site_name\" content=\"Ciudad y Region\" \/>\n<meta property=\"article:published_time\" content=\"2025-04-14T13:57:48+00:00\" \/>\n<meta property=\"og:image\" content=\"https:\/\/ciudadyregion.com.co\/wp-content\/uploads\/2025\/04\/3-28.jpg\" \/>\n\t<meta property=\"og:image:width\" content=\"800\" \/>\n\t<meta property=\"og:image:height\" content=\"445\" \/>\n\t<meta property=\"og:image:type\" content=\"image\/jpeg\" \/>\n<meta name=\"author\" content=\"David Andr\u00e9s Aguirre\" \/>\n<meta name=\"twitter:card\" content=\"summary_large_image\" \/>\n<meta name=\"twitter:label1\" content=\"Escrito por\" \/>\n\t<meta name=\"twitter:data1\" content=\"David Andr\u00e9s Aguirre\" \/>\n\t<meta name=\"twitter:label2\" content=\"Tiempo de lectura\" \/>\n\t<meta name=\"twitter:data2\" content=\"2 minutos\" \/>\n<script type=\"application\/ld+json\" class=\"yoast-schema-graph\">{\"@context\":\"https:\/\/schema.org\",\"@graph\":[{\"@type\":\"WebPage\",\"@id\":\"https:\/\/ciudadyregion.com.co\/index.php\/gobernadora-adriana-matiz-inauguro-los-xviii-juegos-nacionales-de-periodistas-deportivos-acord-en-ibague\/deportes\/\",\"url\":\"https:\/\/ciudadyregion.com.co\/index.php\/gobernadora-adriana-matiz-inauguro-los-xviii-juegos-nacionales-de-periodistas-deportivos-acord-en-ibague\/deportes\/\",\"name\":\"Gobernadora Adriana Matiz inaugur\u00f3 los XVIII Juegos Nacionales de Periodistas Deportivos Acord en Ibagu\u00e9 - Ciudad y Region\",\"isPartOf\":{\"@id\":\"https:\/\/ciudadyregion.com.co\/#website\"},\"primaryImageOfPage\":{\"@id\":\"https:\/\/ciudadyregion.com.co\/index.php\/gobernadora-adriana-matiz-inauguro-los-xviii-juegos-nacionales-de-periodistas-deportivos-acord-en-ibague\/deportes\/#primaryimage\"},\"image\":{\"@id\":\"https:\/\/ciudadyregion.com.co\/index.php\/gobernadora-adriana-matiz-inauguro-los-xviii-juegos-nacionales-de-periodistas-deportivos-acord-en-ibague\/deportes\/#primaryimage\"},\"thumbnailUrl\":\"https:\/\/i0.wp.com\/ciudadyregion.com.co\/wp-content\/uploads\/2025\/04\/3-28.jpg?fit=800%2C445&ssl=1\",\"datePublished\":\"2025-04-14T13:57:48+00:00\",\"dateModified\":\"2025-04-14T13:57:48+00:00\",\"author\":{\"@id\":\"https:\/\/ciudadyregion.com.co\/#\/schema\/person\/04a4954373ebc4051f46e8c65ff78622\"},\"breadcrumb\":{\"@id\":\"https:\/\/ciudadyregion.com.co\/index.php\/gobernadora-adriana-matiz-inauguro-los-xviii-juegos-nacionales-de-periodistas-deportivos-acord-en-ibague\/deportes\/#breadcrumb\"},\"inLanguage\":\"es\",\"potentialAction\":[{\"@type\":\"ReadAction\",\"target\":[\"https:\/\/ciudadyregion.com.co\/index.php\/gobernadora-adriana-matiz-inauguro-los-xviii-juegos-nacionales-de-periodistas-deportivos-acord-en-ibague\/deportes\/\"]}]},{\"@type\":\"ImageObject\",\"inLanguage\":\"es\",\"@id\":\"https:\/\/ciudadyregion.com.co\/index.php\/gobernadora-adriana-matiz-inauguro-los-xviii-juegos-nacionales-de-periodistas-deportivos-acord-en-ibague\/deportes\/#primaryimage\",\"url\":\"https:\/\/i0.wp.com\/ciudadyregion.com.co\/wp-content\/uploads\/2025\/04\/3-28.jpg?fit=800%2C445&ssl=1\",\"contentUrl\":\"https:\/\/i0.wp.com\/ciudadyregion.com.co\/wp-content\/uploads\/2025\/04\/3-28.jpg?fit=800%2C445&ssl=1\",\"width\":800,\"height\":445},{\"@type\":\"BreadcrumbList\",\"@id\":\"https:\/\/ciudadyregion.com.co\/index.php\/gobernadora-adriana-matiz-inauguro-los-xviii-juegos-nacionales-de-periodistas-deportivos-acord-en-ibague\/deportes\/#breadcrumb\",\"itemListElement\":[{\"@type\":\"ListItem\",\"position\":1,\"name\":\"Portada\",\"item\":\"https:\/\/ciudadyregion.com.co\/\"},{\"@type\":\"ListItem\",\"position\":2,\"name\":\"Gobernadora Adriana Matiz inaugur\u00f3 los XVIII Juegos Nacionales de Periodistas Deportivos Acord en Ibagu\u00e9\"}]},{\"@type\":\"WebSite\",\"@id\":\"https:\/\/ciudadyregion.com.co\/#website\",\"url\":\"https:\/\/ciudadyregion.com.co\/\",\"name\":\"Ciudad y Region\",\"description\":\"\",\"potentialAction\":[{\"@type\":\"SearchAction\",\"target\":{\"@type\":\"EntryPoint\",\"urlTemplate\":\"https:\/\/ciudadyregion.com.co\/?s={search_term_string}\"},\"query-input\":{\"@type\":\"PropertyValueSpecification\",\"valueRequired\":true,\"valueName\":\"search_term_string\"}}],\"inLanguage\":\"es\"},{\"@type\":\"Person\",\"@id\":\"https:\/\/ciudadyregion.com.co\/#\/schema\/person\/04a4954373ebc4051f46e8c65ff78622\",\"name\":\"David Andr\u00e9s Aguirre\",\"image\":{\"@type\":\"ImageObject\",\"inLanguage\":\"es\",\"@id\":\"https:\/\/ciudadyregion.com.co\/#\/schema\/person\/image\/\",\"url\":\"https:\/\/secure.gravatar.com\/avatar\/bc3c655860202182ee6d1b5edd042dbe?s=96&d=mm&r=g\",\"contentUrl\":\"https:\/\/secure.gravatar.com\/avatar\/bc3c655860202182ee6d1b5edd042dbe?s=96&d=mm&r=g\",\"caption\":\"David Andr\u00e9s Aguirre\"},\"url\":\"https:\/\/ciudadyregion.com.co\/index.php\/author\/diegoaguirre\/\"}]}<\/script>\n<!-- \/ Yoast SEO plugin. -->","yoast_head_json":{"title":"Gobernadora Adriana Matiz inaugur\u00f3 los XVIII Juegos Nacionales de Periodistas Deportivos Acord en Ibagu\u00e9 - Ciudad y Region","robots":{"index":"index","follow":"follow","max-snippet":"max-snippet:-1","max-image-preview":"max-image-preview:large","max-video-preview":"max-video-preview:-1"},"canonical":"https:\/\/ciudadyregion.com.co\/index.php\/gobernadora-adriana-matiz-inauguro-los-xviii-juegos-nacionales-de-periodistas-deportivos-acord-en-ibague\/deportes\/","og_locale":"es_ES","og_type":"article","og_title":"Gobernadora Adriana Matiz inaugur\u00f3 los XVIII Juegos Nacionales de Periodistas Deportivos Acord en Ibagu\u00e9 - Ciudad y Region","og_description":"En el marco de la conmemoraci\u00f3n de los 164 a\u00f1os de historia del departamento del Tolima, el Coliseo Mayor de Ibagu\u00e9 se convirti\u00f3 en el cierre perfecto de una agenda marat\u00f3nica que mostr\u00f3 lo mejor del talento, la cultura y la hospitalidad tolimense. Durante la ceremonia se rindi\u00f3 un sentidoContinuar Leyendo","og_url":"https:\/\/ciudadyregion.com.co\/index.php\/gobernadora-adriana-matiz-inauguro-los-xviii-juegos-nacionales-de-periodistas-deportivos-acord-en-ibague\/deportes\/","og_site_name":"Ciudad y Region","article_published_time":"2025-04-14T13:57:48+00:00","og_image":[{"width":800,"height":445,"url":"https:\/\/ciudadyregion.com.co\/wp-content\/uploads\/2025\/04\/3-28.jpg","type":"image\/jpeg"}],"author":"David Andr\u00e9s Aguirre","twitter_card":"summary_large_image","twitter_misc":{"Escrito por":"David Andr\u00e9s Aguirre","Tiempo de lectura":"2 minutos"},"schema":{"@context":"https:\/\/schema.org","@graph":[{"@type":"WebPage","@id":"https:\/\/ciudadyregion.com.co\/index.php\/gobernadora-adriana-matiz-inauguro-los-xviii-juegos-nacionales-de-periodistas-deportivos-acord-en-ibague\/deportes\/","url":"https:\/\/ciudadyregion.com.co\/index.php\/gobernadora-adriana-matiz-inauguro-los-xviii-juegos-nacionales-de-periodistas-deportivos-acord-en-ibague\/deportes\/","name":"Gobernadora Adriana Matiz inaugur\u00f3 los XVIII Juegos Nacionales de Periodistas Deportivos Acord en Ibagu\u00e9 - Ciudad y Region","isPartOf":{"@id":"https:\/\/ciudadyregion.com.co\/#website"},"primaryImageOfPage":{"@id":"https:\/\/ciudadyregion.com.co\/index.php\/gobernadora-adriana-matiz-inauguro-los-xviii-juegos-nacionales-de-periodistas-deportivos-acord-en-ibague\/deportes\/#primaryimage"},"image":{"@id":"https:\/\/ciudadyregion.com.co\/index.php\/gobernadora-adriana-matiz-inauguro-los-xviii-juegos-nacionales-de-periodistas-deportivos-acord-en-ibague\/deportes\/#primaryimage"},"thumbnailUrl":"https:\/\/i0.wp.com\/ciudadyregion.com.co\/wp-content\/uploads\/2025\/04\/3-28.jpg?fit=800%2C445&ssl=1","datePublished":"2025-04-14T13:57:48+00:00","dateModified":"2025-04-14T13:57:48+00:00","author":{"@id":"https:\/\/ciudadyregion.com.co\/#\/schema\/person\/04a4954373ebc4051f46e8c65ff78622"},"breadcrumb":{"@id":"https:\/\/ciudadyregion.com.co\/index.php\/gobernadora-adriana-matiz-inauguro-los-xviii-juegos-nacionales-de-periodistas-deportivos-acord-en-ibague\/deportes\/#breadcrumb"},"inLanguage":"es","potentialAction":[{"@type":"ReadAction","target":["https:\/\/ciudadyregion.com.co\/index.php\/gobernadora-adriana-matiz-inauguro-los-xviii-juegos-nacionales-de-periodistas-deportivos-acord-en-ibague\/deportes\/"]}]},{"@type":"ImageObject","inLanguage":"es","@id":"https:\/\/ciudadyregion.com.co\/index.php\/gobernadora-adriana-matiz-inauguro-los-xviii-juegos-nacionales-de-periodistas-deportivos-acord-en-ibague\/deportes\/#primaryimage","url":"https:\/\/i0.wp.com\/ciudadyregion.com.co\/wp-content\/uploads\/2025\/04\/3-28.jpg?fit=800%2C445&ssl=1","contentUrl":"https:\/\/i0.wp.com\/ciudadyregion.com.co\/wp-content\/uploads\/2025\/04\/3-28.jpg?fit=800%2C445&ssl=1","width":800,"height":445},{"@type":"BreadcrumbList","@id":"https:\/\/ciudadyregion.com.co\/index.php\/gobernadora-adriana-matiz-inauguro-los-xviii-juegos-nacionales-de-periodistas-deportivos-acord-en-ibague\/deportes\/#breadcrumb","itemListElement":[{"@type":"ListItem","position":1,"name":"Portada","item":"https:\/\/ciudadyregion.com.co\/"},{"@type":"ListItem","position":2,"name":"Gobernadora Adriana Matiz inaugur\u00f3 los XVIII Juegos Nacionales de Periodistas Deportivos Acord en Ibagu\u00e9"}]},{"@type":"WebSite","@id":"https:\/\/ciudadyregion.com.co\/#website","url":"https:\/\/ciudadyregion.com.co\/","name":"Ciudad y Region","description":"","potentialAction":[{"@type":"SearchAction","target":{"@type":"EntryPoint","urlTemplate":"https:\/\/ciudadyregion.com.co\/?s={search_term_string}"},"query-input":{"@type":"PropertyValueSpecification","valueRequired":true,"valueName":"search_term_string"}}],"inLanguage":"es"},{"@type":"Person","@id":"https:\/\/ciudadyregion.com.co\/#\/schema\/person\/04a4954373ebc4051f46e8c65ff78622","name":"David Andr\u00e9s Aguirre","image":{"@type":"ImageObject","inLanguage":"es","@id":"https:\/\/ciudadyregion.com.co\/#\/schema\/person\/image\/","url":"https:\/\/secure.gravatar.com\/avatar\/bc3c655860202182ee6d1b5edd042dbe?s=96&d=mm&r=g","contentUrl":"https:\/\/secure.gravatar.com\/avatar\/bc3c655860202182ee6d1b5edd042dbe?s=96&d=mm&r=g","caption":"David Andr\u00e9s Aguirre"},"url":"https:\/\/ciudadyregion.com.co\/index.php\/author\/diegoaguirre\/"}]}},"jetpack_featured_media_url":"https:\/\/i0.wp.com\/ciudadyregion.com.co\/wp-content\/uploads\/2025\/04\/3-28.jpg?fit=800%2C445&ssl=1","jetpack_sharing_enabled":true,"jetpack_shortlink":"https:\/\/wp.me\/pbS7hh-8L1","jetpack-related-posts":[],"_links":{"self":[{"href":"https:\/\/ciudadyregion.com.co\/index.php\/wp-json\/wp\/v2\/posts\/33667"}],"collection":[{"href":"https:\/\/ciudadyregion.com.co\/index.php\/wp-json\/wp\/v2\/posts"}],"about":[{"href":"https:\/\/ciudadyregion.com.co\/index.php\/wp-json\/wp\/v2\/types\/post"}],"author":[{"embeddable":true,"href":"https:\/\/ciudadyregion.com.co\/index.php\/wp-json\/wp\/v2\/users\/2"}],"replies":[{"embeddable":true,"href":"https:\/\/ciudadyregion.com.co\/index.php\/wp-json\/wp\/v2\/comments?post=33667"}],"version-history":[{"count":1,"href":"https:\/\/ciudadyregion.com.co\/index.php\/wp-json\/wp\/v2\/posts\/33667\/revisions"}],"predecessor-version":[{"id":33669,"href":"https:\/\/ciudadyregion.com.co\/index.php\/wp-json\/wp\/v2\/posts\/33667\/revisions\/33669"}],"wp:featuredmedia":[{"embeddable":true,"href":"https:\/\/ciudadyregion.com.co\/index.php\/wp-json\/wp\/v2\/media\/33668"}],"wp:attachment":[{"href":"https:\/\/ciudadyregion.com.co\/index.php\/wp-json\/wp\/v2\/media?parent=33667"}],"wp:term":[{"taxonomy":"category","embeddable":true,"href":"https:\/\/ciudadyregion.com.co\/index.php\/wp-json\/wp\/v2\/categories?post=33667"},{"taxonomy":"post_tag","embeddable":true,"href":"https:\/\/ciudadyregion.com.co\/index.php\/wp-json\/wp\/v2\/tags?post=33667"}],"curies":[{"name":"wp","href":"https:\/\/api.w.org\/{rel}","templated":true}]}}