{"id":33664,"date":"2025-04-14T08:53:28","date_gmt":"2025-04-14T13:53:28","guid":{"rendered":"https:\/\/ciudadyregion.com.co\/?p=33664"},"modified":"2025-04-14T08:53:28","modified_gmt":"2025-04-14T13:53:28","slug":"tolima-contara-con-inversion-de-352-mil-millones-a-traves-de-ocad-paz-gobernadora-matiz","status":"publish","type":"post","link":"https:\/\/ciudadyregion.com.co\/index.php\/tolima-contara-con-inversion-de-352-mil-millones-a-traves-de-ocad-paz-gobernadora-matiz\/regional\/","title":{"rendered":"\u201dTolima contar\u00e1 con inversi\u00f3n de $352 mil millones a trav\u00e9s de OCAD Paz\u201d: gobernadora Matiz"},"content":{"rendered":"<ul>\n<li><em><strong>En la \u00faltima sesi\u00f3n se definieron aspectos importantes para la distribuci\u00f3n de recursos destinados a los municipios PDET.<\/strong><\/em><\/li>\n<\/ul>\n<p>La gobernadora del Tolima, Adriana Magali Matiz, anunci\u00f3 importantes avances en materia de inversi\u00f3n para el departamento, tras su participaci\u00f3n en la m\u00e1s reciente sesi\u00f3n del OCAD Paz, donde se posesion\u00f3 como delegada de los gobernadores.<\/p>\n<p>Durante la sesi\u00f3n, en la que participaron dos alcaldes, dos gobernadoras, un delegado de la Presidencia, dos representantes a la C\u00e1mara, dos senadores, as\u00ed como delegados del Departamento Nacional de Planeaci\u00f3n, la Agencia de Renovaci\u00f3n del Territorio (ART) y la Procuradur\u00eda, se confirm\u00f3 una inversi\u00f3n nacional de $5,2 billones a trav\u00e9s de cuatro convocatorias.<\/p>\n<p>La primera convocatoria se abrir\u00e1 con la publicaci\u00f3n de los t\u00e9rminos de referencia el pr\u00f3ximo 16 de abril y permitir\u00e1 la postulaci\u00f3n de proyectos por parte de los municipios PDET (Programas de Desarrollo con Enfoque Territorial) entre el 21 de abril y el 5 de mayo. Posteriormente, se iniciar\u00e1 la verificaci\u00f3n de requisitos por parte del Departamento Nacional de Planeaci\u00f3n.<\/p>\n<p>Para el Tolima, los recursos asignados alcanzan los $352 mil millones, de los cuales $158 mil millones estar\u00e1n disponibles en esta primera convocatoria.<\/p>\n<p>La Gobernaci\u00f3n del Tolima ya tiene proyectada la presentaci\u00f3n de una iniciativa importante: la construcci\u00f3n y rehabilitaci\u00f3n de puentes, afectados en su mayor\u00eda por la actual ola invernal, con prioridad en los cuatro municipios PDET del departamento.<\/p>\n<p>Adem\u00e1s, Matiz destac\u00f3 otros proyectos estrat\u00e9gicos que ser\u00e1n trabajados de forma articulada con los alcaldes, como la recuperaci\u00f3n de v\u00edas terciarias, la construcci\u00f3n de puentes, placa huellas, y un proyecto de gas domiciliario que beneficiar\u00e1 especialmente a las comunidades de Gaitania, Bilbao y el ca\u00f1\u00f3n de Las Hermosas, en Chaparral.<\/p>\n<blockquote><p>\u201cEsta es una oportunidad hist\u00f3rica para transformar las condiciones de vida de nuestras comunidades rurales. Desde la Gobernaci\u00f3n estamos comprometidos con presentar proyectos que respondan a las necesidades m\u00e1s urgentes de nuestro territorio\u201d, afirm\u00f3 la mandataria.<\/p><\/blockquote>\n","protected":false},"excerpt":{"rendered":"<p>En la \u00faltima sesi\u00f3n se definieron aspectos importantes para la distribuci\u00f3n de recursos destinados a los municipios PDET. La gobernadora del Tolima, Adriana Magali Matiz, anunci\u00f3 importantes avances en materia de inversi\u00f3n para el departamento, tras su participaci\u00f3n en la m\u00e1s reciente sesi\u00f3n del OCAD Paz, donde se posesion\u00f3 como<span class=\"more-link\"><a href=\"https:\/\/ciudadyregion.com.co\/index.php\/tolima-contara-con-inversion-de-352-mil-millones-a-traves-de-ocad-paz-gobernadora-matiz\/regional\/\">Continuar Leyendo<\/a><\/span><\/p>\n","protected":false},"author":2,"featured_media":33665,"comment_status":"open","ping_status":"open","sticky":false,"template":"","format":"standard","meta":{"_uf_show_specific_survey":0,"_uf_disable_surveys":false,"_jetpack_memberships_contains_paid_content":false,"footnotes":"","jetpack_publicize_message":"","jetpack_publicize_feature_enabled":true,"jetpack_social_post_already_shared":true,"jetpack_social_options":{"image_generator_settings":{"template":"highway","enabled":false},"version":2}},"categories":[13],"tags":[],"class_list":["entry","author-diegoaguirre","post-33664","post","type-post","status-publish","format-standard","has-post-thumbnail","category-regional"],"jetpack_publicize_connections":[],"yoast_head":"<!-- This site is optimized with the Yoast SEO plugin v24.3 - https:\/\/yoast.com\/wordpress\/plugins\/seo\/ -->\n<title>\u201dTolima contar\u00e1 con inversi\u00f3n de $352 mil millones a trav\u00e9s de OCAD Paz\u201d: gobernadora Matiz - Ciudad y Region<\/title>\n<meta name=\"robots\" content=\"index, follow, max-snippet:-1, max-image-preview:large, max-video-preview:-1\" \/>\n<link rel=\"canonical\" href=\"https:\/\/ciudadyregion.com.co\/index.php\/tolima-contara-con-inversion-de-352-mil-millones-a-traves-de-ocad-paz-gobernadora-matiz\/regional\/\" \/>\n<meta property=\"og:locale\" content=\"es_ES\" \/>\n<meta property=\"og:type\" content=\"article\" \/>\n<meta property=\"og:title\" content=\"\u201dTolima contar\u00e1 con inversi\u00f3n de $352 mil millones a trav\u00e9s de OCAD Paz\u201d: gobernadora Matiz - Ciudad y Region\" \/>\n<meta property=\"og:description\" content=\"En la \u00faltima sesi\u00f3n se definieron aspectos importantes para la distribuci\u00f3n de recursos destinados a los municipios PDET. La gobernadora del Tolima, Adriana Magali Matiz, anunci\u00f3 importantes avances en materia de inversi\u00f3n para el departamento, tras su participaci\u00f3n en la m\u00e1s reciente sesi\u00f3n del OCAD Paz, donde se posesion\u00f3 comoContinuar Leyendo\" \/>\n<meta property=\"og:url\" content=\"https:\/\/ciudadyregion.com.co\/index.php\/tolima-contara-con-inversion-de-352-mil-millones-a-traves-de-ocad-paz-gobernadora-matiz\/regional\/\" \/>\n<meta property=\"og:site_name\" content=\"Ciudad y Region\" \/>\n<meta property=\"article:published_time\" content=\"2025-04-14T13:53:28+00:00\" \/>\n<meta property=\"og:image\" content=\"https:\/\/ciudadyregion.com.co\/wp-content\/uploads\/2025\/04\/2-26.jpg\" \/>\n\t<meta property=\"og:image:width\" content=\"800\" \/>\n\t<meta property=\"og:image:height\" content=\"445\" \/>\n\t<meta property=\"og:image:type\" content=\"image\/jpeg\" \/>\n<meta name=\"author\" content=\"David Andr\u00e9s Aguirre\" \/>\n<meta name=\"twitter:card\" content=\"summary_large_image\" \/>\n<meta name=\"twitter:label1\" content=\"Escrito por\" \/>\n\t<meta name=\"twitter:data1\" content=\"David Andr\u00e9s Aguirre\" \/>\n\t<meta name=\"twitter:label2\" content=\"Tiempo de lectura\" \/>\n\t<meta name=\"twitter:data2\" content=\"2 minutos\" \/>\n<script type=\"application\/ld+json\" class=\"yoast-schema-graph\">{\"@context\":\"https:\/\/schema.org\",\"@graph\":[{\"@type\":\"WebPage\",\"@id\":\"https:\/\/ciudadyregion.com.co\/index.php\/tolima-contara-con-inversion-de-352-mil-millones-a-traves-de-ocad-paz-gobernadora-matiz\/regional\/\",\"url\":\"https:\/\/ciudadyregion.com.co\/index.php\/tolima-contara-con-inversion-de-352-mil-millones-a-traves-de-ocad-paz-gobernadora-matiz\/regional\/\",\"name\":\"\u201dTolima contar\u00e1 con inversi\u00f3n de $352 mil millones a trav\u00e9s de OCAD Paz\u201d: gobernadora Matiz - Ciudad y Region\",\"isPartOf\":{\"@id\":\"https:\/\/ciudadyregion.com.co\/#website\"},\"primaryImageOfPage\":{\"@id\":\"https:\/\/ciudadyregion.com.co\/index.php\/tolima-contara-con-inversion-de-352-mil-millones-a-traves-de-ocad-paz-gobernadora-matiz\/regional\/#primaryimage\"},\"image\":{\"@id\":\"https:\/\/ciudadyregion.com.co\/index.php\/tolima-contara-con-inversion-de-352-mil-millones-a-traves-de-ocad-paz-gobernadora-matiz\/regional\/#primaryimage\"},\"thumbnailUrl\":\"https:\/\/i0.wp.com\/ciudadyregion.com.co\/wp-content\/uploads\/2025\/04\/2-26.jpg?fit=800%2C445&ssl=1\",\"datePublished\":\"2025-04-14T13:53:28+00:00\",\"dateModified\":\"2025-04-14T13:53:28+00:00\",\"author\":{\"@id\":\"https:\/\/ciudadyregion.com.co\/#\/schema\/person\/04a4954373ebc4051f46e8c65ff78622\"},\"breadcrumb\":{\"@id\":\"https:\/\/ciudadyregion.com.co\/index.php\/tolima-contara-con-inversion-de-352-mil-millones-a-traves-de-ocad-paz-gobernadora-matiz\/regional\/#breadcrumb\"},\"inLanguage\":\"es\",\"potentialAction\":[{\"@type\":\"ReadAction\",\"target\":[\"https:\/\/ciudadyregion.com.co\/index.php\/tolima-contara-con-inversion-de-352-mil-millones-a-traves-de-ocad-paz-gobernadora-matiz\/regional\/\"]}]},{\"@type\":\"ImageObject\",\"inLanguage\":\"es\",\"@id\":\"https:\/\/ciudadyregion.com.co\/index.php\/tolima-contara-con-inversion-de-352-mil-millones-a-traves-de-ocad-paz-gobernadora-matiz\/regional\/#primaryimage\",\"url\":\"https:\/\/i0.wp.com\/ciudadyregion.com.co\/wp-content\/uploads\/2025\/04\/2-26.jpg?fit=800%2C445&ssl=1\",\"contentUrl\":\"https:\/\/i0.wp.com\/ciudadyregion.com.co\/wp-content\/uploads\/2025\/04\/2-26.jpg?fit=800%2C445&ssl=1\",\"width\":800,\"height\":445},{\"@type\":\"BreadcrumbList\",\"@id\":\"https:\/\/ciudadyregion.com.co\/index.php\/tolima-contara-con-inversion-de-352-mil-millones-a-traves-de-ocad-paz-gobernadora-matiz\/regional\/#breadcrumb\",\"itemListElement\":[{\"@type\":\"ListItem\",\"position\":1,\"name\":\"Portada\",\"item\":\"https:\/\/ciudadyregion.com.co\/\"},{\"@type\":\"ListItem\",\"position\":2,\"name\":\"\u201dTolima contar\u00e1 con inversi\u00f3n de $352 mil millones a trav\u00e9s de OCAD Paz\u201d: gobernadora Matiz\"}]},{\"@type\":\"WebSite\",\"@id\":\"https:\/\/ciudadyregion.com.co\/#website\",\"url\":\"https:\/\/ciudadyregion.com.co\/\",\"name\":\"Ciudad y Region\",\"description\":\"\",\"potentialAction\":[{\"@type\":\"SearchAction\",\"target\":{\"@type\":\"EntryPoint\",\"urlTemplate\":\"https:\/\/ciudadyregion.com.co\/?s={search_term_string}\"},\"query-input\":{\"@type\":\"PropertyValueSpecification\",\"valueRequired\":true,\"valueName\":\"search_term_string\"}}],\"inLanguage\":\"es\"},{\"@type\":\"Person\",\"@id\":\"https:\/\/ciudadyregion.com.co\/#\/schema\/person\/04a4954373ebc4051f46e8c65ff78622\",\"name\":\"David Andr\u00e9s Aguirre\",\"image\":{\"@type\":\"ImageObject\",\"inLanguage\":\"es\",\"@id\":\"https:\/\/ciudadyregion.com.co\/#\/schema\/person\/image\/\",\"url\":\"https:\/\/secure.gravatar.com\/avatar\/bc3c655860202182ee6d1b5edd042dbe?s=96&d=mm&r=g\",\"contentUrl\":\"https:\/\/secure.gravatar.com\/avatar\/bc3c655860202182ee6d1b5edd042dbe?s=96&d=mm&r=g\",\"caption\":\"David Andr\u00e9s Aguirre\"},\"url\":\"https:\/\/ciudadyregion.com.co\/index.php\/author\/diegoaguirre\/\"}]}<\/script>\n<!-- \/ Yoast SEO plugin. -->","yoast_head_json":{"title":"\u201dTolima contar\u00e1 con inversi\u00f3n de $352 mil millones a trav\u00e9s de OCAD Paz\u201d: gobernadora Matiz - Ciudad y Region","robots":{"index":"index","follow":"follow","max-snippet":"max-snippet:-1","max-image-preview":"max-image-preview:large","max-video-preview":"max-video-preview:-1"},"canonical":"https:\/\/ciudadyregion.com.co\/index.php\/tolima-contara-con-inversion-de-352-mil-millones-a-traves-de-ocad-paz-gobernadora-matiz\/regional\/","og_locale":"es_ES","og_type":"article","og_title":"\u201dTolima contar\u00e1 con inversi\u00f3n de $352 mil millones a trav\u00e9s de OCAD Paz\u201d: gobernadora Matiz - Ciudad y Region","og_description":"En la \u00faltima sesi\u00f3n se definieron aspectos importantes para la distribuci\u00f3n de recursos destinados a los municipios PDET. La gobernadora del Tolima, Adriana Magali Matiz, anunci\u00f3 importantes avances en materia de inversi\u00f3n para el departamento, tras su participaci\u00f3n en la m\u00e1s reciente sesi\u00f3n del OCAD Paz, donde se posesion\u00f3 comoContinuar Leyendo","og_url":"https:\/\/ciudadyregion.com.co\/index.php\/tolima-contara-con-inversion-de-352-mil-millones-a-traves-de-ocad-paz-gobernadora-matiz\/regional\/","og_site_name":"Ciudad y Region","article_published_time":"2025-04-14T13:53:28+00:00","og_image":[{"width":800,"height":445,"url":"https:\/\/ciudadyregion.com.co\/wp-content\/uploads\/2025\/04\/2-26.jpg","type":"image\/jpeg"}],"author":"David Andr\u00e9s Aguirre","twitter_card":"summary_large_image","twitter_misc":{"Escrito por":"David Andr\u00e9s Aguirre","Tiempo de lectura":"2 minutos"},"schema":{"@context":"https:\/\/schema.org","@graph":[{"@type":"WebPage","@id":"https:\/\/ciudadyregion.com.co\/index.php\/tolima-contara-con-inversion-de-352-mil-millones-a-traves-de-ocad-paz-gobernadora-matiz\/regional\/","url":"https:\/\/ciudadyregion.com.co\/index.php\/tolima-contara-con-inversion-de-352-mil-millones-a-traves-de-ocad-paz-gobernadora-matiz\/regional\/","name":"\u201dTolima contar\u00e1 con inversi\u00f3n de $352 mil millones a trav\u00e9s de OCAD Paz\u201d: gobernadora Matiz - Ciudad y Region","isPartOf":{"@id":"https:\/\/ciudadyregion.com.co\/#website"},"primaryImageOfPage":{"@id":"https:\/\/ciudadyregion.com.co\/index.php\/tolima-contara-con-inversion-de-352-mil-millones-a-traves-de-ocad-paz-gobernadora-matiz\/regional\/#primaryimage"},"image":{"@id":"https:\/\/ciudadyregion.com.co\/index.php\/tolima-contara-con-inversion-de-352-mil-millones-a-traves-de-ocad-paz-gobernadora-matiz\/regional\/#primaryimage"},"thumbnailUrl":"https:\/\/i0.wp.com\/ciudadyregion.com.co\/wp-content\/uploads\/2025\/04\/2-26.jpg?fit=800%2C445&ssl=1","datePublished":"2025-04-14T13:53:28+00:00","dateModified":"2025-04-14T13:53:28+00:00","author":{"@id":"https:\/\/ciudadyregion.com.co\/#\/schema\/person\/04a4954373ebc4051f46e8c65ff78622"},"breadcrumb":{"@id":"https:\/\/ciudadyregion.com.co\/index.php\/tolima-contara-con-inversion-de-352-mil-millones-a-traves-de-ocad-paz-gobernadora-matiz\/regional\/#breadcrumb"},"inLanguage":"es","potentialAction":[{"@type":"ReadAction","target":["https:\/\/ciudadyregion.com.co\/index.php\/tolima-contara-con-inversion-de-352-mil-millones-a-traves-de-ocad-paz-gobernadora-matiz\/regional\/"]}]},{"@type":"ImageObject","inLanguage":"es","@id":"https:\/\/ciudadyregion.com.co\/index.php\/tolima-contara-con-inversion-de-352-mil-millones-a-traves-de-ocad-paz-gobernadora-matiz\/regional\/#primaryimage","url":"https:\/\/i0.wp.com\/ciudadyregion.com.co\/wp-content\/uploads\/2025\/04\/2-26.jpg?fit=800%2C445&ssl=1","contentUrl":"https:\/\/i0.wp.com\/ciudadyregion.com.co\/wp-content\/uploads\/2025\/04\/2-26.jpg?fit=800%2C445&ssl=1","width":800,"height":445},{"@type":"BreadcrumbList","@id":"https:\/\/ciudadyregion.com.co\/index.php\/tolima-contara-con-inversion-de-352-mil-millones-a-traves-de-ocad-paz-gobernadora-matiz\/regional\/#breadcrumb","itemListElement":[{"@type":"ListItem","position":1,"name":"Portada","item":"https:\/\/ciudadyregion.com.co\/"},{"@type":"ListItem","position":2,"name":"\u201dTolima contar\u00e1 con inversi\u00f3n de $352 mil millones a trav\u00e9s de OCAD Paz\u201d: gobernadora Matiz"}]},{"@type":"WebSite","@id":"https:\/\/ciudadyregion.com.co\/#website","url":"https:\/\/ciudadyregion.com.co\/","name":"Ciudad y Region","description":"","potentialAction":[{"@type":"SearchAction","target":{"@type":"EntryPoint","urlTemplate":"https:\/\/ciudadyregion.com.co\/?s={search_term_string}"},"query-input":{"@type":"PropertyValueSpecification","valueRequired":true,"valueName":"search_term_string"}}],"inLanguage":"es"},{"@type":"Person","@id":"https:\/\/ciudadyregion.com.co\/#\/schema\/person\/04a4954373ebc4051f46e8c65ff78622","name":"David Andr\u00e9s Aguirre","image":{"@type":"ImageObject","inLanguage":"es","@id":"https:\/\/ciudadyregion.com.co\/#\/schema\/person\/image\/","url":"https:\/\/secure.gravatar.com\/avatar\/bc3c655860202182ee6d1b5edd042dbe?s=96&d=mm&r=g","contentUrl":"https:\/\/secure.gravatar.com\/avatar\/bc3c655860202182ee6d1b5edd042dbe?s=96&d=mm&r=g","caption":"David Andr\u00e9s Aguirre"},"url":"https:\/\/ciudadyregion.com.co\/index.php\/author\/diegoaguirre\/"}]}},"jetpack_featured_media_url":"https:\/\/i0.wp.com\/ciudadyregion.com.co\/wp-content\/uploads\/2025\/04\/2-26.jpg?fit=800%2C445&ssl=1","jetpack_sharing_enabled":true,"jetpack_shortlink":"https:\/\/wp.me\/pbS7hh-8KY","jetpack-related-posts":[],"_links":{"self":[{"href":"https:\/\/ciudadyregion.com.co\/index.php\/wp-json\/wp\/v2\/posts\/33664"}],"collection":[{"href":"https:\/\/ciudadyregion.com.co\/index.php\/wp-json\/wp\/v2\/posts"}],"about":[{"href":"https:\/\/ciudadyregion.com.co\/index.php\/wp-json\/wp\/v2\/types\/post"}],"author":[{"embeddable":true,"href":"https:\/\/ciudadyregion.com.co\/index.php\/wp-json\/wp\/v2\/users\/2"}],"replies":[{"embeddable":true,"href":"https:\/\/ciudadyregion.com.co\/index.php\/wp-json\/wp\/v2\/comments?post=33664"}],"version-history":[{"count":1,"href":"https:\/\/ciudadyregion.com.co\/index.php\/wp-json\/wp\/v2\/posts\/33664\/revisions"}],"predecessor-version":[{"id":33666,"href":"https:\/\/ciudadyregion.com.co\/index.php\/wp-json\/wp\/v2\/posts\/33664\/revisions\/33666"}],"wp:featuredmedia":[{"embeddable":true,"href":"https:\/\/ciudadyregion.com.co\/index.php\/wp-json\/wp\/v2\/media\/33665"}],"wp:attachment":[{"href":"https:\/\/ciudadyregion.com.co\/index.php\/wp-json\/wp\/v2\/media?parent=33664"}],"wp:term":[{"taxonomy":"category","embeddable":true,"href":"https:\/\/ciudadyregion.com.co\/index.php\/wp-json\/wp\/v2\/categories?post=33664"},{"taxonomy":"post_tag","embeddable":true,"href":"https:\/\/ciudadyregion.com.co\/index.php\/wp-json\/wp\/v2\/tags?post=33664"}],"curies":[{"name":"wp","href":"https:\/\/api.w.org\/{rel}","templated":true}]}}