{"id":33658,"date":"2025-04-14T08:47:34","date_gmt":"2025-04-14T13:47:34","guid":{"rendered":"https:\/\/ciudadyregion.com.co\/?p=33658"},"modified":"2025-04-14T08:47:34","modified_gmt":"2025-04-14T13:47:34","slug":"avanza-la-modernizacion-del-alumbrado-publico-en-57-iglesias-en-ibague-para-semana-santa","status":"publish","type":"post","link":"https:\/\/ciudadyregion.com.co\/index.php\/avanza-la-modernizacion-del-alumbrado-publico-en-57-iglesias-en-ibague-para-semana-santa\/ibague\/","title":{"rendered":"Avanza la modernizaci\u00f3n del alumbrado p\u00fablico en 57 iglesias en Ibagu\u00e9 para Semana Santa"},"content":{"rendered":"<div><span style=\"font-family: Arial;\">Sin descanso avanza el trabajo del equipo operativo de Infibagu\u00e9, que ejecuta labores de mantenimiento y modernizaci\u00f3n del alumbrado p\u00fablico, as\u00ed como la instalaci\u00f3n de reflectores en 57 parroquias de la ciudad.\u00a0<\/span><\/div>\n<div><span style=\"font-family: Arial;\">\u00a0<\/span><\/div>\n<div><span style=\"font-family: Arial;\">Estas acciones hacen parte del Plan Semana Santa, con el objetivo de brindar a los feligreses espacios m\u00e1s seguros y mejor iluminados para sus encuentros religiosos.<\/span><\/div>\n<div><span style=\"font-family: Arial;\">\u00a0<\/span><\/div>\n<blockquote>\n<div><span style=\"font-family: Arial;\"><i>\u201cHoy nos encontramos cumpliendo con esta instrucci\u00f3n de nuestra alcaldesa Johana Aranda: la ejecuci\u00f3n del Plan Semana Santa, donde a Infibagu\u00e9 le corresponde realizar podas, mantenimiento o modernizaci\u00f3n del alumbrado p\u00fablico y embellecimiento de los parques cercanos a las parroquias\u201d,<\/i>\u00a0indic\u00f3 Edilberto Pava, gerente de Infibagu\u00e9.<\/span><\/div>\n<\/blockquote>\n<div><span style=\"font-family: Arial;\">\u00a0<\/span><\/div>\n<div><span style=\"font-family: Arial;\">Entre las iglesias beneficiadas se encuentran la Catedral Inmaculada Concepci\u00f3n de Mar\u00eda (Plaza de Bol\u00edvar), Nuestra Se\u00f1ora del Carmen (calle 19), San Roque (Centro), Mar\u00eda Auxiliadora (C\u00e1diz), San Judas Tadeo (Santa Helena), Esp\u00edritu Santo (Jord\u00e1n 8\u00aa etapa), Inmaculado Coraz\u00f3n de Mar\u00eda (Ricaurte), Nuestra Se\u00f1ora de Chiquinquir\u00e1 (Piedra Pintada), Nuestra Se\u00f1ora de Guadalupe (Topacio), San Isidro Labrador (El Salado), Cristo Rey (Picale\u00f1a), San Pedro Ap\u00f3stol (Ciudadela Comfenalco), entre otras.<\/span><\/div>\n<div><span style=\"font-family: Arial;\">\u00a0<\/span><\/div>\n<blockquote>\n<div><span style=\"font-family: Arial;\"><i>\u201cAgradecemos a Infibagu\u00e9 por las obras que van a realizar en este sector, junto a la iglesia y el colegio Ismael Santofimio Trujillo, en cuanto a iluminaci\u00f3n y poda de \u00e1rboles. Muchas gracias\u201d<\/i>, expres\u00f3 Giovanni Herrera, l\u00edder juvenil del barrio La Gaviota.<\/span><\/div>\n<\/blockquote>\n<div><span style=\"font-family: Arial;\">\u00a0<\/span><\/div>\n<div><span style=\"font-family: Arial;\">De manera paralela, se adelantan labores de mantenimiento y embellecimiento en 27 parques y zonas verdes aleda\u00f1as a estos templos. Las intervenciones incluyen rocer\u00eda, poda, pintura, soldadura, recolecci\u00f3n de residuos, entre otras acciones que permiten mantener estos espacios en \u00f3ptimas condiciones para el disfrute de la comunidad.<\/span><\/div>\n","protected":false},"excerpt":{"rendered":"<p>Sin descanso avanza el trabajo del equipo operativo de Infibagu\u00e9, que ejecuta labores de mantenimiento y modernizaci\u00f3n del alumbrado p\u00fablico, as\u00ed como la instalaci\u00f3n de reflectores en 57 parroquias de la ciudad.\u00a0 \u00a0 Estas acciones hacen parte del Plan Semana Santa, con el objetivo de brindar a los feligreses espacios<span class=\"more-link\"><a href=\"https:\/\/ciudadyregion.com.co\/index.php\/avanza-la-modernizacion-del-alumbrado-publico-en-57-iglesias-en-ibague-para-semana-santa\/ibague\/\">Continuar Leyendo<\/a><\/span><\/p>\n","protected":false},"author":2,"featured_media":33659,"comment_status":"open","ping_status":"open","sticky":false,"template":"","format":"standard","meta":{"_uf_show_specific_survey":0,"_uf_disable_surveys":false,"_jetpack_memberships_contains_paid_content":false,"footnotes":"","jetpack_publicize_message":"","jetpack_publicize_feature_enabled":true,"jetpack_social_post_already_shared":true,"jetpack_social_options":{"image_generator_settings":{"template":"highway","enabled":false},"version":2}},"categories":[14],"tags":[],"class_list":["entry","author-diegoaguirre","post-33658","post","type-post","status-publish","format-standard","has-post-thumbnail","category-ibague"],"jetpack_publicize_connections":[],"yoast_head":"<!-- This site is optimized with the Yoast SEO plugin v24.3 - https:\/\/yoast.com\/wordpress\/plugins\/seo\/ -->\n<title>Avanza la modernizaci\u00f3n del alumbrado p\u00fablico en 57 iglesias en Ibagu\u00e9 para Semana Santa - Ciudad y Region<\/title>\n<meta name=\"robots\" content=\"index, follow, max-snippet:-1, max-image-preview:large, max-video-preview:-1\" \/>\n<link rel=\"canonical\" href=\"https:\/\/ciudadyregion.com.co\/index.php\/avanza-la-modernizacion-del-alumbrado-publico-en-57-iglesias-en-ibague-para-semana-santa\/ibague\/\" \/>\n<meta property=\"og:locale\" content=\"es_ES\" \/>\n<meta property=\"og:type\" content=\"article\" \/>\n<meta property=\"og:title\" content=\"Avanza la modernizaci\u00f3n del alumbrado p\u00fablico en 57 iglesias en Ibagu\u00e9 para Semana Santa - Ciudad y Region\" \/>\n<meta property=\"og:description\" content=\"Sin descanso avanza el trabajo del equipo operativo de Infibagu\u00e9, que ejecuta labores de mantenimiento y modernizaci\u00f3n del alumbrado p\u00fablico, as\u00ed como la instalaci\u00f3n de reflectores en 57 parroquias de la ciudad.\u00a0 \u00a0 Estas acciones hacen parte del Plan Semana Santa, con el objetivo de brindar a los feligreses espaciosContinuar Leyendo\" \/>\n<meta property=\"og:url\" content=\"https:\/\/ciudadyregion.com.co\/index.php\/avanza-la-modernizacion-del-alumbrado-publico-en-57-iglesias-en-ibague-para-semana-santa\/ibague\/\" \/>\n<meta property=\"og:site_name\" content=\"Ciudad y Region\" \/>\n<meta property=\"article:published_time\" content=\"2025-04-14T13:47:34+00:00\" \/>\n<meta property=\"og:image\" content=\"https:\/\/ciudadyregion.com.co\/wp-content\/uploads\/2025\/04\/3-27.jpg\" \/>\n\t<meta property=\"og:image:width\" content=\"800\" \/>\n\t<meta property=\"og:image:height\" content=\"445\" \/>\n\t<meta property=\"og:image:type\" content=\"image\/jpeg\" \/>\n<meta name=\"author\" content=\"David Andr\u00e9s Aguirre\" \/>\n<meta name=\"twitter:card\" content=\"summary_large_image\" \/>\n<meta name=\"twitter:label1\" content=\"Escrito por\" \/>\n\t<meta name=\"twitter:data1\" content=\"David Andr\u00e9s Aguirre\" \/>\n\t<meta name=\"twitter:label2\" content=\"Tiempo de lectura\" \/>\n\t<meta name=\"twitter:data2\" content=\"1 minuto\" \/>\n<script type=\"application\/ld+json\" class=\"yoast-schema-graph\">{\"@context\":\"https:\/\/schema.org\",\"@graph\":[{\"@type\":\"WebPage\",\"@id\":\"https:\/\/ciudadyregion.com.co\/index.php\/avanza-la-modernizacion-del-alumbrado-publico-en-57-iglesias-en-ibague-para-semana-santa\/ibague\/\",\"url\":\"https:\/\/ciudadyregion.com.co\/index.php\/avanza-la-modernizacion-del-alumbrado-publico-en-57-iglesias-en-ibague-para-semana-santa\/ibague\/\",\"name\":\"Avanza la modernizaci\u00f3n del alumbrado p\u00fablico en 57 iglesias en Ibagu\u00e9 para Semana Santa - Ciudad y Region\",\"isPartOf\":{\"@id\":\"https:\/\/ciudadyregion.com.co\/#website\"},\"primaryImageOfPage\":{\"@id\":\"https:\/\/ciudadyregion.com.co\/index.php\/avanza-la-modernizacion-del-alumbrado-publico-en-57-iglesias-en-ibague-para-semana-santa\/ibague\/#primaryimage\"},\"image\":{\"@id\":\"https:\/\/ciudadyregion.com.co\/index.php\/avanza-la-modernizacion-del-alumbrado-publico-en-57-iglesias-en-ibague-para-semana-santa\/ibague\/#primaryimage\"},\"thumbnailUrl\":\"https:\/\/i0.wp.com\/ciudadyregion.com.co\/wp-content\/uploads\/2025\/04\/3-27.jpg?fit=800%2C445&ssl=1\",\"datePublished\":\"2025-04-14T13:47:34+00:00\",\"dateModified\":\"2025-04-14T13:47:34+00:00\",\"author\":{\"@id\":\"https:\/\/ciudadyregion.com.co\/#\/schema\/person\/04a4954373ebc4051f46e8c65ff78622\"},\"breadcrumb\":{\"@id\":\"https:\/\/ciudadyregion.com.co\/index.php\/avanza-la-modernizacion-del-alumbrado-publico-en-57-iglesias-en-ibague-para-semana-santa\/ibague\/#breadcrumb\"},\"inLanguage\":\"es\",\"potentialAction\":[{\"@type\":\"ReadAction\",\"target\":[\"https:\/\/ciudadyregion.com.co\/index.php\/avanza-la-modernizacion-del-alumbrado-publico-en-57-iglesias-en-ibague-para-semana-santa\/ibague\/\"]}]},{\"@type\":\"ImageObject\",\"inLanguage\":\"es\",\"@id\":\"https:\/\/ciudadyregion.com.co\/index.php\/avanza-la-modernizacion-del-alumbrado-publico-en-57-iglesias-en-ibague-para-semana-santa\/ibague\/#primaryimage\",\"url\":\"https:\/\/i0.wp.com\/ciudadyregion.com.co\/wp-content\/uploads\/2025\/04\/3-27.jpg?fit=800%2C445&ssl=1\",\"contentUrl\":\"https:\/\/i0.wp.com\/ciudadyregion.com.co\/wp-content\/uploads\/2025\/04\/3-27.jpg?fit=800%2C445&ssl=1\",\"width\":800,\"height\":445},{\"@type\":\"BreadcrumbList\",\"@id\":\"https:\/\/ciudadyregion.com.co\/index.php\/avanza-la-modernizacion-del-alumbrado-publico-en-57-iglesias-en-ibague-para-semana-santa\/ibague\/#breadcrumb\",\"itemListElement\":[{\"@type\":\"ListItem\",\"position\":1,\"name\":\"Portada\",\"item\":\"https:\/\/ciudadyregion.com.co\/\"},{\"@type\":\"ListItem\",\"position\":2,\"name\":\"Avanza la modernizaci\u00f3n del alumbrado p\u00fablico en 57 iglesias en Ibagu\u00e9 para Semana Santa\"}]},{\"@type\":\"WebSite\",\"@id\":\"https:\/\/ciudadyregion.com.co\/#website\",\"url\":\"https:\/\/ciudadyregion.com.co\/\",\"name\":\"Ciudad y Region\",\"description\":\"\",\"potentialAction\":[{\"@type\":\"SearchAction\",\"target\":{\"@type\":\"EntryPoint\",\"urlTemplate\":\"https:\/\/ciudadyregion.com.co\/?s={search_term_string}\"},\"query-input\":{\"@type\":\"PropertyValueSpecification\",\"valueRequired\":true,\"valueName\":\"search_term_string\"}}],\"inLanguage\":\"es\"},{\"@type\":\"Person\",\"@id\":\"https:\/\/ciudadyregion.com.co\/#\/schema\/person\/04a4954373ebc4051f46e8c65ff78622\",\"name\":\"David Andr\u00e9s Aguirre\",\"image\":{\"@type\":\"ImageObject\",\"inLanguage\":\"es\",\"@id\":\"https:\/\/ciudadyregion.com.co\/#\/schema\/person\/image\/\",\"url\":\"https:\/\/secure.gravatar.com\/avatar\/bc3c655860202182ee6d1b5edd042dbe?s=96&d=mm&r=g\",\"contentUrl\":\"https:\/\/secure.gravatar.com\/avatar\/bc3c655860202182ee6d1b5edd042dbe?s=96&d=mm&r=g\",\"caption\":\"David Andr\u00e9s Aguirre\"},\"url\":\"https:\/\/ciudadyregion.com.co\/index.php\/author\/diegoaguirre\/\"}]}<\/script>\n<!-- \/ Yoast SEO plugin. -->","yoast_head_json":{"title":"Avanza la modernizaci\u00f3n del alumbrado p\u00fablico en 57 iglesias en Ibagu\u00e9 para Semana Santa - Ciudad y Region","robots":{"index":"index","follow":"follow","max-snippet":"max-snippet:-1","max-image-preview":"max-image-preview:large","max-video-preview":"max-video-preview:-1"},"canonical":"https:\/\/ciudadyregion.com.co\/index.php\/avanza-la-modernizacion-del-alumbrado-publico-en-57-iglesias-en-ibague-para-semana-santa\/ibague\/","og_locale":"es_ES","og_type":"article","og_title":"Avanza la modernizaci\u00f3n del alumbrado p\u00fablico en 57 iglesias en Ibagu\u00e9 para Semana Santa - Ciudad y Region","og_description":"Sin descanso avanza el trabajo del equipo operativo de Infibagu\u00e9, que ejecuta labores de mantenimiento y modernizaci\u00f3n del alumbrado p\u00fablico, as\u00ed como la instalaci\u00f3n de reflectores en 57 parroquias de la ciudad.\u00a0 \u00a0 Estas acciones hacen parte del Plan Semana Santa, con el objetivo de brindar a los feligreses espaciosContinuar Leyendo","og_url":"https:\/\/ciudadyregion.com.co\/index.php\/avanza-la-modernizacion-del-alumbrado-publico-en-57-iglesias-en-ibague-para-semana-santa\/ibague\/","og_site_name":"Ciudad y Region","article_published_time":"2025-04-14T13:47:34+00:00","og_image":[{"width":800,"height":445,"url":"https:\/\/ciudadyregion.com.co\/wp-content\/uploads\/2025\/04\/3-27.jpg","type":"image\/jpeg"}],"author":"David Andr\u00e9s Aguirre","twitter_card":"summary_large_image","twitter_misc":{"Escrito por":"David Andr\u00e9s Aguirre","Tiempo de lectura":"1 minuto"},"schema":{"@context":"https:\/\/schema.org","@graph":[{"@type":"WebPage","@id":"https:\/\/ciudadyregion.com.co\/index.php\/avanza-la-modernizacion-del-alumbrado-publico-en-57-iglesias-en-ibague-para-semana-santa\/ibague\/","url":"https:\/\/ciudadyregion.com.co\/index.php\/avanza-la-modernizacion-del-alumbrado-publico-en-57-iglesias-en-ibague-para-semana-santa\/ibague\/","name":"Avanza la modernizaci\u00f3n del alumbrado p\u00fablico en 57 iglesias en Ibagu\u00e9 para Semana Santa - Ciudad y Region","isPartOf":{"@id":"https:\/\/ciudadyregion.com.co\/#website"},"primaryImageOfPage":{"@id":"https:\/\/ciudadyregion.com.co\/index.php\/avanza-la-modernizacion-del-alumbrado-publico-en-57-iglesias-en-ibague-para-semana-santa\/ibague\/#primaryimage"},"image":{"@id":"https:\/\/ciudadyregion.com.co\/index.php\/avanza-la-modernizacion-del-alumbrado-publico-en-57-iglesias-en-ibague-para-semana-santa\/ibague\/#primaryimage"},"thumbnailUrl":"https:\/\/i0.wp.com\/ciudadyregion.com.co\/wp-content\/uploads\/2025\/04\/3-27.jpg?fit=800%2C445&ssl=1","datePublished":"2025-04-14T13:47:34+00:00","dateModified":"2025-04-14T13:47:34+00:00","author":{"@id":"https:\/\/ciudadyregion.com.co\/#\/schema\/person\/04a4954373ebc4051f46e8c65ff78622"},"breadcrumb":{"@id":"https:\/\/ciudadyregion.com.co\/index.php\/avanza-la-modernizacion-del-alumbrado-publico-en-57-iglesias-en-ibague-para-semana-santa\/ibague\/#breadcrumb"},"inLanguage":"es","potentialAction":[{"@type":"ReadAction","target":["https:\/\/ciudadyregion.com.co\/index.php\/avanza-la-modernizacion-del-alumbrado-publico-en-57-iglesias-en-ibague-para-semana-santa\/ibague\/"]}]},{"@type":"ImageObject","inLanguage":"es","@id":"https:\/\/ciudadyregion.com.co\/index.php\/avanza-la-modernizacion-del-alumbrado-publico-en-57-iglesias-en-ibague-para-semana-santa\/ibague\/#primaryimage","url":"https:\/\/i0.wp.com\/ciudadyregion.com.co\/wp-content\/uploads\/2025\/04\/3-27.jpg?fit=800%2C445&ssl=1","contentUrl":"https:\/\/i0.wp.com\/ciudadyregion.com.co\/wp-content\/uploads\/2025\/04\/3-27.jpg?fit=800%2C445&ssl=1","width":800,"height":445},{"@type":"BreadcrumbList","@id":"https:\/\/ciudadyregion.com.co\/index.php\/avanza-la-modernizacion-del-alumbrado-publico-en-57-iglesias-en-ibague-para-semana-santa\/ibague\/#breadcrumb","itemListElement":[{"@type":"ListItem","position":1,"name":"Portada","item":"https:\/\/ciudadyregion.com.co\/"},{"@type":"ListItem","position":2,"name":"Avanza la modernizaci\u00f3n del alumbrado p\u00fablico en 57 iglesias en Ibagu\u00e9 para Semana Santa"}]},{"@type":"WebSite","@id":"https:\/\/ciudadyregion.com.co\/#website","url":"https:\/\/ciudadyregion.com.co\/","name":"Ciudad y Region","description":"","potentialAction":[{"@type":"SearchAction","target":{"@type":"EntryPoint","urlTemplate":"https:\/\/ciudadyregion.com.co\/?s={search_term_string}"},"query-input":{"@type":"PropertyValueSpecification","valueRequired":true,"valueName":"search_term_string"}}],"inLanguage":"es"},{"@type":"Person","@id":"https:\/\/ciudadyregion.com.co\/#\/schema\/person\/04a4954373ebc4051f46e8c65ff78622","name":"David Andr\u00e9s Aguirre","image":{"@type":"ImageObject","inLanguage":"es","@id":"https:\/\/ciudadyregion.com.co\/#\/schema\/person\/image\/","url":"https:\/\/secure.gravatar.com\/avatar\/bc3c655860202182ee6d1b5edd042dbe?s=96&d=mm&r=g","contentUrl":"https:\/\/secure.gravatar.com\/avatar\/bc3c655860202182ee6d1b5edd042dbe?s=96&d=mm&r=g","caption":"David Andr\u00e9s Aguirre"},"url":"https:\/\/ciudadyregion.com.co\/index.php\/author\/diegoaguirre\/"}]}},"jetpack_featured_media_url":"https:\/\/i0.wp.com\/ciudadyregion.com.co\/wp-content\/uploads\/2025\/04\/3-27.jpg?fit=800%2C445&ssl=1","jetpack_sharing_enabled":true,"jetpack_shortlink":"https:\/\/wp.me\/pbS7hh-8KS","jetpack-related-posts":[],"_links":{"self":[{"href":"https:\/\/ciudadyregion.com.co\/index.php\/wp-json\/wp\/v2\/posts\/33658"}],"collection":[{"href":"https:\/\/ciudadyregion.com.co\/index.php\/wp-json\/wp\/v2\/posts"}],"about":[{"href":"https:\/\/ciudadyregion.com.co\/index.php\/wp-json\/wp\/v2\/types\/post"}],"author":[{"embeddable":true,"href":"https:\/\/ciudadyregion.com.co\/index.php\/wp-json\/wp\/v2\/users\/2"}],"replies":[{"embeddable":true,"href":"https:\/\/ciudadyregion.com.co\/index.php\/wp-json\/wp\/v2\/comments?post=33658"}],"version-history":[{"count":1,"href":"https:\/\/ciudadyregion.com.co\/index.php\/wp-json\/wp\/v2\/posts\/33658\/revisions"}],"predecessor-version":[{"id":33660,"href":"https:\/\/ciudadyregion.com.co\/index.php\/wp-json\/wp\/v2\/posts\/33658\/revisions\/33660"}],"wp:featuredmedia":[{"embeddable":true,"href":"https:\/\/ciudadyregion.com.co\/index.php\/wp-json\/wp\/v2\/media\/33659"}],"wp:attachment":[{"href":"https:\/\/ciudadyregion.com.co\/index.php\/wp-json\/wp\/v2\/media?parent=33658"}],"wp:term":[{"taxonomy":"category","embeddable":true,"href":"https:\/\/ciudadyregion.com.co\/index.php\/wp-json\/wp\/v2\/categories?post=33658"},{"taxonomy":"post_tag","embeddable":true,"href":"https:\/\/ciudadyregion.com.co\/index.php\/wp-json\/wp\/v2\/tags?post=33658"}],"curies":[{"name":"wp","href":"https:\/\/api.w.org\/{rel}","templated":true}]}}