{"id":33655,"date":"2025-04-14T08:36:27","date_gmt":"2025-04-14T13:36:27","guid":{"rendered":"https:\/\/ciudadyregion.com.co\/?p=33655"},"modified":"2025-04-14T08:36:27","modified_gmt":"2025-04-14T13:36:27","slug":"tenga-en-cuenta-estas-recomendaciones-si-visita-el-canon-del-combeima-en-semana-santa","status":"publish","type":"post","link":"https:\/\/ciudadyregion.com.co\/index.php\/tenga-en-cuenta-estas-recomendaciones-si-visita-el-canon-del-combeima-en-semana-santa\/ibague\/","title":{"rendered":"Tenga en cuenta estas recomendaciones si visita el Ca\u00f1\u00f3n del Combeima en Semana Santa"},"content":{"rendered":"<div><span style=\"font-family: Arial;\">Inici\u00f3 la Semana Mayor y la Capital Musical recibe a cientos de turistas que llegan a disfrutar de los atractivos de la ciudad. Uno de los destinos m\u00e1s visitados es el Ca\u00f1\u00f3n del Combeima, por lo cual la Administraci\u00f3n Municipal entrega una serie de recomendaciones para quienes planean recorrer esta zona natural.<\/span><\/div>\n<div><span style=\"font-family: Arial;\"><i>\u00a0<\/i><\/span><\/div>\n<blockquote>\n<div><span style=\"font-family: Arial;\"><i>\u201cAnte la llegada de viajeros a Ibagu\u00e9, como Alcald\u00eda queremos brindar algunas recomendaciones para que quienes visiten el sector tur\u00edstico del Ca\u00f1\u00f3n del Combeima lo hagan con tranquilidad y sin inconvenientes. Lo principal es estar atentos a los cambios en el caudal de r\u00edos y quebradas, ya que nos encontramos en temporada de lluvias y cualquier variaci\u00f3n puede ser significativa\u201d<\/i>, explic\u00f3 Harol Wilches, secretario de Ambiente y Gesti\u00f3n del Riesgo.<\/span><\/div>\n<\/blockquote>\n<div><span style=\"font-family: Arial;\">\u00a0<\/span><\/div>\n<div><span style=\"font-family: Arial;\">Si su plan es acampar, h\u00e1galo \u00fanicamente en zonas altas y adecuadas para esta actividad. Adem\u00e1s, evite el uso de pl\u00e1sticos de un solo uso, ya que se trata de un destino tur\u00edstico sostenible. No deje residuos s\u00f3lidos ni restos de comida en el lugar. Igualmente, est\u00e1 prohibido extraer material vegetal, rocoso o del suelo, y se debe proteger la fauna silvestre.<\/span><\/div>\n<div><span style=\"font-family: Arial;\">\u00a0<\/span><\/div>\n<div><span style=\"font-family: Arial;\">En caso de que desee ascender al Parque Nacional Natural Los Nevados, tenga en cuenta que el \u00fanico acceso habilitado desde Ibagu\u00e9 es el sector conocido como Perlas. Antes de iniciar la caminata, aseg\u00farese de llevar elementos esenciales como botas con buen agarre, ropa t\u00e9rmica, pantalones y chaqueta impermeables, hidrataci\u00f3n suficiente y una adecuada condici\u00f3n f\u00edsica.<\/span><\/div>\n<div><span style=\"font-family: Arial;\">\u00a0<\/span><\/div>\n<blockquote>\n<div><span style=\"font-family: Arial;\"><i>\u201cLes recordamos que el recorrido debe realizarse en compa\u00f1\u00eda de un gu\u00eda avalado. Por eso, los invitamos a ingresar al sitio web de Parques Nacionales Naturales de Colombia, donde podr\u00e1n consultar las operadoras y gu\u00edas autorizados para evitar inconvenientes en esta \u00e1rea protegida\u201d,<\/i>\u00a0agreg\u00f3 el funcionario.<\/span><\/div>\n<\/blockquote>\n<div><span style=\"font-family: Arial;\">\u00a0<\/span><\/div>\n<div><span style=\"font-family: Arial;\">Finalmente, tenga presentes las l\u00edneas 119 y 123 para reportar cualquier emergencia. De esta forma, los organismos de socorro podr\u00e1n brindar atenci\u00f3n oportuna.<\/span><\/div>\n","protected":false},"excerpt":{"rendered":"<p>Inici\u00f3 la Semana Mayor y la Capital Musical recibe a cientos de turistas que llegan a disfrutar de los atractivos de la ciudad. Uno de los destinos m\u00e1s visitados es el Ca\u00f1\u00f3n del Combeima, por lo cual la Administraci\u00f3n Municipal entrega una serie de recomendaciones para quienes planean recorrer esta<span class=\"more-link\"><a href=\"https:\/\/ciudadyregion.com.co\/index.php\/tenga-en-cuenta-estas-recomendaciones-si-visita-el-canon-del-combeima-en-semana-santa\/ibague\/\">Continuar Leyendo<\/a><\/span><\/p>\n","protected":false},"author":2,"featured_media":33656,"comment_status":"open","ping_status":"open","sticky":false,"template":"","format":"standard","meta":{"_uf_show_specific_survey":0,"_uf_disable_surveys":false,"_jetpack_memberships_contains_paid_content":false,"footnotes":"","jetpack_publicize_message":"","jetpack_publicize_feature_enabled":true,"jetpack_social_post_already_shared":true,"jetpack_social_options":{"image_generator_settings":{"template":"highway","enabled":false},"version":2}},"categories":[14],"tags":[],"class_list":["entry","author-diegoaguirre","post-33655","post","type-post","status-publish","format-standard","has-post-thumbnail","category-ibague"],"jetpack_publicize_connections":[],"yoast_head":"<!-- This site is optimized with the Yoast SEO plugin v24.3 - https:\/\/yoast.com\/wordpress\/plugins\/seo\/ -->\n<title>Tenga en cuenta estas recomendaciones si visita el Ca\u00f1\u00f3n del Combeima en Semana Santa - Ciudad y Region<\/title>\n<meta name=\"robots\" content=\"index, follow, max-snippet:-1, max-image-preview:large, max-video-preview:-1\" \/>\n<link rel=\"canonical\" href=\"https:\/\/ciudadyregion.com.co\/index.php\/tenga-en-cuenta-estas-recomendaciones-si-visita-el-canon-del-combeima-en-semana-santa\/ibague\/\" \/>\n<meta property=\"og:locale\" content=\"es_ES\" \/>\n<meta property=\"og:type\" content=\"article\" \/>\n<meta property=\"og:title\" content=\"Tenga en cuenta estas recomendaciones si visita el Ca\u00f1\u00f3n del Combeima en Semana Santa - Ciudad y Region\" \/>\n<meta property=\"og:description\" content=\"Inici\u00f3 la Semana Mayor y la Capital Musical recibe a cientos de turistas que llegan a disfrutar de los atractivos de la ciudad. Uno de los destinos m\u00e1s visitados es el Ca\u00f1\u00f3n del Combeima, por lo cual la Administraci\u00f3n Municipal entrega una serie de recomendaciones para quienes planean recorrer estaContinuar Leyendo\" \/>\n<meta property=\"og:url\" content=\"https:\/\/ciudadyregion.com.co\/index.php\/tenga-en-cuenta-estas-recomendaciones-si-visita-el-canon-del-combeima-en-semana-santa\/ibague\/\" \/>\n<meta property=\"og:site_name\" content=\"Ciudad y Region\" \/>\n<meta property=\"article:published_time\" content=\"2025-04-14T13:36:27+00:00\" \/>\n<meta property=\"og:image\" content=\"https:\/\/ciudadyregion.com.co\/wp-content\/uploads\/2025\/04\/2-25.jpg\" \/>\n\t<meta property=\"og:image:width\" content=\"800\" \/>\n\t<meta property=\"og:image:height\" content=\"445\" \/>\n\t<meta property=\"og:image:type\" content=\"image\/jpeg\" \/>\n<meta name=\"author\" content=\"David Andr\u00e9s Aguirre\" \/>\n<meta name=\"twitter:card\" content=\"summary_large_image\" \/>\n<meta name=\"twitter:label1\" content=\"Escrito por\" \/>\n\t<meta name=\"twitter:data1\" content=\"David Andr\u00e9s Aguirre\" \/>\n\t<meta name=\"twitter:label2\" content=\"Tiempo de lectura\" \/>\n\t<meta name=\"twitter:data2\" content=\"2 minutos\" \/>\n<script type=\"application\/ld+json\" class=\"yoast-schema-graph\">{\"@context\":\"https:\/\/schema.org\",\"@graph\":[{\"@type\":\"WebPage\",\"@id\":\"https:\/\/ciudadyregion.com.co\/index.php\/tenga-en-cuenta-estas-recomendaciones-si-visita-el-canon-del-combeima-en-semana-santa\/ibague\/\",\"url\":\"https:\/\/ciudadyregion.com.co\/index.php\/tenga-en-cuenta-estas-recomendaciones-si-visita-el-canon-del-combeima-en-semana-santa\/ibague\/\",\"name\":\"Tenga en cuenta estas recomendaciones si visita el Ca\u00f1\u00f3n del Combeima en Semana Santa - Ciudad y Region\",\"isPartOf\":{\"@id\":\"https:\/\/ciudadyregion.com.co\/#website\"},\"primaryImageOfPage\":{\"@id\":\"https:\/\/ciudadyregion.com.co\/index.php\/tenga-en-cuenta-estas-recomendaciones-si-visita-el-canon-del-combeima-en-semana-santa\/ibague\/#primaryimage\"},\"image\":{\"@id\":\"https:\/\/ciudadyregion.com.co\/index.php\/tenga-en-cuenta-estas-recomendaciones-si-visita-el-canon-del-combeima-en-semana-santa\/ibague\/#primaryimage\"},\"thumbnailUrl\":\"https:\/\/i0.wp.com\/ciudadyregion.com.co\/wp-content\/uploads\/2025\/04\/2-25.jpg?fit=800%2C445&ssl=1\",\"datePublished\":\"2025-04-14T13:36:27+00:00\",\"dateModified\":\"2025-04-14T13:36:27+00:00\",\"author\":{\"@id\":\"https:\/\/ciudadyregion.com.co\/#\/schema\/person\/04a4954373ebc4051f46e8c65ff78622\"},\"breadcrumb\":{\"@id\":\"https:\/\/ciudadyregion.com.co\/index.php\/tenga-en-cuenta-estas-recomendaciones-si-visita-el-canon-del-combeima-en-semana-santa\/ibague\/#breadcrumb\"},\"inLanguage\":\"es\",\"potentialAction\":[{\"@type\":\"ReadAction\",\"target\":[\"https:\/\/ciudadyregion.com.co\/index.php\/tenga-en-cuenta-estas-recomendaciones-si-visita-el-canon-del-combeima-en-semana-santa\/ibague\/\"]}]},{\"@type\":\"ImageObject\",\"inLanguage\":\"es\",\"@id\":\"https:\/\/ciudadyregion.com.co\/index.php\/tenga-en-cuenta-estas-recomendaciones-si-visita-el-canon-del-combeima-en-semana-santa\/ibague\/#primaryimage\",\"url\":\"https:\/\/i0.wp.com\/ciudadyregion.com.co\/wp-content\/uploads\/2025\/04\/2-25.jpg?fit=800%2C445&ssl=1\",\"contentUrl\":\"https:\/\/i0.wp.com\/ciudadyregion.com.co\/wp-content\/uploads\/2025\/04\/2-25.jpg?fit=800%2C445&ssl=1\",\"width\":800,\"height\":445},{\"@type\":\"BreadcrumbList\",\"@id\":\"https:\/\/ciudadyregion.com.co\/index.php\/tenga-en-cuenta-estas-recomendaciones-si-visita-el-canon-del-combeima-en-semana-santa\/ibague\/#breadcrumb\",\"itemListElement\":[{\"@type\":\"ListItem\",\"position\":1,\"name\":\"Portada\",\"item\":\"https:\/\/ciudadyregion.com.co\/\"},{\"@type\":\"ListItem\",\"position\":2,\"name\":\"Tenga en cuenta estas recomendaciones si visita el Ca\u00f1\u00f3n del Combeima en Semana Santa\"}]},{\"@type\":\"WebSite\",\"@id\":\"https:\/\/ciudadyregion.com.co\/#website\",\"url\":\"https:\/\/ciudadyregion.com.co\/\",\"name\":\"Ciudad y Region\",\"description\":\"\",\"potentialAction\":[{\"@type\":\"SearchAction\",\"target\":{\"@type\":\"EntryPoint\",\"urlTemplate\":\"https:\/\/ciudadyregion.com.co\/?s={search_term_string}\"},\"query-input\":{\"@type\":\"PropertyValueSpecification\",\"valueRequired\":true,\"valueName\":\"search_term_string\"}}],\"inLanguage\":\"es\"},{\"@type\":\"Person\",\"@id\":\"https:\/\/ciudadyregion.com.co\/#\/schema\/person\/04a4954373ebc4051f46e8c65ff78622\",\"name\":\"David Andr\u00e9s Aguirre\",\"image\":{\"@type\":\"ImageObject\",\"inLanguage\":\"es\",\"@id\":\"https:\/\/ciudadyregion.com.co\/#\/schema\/person\/image\/\",\"url\":\"https:\/\/secure.gravatar.com\/avatar\/bc3c655860202182ee6d1b5edd042dbe?s=96&d=mm&r=g\",\"contentUrl\":\"https:\/\/secure.gravatar.com\/avatar\/bc3c655860202182ee6d1b5edd042dbe?s=96&d=mm&r=g\",\"caption\":\"David Andr\u00e9s Aguirre\"},\"url\":\"https:\/\/ciudadyregion.com.co\/index.php\/author\/diegoaguirre\/\"}]}<\/script>\n<!-- \/ Yoast SEO plugin. -->","yoast_head_json":{"title":"Tenga en cuenta estas recomendaciones si visita el Ca\u00f1\u00f3n del Combeima en Semana Santa - Ciudad y Region","robots":{"index":"index","follow":"follow","max-snippet":"max-snippet:-1","max-image-preview":"max-image-preview:large","max-video-preview":"max-video-preview:-1"},"canonical":"https:\/\/ciudadyregion.com.co\/index.php\/tenga-en-cuenta-estas-recomendaciones-si-visita-el-canon-del-combeima-en-semana-santa\/ibague\/","og_locale":"es_ES","og_type":"article","og_title":"Tenga en cuenta estas recomendaciones si visita el Ca\u00f1\u00f3n del Combeima en Semana Santa - Ciudad y Region","og_description":"Inici\u00f3 la Semana Mayor y la Capital Musical recibe a cientos de turistas que llegan a disfrutar de los atractivos de la ciudad. Uno de los destinos m\u00e1s visitados es el Ca\u00f1\u00f3n del Combeima, por lo cual la Administraci\u00f3n Municipal entrega una serie de recomendaciones para quienes planean recorrer estaContinuar Leyendo","og_url":"https:\/\/ciudadyregion.com.co\/index.php\/tenga-en-cuenta-estas-recomendaciones-si-visita-el-canon-del-combeima-en-semana-santa\/ibague\/","og_site_name":"Ciudad y Region","article_published_time":"2025-04-14T13:36:27+00:00","og_image":[{"width":800,"height":445,"url":"https:\/\/ciudadyregion.com.co\/wp-content\/uploads\/2025\/04\/2-25.jpg","type":"image\/jpeg"}],"author":"David Andr\u00e9s Aguirre","twitter_card":"summary_large_image","twitter_misc":{"Escrito por":"David Andr\u00e9s Aguirre","Tiempo de lectura":"2 minutos"},"schema":{"@context":"https:\/\/schema.org","@graph":[{"@type":"WebPage","@id":"https:\/\/ciudadyregion.com.co\/index.php\/tenga-en-cuenta-estas-recomendaciones-si-visita-el-canon-del-combeima-en-semana-santa\/ibague\/","url":"https:\/\/ciudadyregion.com.co\/index.php\/tenga-en-cuenta-estas-recomendaciones-si-visita-el-canon-del-combeima-en-semana-santa\/ibague\/","name":"Tenga en cuenta estas recomendaciones si visita el Ca\u00f1\u00f3n del Combeima en Semana Santa - Ciudad y Region","isPartOf":{"@id":"https:\/\/ciudadyregion.com.co\/#website"},"primaryImageOfPage":{"@id":"https:\/\/ciudadyregion.com.co\/index.php\/tenga-en-cuenta-estas-recomendaciones-si-visita-el-canon-del-combeima-en-semana-santa\/ibague\/#primaryimage"},"image":{"@id":"https:\/\/ciudadyregion.com.co\/index.php\/tenga-en-cuenta-estas-recomendaciones-si-visita-el-canon-del-combeima-en-semana-santa\/ibague\/#primaryimage"},"thumbnailUrl":"https:\/\/i0.wp.com\/ciudadyregion.com.co\/wp-content\/uploads\/2025\/04\/2-25.jpg?fit=800%2C445&ssl=1","datePublished":"2025-04-14T13:36:27+00:00","dateModified":"2025-04-14T13:36:27+00:00","author":{"@id":"https:\/\/ciudadyregion.com.co\/#\/schema\/person\/04a4954373ebc4051f46e8c65ff78622"},"breadcrumb":{"@id":"https:\/\/ciudadyregion.com.co\/index.php\/tenga-en-cuenta-estas-recomendaciones-si-visita-el-canon-del-combeima-en-semana-santa\/ibague\/#breadcrumb"},"inLanguage":"es","potentialAction":[{"@type":"ReadAction","target":["https:\/\/ciudadyregion.com.co\/index.php\/tenga-en-cuenta-estas-recomendaciones-si-visita-el-canon-del-combeima-en-semana-santa\/ibague\/"]}]},{"@type":"ImageObject","inLanguage":"es","@id":"https:\/\/ciudadyregion.com.co\/index.php\/tenga-en-cuenta-estas-recomendaciones-si-visita-el-canon-del-combeima-en-semana-santa\/ibague\/#primaryimage","url":"https:\/\/i0.wp.com\/ciudadyregion.com.co\/wp-content\/uploads\/2025\/04\/2-25.jpg?fit=800%2C445&ssl=1","contentUrl":"https:\/\/i0.wp.com\/ciudadyregion.com.co\/wp-content\/uploads\/2025\/04\/2-25.jpg?fit=800%2C445&ssl=1","width":800,"height":445},{"@type":"BreadcrumbList","@id":"https:\/\/ciudadyregion.com.co\/index.php\/tenga-en-cuenta-estas-recomendaciones-si-visita-el-canon-del-combeima-en-semana-santa\/ibague\/#breadcrumb","itemListElement":[{"@type":"ListItem","position":1,"name":"Portada","item":"https:\/\/ciudadyregion.com.co\/"},{"@type":"ListItem","position":2,"name":"Tenga en cuenta estas recomendaciones si visita el Ca\u00f1\u00f3n del Combeima en Semana Santa"}]},{"@type":"WebSite","@id":"https:\/\/ciudadyregion.com.co\/#website","url":"https:\/\/ciudadyregion.com.co\/","name":"Ciudad y Region","description":"","potentialAction":[{"@type":"SearchAction","target":{"@type":"EntryPoint","urlTemplate":"https:\/\/ciudadyregion.com.co\/?s={search_term_string}"},"query-input":{"@type":"PropertyValueSpecification","valueRequired":true,"valueName":"search_term_string"}}],"inLanguage":"es"},{"@type":"Person","@id":"https:\/\/ciudadyregion.com.co\/#\/schema\/person\/04a4954373ebc4051f46e8c65ff78622","name":"David Andr\u00e9s Aguirre","image":{"@type":"ImageObject","inLanguage":"es","@id":"https:\/\/ciudadyregion.com.co\/#\/schema\/person\/image\/","url":"https:\/\/secure.gravatar.com\/avatar\/bc3c655860202182ee6d1b5edd042dbe?s=96&d=mm&r=g","contentUrl":"https:\/\/secure.gravatar.com\/avatar\/bc3c655860202182ee6d1b5edd042dbe?s=96&d=mm&r=g","caption":"David Andr\u00e9s Aguirre"},"url":"https:\/\/ciudadyregion.com.co\/index.php\/author\/diegoaguirre\/"}]}},"jetpack_featured_media_url":"https:\/\/i0.wp.com\/ciudadyregion.com.co\/wp-content\/uploads\/2025\/04\/2-25.jpg?fit=800%2C445&ssl=1","jetpack_sharing_enabled":true,"jetpack_shortlink":"https:\/\/wp.me\/pbS7hh-8KP","jetpack-related-posts":[],"_links":{"self":[{"href":"https:\/\/ciudadyregion.com.co\/index.php\/wp-json\/wp\/v2\/posts\/33655"}],"collection":[{"href":"https:\/\/ciudadyregion.com.co\/index.php\/wp-json\/wp\/v2\/posts"}],"about":[{"href":"https:\/\/ciudadyregion.com.co\/index.php\/wp-json\/wp\/v2\/types\/post"}],"author":[{"embeddable":true,"href":"https:\/\/ciudadyregion.com.co\/index.php\/wp-json\/wp\/v2\/users\/2"}],"replies":[{"embeddable":true,"href":"https:\/\/ciudadyregion.com.co\/index.php\/wp-json\/wp\/v2\/comments?post=33655"}],"version-history":[{"count":1,"href":"https:\/\/ciudadyregion.com.co\/index.php\/wp-json\/wp\/v2\/posts\/33655\/revisions"}],"predecessor-version":[{"id":33657,"href":"https:\/\/ciudadyregion.com.co\/index.php\/wp-json\/wp\/v2\/posts\/33655\/revisions\/33657"}],"wp:featuredmedia":[{"embeddable":true,"href":"https:\/\/ciudadyregion.com.co\/index.php\/wp-json\/wp\/v2\/media\/33656"}],"wp:attachment":[{"href":"https:\/\/ciudadyregion.com.co\/index.php\/wp-json\/wp\/v2\/media?parent=33655"}],"wp:term":[{"taxonomy":"category","embeddable":true,"href":"https:\/\/ciudadyregion.com.co\/index.php\/wp-json\/wp\/v2\/categories?post=33655"},{"taxonomy":"post_tag","embeddable":true,"href":"https:\/\/ciudadyregion.com.co\/index.php\/wp-json\/wp\/v2\/tags?post=33655"}],"curies":[{"name":"wp","href":"https:\/\/api.w.org\/{rel}","templated":true}]}}