{"id":33612,"date":"2025-04-12T08:18:24","date_gmt":"2025-04-12T13:18:24","guid":{"rendered":"https:\/\/ciudadyregion.com.co\/?p=33612"},"modified":"2025-04-12T08:18:24","modified_gmt":"2025-04-12T13:18:24","slug":"conozca-los-puestos-de-control-que-tendra-cortolima-en-la-via-murillo-manizales-en-semana-santa","status":"publish","type":"post","link":"https:\/\/ciudadyregion.com.co\/index.php\/conozca-los-puestos-de-control-que-tendra-cortolima-en-la-via-murillo-manizales-en-semana-santa\/regional\/","title":{"rendered":"Conozca los puestos de control que tendr\u00e1 Cortolima en la v\u00eda Murillo &#8211; Manizales en Semana Santa"},"content":{"rendered":"<ul>\n<li><em><strong>La corporaci\u00f3n adelantar\u00e1 jornadas de sensibilizaci\u00f3n con la poblaci\u00f3n local y visitante para evitar afectaciones al PNN Los Nevados.<\/strong><\/em><\/li>\n<\/ul>\n<p>La Corporaci\u00f3n Aut\u00f3noma Regional del Tolima, Cortolima, reforzar\u00e1 controles en la v\u00eda de ingreso al Parque Nacional Natural (PNN) Los Nevados, donde tendr\u00e1 ocho puestos de control se\u00f1alados en la red ambiental de monitoreo para la protecci\u00f3n de este importante ecosistema.<\/p>\n<p>La coordinadora de Control y Vigilancia de Cortolima, Zulyana S\u00e1nchez, resalt\u00f3 la importancia de estas jornadas en esta temporada:<\/p>\n<blockquote><p>\u201cEjerceremos el control y la vigilancia en varios puntos de la v\u00eda L\u00edbano &#8211; Murillo &#8211; Manizales, donde adem\u00e1s realizaremos campa\u00f1as de educaci\u00f3n ambiental para la protecci\u00f3n de este ecosistema\u201d.<\/p><\/blockquote>\n<p>La corporaci\u00f3n ha instalado varios puestos estrat\u00e9gicos para la vigilancia de este complejo de p\u00e1ramos, vital para la seguridad h\u00eddrica del departamento y del pa\u00eds, ubicados en Casabianca (Sif\u00f3n), Villahermosa (Ventanas), Herveo (Gual\u00ed), Murillo (La Caba\u00f1a), Anzo\u00e1tegui (en el casco urbano del municipio y Palomar), Santa Isabel y en Ibagu\u00e9 (sector Juntas).<\/p>\n<p>En estos puestos de control los funcionarios de la autoridad ambiental, adem\u00e1s de recordar a la comunidad sobre las restricciones de circulaci\u00f3n vehicular y recomendaciones para visitar el parque, desarrollar\u00e1n campa\u00f1as de sensibilizaci\u00f3n y educaci\u00f3n ambiental sobre la importancia ecosist\u00e9mica del complejo de p\u00e1ramos, y de la protecci\u00f3n de la fauna y flora que alberga esta zona.<\/p>\n<p>Las acciones de vigilancia y control se est\u00e1n desarrollando de manera articulada con la Gobernaci\u00f3n del Tolima, las alcald\u00edas de los municipios del \u00e1rea de influencia del parque, as\u00ed como la Polic\u00eda Nacional y Parques Nacionales Naturales de Colombia, en cumplimiento de la Sentencia 10716 de la Corte Suprema que declar\u00f3 al Parque Nacional Natural (PNN) Los Nevados como sujeto de derechos.<\/p>\n","protected":false},"excerpt":{"rendered":"<p>La corporaci\u00f3n adelantar\u00e1 jornadas de sensibilizaci\u00f3n con la poblaci\u00f3n local y visitante para evitar afectaciones al PNN Los Nevados. La Corporaci\u00f3n Aut\u00f3noma Regional del Tolima, Cortolima, reforzar\u00e1 controles en la v\u00eda de ingreso al Parque Nacional Natural (PNN) Los Nevados, donde tendr\u00e1 ocho puestos de control se\u00f1alados en la red<span class=\"more-link\"><a href=\"https:\/\/ciudadyregion.com.co\/index.php\/conozca-los-puestos-de-control-que-tendra-cortolima-en-la-via-murillo-manizales-en-semana-santa\/regional\/\">Continuar Leyendo<\/a><\/span><\/p>\n","protected":false},"author":2,"featured_media":33613,"comment_status":"open","ping_status":"open","sticky":false,"template":"","format":"standard","meta":{"_uf_show_specific_survey":0,"_uf_disable_surveys":false,"_jetpack_memberships_contains_paid_content":false,"footnotes":"","jetpack_publicize_message":"","jetpack_publicize_feature_enabled":true,"jetpack_social_post_already_shared":true,"jetpack_social_options":{"image_generator_settings":{"template":"highway","enabled":false},"version":2}},"categories":[13],"tags":[],"class_list":["entry","author-diegoaguirre","post-33612","post","type-post","status-publish","format-standard","has-post-thumbnail","category-regional"],"jetpack_publicize_connections":[],"yoast_head":"<!-- This site is optimized with the Yoast SEO plugin v24.3 - https:\/\/yoast.com\/wordpress\/plugins\/seo\/ -->\n<title>Conozca los puestos de control que tendr\u00e1 Cortolima en la v\u00eda Murillo - Manizales en Semana Santa - Ciudad y Region<\/title>\n<meta name=\"robots\" content=\"index, follow, max-snippet:-1, max-image-preview:large, max-video-preview:-1\" \/>\n<link rel=\"canonical\" href=\"https:\/\/ciudadyregion.com.co\/index.php\/conozca-los-puestos-de-control-que-tendra-cortolima-en-la-via-murillo-manizales-en-semana-santa\/regional\/\" \/>\n<meta property=\"og:locale\" content=\"es_ES\" \/>\n<meta property=\"og:type\" content=\"article\" \/>\n<meta property=\"og:title\" content=\"Conozca los puestos de control que tendr\u00e1 Cortolima en la v\u00eda Murillo - Manizales en Semana Santa - Ciudad y Region\" \/>\n<meta property=\"og:description\" content=\"La corporaci\u00f3n adelantar\u00e1 jornadas de sensibilizaci\u00f3n con la poblaci\u00f3n local y visitante para evitar afectaciones al PNN Los Nevados. La Corporaci\u00f3n Aut\u00f3noma Regional del Tolima, Cortolima, reforzar\u00e1 controles en la v\u00eda de ingreso al Parque Nacional Natural (PNN) Los Nevados, donde tendr\u00e1 ocho puestos de control se\u00f1alados en la redContinuar Leyendo\" \/>\n<meta property=\"og:url\" content=\"https:\/\/ciudadyregion.com.co\/index.php\/conozca-los-puestos-de-control-que-tendra-cortolima-en-la-via-murillo-manizales-en-semana-santa\/regional\/\" \/>\n<meta property=\"og:site_name\" content=\"Ciudad y Region\" \/>\n<meta property=\"article:published_time\" content=\"2025-04-12T13:18:24+00:00\" \/>\n<meta property=\"og:image\" content=\"https:\/\/ciudadyregion.com.co\/wp-content\/uploads\/2025\/04\/murillo-manizales.jpg\" \/>\n\t<meta property=\"og:image:width\" content=\"800\" \/>\n\t<meta property=\"og:image:height\" content=\"445\" \/>\n\t<meta property=\"og:image:type\" content=\"image\/jpeg\" \/>\n<meta name=\"author\" content=\"David Andr\u00e9s Aguirre\" \/>\n<meta name=\"twitter:card\" content=\"summary_large_image\" \/>\n<meta name=\"twitter:label1\" content=\"Escrito por\" \/>\n\t<meta name=\"twitter:data1\" content=\"David Andr\u00e9s Aguirre\" \/>\n\t<meta name=\"twitter:label2\" content=\"Tiempo de lectura\" \/>\n\t<meta name=\"twitter:data2\" content=\"2 minutos\" \/>\n<script type=\"application\/ld+json\" class=\"yoast-schema-graph\">{\"@context\":\"https:\/\/schema.org\",\"@graph\":[{\"@type\":\"WebPage\",\"@id\":\"https:\/\/ciudadyregion.com.co\/index.php\/conozca-los-puestos-de-control-que-tendra-cortolima-en-la-via-murillo-manizales-en-semana-santa\/regional\/\",\"url\":\"https:\/\/ciudadyregion.com.co\/index.php\/conozca-los-puestos-de-control-que-tendra-cortolima-en-la-via-murillo-manizales-en-semana-santa\/regional\/\",\"name\":\"Conozca los puestos de control que tendr\u00e1 Cortolima en la v\u00eda Murillo - Manizales en Semana Santa - Ciudad y Region\",\"isPartOf\":{\"@id\":\"https:\/\/ciudadyregion.com.co\/#website\"},\"primaryImageOfPage\":{\"@id\":\"https:\/\/ciudadyregion.com.co\/index.php\/conozca-los-puestos-de-control-que-tendra-cortolima-en-la-via-murillo-manizales-en-semana-santa\/regional\/#primaryimage\"},\"image\":{\"@id\":\"https:\/\/ciudadyregion.com.co\/index.php\/conozca-los-puestos-de-control-que-tendra-cortolima-en-la-via-murillo-manizales-en-semana-santa\/regional\/#primaryimage\"},\"thumbnailUrl\":\"https:\/\/i0.wp.com\/ciudadyregion.com.co\/wp-content\/uploads\/2025\/04\/murillo-manizales.jpg?fit=800%2C445&ssl=1\",\"datePublished\":\"2025-04-12T13:18:24+00:00\",\"dateModified\":\"2025-04-12T13:18:24+00:00\",\"author\":{\"@id\":\"https:\/\/ciudadyregion.com.co\/#\/schema\/person\/04a4954373ebc4051f46e8c65ff78622\"},\"breadcrumb\":{\"@id\":\"https:\/\/ciudadyregion.com.co\/index.php\/conozca-los-puestos-de-control-que-tendra-cortolima-en-la-via-murillo-manizales-en-semana-santa\/regional\/#breadcrumb\"},\"inLanguage\":\"es\",\"potentialAction\":[{\"@type\":\"ReadAction\",\"target\":[\"https:\/\/ciudadyregion.com.co\/index.php\/conozca-los-puestos-de-control-que-tendra-cortolima-en-la-via-murillo-manizales-en-semana-santa\/regional\/\"]}]},{\"@type\":\"ImageObject\",\"inLanguage\":\"es\",\"@id\":\"https:\/\/ciudadyregion.com.co\/index.php\/conozca-los-puestos-de-control-que-tendra-cortolima-en-la-via-murillo-manizales-en-semana-santa\/regional\/#primaryimage\",\"url\":\"https:\/\/i0.wp.com\/ciudadyregion.com.co\/wp-content\/uploads\/2025\/04\/murillo-manizales.jpg?fit=800%2C445&ssl=1\",\"contentUrl\":\"https:\/\/i0.wp.com\/ciudadyregion.com.co\/wp-content\/uploads\/2025\/04\/murillo-manizales.jpg?fit=800%2C445&ssl=1\",\"width\":800,\"height\":445},{\"@type\":\"BreadcrumbList\",\"@id\":\"https:\/\/ciudadyregion.com.co\/index.php\/conozca-los-puestos-de-control-que-tendra-cortolima-en-la-via-murillo-manizales-en-semana-santa\/regional\/#breadcrumb\",\"itemListElement\":[{\"@type\":\"ListItem\",\"position\":1,\"name\":\"Portada\",\"item\":\"https:\/\/ciudadyregion.com.co\/\"},{\"@type\":\"ListItem\",\"position\":2,\"name\":\"Conozca los puestos de control que tendr\u00e1 Cortolima en la v\u00eda Murillo &#8211; Manizales en Semana Santa\"}]},{\"@type\":\"WebSite\",\"@id\":\"https:\/\/ciudadyregion.com.co\/#website\",\"url\":\"https:\/\/ciudadyregion.com.co\/\",\"name\":\"Ciudad y Region\",\"description\":\"\",\"potentialAction\":[{\"@type\":\"SearchAction\",\"target\":{\"@type\":\"EntryPoint\",\"urlTemplate\":\"https:\/\/ciudadyregion.com.co\/?s={search_term_string}\"},\"query-input\":{\"@type\":\"PropertyValueSpecification\",\"valueRequired\":true,\"valueName\":\"search_term_string\"}}],\"inLanguage\":\"es\"},{\"@type\":\"Person\",\"@id\":\"https:\/\/ciudadyregion.com.co\/#\/schema\/person\/04a4954373ebc4051f46e8c65ff78622\",\"name\":\"David Andr\u00e9s Aguirre\",\"image\":{\"@type\":\"ImageObject\",\"inLanguage\":\"es\",\"@id\":\"https:\/\/ciudadyregion.com.co\/#\/schema\/person\/image\/\",\"url\":\"https:\/\/secure.gravatar.com\/avatar\/bc3c655860202182ee6d1b5edd042dbe?s=96&d=mm&r=g\",\"contentUrl\":\"https:\/\/secure.gravatar.com\/avatar\/bc3c655860202182ee6d1b5edd042dbe?s=96&d=mm&r=g\",\"caption\":\"David Andr\u00e9s Aguirre\"},\"url\":\"https:\/\/ciudadyregion.com.co\/index.php\/author\/diegoaguirre\/\"}]}<\/script>\n<!-- \/ Yoast SEO plugin. -->","yoast_head_json":{"title":"Conozca los puestos de control que tendr\u00e1 Cortolima en la v\u00eda Murillo - Manizales en Semana Santa - Ciudad y Region","robots":{"index":"index","follow":"follow","max-snippet":"max-snippet:-1","max-image-preview":"max-image-preview:large","max-video-preview":"max-video-preview:-1"},"canonical":"https:\/\/ciudadyregion.com.co\/index.php\/conozca-los-puestos-de-control-que-tendra-cortolima-en-la-via-murillo-manizales-en-semana-santa\/regional\/","og_locale":"es_ES","og_type":"article","og_title":"Conozca los puestos de control que tendr\u00e1 Cortolima en la v\u00eda Murillo - Manizales en Semana Santa - Ciudad y Region","og_description":"La corporaci\u00f3n adelantar\u00e1 jornadas de sensibilizaci\u00f3n con la poblaci\u00f3n local y visitante para evitar afectaciones al PNN Los Nevados. La Corporaci\u00f3n Aut\u00f3noma Regional del Tolima, Cortolima, reforzar\u00e1 controles en la v\u00eda de ingreso al Parque Nacional Natural (PNN) Los Nevados, donde tendr\u00e1 ocho puestos de control se\u00f1alados en la redContinuar Leyendo","og_url":"https:\/\/ciudadyregion.com.co\/index.php\/conozca-los-puestos-de-control-que-tendra-cortolima-en-la-via-murillo-manizales-en-semana-santa\/regional\/","og_site_name":"Ciudad y Region","article_published_time":"2025-04-12T13:18:24+00:00","og_image":[{"width":800,"height":445,"url":"https:\/\/ciudadyregion.com.co\/wp-content\/uploads\/2025\/04\/murillo-manizales.jpg","type":"image\/jpeg"}],"author":"David Andr\u00e9s Aguirre","twitter_card":"summary_large_image","twitter_misc":{"Escrito por":"David Andr\u00e9s Aguirre","Tiempo de lectura":"2 minutos"},"schema":{"@context":"https:\/\/schema.org","@graph":[{"@type":"WebPage","@id":"https:\/\/ciudadyregion.com.co\/index.php\/conozca-los-puestos-de-control-que-tendra-cortolima-en-la-via-murillo-manizales-en-semana-santa\/regional\/","url":"https:\/\/ciudadyregion.com.co\/index.php\/conozca-los-puestos-de-control-que-tendra-cortolima-en-la-via-murillo-manizales-en-semana-santa\/regional\/","name":"Conozca los puestos de control que tendr\u00e1 Cortolima en la v\u00eda Murillo - Manizales en Semana Santa - Ciudad y Region","isPartOf":{"@id":"https:\/\/ciudadyregion.com.co\/#website"},"primaryImageOfPage":{"@id":"https:\/\/ciudadyregion.com.co\/index.php\/conozca-los-puestos-de-control-que-tendra-cortolima-en-la-via-murillo-manizales-en-semana-santa\/regional\/#primaryimage"},"image":{"@id":"https:\/\/ciudadyregion.com.co\/index.php\/conozca-los-puestos-de-control-que-tendra-cortolima-en-la-via-murillo-manizales-en-semana-santa\/regional\/#primaryimage"},"thumbnailUrl":"https:\/\/i0.wp.com\/ciudadyregion.com.co\/wp-content\/uploads\/2025\/04\/murillo-manizales.jpg?fit=800%2C445&ssl=1","datePublished":"2025-04-12T13:18:24+00:00","dateModified":"2025-04-12T13:18:24+00:00","author":{"@id":"https:\/\/ciudadyregion.com.co\/#\/schema\/person\/04a4954373ebc4051f46e8c65ff78622"},"breadcrumb":{"@id":"https:\/\/ciudadyregion.com.co\/index.php\/conozca-los-puestos-de-control-que-tendra-cortolima-en-la-via-murillo-manizales-en-semana-santa\/regional\/#breadcrumb"},"inLanguage":"es","potentialAction":[{"@type":"ReadAction","target":["https:\/\/ciudadyregion.com.co\/index.php\/conozca-los-puestos-de-control-que-tendra-cortolima-en-la-via-murillo-manizales-en-semana-santa\/regional\/"]}]},{"@type":"ImageObject","inLanguage":"es","@id":"https:\/\/ciudadyregion.com.co\/index.php\/conozca-los-puestos-de-control-que-tendra-cortolima-en-la-via-murillo-manizales-en-semana-santa\/regional\/#primaryimage","url":"https:\/\/i0.wp.com\/ciudadyregion.com.co\/wp-content\/uploads\/2025\/04\/murillo-manizales.jpg?fit=800%2C445&ssl=1","contentUrl":"https:\/\/i0.wp.com\/ciudadyregion.com.co\/wp-content\/uploads\/2025\/04\/murillo-manizales.jpg?fit=800%2C445&ssl=1","width":800,"height":445},{"@type":"BreadcrumbList","@id":"https:\/\/ciudadyregion.com.co\/index.php\/conozca-los-puestos-de-control-que-tendra-cortolima-en-la-via-murillo-manizales-en-semana-santa\/regional\/#breadcrumb","itemListElement":[{"@type":"ListItem","position":1,"name":"Portada","item":"https:\/\/ciudadyregion.com.co\/"},{"@type":"ListItem","position":2,"name":"Conozca los puestos de control que tendr\u00e1 Cortolima en la v\u00eda Murillo &#8211; Manizales en Semana Santa"}]},{"@type":"WebSite","@id":"https:\/\/ciudadyregion.com.co\/#website","url":"https:\/\/ciudadyregion.com.co\/","name":"Ciudad y Region","description":"","potentialAction":[{"@type":"SearchAction","target":{"@type":"EntryPoint","urlTemplate":"https:\/\/ciudadyregion.com.co\/?s={search_term_string}"},"query-input":{"@type":"PropertyValueSpecification","valueRequired":true,"valueName":"search_term_string"}}],"inLanguage":"es"},{"@type":"Person","@id":"https:\/\/ciudadyregion.com.co\/#\/schema\/person\/04a4954373ebc4051f46e8c65ff78622","name":"David Andr\u00e9s Aguirre","image":{"@type":"ImageObject","inLanguage":"es","@id":"https:\/\/ciudadyregion.com.co\/#\/schema\/person\/image\/","url":"https:\/\/secure.gravatar.com\/avatar\/bc3c655860202182ee6d1b5edd042dbe?s=96&d=mm&r=g","contentUrl":"https:\/\/secure.gravatar.com\/avatar\/bc3c655860202182ee6d1b5edd042dbe?s=96&d=mm&r=g","caption":"David Andr\u00e9s Aguirre"},"url":"https:\/\/ciudadyregion.com.co\/index.php\/author\/diegoaguirre\/"}]}},"jetpack_featured_media_url":"https:\/\/i0.wp.com\/ciudadyregion.com.co\/wp-content\/uploads\/2025\/04\/murillo-manizales.jpg?fit=800%2C445&ssl=1","jetpack_sharing_enabled":true,"jetpack_shortlink":"https:\/\/wp.me\/pbS7hh-8K8","jetpack-related-posts":[],"_links":{"self":[{"href":"https:\/\/ciudadyregion.com.co\/index.php\/wp-json\/wp\/v2\/posts\/33612"}],"collection":[{"href":"https:\/\/ciudadyregion.com.co\/index.php\/wp-json\/wp\/v2\/posts"}],"about":[{"href":"https:\/\/ciudadyregion.com.co\/index.php\/wp-json\/wp\/v2\/types\/post"}],"author":[{"embeddable":true,"href":"https:\/\/ciudadyregion.com.co\/index.php\/wp-json\/wp\/v2\/users\/2"}],"replies":[{"embeddable":true,"href":"https:\/\/ciudadyregion.com.co\/index.php\/wp-json\/wp\/v2\/comments?post=33612"}],"version-history":[{"count":1,"href":"https:\/\/ciudadyregion.com.co\/index.php\/wp-json\/wp\/v2\/posts\/33612\/revisions"}],"predecessor-version":[{"id":33614,"href":"https:\/\/ciudadyregion.com.co\/index.php\/wp-json\/wp\/v2\/posts\/33612\/revisions\/33614"}],"wp:featuredmedia":[{"embeddable":true,"href":"https:\/\/ciudadyregion.com.co\/index.php\/wp-json\/wp\/v2\/media\/33613"}],"wp:attachment":[{"href":"https:\/\/ciudadyregion.com.co\/index.php\/wp-json\/wp\/v2\/media?parent=33612"}],"wp:term":[{"taxonomy":"category","embeddable":true,"href":"https:\/\/ciudadyregion.com.co\/index.php\/wp-json\/wp\/v2\/categories?post=33612"},{"taxonomy":"post_tag","embeddable":true,"href":"https:\/\/ciudadyregion.com.co\/index.php\/wp-json\/wp\/v2\/tags?post=33612"}],"curies":[{"name":"wp","href":"https:\/\/api.w.org\/{rel}","templated":true}]}}