{"id":31688,"date":"2025-03-12T05:03:38","date_gmt":"2025-03-12T10:03:38","guid":{"rendered":"https:\/\/ciudadyregion.com.co\/?p=31688"},"modified":"2025-03-12T05:03:38","modified_gmt":"2025-03-12T10:03:38","slug":"asi-se-vivio-la-ceremonia-de-reconocimiento-de-tropas-al-nuevo-ministro-de-defensa-pedro-arnulfo-sanchez-suarez","status":"publish","type":"post","link":"https:\/\/ciudadyregion.com.co\/index.php\/asi-se-vivio-la-ceremonia-de-reconocimiento-de-tropas-al-nuevo-ministro-de-defensa-pedro-arnulfo-sanchez-suarez\/nacional\/","title":{"rendered":"As\u00ed se vivi\u00f3 la ceremonia de Reconocimiento de tropas al nuevo ministro de Defensa, Pedro Arnulfo S\u00e1nchez Su\u00e1rez"},"content":{"rendered":"<p>En el campo de paradas de la Escuela Militar de Cadetes General Jos\u00e9 Mar\u00eda C\u00f3rdov\u200ba de Bogot\u00e1, se realizar\u00e1 la ceremonia de Reconocimiento de Tropas al nuevo ministro de Defensa Nacional, Pedro Arnulfo S\u00e1nchez Su\u00e1rez.<\/p>\n<p>El evento contar\u00e1 con la presencia del presidente de la Rep\u00fablica, Gustavo Petro Urrego, y de la directora del Departamento Administrativo de la Presidencia de la Rep\u00fablica, Angie Lizeth Rodr\u00edguez Fajardo, entre otros altos funcionarios del Gobierno y la c\u00fapula militar.<\/p>\n<p>El ministro S\u00e1nchez Su\u00e1rez, oficial retirado de la Fuerza Aeroespacial Colombiana, sirvi\u00f3 durante 35 a\u00f1os alcanzando el grado de mayor general. Acumula 6.700 horas de vuelo en helic\u00f3pteros y aviones, y ha ocupado cargos estrat\u00e9gicos en operaciones, seguridad y defensa. Fue pieza clave en la protecci\u00f3n del Estado y en el desarrollo de la doctrina militar a\u00e9rea y espacial del pa\u00eds.<\/p>\n<p>Es Administrador de empresas de la Escuela de Administraci\u00f3n de Negocios, cuenta con maestr\u00edas en Pensamiento Estrat\u00e9gico y Prospectiva de la Universidad Externado, en Estudios Estrat\u00e9gicos de la Air University (Fuerza A\u00e9rea de los Estados Unidos) y en Seguridad y Defensa Nacionales de la Escuela Superior de Guerra. Adem\u00e1s, posee especializaciones y diplomados en Derechos Humanos, Derecho Internacional Humanitario y en ciencia militar a\u00e9rea y espacial.<\/p>\n<p>Entre sus hitos m\u00e1s destacados, lider\u00f3 la &#8216;Operaci\u00f3n Esperanza&#8217;, misi\u00f3n que permiti\u00f3 el rescate de cuatro menores ind\u00edgenas que sobrevivieron 40 d\u00edas perdidos en la selva.<\/p>\n<p>Tambi\u00e9n fue jefe de Protecci\u00f3n Presidencial, encargado de la seguridad del presidente Petro, su familia, la familia de la vicepresidenta y altos funcionarios del Gobierno nacional.<\/p>\n<p>A lo largo de su carrera, ha ocupado cargos clave como comandante del Comando Conjunto de Operaciones Especiales, jefe de Estado Mayor, Comandante del Comando A\u00e9reo de Combate No. 4, y director del Centro de Doctrina A\u00e9rea y Espacial, entre otros.<\/p>\n<p>Despu\u00e9s de la ceremonia, los asistentes podr\u00e1n disfrutar de una muestra cultural de las distintas regiones del pa\u00eds en la Plaza de la Estrella de la Escuela Militar, resaltando la diversidad y riqueza cultural de Colombia.<\/p>\n<p>Con este acto, el ministro S\u00e1nchez Su\u00e1rez asume oficialmente el liderazgo de la cartera de Defensa, comprometi\u00e9ndose a trabajar por la seguridad y la paz de la naci\u00f3n en estrecha colaboraci\u00f3n con las fuerzas armadas y la ciudadan\u00eda.<\/p>\n<p>&nbsp;<\/p>\n","protected":false},"excerpt":{"rendered":"<p>En el campo de paradas de la Escuela Militar de Cadetes General Jos\u00e9 Mar\u00eda C\u00f3rdov\u200ba de Bogot\u00e1, se realizar\u00e1 la ceremonia de Reconocimiento de Tropas al nuevo ministro de Defensa Nacional, Pedro Arnulfo S\u00e1nchez Su\u00e1rez. El evento contar\u00e1 con la presencia del presidente de la Rep\u00fablica, Gustavo Petro Urrego, y<span class=\"more-link\"><a href=\"https:\/\/ciudadyregion.com.co\/index.php\/asi-se-vivio-la-ceremonia-de-reconocimiento-de-tropas-al-nuevo-ministro-de-defensa-pedro-arnulfo-sanchez-suarez\/nacional\/\">Continuar Leyendo<\/a><\/span><\/p>\n","protected":false},"author":2,"featured_media":31689,"comment_status":"open","ping_status":"open","sticky":false,"template":"","format":"standard","meta":{"_uf_show_specific_survey":0,"_uf_disable_surveys":false,"_jetpack_memberships_contains_paid_content":false,"footnotes":"","jetpack_publicize_message":"","jetpack_publicize_feature_enabled":true,"jetpack_social_post_already_shared":true,"jetpack_social_options":{"image_generator_settings":{"template":"highway","enabled":false},"version":2}},"categories":[23],"tags":[],"class_list":["entry","author-diegoaguirre","post-31688","post","type-post","status-publish","format-standard","has-post-thumbnail","category-nacional"],"jetpack_publicize_connections":[],"yoast_head":"<!-- This site is optimized with the Yoast SEO plugin v24.3 - https:\/\/yoast.com\/wordpress\/plugins\/seo\/ -->\n<title>As\u00ed se vivi\u00f3 la ceremonia de Reconocimiento de tropas al nuevo ministro de Defensa, Pedro Arnulfo S\u00e1nchez Su\u00e1rez - Ciudad y Region<\/title>\n<meta name=\"robots\" content=\"index, follow, max-snippet:-1, max-image-preview:large, max-video-preview:-1\" \/>\n<link rel=\"canonical\" href=\"https:\/\/ciudadyregion.com.co\/index.php\/asi-se-vivio-la-ceremonia-de-reconocimiento-de-tropas-al-nuevo-ministro-de-defensa-pedro-arnulfo-sanchez-suarez\/nacional\/\" \/>\n<meta property=\"og:locale\" content=\"es_ES\" \/>\n<meta property=\"og:type\" content=\"article\" \/>\n<meta property=\"og:title\" content=\"As\u00ed se vivi\u00f3 la ceremonia de Reconocimiento de tropas al nuevo ministro de Defensa, Pedro Arnulfo S\u00e1nchez Su\u00e1rez - Ciudad y Region\" \/>\n<meta property=\"og:description\" content=\"En el campo de paradas de la Escuela Militar de Cadetes General Jos\u00e9 Mar\u00eda C\u00f3rdov\u200ba de Bogot\u00e1, se realizar\u00e1 la ceremonia de Reconocimiento de Tropas al nuevo ministro de Defensa Nacional, Pedro Arnulfo S\u00e1nchez Su\u00e1rez. El evento contar\u00e1 con la presencia del presidente de la Rep\u00fablica, Gustavo Petro Urrego, yContinuar Leyendo\" \/>\n<meta property=\"og:url\" content=\"https:\/\/ciudadyregion.com.co\/index.php\/asi-se-vivio-la-ceremonia-de-reconocimiento-de-tropas-al-nuevo-ministro-de-defensa-pedro-arnulfo-sanchez-suarez\/nacional\/\" \/>\n<meta property=\"og:site_name\" content=\"Ciudad y Region\" \/>\n<meta property=\"article:published_time\" content=\"2025-03-12T10:03:38+00:00\" \/>\n<meta property=\"og:image\" content=\"https:\/\/ciudadyregion.com.co\/wp-content\/uploads\/2025\/03\/1-16.jpg\" \/>\n\t<meta property=\"og:image:width\" content=\"800\" \/>\n\t<meta property=\"og:image:height\" content=\"445\" \/>\n\t<meta property=\"og:image:type\" content=\"image\/jpeg\" \/>\n<meta name=\"author\" content=\"David Andr\u00e9s Aguirre\" \/>\n<meta name=\"twitter:card\" content=\"summary_large_image\" \/>\n<meta name=\"twitter:label1\" content=\"Escrito por\" \/>\n\t<meta name=\"twitter:data1\" content=\"David Andr\u00e9s Aguirre\" \/>\n\t<meta name=\"twitter:label2\" content=\"Tiempo de lectura\" \/>\n\t<meta name=\"twitter:data2\" content=\"2 minutos\" \/>\n<script type=\"application\/ld+json\" class=\"yoast-schema-graph\">{\"@context\":\"https:\/\/schema.org\",\"@graph\":[{\"@type\":\"WebPage\",\"@id\":\"https:\/\/ciudadyregion.com.co\/index.php\/asi-se-vivio-la-ceremonia-de-reconocimiento-de-tropas-al-nuevo-ministro-de-defensa-pedro-arnulfo-sanchez-suarez\/nacional\/\",\"url\":\"https:\/\/ciudadyregion.com.co\/index.php\/asi-se-vivio-la-ceremonia-de-reconocimiento-de-tropas-al-nuevo-ministro-de-defensa-pedro-arnulfo-sanchez-suarez\/nacional\/\",\"name\":\"As\u00ed se vivi\u00f3 la ceremonia de Reconocimiento de tropas al nuevo ministro de Defensa, Pedro Arnulfo S\u00e1nchez Su\u00e1rez - Ciudad y Region\",\"isPartOf\":{\"@id\":\"https:\/\/ciudadyregion.com.co\/#website\"},\"primaryImageOfPage\":{\"@id\":\"https:\/\/ciudadyregion.com.co\/index.php\/asi-se-vivio-la-ceremonia-de-reconocimiento-de-tropas-al-nuevo-ministro-de-defensa-pedro-arnulfo-sanchez-suarez\/nacional\/#primaryimage\"},\"image\":{\"@id\":\"https:\/\/ciudadyregion.com.co\/index.php\/asi-se-vivio-la-ceremonia-de-reconocimiento-de-tropas-al-nuevo-ministro-de-defensa-pedro-arnulfo-sanchez-suarez\/nacional\/#primaryimage\"},\"thumbnailUrl\":\"https:\/\/i0.wp.com\/ciudadyregion.com.co\/wp-content\/uploads\/2025\/03\/1-16.jpg?fit=800%2C445&ssl=1\",\"datePublished\":\"2025-03-12T10:03:38+00:00\",\"dateModified\":\"2025-03-12T10:03:38+00:00\",\"author\":{\"@id\":\"https:\/\/ciudadyregion.com.co\/#\/schema\/person\/04a4954373ebc4051f46e8c65ff78622\"},\"breadcrumb\":{\"@id\":\"https:\/\/ciudadyregion.com.co\/index.php\/asi-se-vivio-la-ceremonia-de-reconocimiento-de-tropas-al-nuevo-ministro-de-defensa-pedro-arnulfo-sanchez-suarez\/nacional\/#breadcrumb\"},\"inLanguage\":\"es\",\"potentialAction\":[{\"@type\":\"ReadAction\",\"target\":[\"https:\/\/ciudadyregion.com.co\/index.php\/asi-se-vivio-la-ceremonia-de-reconocimiento-de-tropas-al-nuevo-ministro-de-defensa-pedro-arnulfo-sanchez-suarez\/nacional\/\"]}]},{\"@type\":\"ImageObject\",\"inLanguage\":\"es\",\"@id\":\"https:\/\/ciudadyregion.com.co\/index.php\/asi-se-vivio-la-ceremonia-de-reconocimiento-de-tropas-al-nuevo-ministro-de-defensa-pedro-arnulfo-sanchez-suarez\/nacional\/#primaryimage\",\"url\":\"https:\/\/i0.wp.com\/ciudadyregion.com.co\/wp-content\/uploads\/2025\/03\/1-16.jpg?fit=800%2C445&ssl=1\",\"contentUrl\":\"https:\/\/i0.wp.com\/ciudadyregion.com.co\/wp-content\/uploads\/2025\/03\/1-16.jpg?fit=800%2C445&ssl=1\",\"width\":800,\"height\":445},{\"@type\":\"BreadcrumbList\",\"@id\":\"https:\/\/ciudadyregion.com.co\/index.php\/asi-se-vivio-la-ceremonia-de-reconocimiento-de-tropas-al-nuevo-ministro-de-defensa-pedro-arnulfo-sanchez-suarez\/nacional\/#breadcrumb\",\"itemListElement\":[{\"@type\":\"ListItem\",\"position\":1,\"name\":\"Portada\",\"item\":\"https:\/\/ciudadyregion.com.co\/\"},{\"@type\":\"ListItem\",\"position\":2,\"name\":\"As\u00ed se vivi\u00f3 la ceremonia de Reconocimiento de tropas al nuevo ministro de Defensa, Pedro Arnulfo S\u00e1nchez Su\u00e1rez\"}]},{\"@type\":\"WebSite\",\"@id\":\"https:\/\/ciudadyregion.com.co\/#website\",\"url\":\"https:\/\/ciudadyregion.com.co\/\",\"name\":\"Ciudad y Region\",\"description\":\"\",\"potentialAction\":[{\"@type\":\"SearchAction\",\"target\":{\"@type\":\"EntryPoint\",\"urlTemplate\":\"https:\/\/ciudadyregion.com.co\/?s={search_term_string}\"},\"query-input\":{\"@type\":\"PropertyValueSpecification\",\"valueRequired\":true,\"valueName\":\"search_term_string\"}}],\"inLanguage\":\"es\"},{\"@type\":\"Person\",\"@id\":\"https:\/\/ciudadyregion.com.co\/#\/schema\/person\/04a4954373ebc4051f46e8c65ff78622\",\"name\":\"David Andr\u00e9s Aguirre\",\"image\":{\"@type\":\"ImageObject\",\"inLanguage\":\"es\",\"@id\":\"https:\/\/ciudadyregion.com.co\/#\/schema\/person\/image\/\",\"url\":\"https:\/\/secure.gravatar.com\/avatar\/bc3c655860202182ee6d1b5edd042dbe?s=96&d=mm&r=g\",\"contentUrl\":\"https:\/\/secure.gravatar.com\/avatar\/bc3c655860202182ee6d1b5edd042dbe?s=96&d=mm&r=g\",\"caption\":\"David Andr\u00e9s Aguirre\"},\"url\":\"https:\/\/ciudadyregion.com.co\/index.php\/author\/diegoaguirre\/\"}]}<\/script>\n<!-- \/ Yoast SEO plugin. -->","yoast_head_json":{"title":"As\u00ed se vivi\u00f3 la ceremonia de Reconocimiento de tropas al nuevo ministro de Defensa, Pedro Arnulfo S\u00e1nchez Su\u00e1rez - Ciudad y Region","robots":{"index":"index","follow":"follow","max-snippet":"max-snippet:-1","max-image-preview":"max-image-preview:large","max-video-preview":"max-video-preview:-1"},"canonical":"https:\/\/ciudadyregion.com.co\/index.php\/asi-se-vivio-la-ceremonia-de-reconocimiento-de-tropas-al-nuevo-ministro-de-defensa-pedro-arnulfo-sanchez-suarez\/nacional\/","og_locale":"es_ES","og_type":"article","og_title":"As\u00ed se vivi\u00f3 la ceremonia de Reconocimiento de tropas al nuevo ministro de Defensa, Pedro Arnulfo S\u00e1nchez Su\u00e1rez - Ciudad y Region","og_description":"En el campo de paradas de la Escuela Militar de Cadetes General Jos\u00e9 Mar\u00eda C\u00f3rdov\u200ba de Bogot\u00e1, se realizar\u00e1 la ceremonia de Reconocimiento de Tropas al nuevo ministro de Defensa Nacional, Pedro Arnulfo S\u00e1nchez Su\u00e1rez. El evento contar\u00e1 con la presencia del presidente de la Rep\u00fablica, Gustavo Petro Urrego, yContinuar Leyendo","og_url":"https:\/\/ciudadyregion.com.co\/index.php\/asi-se-vivio-la-ceremonia-de-reconocimiento-de-tropas-al-nuevo-ministro-de-defensa-pedro-arnulfo-sanchez-suarez\/nacional\/","og_site_name":"Ciudad y Region","article_published_time":"2025-03-12T10:03:38+00:00","og_image":[{"width":800,"height":445,"url":"https:\/\/ciudadyregion.com.co\/wp-content\/uploads\/2025\/03\/1-16.jpg","type":"image\/jpeg"}],"author":"David Andr\u00e9s Aguirre","twitter_card":"summary_large_image","twitter_misc":{"Escrito por":"David Andr\u00e9s Aguirre","Tiempo de lectura":"2 minutos"},"schema":{"@context":"https:\/\/schema.org","@graph":[{"@type":"WebPage","@id":"https:\/\/ciudadyregion.com.co\/index.php\/asi-se-vivio-la-ceremonia-de-reconocimiento-de-tropas-al-nuevo-ministro-de-defensa-pedro-arnulfo-sanchez-suarez\/nacional\/","url":"https:\/\/ciudadyregion.com.co\/index.php\/asi-se-vivio-la-ceremonia-de-reconocimiento-de-tropas-al-nuevo-ministro-de-defensa-pedro-arnulfo-sanchez-suarez\/nacional\/","name":"As\u00ed se vivi\u00f3 la ceremonia de Reconocimiento de tropas al nuevo ministro de Defensa, Pedro Arnulfo S\u00e1nchez Su\u00e1rez - Ciudad y Region","isPartOf":{"@id":"https:\/\/ciudadyregion.com.co\/#website"},"primaryImageOfPage":{"@id":"https:\/\/ciudadyregion.com.co\/index.php\/asi-se-vivio-la-ceremonia-de-reconocimiento-de-tropas-al-nuevo-ministro-de-defensa-pedro-arnulfo-sanchez-suarez\/nacional\/#primaryimage"},"image":{"@id":"https:\/\/ciudadyregion.com.co\/index.php\/asi-se-vivio-la-ceremonia-de-reconocimiento-de-tropas-al-nuevo-ministro-de-defensa-pedro-arnulfo-sanchez-suarez\/nacional\/#primaryimage"},"thumbnailUrl":"https:\/\/i0.wp.com\/ciudadyregion.com.co\/wp-content\/uploads\/2025\/03\/1-16.jpg?fit=800%2C445&ssl=1","datePublished":"2025-03-12T10:03:38+00:00","dateModified":"2025-03-12T10:03:38+00:00","author":{"@id":"https:\/\/ciudadyregion.com.co\/#\/schema\/person\/04a4954373ebc4051f46e8c65ff78622"},"breadcrumb":{"@id":"https:\/\/ciudadyregion.com.co\/index.php\/asi-se-vivio-la-ceremonia-de-reconocimiento-de-tropas-al-nuevo-ministro-de-defensa-pedro-arnulfo-sanchez-suarez\/nacional\/#breadcrumb"},"inLanguage":"es","potentialAction":[{"@type":"ReadAction","target":["https:\/\/ciudadyregion.com.co\/index.php\/asi-se-vivio-la-ceremonia-de-reconocimiento-de-tropas-al-nuevo-ministro-de-defensa-pedro-arnulfo-sanchez-suarez\/nacional\/"]}]},{"@type":"ImageObject","inLanguage":"es","@id":"https:\/\/ciudadyregion.com.co\/index.php\/asi-se-vivio-la-ceremonia-de-reconocimiento-de-tropas-al-nuevo-ministro-de-defensa-pedro-arnulfo-sanchez-suarez\/nacional\/#primaryimage","url":"https:\/\/i0.wp.com\/ciudadyregion.com.co\/wp-content\/uploads\/2025\/03\/1-16.jpg?fit=800%2C445&ssl=1","contentUrl":"https:\/\/i0.wp.com\/ciudadyregion.com.co\/wp-content\/uploads\/2025\/03\/1-16.jpg?fit=800%2C445&ssl=1","width":800,"height":445},{"@type":"BreadcrumbList","@id":"https:\/\/ciudadyregion.com.co\/index.php\/asi-se-vivio-la-ceremonia-de-reconocimiento-de-tropas-al-nuevo-ministro-de-defensa-pedro-arnulfo-sanchez-suarez\/nacional\/#breadcrumb","itemListElement":[{"@type":"ListItem","position":1,"name":"Portada","item":"https:\/\/ciudadyregion.com.co\/"},{"@type":"ListItem","position":2,"name":"As\u00ed se vivi\u00f3 la ceremonia de Reconocimiento de tropas al nuevo ministro de Defensa, Pedro Arnulfo S\u00e1nchez Su\u00e1rez"}]},{"@type":"WebSite","@id":"https:\/\/ciudadyregion.com.co\/#website","url":"https:\/\/ciudadyregion.com.co\/","name":"Ciudad y Region","description":"","potentialAction":[{"@type":"SearchAction","target":{"@type":"EntryPoint","urlTemplate":"https:\/\/ciudadyregion.com.co\/?s={search_term_string}"},"query-input":{"@type":"PropertyValueSpecification","valueRequired":true,"valueName":"search_term_string"}}],"inLanguage":"es"},{"@type":"Person","@id":"https:\/\/ciudadyregion.com.co\/#\/schema\/person\/04a4954373ebc4051f46e8c65ff78622","name":"David Andr\u00e9s Aguirre","image":{"@type":"ImageObject","inLanguage":"es","@id":"https:\/\/ciudadyregion.com.co\/#\/schema\/person\/image\/","url":"https:\/\/secure.gravatar.com\/avatar\/bc3c655860202182ee6d1b5edd042dbe?s=96&d=mm&r=g","contentUrl":"https:\/\/secure.gravatar.com\/avatar\/bc3c655860202182ee6d1b5edd042dbe?s=96&d=mm&r=g","caption":"David Andr\u00e9s Aguirre"},"url":"https:\/\/ciudadyregion.com.co\/index.php\/author\/diegoaguirre\/"}]}},"jetpack_featured_media_url":"https:\/\/i0.wp.com\/ciudadyregion.com.co\/wp-content\/uploads\/2025\/03\/1-16.jpg?fit=800%2C445&ssl=1","jetpack_sharing_enabled":true,"jetpack_shortlink":"https:\/\/wp.me\/pbS7hh-8f6","jetpack-related-posts":[],"_links":{"self":[{"href":"https:\/\/ciudadyregion.com.co\/index.php\/wp-json\/wp\/v2\/posts\/31688"}],"collection":[{"href":"https:\/\/ciudadyregion.com.co\/index.php\/wp-json\/wp\/v2\/posts"}],"about":[{"href":"https:\/\/ciudadyregion.com.co\/index.php\/wp-json\/wp\/v2\/types\/post"}],"author":[{"embeddable":true,"href":"https:\/\/ciudadyregion.com.co\/index.php\/wp-json\/wp\/v2\/users\/2"}],"replies":[{"embeddable":true,"href":"https:\/\/ciudadyregion.com.co\/index.php\/wp-json\/wp\/v2\/comments?post=31688"}],"version-history":[{"count":2,"href":"https:\/\/ciudadyregion.com.co\/index.php\/wp-json\/wp\/v2\/posts\/31688\/revisions"}],"predecessor-version":[{"id":31691,"href":"https:\/\/ciudadyregion.com.co\/index.php\/wp-json\/wp\/v2\/posts\/31688\/revisions\/31691"}],"wp:featuredmedia":[{"embeddable":true,"href":"https:\/\/ciudadyregion.com.co\/index.php\/wp-json\/wp\/v2\/media\/31689"}],"wp:attachment":[{"href":"https:\/\/ciudadyregion.com.co\/index.php\/wp-json\/wp\/v2\/media?parent=31688"}],"wp:term":[{"taxonomy":"category","embeddable":true,"href":"https:\/\/ciudadyregion.com.co\/index.php\/wp-json\/wp\/v2\/categories?post=31688"},{"taxonomy":"post_tag","embeddable":true,"href":"https:\/\/ciudadyregion.com.co\/index.php\/wp-json\/wp\/v2\/tags?post=31688"}],"curies":[{"name":"wp","href":"https:\/\/api.w.org\/{rel}","templated":true}]}}