{"id":31685,"date":"2025-03-12T05:01:16","date_gmt":"2025-03-12T10:01:16","guid":{"rendered":"https:\/\/ciudadyregion.com.co\/?p=31685"},"modified":"2025-03-12T05:01:16","modified_gmt":"2025-03-12T10:01:16","slug":"en-colombia-se-han-acostumbrado-que-la-gente-que-trabaja-se-mira-por-encima-de-hombro-no-se-dignifica-se-trata-como-esclavos-presidente-gustavo-petro","status":"publish","type":"post","link":"https:\/\/ciudadyregion.com.co\/index.php\/en-colombia-se-han-acostumbrado-que-la-gente-que-trabaja-se-mira-por-encima-de-hombro-no-se-dignifica-se-trata-como-esclavos-presidente-gustavo-petro\/politica\/","title":{"rendered":"\u00abEn Colombia se han acostumbrado que la gente que trabaja se mira por encima de hombro, no se dignifica, se trata como esclavos\u00bb: Presidente Gustavo Petro"},"content":{"rendered":"<blockquote>\n<div>\u201cEn Colombia, y lo veremos en ciertas discusiones en el Congreso de la Rep\u00fablica ahora, se ha acostumbrado que la gente que trabaja se mira por encima del hombro, no se le dignifica, se le trata como esclavos, como si fueran animales sin derechos\u201d.<\/div>\n<\/blockquote>\n<div><\/div>\n<div>As\u00ed lo asegur\u00f3 el presidente Gustavo Petro en la ceremonia de Reconocimiento de Tropas al nuevo ministro de Defensa Nacional, Pedro Arnulfo S\u00e1nchez Su\u00e1rez, que se realiz\u00f3 en el campo de paradas de la Escuela Militar de Cadetes General Jos\u00e9 Mar\u00eda C\u00f3rdova de Bogot\u00e1.<\/div>\n<div><\/div>\n<div>En su intervenci\u00f3n, el jefe de Estado record\u00f3 que \u201cla dignidad comienza porque la familia y el integrante de base: el patrullero de la Polic\u00eda, la patrullera, el soldado, la soldado, el infante, la infante, etc\u00e9tera, pues tengan condiciones de vida dignas\u201d.<\/div>\n<div><\/div>\n<div>Al insistir en que \u201cuna seguridad basada en la codicia, mata y extingue la vida en Colombia\u201d, el mandatario reiter\u00f3 que a \u201cla codicia hay que vencerla. El principal problema de seguridad de Colombia se llama codicia. Cuando a un funcionario p\u00fablico el coraz\u00f3n se lo gana la codicia, es un corrupto\u201d.<\/div>\n<div><\/div>\n<div>Por esta raz\u00f3n, asegur\u00f3 que el pa\u00eds debe pensar en \u201cuna seguridad basada en la vida\u201d y, para ello, se debe pensar primero \u201cen la vida de la familia, del patrullero y del soldado\u201d.<\/div>\n<div><\/div>\n<blockquote>\n<div>\u201c\u00bfCu\u00e1nto le llega de dinero? \u00bfCu\u00e1nto puede mandar un soldado a su mam\u00e1? \u00bfCu\u00e1nto puede tener un soldado para sus propios gastos? \u00bfCu\u00e1nto le pagan al joven que, por codicia, por necesidad, porque aqu\u00ed ya no hay codicia, hay simplemente necesidad, le pagan por portar un fusil en un ej\u00e9rcito privado del narcotr\u00e1fico?\u201d, se cuestion\u00f3.<\/div>\n<\/blockquote>\n<div><\/div>\n<div>En este sentido, reflexion\u00f3 que si estas diferencias son enormes \u201cpues, obviamente, tenemos un traslado del coraz\u00f3n de la defensa del pueblo y del Estado hacia la defensa del ej\u00e9rcito narcotraficante. Por eso, ministro, la primera actitud que tuvo este gobierno fue subir ingresos, mejorar condiciones\u201d de los miembros de la Fuerza P\u00fablica.<\/div>\n<div><\/div>\n<div>Al retomar la idea que se maneja en el pa\u00eds de la indignidad del trabajador, el presidente Petro que Colombia no se puede continuar pensando que hay personas superiores e inferiores.<\/div>\n<div><\/div>\n<blockquote>\n<div>\u201cHemos cometido much\u00edsimos errores, y la base de esa violencia no est\u00e1 m\u00e1s sino en considerarnos desiguales y no iguales\u201d, dijo.<\/div>\n<div><\/div>\n<\/blockquote>\n<div>Por esto, consider\u00f3 que<\/div>\n<blockquote>\n<div>\u201csi el trabajador es tratado como esclavo, pues la mayor\u00eda del pueblo colombiano es tratado como esclavo, y un Estado no puede hacer eso si se llama una democracia. Y el tema comienza por casa, no es solo el conjunto de la sociedad, es al interior de las instituciones. Por eso, cuando decidimos que el patrullero, la soldado, tengan lo mejor posible dentro de nuestras posibilidades en su existencia como ser humano, de \u00e9l, de ella, y de su familia, y hemos avanzado en parte\u201d.<\/div>\n<\/blockquote>\n<div><\/div>\n<div>La dignificaci\u00f3n, seg\u00fan explic\u00f3, representa el fortalecimiento de \u201cuna pol\u00edtica de seguridad vital, de seguridad humana, que no se funda sobre el n\u00famero de muertes, como en el pasado, sino que se funda sobre la cantidad de vida que se puede defender y procrear, si es posible, en el presente\u201d.<\/div>\n","protected":false},"excerpt":{"rendered":"<p>\u201cEn Colombia, y lo veremos en ciertas discusiones en el Congreso de la Rep\u00fablica ahora, se ha acostumbrado que la gente que trabaja se mira por encima del hombro, no se le dignifica, se le trata como esclavos, como si fueran animales sin derechos\u201d. As\u00ed lo asegur\u00f3 el presidente Gustavo<span class=\"more-link\"><a href=\"https:\/\/ciudadyregion.com.co\/index.php\/en-colombia-se-han-acostumbrado-que-la-gente-que-trabaja-se-mira-por-encima-de-hombro-no-se-dignifica-se-trata-como-esclavos-presidente-gustavo-petro\/politica\/\">Continuar Leyendo<\/a><\/span><\/p>\n","protected":false},"author":2,"featured_media":31686,"comment_status":"open","ping_status":"open","sticky":false,"template":"","format":"standard","meta":{"_uf_show_specific_survey":0,"_uf_disable_surveys":false,"_jetpack_memberships_contains_paid_content":false,"footnotes":"","jetpack_publicize_message":"","jetpack_publicize_feature_enabled":true,"jetpack_social_post_already_shared":true,"jetpack_social_options":{"image_generator_settings":{"template":"highway","enabled":false},"version":2}},"categories":[17],"tags":[],"class_list":["entry","author-diegoaguirre","post-31685","post","type-post","status-publish","format-standard","has-post-thumbnail","category-politica"],"jetpack_publicize_connections":[],"yoast_head":"<!-- This site is optimized with the Yoast SEO plugin v24.3 - https:\/\/yoast.com\/wordpress\/plugins\/seo\/ -->\n<title>&quot;En Colombia se han acostumbrado que la gente que trabaja se mira por encima de hombro, no se dignifica, se trata como esclavos&quot;: Presidente Gustavo Petro - Ciudad y Region<\/title>\n<meta name=\"robots\" content=\"index, follow, max-snippet:-1, max-image-preview:large, max-video-preview:-1\" \/>\n<link rel=\"canonical\" href=\"https:\/\/ciudadyregion.com.co\/index.php\/en-colombia-se-han-acostumbrado-que-la-gente-que-trabaja-se-mira-por-encima-de-hombro-no-se-dignifica-se-trata-como-esclavos-presidente-gustavo-petro\/politica\/\" \/>\n<meta property=\"og:locale\" content=\"es_ES\" \/>\n<meta property=\"og:type\" content=\"article\" \/>\n<meta property=\"og:title\" content=\"&quot;En Colombia se han acostumbrado que la gente que trabaja se mira por encima de hombro, no se dignifica, se trata como esclavos&quot;: Presidente Gustavo Petro - Ciudad y Region\" \/>\n<meta property=\"og:description\" content=\"\u201cEn Colombia, y lo veremos en ciertas discusiones en el Congreso de la Rep\u00fablica ahora, se ha acostumbrado que la gente que trabaja se mira por encima del hombro, no se le dignifica, se le trata como esclavos, como si fueran animales sin derechos\u201d. As\u00ed lo asegur\u00f3 el presidente GustavoContinuar Leyendo\" \/>\n<meta property=\"og:url\" content=\"https:\/\/ciudadyregion.com.co\/index.php\/en-colombia-se-han-acostumbrado-que-la-gente-que-trabaja-se-mira-por-encima-de-hombro-no-se-dignifica-se-trata-como-esclavos-presidente-gustavo-petro\/politica\/\" \/>\n<meta property=\"og:site_name\" content=\"Ciudad y Region\" \/>\n<meta property=\"article:published_time\" content=\"2025-03-12T10:01:16+00:00\" \/>\n<meta property=\"og:image\" content=\"https:\/\/ciudadyregion.com.co\/wp-content\/uploads\/2025\/03\/3-18.jpg\" \/>\n\t<meta property=\"og:image:width\" content=\"800\" \/>\n\t<meta property=\"og:image:height\" content=\"445\" \/>\n\t<meta property=\"og:image:type\" content=\"image\/jpeg\" \/>\n<meta name=\"author\" content=\"David Andr\u00e9s Aguirre\" \/>\n<meta name=\"twitter:card\" content=\"summary_large_image\" \/>\n<meta name=\"twitter:label1\" content=\"Escrito por\" \/>\n\t<meta name=\"twitter:data1\" content=\"David Andr\u00e9s Aguirre\" \/>\n\t<meta name=\"twitter:label2\" content=\"Tiempo de lectura\" \/>\n\t<meta name=\"twitter:data2\" content=\"3 minutos\" \/>\n<script type=\"application\/ld+json\" class=\"yoast-schema-graph\">{\"@context\":\"https:\/\/schema.org\",\"@graph\":[{\"@type\":\"WebPage\",\"@id\":\"https:\/\/ciudadyregion.com.co\/index.php\/en-colombia-se-han-acostumbrado-que-la-gente-que-trabaja-se-mira-por-encima-de-hombro-no-se-dignifica-se-trata-como-esclavos-presidente-gustavo-petro\/politica\/\",\"url\":\"https:\/\/ciudadyregion.com.co\/index.php\/en-colombia-se-han-acostumbrado-que-la-gente-que-trabaja-se-mira-por-encima-de-hombro-no-se-dignifica-se-trata-como-esclavos-presidente-gustavo-petro\/politica\/\",\"name\":\"\\\"En Colombia se han acostumbrado que la gente que trabaja se mira por encima de hombro, no se dignifica, se trata como esclavos\\\": Presidente Gustavo Petro - Ciudad y Region\",\"isPartOf\":{\"@id\":\"https:\/\/ciudadyregion.com.co\/#website\"},\"primaryImageOfPage\":{\"@id\":\"https:\/\/ciudadyregion.com.co\/index.php\/en-colombia-se-han-acostumbrado-que-la-gente-que-trabaja-se-mira-por-encima-de-hombro-no-se-dignifica-se-trata-como-esclavos-presidente-gustavo-petro\/politica\/#primaryimage\"},\"image\":{\"@id\":\"https:\/\/ciudadyregion.com.co\/index.php\/en-colombia-se-han-acostumbrado-que-la-gente-que-trabaja-se-mira-por-encima-de-hombro-no-se-dignifica-se-trata-como-esclavos-presidente-gustavo-petro\/politica\/#primaryimage\"},\"thumbnailUrl\":\"https:\/\/i0.wp.com\/ciudadyregion.com.co\/wp-content\/uploads\/2025\/03\/3-18.jpg?fit=800%2C445&ssl=1\",\"datePublished\":\"2025-03-12T10:01:16+00:00\",\"dateModified\":\"2025-03-12T10:01:16+00:00\",\"author\":{\"@id\":\"https:\/\/ciudadyregion.com.co\/#\/schema\/person\/04a4954373ebc4051f46e8c65ff78622\"},\"breadcrumb\":{\"@id\":\"https:\/\/ciudadyregion.com.co\/index.php\/en-colombia-se-han-acostumbrado-que-la-gente-que-trabaja-se-mira-por-encima-de-hombro-no-se-dignifica-se-trata-como-esclavos-presidente-gustavo-petro\/politica\/#breadcrumb\"},\"inLanguage\":\"es\",\"potentialAction\":[{\"@type\":\"ReadAction\",\"target\":[\"https:\/\/ciudadyregion.com.co\/index.php\/en-colombia-se-han-acostumbrado-que-la-gente-que-trabaja-se-mira-por-encima-de-hombro-no-se-dignifica-se-trata-como-esclavos-presidente-gustavo-petro\/politica\/\"]}]},{\"@type\":\"ImageObject\",\"inLanguage\":\"es\",\"@id\":\"https:\/\/ciudadyregion.com.co\/index.php\/en-colombia-se-han-acostumbrado-que-la-gente-que-trabaja-se-mira-por-encima-de-hombro-no-se-dignifica-se-trata-como-esclavos-presidente-gustavo-petro\/politica\/#primaryimage\",\"url\":\"https:\/\/i0.wp.com\/ciudadyregion.com.co\/wp-content\/uploads\/2025\/03\/3-18.jpg?fit=800%2C445&ssl=1\",\"contentUrl\":\"https:\/\/i0.wp.com\/ciudadyregion.com.co\/wp-content\/uploads\/2025\/03\/3-18.jpg?fit=800%2C445&ssl=1\",\"width\":800,\"height\":445},{\"@type\":\"BreadcrumbList\",\"@id\":\"https:\/\/ciudadyregion.com.co\/index.php\/en-colombia-se-han-acostumbrado-que-la-gente-que-trabaja-se-mira-por-encima-de-hombro-no-se-dignifica-se-trata-como-esclavos-presidente-gustavo-petro\/politica\/#breadcrumb\",\"itemListElement\":[{\"@type\":\"ListItem\",\"position\":1,\"name\":\"Portada\",\"item\":\"https:\/\/ciudadyregion.com.co\/\"},{\"@type\":\"ListItem\",\"position\":2,\"name\":\"\u00abEn Colombia se han acostumbrado que la gente que trabaja se mira por encima de hombro, no se dignifica, se trata como esclavos\u00bb: Presidente Gustavo Petro\"}]},{\"@type\":\"WebSite\",\"@id\":\"https:\/\/ciudadyregion.com.co\/#website\",\"url\":\"https:\/\/ciudadyregion.com.co\/\",\"name\":\"Ciudad y Region\",\"description\":\"\",\"potentialAction\":[{\"@type\":\"SearchAction\",\"target\":{\"@type\":\"EntryPoint\",\"urlTemplate\":\"https:\/\/ciudadyregion.com.co\/?s={search_term_string}\"},\"query-input\":{\"@type\":\"PropertyValueSpecification\",\"valueRequired\":true,\"valueName\":\"search_term_string\"}}],\"inLanguage\":\"es\"},{\"@type\":\"Person\",\"@id\":\"https:\/\/ciudadyregion.com.co\/#\/schema\/person\/04a4954373ebc4051f46e8c65ff78622\",\"name\":\"David Andr\u00e9s Aguirre\",\"image\":{\"@type\":\"ImageObject\",\"inLanguage\":\"es\",\"@id\":\"https:\/\/ciudadyregion.com.co\/#\/schema\/person\/image\/\",\"url\":\"https:\/\/secure.gravatar.com\/avatar\/bc3c655860202182ee6d1b5edd042dbe?s=96&d=mm&r=g\",\"contentUrl\":\"https:\/\/secure.gravatar.com\/avatar\/bc3c655860202182ee6d1b5edd042dbe?s=96&d=mm&r=g\",\"caption\":\"David Andr\u00e9s Aguirre\"},\"url\":\"https:\/\/ciudadyregion.com.co\/index.php\/author\/diegoaguirre\/\"}]}<\/script>\n<!-- \/ Yoast SEO plugin. -->","yoast_head_json":{"title":"\"En Colombia se han acostumbrado que la gente que trabaja se mira por encima de hombro, no se dignifica, se trata como esclavos\": Presidente Gustavo Petro - Ciudad y Region","robots":{"index":"index","follow":"follow","max-snippet":"max-snippet:-1","max-image-preview":"max-image-preview:large","max-video-preview":"max-video-preview:-1"},"canonical":"https:\/\/ciudadyregion.com.co\/index.php\/en-colombia-se-han-acostumbrado-que-la-gente-que-trabaja-se-mira-por-encima-de-hombro-no-se-dignifica-se-trata-como-esclavos-presidente-gustavo-petro\/politica\/","og_locale":"es_ES","og_type":"article","og_title":"\"En Colombia se han acostumbrado que la gente que trabaja se mira por encima de hombro, no se dignifica, se trata como esclavos\": Presidente Gustavo Petro - Ciudad y Region","og_description":"\u201cEn Colombia, y lo veremos en ciertas discusiones en el Congreso de la Rep\u00fablica ahora, se ha acostumbrado que la gente que trabaja se mira por encima del hombro, no se le dignifica, se le trata como esclavos, como si fueran animales sin derechos\u201d. As\u00ed lo asegur\u00f3 el presidente GustavoContinuar Leyendo","og_url":"https:\/\/ciudadyregion.com.co\/index.php\/en-colombia-se-han-acostumbrado-que-la-gente-que-trabaja-se-mira-por-encima-de-hombro-no-se-dignifica-se-trata-como-esclavos-presidente-gustavo-petro\/politica\/","og_site_name":"Ciudad y Region","article_published_time":"2025-03-12T10:01:16+00:00","og_image":[{"width":800,"height":445,"url":"https:\/\/ciudadyregion.com.co\/wp-content\/uploads\/2025\/03\/3-18.jpg","type":"image\/jpeg"}],"author":"David Andr\u00e9s Aguirre","twitter_card":"summary_large_image","twitter_misc":{"Escrito por":"David Andr\u00e9s Aguirre","Tiempo de lectura":"3 minutos"},"schema":{"@context":"https:\/\/schema.org","@graph":[{"@type":"WebPage","@id":"https:\/\/ciudadyregion.com.co\/index.php\/en-colombia-se-han-acostumbrado-que-la-gente-que-trabaja-se-mira-por-encima-de-hombro-no-se-dignifica-se-trata-como-esclavos-presidente-gustavo-petro\/politica\/","url":"https:\/\/ciudadyregion.com.co\/index.php\/en-colombia-se-han-acostumbrado-que-la-gente-que-trabaja-se-mira-por-encima-de-hombro-no-se-dignifica-se-trata-como-esclavos-presidente-gustavo-petro\/politica\/","name":"\"En Colombia se han acostumbrado que la gente que trabaja se mira por encima de hombro, no se dignifica, se trata como esclavos\": Presidente Gustavo Petro - Ciudad y Region","isPartOf":{"@id":"https:\/\/ciudadyregion.com.co\/#website"},"primaryImageOfPage":{"@id":"https:\/\/ciudadyregion.com.co\/index.php\/en-colombia-se-han-acostumbrado-que-la-gente-que-trabaja-se-mira-por-encima-de-hombro-no-se-dignifica-se-trata-como-esclavos-presidente-gustavo-petro\/politica\/#primaryimage"},"image":{"@id":"https:\/\/ciudadyregion.com.co\/index.php\/en-colombia-se-han-acostumbrado-que-la-gente-que-trabaja-se-mira-por-encima-de-hombro-no-se-dignifica-se-trata-como-esclavos-presidente-gustavo-petro\/politica\/#primaryimage"},"thumbnailUrl":"https:\/\/i0.wp.com\/ciudadyregion.com.co\/wp-content\/uploads\/2025\/03\/3-18.jpg?fit=800%2C445&ssl=1","datePublished":"2025-03-12T10:01:16+00:00","dateModified":"2025-03-12T10:01:16+00:00","author":{"@id":"https:\/\/ciudadyregion.com.co\/#\/schema\/person\/04a4954373ebc4051f46e8c65ff78622"},"breadcrumb":{"@id":"https:\/\/ciudadyregion.com.co\/index.php\/en-colombia-se-han-acostumbrado-que-la-gente-que-trabaja-se-mira-por-encima-de-hombro-no-se-dignifica-se-trata-como-esclavos-presidente-gustavo-petro\/politica\/#breadcrumb"},"inLanguage":"es","potentialAction":[{"@type":"ReadAction","target":["https:\/\/ciudadyregion.com.co\/index.php\/en-colombia-se-han-acostumbrado-que-la-gente-que-trabaja-se-mira-por-encima-de-hombro-no-se-dignifica-se-trata-como-esclavos-presidente-gustavo-petro\/politica\/"]}]},{"@type":"ImageObject","inLanguage":"es","@id":"https:\/\/ciudadyregion.com.co\/index.php\/en-colombia-se-han-acostumbrado-que-la-gente-que-trabaja-se-mira-por-encima-de-hombro-no-se-dignifica-se-trata-como-esclavos-presidente-gustavo-petro\/politica\/#primaryimage","url":"https:\/\/i0.wp.com\/ciudadyregion.com.co\/wp-content\/uploads\/2025\/03\/3-18.jpg?fit=800%2C445&ssl=1","contentUrl":"https:\/\/i0.wp.com\/ciudadyregion.com.co\/wp-content\/uploads\/2025\/03\/3-18.jpg?fit=800%2C445&ssl=1","width":800,"height":445},{"@type":"BreadcrumbList","@id":"https:\/\/ciudadyregion.com.co\/index.php\/en-colombia-se-han-acostumbrado-que-la-gente-que-trabaja-se-mira-por-encima-de-hombro-no-se-dignifica-se-trata-como-esclavos-presidente-gustavo-petro\/politica\/#breadcrumb","itemListElement":[{"@type":"ListItem","position":1,"name":"Portada","item":"https:\/\/ciudadyregion.com.co\/"},{"@type":"ListItem","position":2,"name":"\u00abEn Colombia se han acostumbrado que la gente que trabaja se mira por encima de hombro, no se dignifica, se trata como esclavos\u00bb: Presidente Gustavo Petro"}]},{"@type":"WebSite","@id":"https:\/\/ciudadyregion.com.co\/#website","url":"https:\/\/ciudadyregion.com.co\/","name":"Ciudad y Region","description":"","potentialAction":[{"@type":"SearchAction","target":{"@type":"EntryPoint","urlTemplate":"https:\/\/ciudadyregion.com.co\/?s={search_term_string}"},"query-input":{"@type":"PropertyValueSpecification","valueRequired":true,"valueName":"search_term_string"}}],"inLanguage":"es"},{"@type":"Person","@id":"https:\/\/ciudadyregion.com.co\/#\/schema\/person\/04a4954373ebc4051f46e8c65ff78622","name":"David Andr\u00e9s Aguirre","image":{"@type":"ImageObject","inLanguage":"es","@id":"https:\/\/ciudadyregion.com.co\/#\/schema\/person\/image\/","url":"https:\/\/secure.gravatar.com\/avatar\/bc3c655860202182ee6d1b5edd042dbe?s=96&d=mm&r=g","contentUrl":"https:\/\/secure.gravatar.com\/avatar\/bc3c655860202182ee6d1b5edd042dbe?s=96&d=mm&r=g","caption":"David Andr\u00e9s Aguirre"},"url":"https:\/\/ciudadyregion.com.co\/index.php\/author\/diegoaguirre\/"}]}},"jetpack_featured_media_url":"https:\/\/i0.wp.com\/ciudadyregion.com.co\/wp-content\/uploads\/2025\/03\/3-18.jpg?fit=800%2C445&ssl=1","jetpack_sharing_enabled":true,"jetpack_shortlink":"https:\/\/wp.me\/pbS7hh-8f3","jetpack-related-posts":[],"_links":{"self":[{"href":"https:\/\/ciudadyregion.com.co\/index.php\/wp-json\/wp\/v2\/posts\/31685"}],"collection":[{"href":"https:\/\/ciudadyregion.com.co\/index.php\/wp-json\/wp\/v2\/posts"}],"about":[{"href":"https:\/\/ciudadyregion.com.co\/index.php\/wp-json\/wp\/v2\/types\/post"}],"author":[{"embeddable":true,"href":"https:\/\/ciudadyregion.com.co\/index.php\/wp-json\/wp\/v2\/users\/2"}],"replies":[{"embeddable":true,"href":"https:\/\/ciudadyregion.com.co\/index.php\/wp-json\/wp\/v2\/comments?post=31685"}],"version-history":[{"count":1,"href":"https:\/\/ciudadyregion.com.co\/index.php\/wp-json\/wp\/v2\/posts\/31685\/revisions"}],"predecessor-version":[{"id":31687,"href":"https:\/\/ciudadyregion.com.co\/index.php\/wp-json\/wp\/v2\/posts\/31685\/revisions\/31687"}],"wp:featuredmedia":[{"embeddable":true,"href":"https:\/\/ciudadyregion.com.co\/index.php\/wp-json\/wp\/v2\/media\/31686"}],"wp:attachment":[{"href":"https:\/\/ciudadyregion.com.co\/index.php\/wp-json\/wp\/v2\/media?parent=31685"}],"wp:term":[{"taxonomy":"category","embeddable":true,"href":"https:\/\/ciudadyregion.com.co\/index.php\/wp-json\/wp\/v2\/categories?post=31685"},{"taxonomy":"post_tag","embeddable":true,"href":"https:\/\/ciudadyregion.com.co\/index.php\/wp-json\/wp\/v2\/tags?post=31685"}],"curies":[{"name":"wp","href":"https:\/\/api.w.org\/{rel}","templated":true}]}}