{"id":31608,"date":"2025-03-11T10:05:10","date_gmt":"2025-03-11T15:05:10","guid":{"rendered":"https:\/\/ciudadyregion.com.co\/?p=31608"},"modified":"2025-03-11T10:17:23","modified_gmt":"2025-03-11T15:17:23","slug":"se-fue-quien-condecoraba-a-los-mejores-cada-ano-hasta-pronto-jorge","status":"publish","type":"post","link":"https:\/\/ciudadyregion.com.co\/index.php\/se-fue-quien-condecoraba-a-los-mejores-cada-ano-hasta-pronto-jorge\/regional\/","title":{"rendered":"Se fue quien condecoraba a los mejores cada a\u00f1o; \u00a1Hasta pronto Jorge!"},"content":{"rendered":"<p>Como integrante de la Asociaci\u00f3n Tolimense de Periodistas y junto al equipo de trabajo de Ciudad y Regi\u00f3n Comunicaciones, lamentamos profundamente la pronta partida al Reino de los Cielos de nuestro presidente de la ATP, colega y amigo, Jorge Eli\u00e9cer Barahona Barajas, quien adem\u00e1s de ser periodista tambi\u00e9n se desempe\u00f1aba como director de los medios de comunicaci\u00f3n Revista Panorama, Peri\u00f3dico Cuarto Poder y el Medio Online Radar Comunitario.<\/p>\n<p><img data-recalc-dims=\"1\" loading=\"lazy\" decoding=\"async\" class=\"alignnone wp-image-31634 size-full\" src=\"https:\/\/i0.wp.com\/ciudadyregion.com.co\/wp-content\/uploads\/2025\/03\/WhatsApp-Image-2025-03-11-at-10.00.25-AM.jpeg?resize=1119%2C442&#038;ssl=1\" alt=\"\" width=\"1119\" height=\"442\" srcset=\"https:\/\/i0.wp.com\/ciudadyregion.com.co\/wp-content\/uploads\/2025\/03\/WhatsApp-Image-2025-03-11-at-10.00.25-AM.jpeg?w=1119&amp;ssl=1 1119w, https:\/\/i0.wp.com\/ciudadyregion.com.co\/wp-content\/uploads\/2025\/03\/WhatsApp-Image-2025-03-11-at-10.00.25-AM.jpeg?resize=300%2C118&amp;ssl=1 300w, https:\/\/i0.wp.com\/ciudadyregion.com.co\/wp-content\/uploads\/2025\/03\/WhatsApp-Image-2025-03-11-at-10.00.25-AM.jpeg?resize=1024%2C404&amp;ssl=1 1024w, https:\/\/i0.wp.com\/ciudadyregion.com.co\/wp-content\/uploads\/2025\/03\/WhatsApp-Image-2025-03-11-at-10.00.25-AM.jpeg?resize=768%2C303&amp;ssl=1 768w, https:\/\/i0.wp.com\/ciudadyregion.com.co\/wp-content\/uploads\/2025\/03\/WhatsApp-Image-2025-03-11-at-10.00.25-AM.jpeg?resize=465%2C184&amp;ssl=1 465w, https:\/\/i0.wp.com\/ciudadyregion.com.co\/wp-content\/uploads\/2025\/03\/WhatsApp-Image-2025-03-11-at-10.00.25-AM.jpeg?resize=695%2C275&amp;ssl=1 695w\" sizes=\"(max-width: 1119px) 100vw, 1119px\" \/><\/p>\n<p><img data-recalc-dims=\"1\" loading=\"lazy\" decoding=\"async\" class=\"alignnone wp-image-31635 size-medium\" src=\"https:\/\/i0.wp.com\/ciudadyregion.com.co\/wp-content\/uploads\/2025\/03\/WhatsApp-Image-2025-03-11-at-10.00.29-AM.jpeg?resize=224%2C300&#038;ssl=1\" alt=\"\" width=\"224\" height=\"300\" srcset=\"https:\/\/i0.wp.com\/ciudadyregion.com.co\/wp-content\/uploads\/2025\/03\/WhatsApp-Image-2025-03-11-at-10.00.29-AM.jpeg?resize=224%2C300&amp;ssl=1 224w, https:\/\/i0.wp.com\/ciudadyregion.com.co\/wp-content\/uploads\/2025\/03\/WhatsApp-Image-2025-03-11-at-10.00.29-AM.jpeg?resize=300%2C400&amp;ssl=1 300w, https:\/\/i0.wp.com\/ciudadyregion.com.co\/wp-content\/uploads\/2025\/03\/WhatsApp-Image-2025-03-11-at-10.00.29-AM.jpeg?resize=411%2C550&amp;ssl=1 411w, https:\/\/i0.wp.com\/ciudadyregion.com.co\/wp-content\/uploads\/2025\/03\/WhatsApp-Image-2025-03-11-at-10.00.29-AM.jpeg?resize=374%2C500&amp;ssl=1 374w, https:\/\/i0.wp.com\/ciudadyregion.com.co\/wp-content\/uploads\/2025\/03\/WhatsApp-Image-2025-03-11-at-10.00.29-AM.jpeg?w=466&amp;ssl=1 466w\" sizes=\"(max-width: 224px) 100vw, 224px\" \/><\/p>\n<p><img data-recalc-dims=\"1\" loading=\"lazy\" decoding=\"async\" class=\"alignnone size-medium wp-image-31636\" src=\"https:\/\/i0.wp.com\/ciudadyregion.com.co\/wp-content\/uploads\/2025\/03\/WhatsApp-Image-2025-03-11-at-10.00.28-AM.jpeg?resize=300%2C205&#038;ssl=1\" alt=\"\" width=\"300\" height=\"205\" srcset=\"https:\/\/i0.wp.com\/ciudadyregion.com.co\/wp-content\/uploads\/2025\/03\/WhatsApp-Image-2025-03-11-at-10.00.28-AM.jpeg?resize=300%2C205&amp;ssl=1 300w, https:\/\/i0.wp.com\/ciudadyregion.com.co\/wp-content\/uploads\/2025\/03\/WhatsApp-Image-2025-03-11-at-10.00.28-AM.jpeg?resize=474%2C324&amp;ssl=1 474w, https:\/\/i0.wp.com\/ciudadyregion.com.co\/wp-content\/uploads\/2025\/03\/WhatsApp-Image-2025-03-11-at-10.00.28-AM.jpeg?resize=465%2C318&amp;ssl=1 465w, https:\/\/i0.wp.com\/ciudadyregion.com.co\/wp-content\/uploads\/2025\/03\/WhatsApp-Image-2025-03-11-at-10.00.28-AM.jpeg?w=625&amp;ssl=1 625w\" sizes=\"(max-width: 300px) 100vw, 300px\" \/><\/p>\n<p><img data-recalc-dims=\"1\" loading=\"lazy\" decoding=\"async\" class=\"alignnone size-medium wp-image-31637\" src=\"https:\/\/i0.wp.com\/ciudadyregion.com.co\/wp-content\/uploads\/2025\/03\/WhatsApp-Image-2025-03-11-at-10.00.29-AM-1.jpeg?resize=300%2C153&#038;ssl=1\" alt=\"\" width=\"300\" height=\"153\" srcset=\"https:\/\/i0.wp.com\/ciudadyregion.com.co\/wp-content\/uploads\/2025\/03\/WhatsApp-Image-2025-03-11-at-10.00.29-AM-1.jpeg?resize=300%2C153&amp;ssl=1 300w, https:\/\/i0.wp.com\/ciudadyregion.com.co\/wp-content\/uploads\/2025\/03\/WhatsApp-Image-2025-03-11-at-10.00.29-AM-1.jpeg?resize=768%2C393&amp;ssl=1 768w, https:\/\/i0.wp.com\/ciudadyregion.com.co\/wp-content\/uploads\/2025\/03\/WhatsApp-Image-2025-03-11-at-10.00.29-AM-1.jpeg?resize=465%2C238&amp;ssl=1 465w, https:\/\/i0.wp.com\/ciudadyregion.com.co\/wp-content\/uploads\/2025\/03\/WhatsApp-Image-2025-03-11-at-10.00.29-AM-1.jpeg?resize=695%2C355&amp;ssl=1 695w, https:\/\/i0.wp.com\/ciudadyregion.com.co\/wp-content\/uploads\/2025\/03\/WhatsApp-Image-2025-03-11-at-10.00.29-AM-1.jpeg?w=988&amp;ssl=1 988w\" sizes=\"(max-width: 300px) 100vw, 300px\" \/><\/p>\n<p>Jorge Eliecer desde hace varios meses ven\u00eda sufriendo quebrantos de salud, pero ello nunca le impidi\u00f3 cumplir con sus lectores y seguidores en la informaci\u00f3n diaria de denuncia contundente y postura beligerante, as\u00ed como con sus desplazamientos al terreno para junto a la comunidad, visibilizar diversos sectores de la capital tolimense, llevando as\u00ed el eco de las necesidades poblacionales y de los territorios, ante los entes administrativos de la capital y del departamento.<\/p>\n<p><img data-recalc-dims=\"1\" loading=\"lazy\" decoding=\"async\" class=\"alignnone wp-image-31639 size-full\" src=\"https:\/\/i0.wp.com\/ciudadyregion.com.co\/wp-content\/uploads\/2025\/03\/WhatsApp-Image-2025-03-11-at-10.00.30-AM-1.jpeg?resize=766%2C474&#038;ssl=1\" alt=\"\" width=\"766\" height=\"474\" srcset=\"https:\/\/i0.wp.com\/ciudadyregion.com.co\/wp-content\/uploads\/2025\/03\/WhatsApp-Image-2025-03-11-at-10.00.30-AM-1.jpeg?w=766&amp;ssl=1 766w, https:\/\/i0.wp.com\/ciudadyregion.com.co\/wp-content\/uploads\/2025\/03\/WhatsApp-Image-2025-03-11-at-10.00.30-AM-1.jpeg?resize=300%2C186&amp;ssl=1 300w, https:\/\/i0.wp.com\/ciudadyregion.com.co\/wp-content\/uploads\/2025\/03\/WhatsApp-Image-2025-03-11-at-10.00.30-AM-1.jpeg?resize=465%2C288&amp;ssl=1 465w, https:\/\/i0.wp.com\/ciudadyregion.com.co\/wp-content\/uploads\/2025\/03\/WhatsApp-Image-2025-03-11-at-10.00.30-AM-1.jpeg?resize=695%2C430&amp;ssl=1 695w\" sizes=\"(max-width: 766px) 100vw, 766px\" \/><\/p>\n<p><img data-recalc-dims=\"1\" loading=\"lazy\" decoding=\"async\" class=\"alignnone wp-image-31640 size-full\" src=\"https:\/\/i0.wp.com\/ciudadyregion.com.co\/wp-content\/uploads\/2025\/03\/WhatsApp-Image-2025-03-11-at-10.00.30-AM.jpeg?resize=268%2C243&#038;ssl=1\" alt=\"\" width=\"268\" height=\"243\" \/><\/p>\n<p><img data-recalc-dims=\"1\" loading=\"lazy\" decoding=\"async\" class=\"alignnone wp-image-31641 size-full\" src=\"https:\/\/i0.wp.com\/ciudadyregion.com.co\/wp-content\/uploads\/2025\/03\/WhatsApp-Image-2025-03-11-at-10.00.26-AM.jpeg?resize=390%2C199&#038;ssl=1\" alt=\"\" width=\"390\" height=\"199\" srcset=\"https:\/\/i0.wp.com\/ciudadyregion.com.co\/wp-content\/uploads\/2025\/03\/WhatsApp-Image-2025-03-11-at-10.00.26-AM.jpeg?w=390&amp;ssl=1 390w, https:\/\/i0.wp.com\/ciudadyregion.com.co\/wp-content\/uploads\/2025\/03\/WhatsApp-Image-2025-03-11-at-10.00.26-AM.jpeg?resize=300%2C153&amp;ssl=1 300w\" sizes=\"(max-width: 390px) 100vw, 390px\" \/><\/p>\n<p>Durante 23 a\u00f1os Jorge Eliecer Barahona Barajas se ech\u00f3 al hombro una labor de reconocimiento a l\u00edderes de barrio, dirigentes pol\u00edticos, empresarios, personal de los medios de comunicaci\u00f3n, hasta llegar en el 2024 a tener 17 categor\u00edas, en las cuales, bajo la modalidad de votaci\u00f3n y encuestas, se seleccionaba a los mejores de cada categor\u00eda y en ceremonia especial se entregaban las placas honor\u00edficas a los mejores del a\u00f1o.<\/p>\n<p><img data-recalc-dims=\"1\" loading=\"lazy\" decoding=\"async\" class=\"alignnone wp-image-31643 size-full\" src=\"https:\/\/i0.wp.com\/ciudadyregion.com.co\/wp-content\/uploads\/2025\/03\/WhatsApp-Image-2025-03-11-at-10.00.26-AM-2.jpeg?resize=1125%2C402&#038;ssl=1\" alt=\"\" width=\"1125\" height=\"402\" srcset=\"https:\/\/i0.wp.com\/ciudadyregion.com.co\/wp-content\/uploads\/2025\/03\/WhatsApp-Image-2025-03-11-at-10.00.26-AM-2.jpeg?w=1125&amp;ssl=1 1125w, https:\/\/i0.wp.com\/ciudadyregion.com.co\/wp-content\/uploads\/2025\/03\/WhatsApp-Image-2025-03-11-at-10.00.26-AM-2.jpeg?resize=300%2C107&amp;ssl=1 300w, https:\/\/i0.wp.com\/ciudadyregion.com.co\/wp-content\/uploads\/2025\/03\/WhatsApp-Image-2025-03-11-at-10.00.26-AM-2.jpeg?resize=1024%2C366&amp;ssl=1 1024w, https:\/\/i0.wp.com\/ciudadyregion.com.co\/wp-content\/uploads\/2025\/03\/WhatsApp-Image-2025-03-11-at-10.00.26-AM-2.jpeg?resize=768%2C274&amp;ssl=1 768w, https:\/\/i0.wp.com\/ciudadyregion.com.co\/wp-content\/uploads\/2025\/03\/WhatsApp-Image-2025-03-11-at-10.00.26-AM-2.jpeg?resize=465%2C166&amp;ssl=1 465w, https:\/\/i0.wp.com\/ciudadyregion.com.co\/wp-content\/uploads\/2025\/03\/WhatsApp-Image-2025-03-11-at-10.00.26-AM-2.jpeg?resize=695%2C248&amp;ssl=1 695w\" sizes=\"(max-width: 1125px) 100vw, 1125px\" \/><\/p>\n<p><img data-recalc-dims=\"1\" loading=\"lazy\" decoding=\"async\" class=\"alignnone wp-image-31644 size-full\" src=\"https:\/\/i0.wp.com\/ciudadyregion.com.co\/wp-content\/uploads\/2025\/03\/WhatsApp-Image-2025-03-11-at-10.00.29-AM-2.jpeg?resize=957%2C443&#038;ssl=1\" alt=\"\" width=\"957\" height=\"443\" srcset=\"https:\/\/i0.wp.com\/ciudadyregion.com.co\/wp-content\/uploads\/2025\/03\/WhatsApp-Image-2025-03-11-at-10.00.29-AM-2.jpeg?w=957&amp;ssl=1 957w, https:\/\/i0.wp.com\/ciudadyregion.com.co\/wp-content\/uploads\/2025\/03\/WhatsApp-Image-2025-03-11-at-10.00.29-AM-2.jpeg?resize=300%2C139&amp;ssl=1 300w, https:\/\/i0.wp.com\/ciudadyregion.com.co\/wp-content\/uploads\/2025\/03\/WhatsApp-Image-2025-03-11-at-10.00.29-AM-2.jpeg?resize=768%2C356&amp;ssl=1 768w, https:\/\/i0.wp.com\/ciudadyregion.com.co\/wp-content\/uploads\/2025\/03\/WhatsApp-Image-2025-03-11-at-10.00.29-AM-2.jpeg?resize=465%2C215&amp;ssl=1 465w, https:\/\/i0.wp.com\/ciudadyregion.com.co\/wp-content\/uploads\/2025\/03\/WhatsApp-Image-2025-03-11-at-10.00.29-AM-2.jpeg?resize=695%2C322&amp;ssl=1 695w, https:\/\/i0.wp.com\/ciudadyregion.com.co\/wp-content\/uploads\/2025\/03\/WhatsApp-Image-2025-03-11-at-10.00.29-AM-2.jpeg?resize=920%2C425&amp;ssl=1 920w\" sizes=\"(max-width: 957px) 100vw, 957px\" \/><\/p>\n<p><img data-recalc-dims=\"1\" loading=\"lazy\" decoding=\"async\" class=\"alignnone wp-image-31645 size-full\" src=\"https:\/\/i0.wp.com\/ciudadyregion.com.co\/wp-content\/uploads\/2025\/03\/WhatsApp-Image-2025-03-11-at-10.00.31-AM-2.jpeg?resize=909%2C566&#038;ssl=1\" alt=\"\" width=\"909\" height=\"566\" srcset=\"https:\/\/i0.wp.com\/ciudadyregion.com.co\/wp-content\/uploads\/2025\/03\/WhatsApp-Image-2025-03-11-at-10.00.31-AM-2.jpeg?w=909&amp;ssl=1 909w, https:\/\/i0.wp.com\/ciudadyregion.com.co\/wp-content\/uploads\/2025\/03\/WhatsApp-Image-2025-03-11-at-10.00.31-AM-2.jpeg?resize=300%2C187&amp;ssl=1 300w, https:\/\/i0.wp.com\/ciudadyregion.com.co\/wp-content\/uploads\/2025\/03\/WhatsApp-Image-2025-03-11-at-10.00.31-AM-2.jpeg?resize=768%2C478&amp;ssl=1 768w, https:\/\/i0.wp.com\/ciudadyregion.com.co\/wp-content\/uploads\/2025\/03\/WhatsApp-Image-2025-03-11-at-10.00.31-AM-2.jpeg?resize=465%2C290&amp;ssl=1 465w, https:\/\/i0.wp.com\/ciudadyregion.com.co\/wp-content\/uploads\/2025\/03\/WhatsApp-Image-2025-03-11-at-10.00.31-AM-2.jpeg?resize=695%2C433&amp;ssl=1 695w\" sizes=\"(max-width: 909px) 100vw, 909px\" \/><\/p>\n<p><img data-recalc-dims=\"1\" loading=\"lazy\" decoding=\"async\" class=\"alignnone wp-image-31646 size-full\" src=\"https:\/\/i0.wp.com\/ciudadyregion.com.co\/wp-content\/uploads\/2025\/03\/WhatsApp-Image-2025-03-11-at-10.00.28-AM-1.jpeg?resize=856%2C403&#038;ssl=1\" alt=\"\" width=\"856\" height=\"403\" srcset=\"https:\/\/i0.wp.com\/ciudadyregion.com.co\/wp-content\/uploads\/2025\/03\/WhatsApp-Image-2025-03-11-at-10.00.28-AM-1.jpeg?w=856&amp;ssl=1 856w, https:\/\/i0.wp.com\/ciudadyregion.com.co\/wp-content\/uploads\/2025\/03\/WhatsApp-Image-2025-03-11-at-10.00.28-AM-1.jpeg?resize=300%2C141&amp;ssl=1 300w, https:\/\/i0.wp.com\/ciudadyregion.com.co\/wp-content\/uploads\/2025\/03\/WhatsApp-Image-2025-03-11-at-10.00.28-AM-1.jpeg?resize=768%2C362&amp;ssl=1 768w, https:\/\/i0.wp.com\/ciudadyregion.com.co\/wp-content\/uploads\/2025\/03\/WhatsApp-Image-2025-03-11-at-10.00.28-AM-1.jpeg?resize=465%2C219&amp;ssl=1 465w, https:\/\/i0.wp.com\/ciudadyregion.com.co\/wp-content\/uploads\/2025\/03\/WhatsApp-Image-2025-03-11-at-10.00.28-AM-1.jpeg?resize=695%2C327&amp;ssl=1 695w\" sizes=\"(max-width: 856px) 100vw, 856px\" \/><\/p>\n<p>En esa quijotesca pero loable labor de reconocimiento por mas de dos d\u00e9cadas, fueron centenares de ciudadanos que recibieron de sus manos, ese reconocimiento y gratitud por su aporte a la sociedad y desarrollo del Tolima.<\/p>\n<p><img data-recalc-dims=\"1\" loading=\"lazy\" decoding=\"async\" class=\"alignnone size-medium wp-image-31648\" src=\"https:\/\/i0.wp.com\/ciudadyregion.com.co\/wp-content\/uploads\/2025\/03\/WhatsApp-Image-2025-03-11-at-10.00.29-AM-3.jpeg?resize=227%2C300&#038;ssl=1\" alt=\"\" width=\"227\" height=\"300\" srcset=\"https:\/\/i0.wp.com\/ciudadyregion.com.co\/wp-content\/uploads\/2025\/03\/WhatsApp-Image-2025-03-11-at-10.00.29-AM-3.jpeg?resize=227%2C300&amp;ssl=1 227w, https:\/\/i0.wp.com\/ciudadyregion.com.co\/wp-content\/uploads\/2025\/03\/WhatsApp-Image-2025-03-11-at-10.00.29-AM-3.jpeg?w=331&amp;ssl=1 331w\" sizes=\"(max-width: 227px) 100vw, 227px\" \/><\/p>\n<p><img data-recalc-dims=\"1\" loading=\"lazy\" decoding=\"async\" class=\"alignnone size-medium wp-image-31652\" src=\"https:\/\/i0.wp.com\/ciudadyregion.com.co\/wp-content\/uploads\/2025\/03\/WhatsApp-Image-2025-03-11-at-10.00.27-AM-1.jpeg?resize=300%2C230&#038;ssl=1\" alt=\"\" width=\"300\" height=\"230\" srcset=\"https:\/\/i0.wp.com\/ciudadyregion.com.co\/wp-content\/uploads\/2025\/03\/WhatsApp-Image-2025-03-11-at-10.00.27-AM-1.jpeg?resize=300%2C230&amp;ssl=1 300w, https:\/\/i0.wp.com\/ciudadyregion.com.co\/wp-content\/uploads\/2025\/03\/WhatsApp-Image-2025-03-11-at-10.00.27-AM-1.jpeg?resize=465%2C357&amp;ssl=1 465w, https:\/\/i0.wp.com\/ciudadyregion.com.co\/wp-content\/uploads\/2025\/03\/WhatsApp-Image-2025-03-11-at-10.00.27-AM-1.jpeg?w=623&amp;ssl=1 623w\" sizes=\"(max-width: 300px) 100vw, 300px\" \/><\/p>\n<p><img data-recalc-dims=\"1\" loading=\"lazy\" decoding=\"async\" class=\"alignnone size-medium wp-image-31653\" src=\"https:\/\/i0.wp.com\/ciudadyregion.com.co\/wp-content\/uploads\/2025\/03\/WhatsApp-Image-2025-03-11-at-10.00.27-AM.jpeg?resize=300%2C199&#038;ssl=1\" alt=\"\" width=\"300\" height=\"199\" srcset=\"https:\/\/i0.wp.com\/ciudadyregion.com.co\/wp-content\/uploads\/2025\/03\/WhatsApp-Image-2025-03-11-at-10.00.27-AM.jpeg?resize=300%2C199&amp;ssl=1 300w, https:\/\/i0.wp.com\/ciudadyregion.com.co\/wp-content\/uploads\/2025\/03\/WhatsApp-Image-2025-03-11-at-10.00.27-AM.jpeg?w=373&amp;ssl=1 373w\" sizes=\"(max-width: 300px) 100vw, 300px\" \/><\/p>\n<p><img data-recalc-dims=\"1\" loading=\"lazy\" decoding=\"async\" class=\"alignnone size-medium wp-image-31651\" src=\"https:\/\/i0.wp.com\/ciudadyregion.com.co\/wp-content\/uploads\/2025\/03\/WhatsApp-Image-2025-03-11-at-10.00.28-AM-2.jpeg?resize=256%2C153&#038;ssl=1\" alt=\"\" width=\"256\" height=\"153\" \/><\/p>\n<p><img data-recalc-dims=\"1\" loading=\"lazy\" decoding=\"async\" class=\"alignnone wp-image-31649 size-full\" src=\"https:\/\/i0.wp.com\/ciudadyregion.com.co\/wp-content\/uploads\/2025\/03\/WhatsApp-Image-2025-03-11-at-10.00.28-AM-4.jpeg?resize=137%2C107&#038;ssl=1\" alt=\"\" width=\"137\" height=\"107\" \/><\/p>\n<p><img data-recalc-dims=\"1\" loading=\"lazy\" decoding=\"async\" class=\"alignnone wp-image-31647 size-full\" src=\"https:\/\/i0.wp.com\/ciudadyregion.com.co\/wp-content\/uploads\/2025\/03\/WhatsApp-Image-2025-03-11-at-10.00.29-AM-4.jpeg?resize=170%2C150&#038;ssl=1\" alt=\"\" width=\"170\" height=\"150\" \/><\/p>\n<p><img data-recalc-dims=\"1\" loading=\"lazy\" decoding=\"async\" class=\"alignnone size-medium wp-image-31650\" src=\"https:\/\/i0.wp.com\/ciudadyregion.com.co\/wp-content\/uploads\/2025\/03\/WhatsApp-Image-2025-03-11-at-10.00.28-AM-3.jpeg?resize=137%2C121&#038;ssl=1\" alt=\"\" width=\"137\" height=\"121\" \/><\/p>\n<p><img data-recalc-dims=\"1\" loading=\"lazy\" decoding=\"async\" class=\"alignnone size-medium wp-image-31654\" src=\"https:\/\/i0.wp.com\/ciudadyregion.com.co\/wp-content\/uploads\/2025\/03\/WhatsApp-Image-2025-03-11-at-10.00.26-AM-3.jpeg?resize=141%2C149&#038;ssl=1\" alt=\"\" width=\"141\" height=\"149\" \/><\/p>\n<p>Jorge siempre se caracteriz\u00f3 por ser un hombre obstinado en la b\u00fasqueda de resultados, siempre ten\u00eda ideas para mejorar sus medios y jam\u00e1s dejo desfallecer su gesto de hacer este tipo de homenajes en vida, a quienes de una u otra manera dedican su vida a la construcci\u00f3n de un mejor pa\u00eds desde sus respectivas competencias y esferas sociales.<\/p>\n<p>A \u00e9l casi siempre se le ve\u00eda acompa\u00f1ado de su esposa y su peque\u00f1o hijo, quien se mostraba orgulloso de su padre a tal punto de emularlo en su vestuario y desparpajo para interactuar con los dem\u00e1s; Jorge naci\u00f3 el 14 de febrero de 1960 en el corregimiento de Toche, municipio de Ibagu\u00e9 Tolima, terru\u00f1o en donde vivi\u00f3 gran parte de su ni\u00f1ez, infancia y adolescencia.<\/p>\n<p>En la edad adulta siempre se caracteriz\u00f3 por su sentido social y de servicio a la comunidad; en sus m\u00e1s de 40 a\u00f1os de experiencia period\u00edstica, siempre se sinti\u00f3 orgulloso de su origen campesino y tolimense, nunca ocult\u00f3 su gusto por las tradiciones de nuestro departamento y, por el contrario, no se perdi\u00f3 nunca la oportunidad de cubrir todo evento que girara en torno a ello, as\u00ed como siempre desear lo mejor para su departamento.<\/p>\n<p><img data-recalc-dims=\"1\" loading=\"lazy\" decoding=\"async\" class=\"alignnone wp-image-31655 size-full\" src=\"https:\/\/i0.wp.com\/ciudadyregion.com.co\/wp-content\/uploads\/2025\/03\/WhatsApp-Image-2025-03-11-at-10.00.30-AM-3.jpeg?resize=737%2C505&#038;ssl=1\" alt=\"\" width=\"737\" height=\"505\" srcset=\"https:\/\/i0.wp.com\/ciudadyregion.com.co\/wp-content\/uploads\/2025\/03\/WhatsApp-Image-2025-03-11-at-10.00.30-AM-3.jpeg?w=737&amp;ssl=1 737w, https:\/\/i0.wp.com\/ciudadyregion.com.co\/wp-content\/uploads\/2025\/03\/WhatsApp-Image-2025-03-11-at-10.00.30-AM-3.jpeg?resize=300%2C206&amp;ssl=1 300w, https:\/\/i0.wp.com\/ciudadyregion.com.co\/wp-content\/uploads\/2025\/03\/WhatsApp-Image-2025-03-11-at-10.00.30-AM-3.jpeg?resize=474%2C324&amp;ssl=1 474w, https:\/\/i0.wp.com\/ciudadyregion.com.co\/wp-content\/uploads\/2025\/03\/WhatsApp-Image-2025-03-11-at-10.00.30-AM-3.jpeg?resize=465%2C319&amp;ssl=1 465w, https:\/\/i0.wp.com\/ciudadyregion.com.co\/wp-content\/uploads\/2025\/03\/WhatsApp-Image-2025-03-11-at-10.00.30-AM-3.jpeg?resize=695%2C476&amp;ssl=1 695w\" sizes=\"(max-width: 737px) 100vw, 737px\" \/><\/p>\n<p><img data-recalc-dims=\"1\" loading=\"lazy\" decoding=\"async\" class=\"alignnone wp-image-31657 size-full\" src=\"https:\/\/i0.wp.com\/ciudadyregion.com.co\/wp-content\/uploads\/2025\/03\/WhatsApp-Image-2025-03-11-at-10.00.27-AM-2.jpeg?resize=472%2C599&#038;ssl=1\" alt=\"\" width=\"472\" height=\"599\" srcset=\"https:\/\/i0.wp.com\/ciudadyregion.com.co\/wp-content\/uploads\/2025\/03\/WhatsApp-Image-2025-03-11-at-10.00.27-AM-2.jpeg?w=472&amp;ssl=1 472w, https:\/\/i0.wp.com\/ciudadyregion.com.co\/wp-content\/uploads\/2025\/03\/WhatsApp-Image-2025-03-11-at-10.00.27-AM-2.jpeg?resize=236%2C300&amp;ssl=1 236w, https:\/\/i0.wp.com\/ciudadyregion.com.co\/wp-content\/uploads\/2025\/03\/WhatsApp-Image-2025-03-11-at-10.00.27-AM-2.jpeg?resize=433%2C550&amp;ssl=1 433w, https:\/\/i0.wp.com\/ciudadyregion.com.co\/wp-content\/uploads\/2025\/03\/WhatsApp-Image-2025-03-11-at-10.00.27-AM-2.jpeg?resize=394%2C500&amp;ssl=1 394w\" sizes=\"(max-width: 472px) 100vw, 472px\" \/><\/p>\n<p><img data-recalc-dims=\"1\" loading=\"lazy\" decoding=\"async\" class=\"alignnone wp-image-31656 size-full\" src=\"https:\/\/i0.wp.com\/ciudadyregion.com.co\/wp-content\/uploads\/2025\/03\/WhatsApp-Image-2025-03-11-at-10.00.30-AM-2.jpeg?resize=215%2C153&#038;ssl=1\" alt=\"\" width=\"215\" height=\"153\" \/><\/p>\n<p>Desde nuestro medio de comunicaci\u00f3n, presentamos un saludo de condolencia a su esposa, hijos y dem\u00e1s integrantes de su familia, quienes pese al dolor que produce la partida de Jorge, deben tambi\u00e9n sentirse orgullosos porque sin duda \u00e9l, les dejo todo un legado de lo que es el servicio social, el amor por lo que se hace y la gratitud que se debe tener siempre hacia los dem\u00e1s, especialmente para aquellos que con sus actividades cotidianas tambi\u00e9n transforman al mundo. As\u00ed como lo hizo Jorge a\u00f1o tras a\u00f1o.<\/p>\n<p>Hoy tenemos que despedir a un Grande del periodismo social, que dedico la mayor parte de su vida a lo que m\u00e1s amaba, su familia, su profesi\u00f3n y el servicio a la comunidad.<\/p>\n<p>MIL GRACIAS POR SU LEGADO, MIL GRACIAS POR SU DEDICACI\u00d3N Y UN HASTA PRONTO QUERIDO AMIGO\u2026 JORGE ELIECER BARAHONA BARAJAS. Q.E.P.D.<\/p>\n<p><img data-recalc-dims=\"1\" loading=\"lazy\" decoding=\"async\" class=\"alignnone wp-image-31658 size-full\" src=\"https:\/\/i0.wp.com\/ciudadyregion.com.co\/wp-content\/uploads\/2025\/03\/WhatsApp-Image-2025-03-11-at-10.00.31-AM-3.jpeg?resize=481%2C526&#038;ssl=1\" alt=\"\" width=\"481\" height=\"526\" srcset=\"https:\/\/i0.wp.com\/ciudadyregion.com.co\/wp-content\/uploads\/2025\/03\/WhatsApp-Image-2025-03-11-at-10.00.31-AM-3.jpeg?w=481&amp;ssl=1 481w, https:\/\/i0.wp.com\/ciudadyregion.com.co\/wp-content\/uploads\/2025\/03\/WhatsApp-Image-2025-03-11-at-10.00.31-AM-3.jpeg?resize=274%2C300&amp;ssl=1 274w, https:\/\/i0.wp.com\/ciudadyregion.com.co\/wp-content\/uploads\/2025\/03\/WhatsApp-Image-2025-03-11-at-10.00.31-AM-3.jpeg?resize=465%2C509&amp;ssl=1 465w, https:\/\/i0.wp.com\/ciudadyregion.com.co\/wp-content\/uploads\/2025\/03\/WhatsApp-Image-2025-03-11-at-10.00.31-AM-3.jpeg?resize=457%2C500&amp;ssl=1 457w\" sizes=\"(max-width: 481px) 100vw, 481px\" \/><\/p>\n","protected":false},"excerpt":{"rendered":"<p>Como integrante de la Asociaci\u00f3n Tolimense de Periodistas y junto al equipo de trabajo de Ciudad y Regi\u00f3n Comunicaciones, lamentamos profundamente la pronta partida al Reino de los Cielos de nuestro presidente de la ATP, colega y amigo, Jorge Eli\u00e9cer Barahona Barajas, quien adem\u00e1s de ser periodista tambi\u00e9n se desempe\u00f1aba<span class=\"more-link\"><a href=\"https:\/\/ciudadyregion.com.co\/index.php\/se-fue-quien-condecoraba-a-los-mejores-cada-ano-hasta-pronto-jorge\/regional\/\">Continuar Leyendo<\/a><\/span><\/p>\n","protected":false},"author":2,"featured_media":31633,"comment_status":"open","ping_status":"open","sticky":false,"template":"","format":"standard","meta":{"_uf_show_specific_survey":0,"_uf_disable_surveys":false,"_jetpack_memberships_contains_paid_content":false,"footnotes":"","jetpack_publicize_message":"","jetpack_publicize_feature_enabled":true,"jetpack_social_post_already_shared":true,"jetpack_social_options":{"image_generator_settings":{"template":"highway","enabled":false},"version":2}},"categories":[30,13],"tags":[],"class_list":["entry","author-diegoaguirre","post-31608","post","type-post","status-publish","format-standard","has-post-thumbnail","category-cultura","category-regional"],"jetpack_publicize_connections":[],"yoast_head":"<!-- This site is optimized with the Yoast SEO plugin v24.3 - https:\/\/yoast.com\/wordpress\/plugins\/seo\/ -->\n<title>Se fue quien condecoraba a los mejores cada a\u00f1o; \u00a1Hasta pronto Jorge! - Ciudad y Region<\/title>\n<meta name=\"robots\" content=\"index, follow, max-snippet:-1, max-image-preview:large, max-video-preview:-1\" \/>\n<link rel=\"canonical\" href=\"https:\/\/ciudadyregion.com.co\/index.php\/se-fue-quien-condecoraba-a-los-mejores-cada-ano-hasta-pronto-jorge\/regional\/\" \/>\n<meta property=\"og:locale\" content=\"es_ES\" \/>\n<meta property=\"og:type\" content=\"article\" \/>\n<meta property=\"og:title\" content=\"Se fue quien condecoraba a los mejores cada a\u00f1o; \u00a1Hasta pronto Jorge! - Ciudad y Region\" \/>\n<meta property=\"og:description\" content=\"Como integrante de la Asociaci\u00f3n Tolimense de Periodistas y junto al equipo de trabajo de Ciudad y Regi\u00f3n Comunicaciones, lamentamos profundamente la pronta partida al Reino de los Cielos de nuestro presidente de la ATP, colega y amigo, Jorge Eli\u00e9cer Barahona Barajas, quien adem\u00e1s de ser periodista tambi\u00e9n se desempe\u00f1abaContinuar Leyendo\" \/>\n<meta property=\"og:url\" content=\"https:\/\/ciudadyregion.com.co\/index.php\/se-fue-quien-condecoraba-a-los-mejores-cada-ano-hasta-pronto-jorge\/regional\/\" \/>\n<meta property=\"og:site_name\" content=\"Ciudad y Region\" \/>\n<meta property=\"article:published_time\" content=\"2025-03-11T15:05:10+00:00\" \/>\n<meta property=\"article:modified_time\" content=\"2025-03-11T15:17:23+00:00\" \/>\n<meta property=\"og:image\" content=\"https:\/\/ciudadyregion.com.co\/wp-content\/uploads\/2025\/03\/1-2025-03-11T100215.844.jpg\" \/>\n\t<meta property=\"og:image:width\" content=\"800\" \/>\n\t<meta property=\"og:image:height\" content=\"445\" \/>\n\t<meta property=\"og:image:type\" content=\"image\/jpeg\" \/>\n<meta name=\"author\" content=\"David Andr\u00e9s Aguirre\" \/>\n<meta name=\"twitter:card\" content=\"summary_large_image\" \/>\n<meta name=\"twitter:label1\" content=\"Escrito por\" \/>\n\t<meta name=\"twitter:data1\" content=\"David Andr\u00e9s Aguirre\" \/>\n\t<meta name=\"twitter:label2\" content=\"Tiempo de lectura\" \/>\n\t<meta name=\"twitter:data2\" content=\"8 minutos\" \/>\n<script type=\"application\/ld+json\" class=\"yoast-schema-graph\">{\"@context\":\"https:\/\/schema.org\",\"@graph\":[{\"@type\":\"WebPage\",\"@id\":\"https:\/\/ciudadyregion.com.co\/index.php\/se-fue-quien-condecoraba-a-los-mejores-cada-ano-hasta-pronto-jorge\/regional\/\",\"url\":\"https:\/\/ciudadyregion.com.co\/index.php\/se-fue-quien-condecoraba-a-los-mejores-cada-ano-hasta-pronto-jorge\/regional\/\",\"name\":\"Se fue quien condecoraba a los mejores cada a\u00f1o; \u00a1Hasta pronto Jorge! - Ciudad y Region\",\"isPartOf\":{\"@id\":\"https:\/\/ciudadyregion.com.co\/#website\"},\"primaryImageOfPage\":{\"@id\":\"https:\/\/ciudadyregion.com.co\/index.php\/se-fue-quien-condecoraba-a-los-mejores-cada-ano-hasta-pronto-jorge\/regional\/#primaryimage\"},\"image\":{\"@id\":\"https:\/\/ciudadyregion.com.co\/index.php\/se-fue-quien-condecoraba-a-los-mejores-cada-ano-hasta-pronto-jorge\/regional\/#primaryimage\"},\"thumbnailUrl\":\"https:\/\/i0.wp.com\/ciudadyregion.com.co\/wp-content\/uploads\/2025\/03\/1-2025-03-11T100215.844.jpg?fit=800%2C445&ssl=1\",\"datePublished\":\"2025-03-11T15:05:10+00:00\",\"dateModified\":\"2025-03-11T15:17:23+00:00\",\"author\":{\"@id\":\"https:\/\/ciudadyregion.com.co\/#\/schema\/person\/04a4954373ebc4051f46e8c65ff78622\"},\"breadcrumb\":{\"@id\":\"https:\/\/ciudadyregion.com.co\/index.php\/se-fue-quien-condecoraba-a-los-mejores-cada-ano-hasta-pronto-jorge\/regional\/#breadcrumb\"},\"inLanguage\":\"es\",\"potentialAction\":[{\"@type\":\"ReadAction\",\"target\":[\"https:\/\/ciudadyregion.com.co\/index.php\/se-fue-quien-condecoraba-a-los-mejores-cada-ano-hasta-pronto-jorge\/regional\/\"]}]},{\"@type\":\"ImageObject\",\"inLanguage\":\"es\",\"@id\":\"https:\/\/ciudadyregion.com.co\/index.php\/se-fue-quien-condecoraba-a-los-mejores-cada-ano-hasta-pronto-jorge\/regional\/#primaryimage\",\"url\":\"https:\/\/i0.wp.com\/ciudadyregion.com.co\/wp-content\/uploads\/2025\/03\/1-2025-03-11T100215.844.jpg?fit=800%2C445&ssl=1\",\"contentUrl\":\"https:\/\/i0.wp.com\/ciudadyregion.com.co\/wp-content\/uploads\/2025\/03\/1-2025-03-11T100215.844.jpg?fit=800%2C445&ssl=1\",\"width\":800,\"height\":445},{\"@type\":\"BreadcrumbList\",\"@id\":\"https:\/\/ciudadyregion.com.co\/index.php\/se-fue-quien-condecoraba-a-los-mejores-cada-ano-hasta-pronto-jorge\/regional\/#breadcrumb\",\"itemListElement\":[{\"@type\":\"ListItem\",\"position\":1,\"name\":\"Portada\",\"item\":\"https:\/\/ciudadyregion.com.co\/\"},{\"@type\":\"ListItem\",\"position\":2,\"name\":\"Se fue quien condecoraba a los mejores cada a\u00f1o; \u00a1Hasta pronto Jorge!\"}]},{\"@type\":\"WebSite\",\"@id\":\"https:\/\/ciudadyregion.com.co\/#website\",\"url\":\"https:\/\/ciudadyregion.com.co\/\",\"name\":\"Ciudad y Region\",\"description\":\"\",\"potentialAction\":[{\"@type\":\"SearchAction\",\"target\":{\"@type\":\"EntryPoint\",\"urlTemplate\":\"https:\/\/ciudadyregion.com.co\/?s={search_term_string}\"},\"query-input\":{\"@type\":\"PropertyValueSpecification\",\"valueRequired\":true,\"valueName\":\"search_term_string\"}}],\"inLanguage\":\"es\"},{\"@type\":\"Person\",\"@id\":\"https:\/\/ciudadyregion.com.co\/#\/schema\/person\/04a4954373ebc4051f46e8c65ff78622\",\"name\":\"David Andr\u00e9s Aguirre\",\"image\":{\"@type\":\"ImageObject\",\"inLanguage\":\"es\",\"@id\":\"https:\/\/ciudadyregion.com.co\/#\/schema\/person\/image\/\",\"url\":\"https:\/\/secure.gravatar.com\/avatar\/bc3c655860202182ee6d1b5edd042dbe?s=96&d=mm&r=g\",\"contentUrl\":\"https:\/\/secure.gravatar.com\/avatar\/bc3c655860202182ee6d1b5edd042dbe?s=96&d=mm&r=g\",\"caption\":\"David Andr\u00e9s Aguirre\"},\"url\":\"https:\/\/ciudadyregion.com.co\/index.php\/author\/diegoaguirre\/\"}]}<\/script>\n<!-- \/ Yoast SEO plugin. -->","yoast_head_json":{"title":"Se fue quien condecoraba a los mejores cada a\u00f1o; \u00a1Hasta pronto Jorge! - Ciudad y Region","robots":{"index":"index","follow":"follow","max-snippet":"max-snippet:-1","max-image-preview":"max-image-preview:large","max-video-preview":"max-video-preview:-1"},"canonical":"https:\/\/ciudadyregion.com.co\/index.php\/se-fue-quien-condecoraba-a-los-mejores-cada-ano-hasta-pronto-jorge\/regional\/","og_locale":"es_ES","og_type":"article","og_title":"Se fue quien condecoraba a los mejores cada a\u00f1o; \u00a1Hasta pronto Jorge! - Ciudad y Region","og_description":"Como integrante de la Asociaci\u00f3n Tolimense de Periodistas y junto al equipo de trabajo de Ciudad y Regi\u00f3n Comunicaciones, lamentamos profundamente la pronta partida al Reino de los Cielos de nuestro presidente de la ATP, colega y amigo, Jorge Eli\u00e9cer Barahona Barajas, quien adem\u00e1s de ser periodista tambi\u00e9n se desempe\u00f1abaContinuar Leyendo","og_url":"https:\/\/ciudadyregion.com.co\/index.php\/se-fue-quien-condecoraba-a-los-mejores-cada-ano-hasta-pronto-jorge\/regional\/","og_site_name":"Ciudad y Region","article_published_time":"2025-03-11T15:05:10+00:00","article_modified_time":"2025-03-11T15:17:23+00:00","og_image":[{"width":800,"height":445,"url":"https:\/\/ciudadyregion.com.co\/wp-content\/uploads\/2025\/03\/1-2025-03-11T100215.844.jpg","type":"image\/jpeg"}],"author":"David Andr\u00e9s Aguirre","twitter_card":"summary_large_image","twitter_misc":{"Escrito por":"David Andr\u00e9s Aguirre","Tiempo de lectura":"8 minutos"},"schema":{"@context":"https:\/\/schema.org","@graph":[{"@type":"WebPage","@id":"https:\/\/ciudadyregion.com.co\/index.php\/se-fue-quien-condecoraba-a-los-mejores-cada-ano-hasta-pronto-jorge\/regional\/","url":"https:\/\/ciudadyregion.com.co\/index.php\/se-fue-quien-condecoraba-a-los-mejores-cada-ano-hasta-pronto-jorge\/regional\/","name":"Se fue quien condecoraba a los mejores cada a\u00f1o; \u00a1Hasta pronto Jorge! - Ciudad y Region","isPartOf":{"@id":"https:\/\/ciudadyregion.com.co\/#website"},"primaryImageOfPage":{"@id":"https:\/\/ciudadyregion.com.co\/index.php\/se-fue-quien-condecoraba-a-los-mejores-cada-ano-hasta-pronto-jorge\/regional\/#primaryimage"},"image":{"@id":"https:\/\/ciudadyregion.com.co\/index.php\/se-fue-quien-condecoraba-a-los-mejores-cada-ano-hasta-pronto-jorge\/regional\/#primaryimage"},"thumbnailUrl":"https:\/\/i0.wp.com\/ciudadyregion.com.co\/wp-content\/uploads\/2025\/03\/1-2025-03-11T100215.844.jpg?fit=800%2C445&ssl=1","datePublished":"2025-03-11T15:05:10+00:00","dateModified":"2025-03-11T15:17:23+00:00","author":{"@id":"https:\/\/ciudadyregion.com.co\/#\/schema\/person\/04a4954373ebc4051f46e8c65ff78622"},"breadcrumb":{"@id":"https:\/\/ciudadyregion.com.co\/index.php\/se-fue-quien-condecoraba-a-los-mejores-cada-ano-hasta-pronto-jorge\/regional\/#breadcrumb"},"inLanguage":"es","potentialAction":[{"@type":"ReadAction","target":["https:\/\/ciudadyregion.com.co\/index.php\/se-fue-quien-condecoraba-a-los-mejores-cada-ano-hasta-pronto-jorge\/regional\/"]}]},{"@type":"ImageObject","inLanguage":"es","@id":"https:\/\/ciudadyregion.com.co\/index.php\/se-fue-quien-condecoraba-a-los-mejores-cada-ano-hasta-pronto-jorge\/regional\/#primaryimage","url":"https:\/\/i0.wp.com\/ciudadyregion.com.co\/wp-content\/uploads\/2025\/03\/1-2025-03-11T100215.844.jpg?fit=800%2C445&ssl=1","contentUrl":"https:\/\/i0.wp.com\/ciudadyregion.com.co\/wp-content\/uploads\/2025\/03\/1-2025-03-11T100215.844.jpg?fit=800%2C445&ssl=1","width":800,"height":445},{"@type":"BreadcrumbList","@id":"https:\/\/ciudadyregion.com.co\/index.php\/se-fue-quien-condecoraba-a-los-mejores-cada-ano-hasta-pronto-jorge\/regional\/#breadcrumb","itemListElement":[{"@type":"ListItem","position":1,"name":"Portada","item":"https:\/\/ciudadyregion.com.co\/"},{"@type":"ListItem","position":2,"name":"Se fue quien condecoraba a los mejores cada a\u00f1o; \u00a1Hasta pronto Jorge!"}]},{"@type":"WebSite","@id":"https:\/\/ciudadyregion.com.co\/#website","url":"https:\/\/ciudadyregion.com.co\/","name":"Ciudad y Region","description":"","potentialAction":[{"@type":"SearchAction","target":{"@type":"EntryPoint","urlTemplate":"https:\/\/ciudadyregion.com.co\/?s={search_term_string}"},"query-input":{"@type":"PropertyValueSpecification","valueRequired":true,"valueName":"search_term_string"}}],"inLanguage":"es"},{"@type":"Person","@id":"https:\/\/ciudadyregion.com.co\/#\/schema\/person\/04a4954373ebc4051f46e8c65ff78622","name":"David Andr\u00e9s Aguirre","image":{"@type":"ImageObject","inLanguage":"es","@id":"https:\/\/ciudadyregion.com.co\/#\/schema\/person\/image\/","url":"https:\/\/secure.gravatar.com\/avatar\/bc3c655860202182ee6d1b5edd042dbe?s=96&d=mm&r=g","contentUrl":"https:\/\/secure.gravatar.com\/avatar\/bc3c655860202182ee6d1b5edd042dbe?s=96&d=mm&r=g","caption":"David Andr\u00e9s Aguirre"},"url":"https:\/\/ciudadyregion.com.co\/index.php\/author\/diegoaguirre\/"}]}},"jetpack_featured_media_url":"https:\/\/i0.wp.com\/ciudadyregion.com.co\/wp-content\/uploads\/2025\/03\/1-2025-03-11T100215.844.jpg?fit=800%2C445&ssl=1","jetpack_sharing_enabled":true,"jetpack_shortlink":"https:\/\/wp.me\/pbS7hh-8dO","jetpack-related-posts":[],"_links":{"self":[{"href":"https:\/\/ciudadyregion.com.co\/index.php\/wp-json\/wp\/v2\/posts\/31608"}],"collection":[{"href":"https:\/\/ciudadyregion.com.co\/index.php\/wp-json\/wp\/v2\/posts"}],"about":[{"href":"https:\/\/ciudadyregion.com.co\/index.php\/wp-json\/wp\/v2\/types\/post"}],"author":[{"embeddable":true,"href":"https:\/\/ciudadyregion.com.co\/index.php\/wp-json\/wp\/v2\/users\/2"}],"replies":[{"embeddable":true,"href":"https:\/\/ciudadyregion.com.co\/index.php\/wp-json\/wp\/v2\/comments?post=31608"}],"version-history":[{"count":5,"href":"https:\/\/ciudadyregion.com.co\/index.php\/wp-json\/wp\/v2\/posts\/31608\/revisions"}],"predecessor-version":[{"id":31660,"href":"https:\/\/ciudadyregion.com.co\/index.php\/wp-json\/wp\/v2\/posts\/31608\/revisions\/31660"}],"wp:featuredmedia":[{"embeddable":true,"href":"https:\/\/ciudadyregion.com.co\/index.php\/wp-json\/wp\/v2\/media\/31633"}],"wp:attachment":[{"href":"https:\/\/ciudadyregion.com.co\/index.php\/wp-json\/wp\/v2\/media?parent=31608"}],"wp:term":[{"taxonomy":"category","embeddable":true,"href":"https:\/\/ciudadyregion.com.co\/index.php\/wp-json\/wp\/v2\/categories?post=31608"},{"taxonomy":"post_tag","embeddable":true,"href":"https:\/\/ciudadyregion.com.co\/index.php\/wp-json\/wp\/v2\/tags?post=31608"}],"curies":[{"name":"wp","href":"https:\/\/api.w.org\/{rel}","templated":true}]}}