{"id":30059,"date":"2025-02-04T04:21:02","date_gmt":"2025-02-04T09:21:02","guid":{"rendered":"https:\/\/ciudadyregion.com.co\/?p=30059"},"modified":"2025-02-03T23:21:26","modified_gmt":"2025-02-04T04:21:26","slug":"degenerado-judicializado-sujeto-que-persiguio-a-una-menor-y-despues-la-abuso-en-una-zona-boscosa-de-calarca-quindio","status":"publish","type":"post","link":"https:\/\/ciudadyregion.com.co\/index.php\/degenerado-judicializado-sujeto-que-persiguio-a-una-menor-y-despues-la-abuso-en-una-zona-boscosa-de-calarca-quindio\/judicial\/","title":{"rendered":"Degenerado: Judicializado sujeto que persigui\u00f3 a una menor y despu\u00e9s la abus\u00f3 en una zona boscosa de Calarc\u00e1, Quind\u00edo"},"content":{"rendered":"<p>&nbsp;<\/p>\n<p>Por solicitud de la Fiscal\u00eda General de la Naci\u00f3n, un juez de control de garant\u00edas impuso medida de aseguramiento en establecimiento carcelario contra Durlanys Salinas Hern\u00e1ndez, presunto responsable de haber agredido sexualmente a una adolescente, de 17 a\u00f1os, en Calarc\u00e1 (Quind\u00edo), el pasado 27 de enero.<\/p>\n<p>Un fiscal del Centro de Atenci\u00f3n a V\u00edctimas de Abuso Sexual (Caivas), de la Seccional Quind\u00edo, le formul\u00f3 imputaci\u00f3n por el delito de acto sexual violento, cargo que no fue aceptado.<\/p>\n<p>El d\u00eda de los hechos, la joven se dirig\u00eda hacia su casa, cuando Salinas Hern\u00e1ndez, al parecer, la sigui\u00f3 por un puente peatonal, donde hay una zona boscosa. El presunto agresor la tom\u00f3 por la fuerza y comenz\u00f3 a realizarle tocamientos en sus partes \u00edntimas.<\/p>\n<p>La v\u00edctima logr\u00f3 huir del lugar, hacia un barrio cercano. La comunidad lo puso a disposici\u00f3n de la polic\u00eda de vigilancia del municipio, que lo captur\u00f3 en flagrancia.<\/p>\n<p>&nbsp;<\/p>\n","protected":false},"excerpt":{"rendered":"<p>&nbsp; Por solicitud de la Fiscal\u00eda General de la Naci\u00f3n, un juez de control de garant\u00edas impuso medida de aseguramiento en establecimiento carcelario contra Durlanys Salinas Hern\u00e1ndez, presunto responsable de haber agredido sexualmente a una adolescente, de 17 a\u00f1os, en Calarc\u00e1 (Quind\u00edo), el pasado 27 de enero. Un fiscal del<span class=\"more-link\"><a href=\"https:\/\/ciudadyregion.com.co\/index.php\/degenerado-judicializado-sujeto-que-persiguio-a-una-menor-y-despues-la-abuso-en-una-zona-boscosa-de-calarca-quindio\/judicial\/\">Continuar Leyendo<\/a><\/span><\/p>\n","protected":false},"author":2,"featured_media":30060,"comment_status":"open","ping_status":"open","sticky":false,"template":"","format":"standard","meta":{"_uf_show_specific_survey":0,"_uf_disable_surveys":false,"_jetpack_memberships_contains_paid_content":false,"footnotes":"","jetpack_publicize_message":"","jetpack_publicize_feature_enabled":true,"jetpack_social_post_already_shared":true,"jetpack_social_options":{"image_generator_settings":{"template":"highway","enabled":false},"version":2}},"categories":[18],"tags":[],"class_list":["entry","author-diegoaguirre","post-30059","post","type-post","status-publish","format-standard","has-post-thumbnail","category-judicial"],"jetpack_publicize_connections":[],"yoast_head":"<!-- This site is optimized with the Yoast SEO plugin v24.3 - https:\/\/yoast.com\/wordpress\/plugins\/seo\/ -->\n<title>Degenerado: Judicializado sujeto que persigui\u00f3 a una menor y despu\u00e9s la abus\u00f3 en una zona boscosa de Calarc\u00e1, Quind\u00edo - Ciudad y Region<\/title>\n<meta name=\"robots\" content=\"index, follow, max-snippet:-1, max-image-preview:large, max-video-preview:-1\" \/>\n<link rel=\"canonical\" href=\"https:\/\/ciudadyregion.com.co\/index.php\/degenerado-judicializado-sujeto-que-persiguio-a-una-menor-y-despues-la-abuso-en-una-zona-boscosa-de-calarca-quindio\/judicial\/\" \/>\n<meta property=\"og:locale\" content=\"es_ES\" \/>\n<meta property=\"og:type\" content=\"article\" \/>\n<meta property=\"og:title\" content=\"Degenerado: Judicializado sujeto que persigui\u00f3 a una menor y despu\u00e9s la abus\u00f3 en una zona boscosa de Calarc\u00e1, Quind\u00edo - Ciudad y Region\" \/>\n<meta property=\"og:description\" content=\"&nbsp; Por solicitud de la Fiscal\u00eda General de la Naci\u00f3n, un juez de control de garant\u00edas impuso medida de aseguramiento en establecimiento carcelario contra Durlanys Salinas Hern\u00e1ndez, presunto responsable de haber agredido sexualmente a una adolescente, de 17 a\u00f1os, en Calarc\u00e1 (Quind\u00edo), el pasado 27 de enero. Un fiscal delContinuar Leyendo\" \/>\n<meta property=\"og:url\" content=\"https:\/\/ciudadyregion.com.co\/index.php\/degenerado-judicializado-sujeto-que-persiguio-a-una-menor-y-despues-la-abuso-en-una-zona-boscosa-de-calarca-quindio\/judicial\/\" \/>\n<meta property=\"og:site_name\" content=\"Ciudad y Region\" \/>\n<meta property=\"article:published_time\" content=\"2025-02-04T09:21:02+00:00\" \/>\n<meta property=\"article:modified_time\" content=\"2025-02-04T04:21:26+00:00\" \/>\n<meta property=\"og:image\" content=\"https:\/\/i0.wp.com\/ciudadyregion.com.co\/wp-content\/uploads\/2025\/02\/3.jpg?fit=800%2C445&ssl=1\" \/>\n\t<meta property=\"og:image:width\" content=\"800\" \/>\n\t<meta property=\"og:image:height\" content=\"445\" \/>\n\t<meta property=\"og:image:type\" content=\"image\/jpeg\" \/>\n<meta name=\"author\" content=\"David Andr\u00e9s Aguirre\" \/>\n<meta name=\"twitter:card\" content=\"summary_large_image\" \/>\n<meta name=\"twitter:label1\" content=\"Escrito por\" \/>\n\t<meta name=\"twitter:data1\" content=\"David Andr\u00e9s Aguirre\" \/>\n\t<meta name=\"twitter:label2\" content=\"Tiempo de lectura\" \/>\n\t<meta name=\"twitter:data2\" content=\"1 minuto\" \/>\n<script type=\"application\/ld+json\" class=\"yoast-schema-graph\">{\"@context\":\"https:\/\/schema.org\",\"@graph\":[{\"@type\":\"WebPage\",\"@id\":\"https:\/\/ciudadyregion.com.co\/index.php\/degenerado-judicializado-sujeto-que-persiguio-a-una-menor-y-despues-la-abuso-en-una-zona-boscosa-de-calarca-quindio\/judicial\/\",\"url\":\"https:\/\/ciudadyregion.com.co\/index.php\/degenerado-judicializado-sujeto-que-persiguio-a-una-menor-y-despues-la-abuso-en-una-zona-boscosa-de-calarca-quindio\/judicial\/\",\"name\":\"Degenerado: Judicializado sujeto que persigui\u00f3 a una menor y despu\u00e9s la abus\u00f3 en una zona boscosa de Calarc\u00e1, Quind\u00edo - Ciudad y Region\",\"isPartOf\":{\"@id\":\"https:\/\/ciudadyregion.com.co\/#website\"},\"primaryImageOfPage\":{\"@id\":\"https:\/\/ciudadyregion.com.co\/index.php\/degenerado-judicializado-sujeto-que-persiguio-a-una-menor-y-despues-la-abuso-en-una-zona-boscosa-de-calarca-quindio\/judicial\/#primaryimage\"},\"image\":{\"@id\":\"https:\/\/ciudadyregion.com.co\/index.php\/degenerado-judicializado-sujeto-que-persiguio-a-una-menor-y-despues-la-abuso-en-una-zona-boscosa-de-calarca-quindio\/judicial\/#primaryimage\"},\"thumbnailUrl\":\"https:\/\/i0.wp.com\/ciudadyregion.com.co\/wp-content\/uploads\/2025\/02\/3.jpg?fit=800%2C445&ssl=1\",\"datePublished\":\"2025-02-04T09:21:02+00:00\",\"dateModified\":\"2025-02-04T04:21:26+00:00\",\"author\":{\"@id\":\"https:\/\/ciudadyregion.com.co\/#\/schema\/person\/04a4954373ebc4051f46e8c65ff78622\"},\"breadcrumb\":{\"@id\":\"https:\/\/ciudadyregion.com.co\/index.php\/degenerado-judicializado-sujeto-que-persiguio-a-una-menor-y-despues-la-abuso-en-una-zona-boscosa-de-calarca-quindio\/judicial\/#breadcrumb\"},\"inLanguage\":\"es\",\"potentialAction\":[{\"@type\":\"ReadAction\",\"target\":[\"https:\/\/ciudadyregion.com.co\/index.php\/degenerado-judicializado-sujeto-que-persiguio-a-una-menor-y-despues-la-abuso-en-una-zona-boscosa-de-calarca-quindio\/judicial\/\"]}]},{\"@type\":\"ImageObject\",\"inLanguage\":\"es\",\"@id\":\"https:\/\/ciudadyregion.com.co\/index.php\/degenerado-judicializado-sujeto-que-persiguio-a-una-menor-y-despues-la-abuso-en-una-zona-boscosa-de-calarca-quindio\/judicial\/#primaryimage\",\"url\":\"https:\/\/i0.wp.com\/ciudadyregion.com.co\/wp-content\/uploads\/2025\/02\/3.jpg?fit=800%2C445&ssl=1\",\"contentUrl\":\"https:\/\/i0.wp.com\/ciudadyregion.com.co\/wp-content\/uploads\/2025\/02\/3.jpg?fit=800%2C445&ssl=1\",\"width\":800,\"height\":445},{\"@type\":\"BreadcrumbList\",\"@id\":\"https:\/\/ciudadyregion.com.co\/index.php\/degenerado-judicializado-sujeto-que-persiguio-a-una-menor-y-despues-la-abuso-en-una-zona-boscosa-de-calarca-quindio\/judicial\/#breadcrumb\",\"itemListElement\":[{\"@type\":\"ListItem\",\"position\":1,\"name\":\"Portada\",\"item\":\"https:\/\/ciudadyregion.com.co\/\"},{\"@type\":\"ListItem\",\"position\":2,\"name\":\"Degenerado: Judicializado sujeto que persigui\u00f3 a una menor y despu\u00e9s la abus\u00f3 en una zona boscosa de Calarc\u00e1, Quind\u00edo\"}]},{\"@type\":\"WebSite\",\"@id\":\"https:\/\/ciudadyregion.com.co\/#website\",\"url\":\"https:\/\/ciudadyregion.com.co\/\",\"name\":\"Ciudad y Region\",\"description\":\"\",\"potentialAction\":[{\"@type\":\"SearchAction\",\"target\":{\"@type\":\"EntryPoint\",\"urlTemplate\":\"https:\/\/ciudadyregion.com.co\/?s={search_term_string}\"},\"query-input\":{\"@type\":\"PropertyValueSpecification\",\"valueRequired\":true,\"valueName\":\"search_term_string\"}}],\"inLanguage\":\"es\"},{\"@type\":\"Person\",\"@id\":\"https:\/\/ciudadyregion.com.co\/#\/schema\/person\/04a4954373ebc4051f46e8c65ff78622\",\"name\":\"David Andr\u00e9s Aguirre\",\"image\":{\"@type\":\"ImageObject\",\"inLanguage\":\"es\",\"@id\":\"https:\/\/ciudadyregion.com.co\/#\/schema\/person\/image\/\",\"url\":\"https:\/\/secure.gravatar.com\/avatar\/bc3c655860202182ee6d1b5edd042dbe?s=96&d=mm&r=g\",\"contentUrl\":\"https:\/\/secure.gravatar.com\/avatar\/bc3c655860202182ee6d1b5edd042dbe?s=96&d=mm&r=g\",\"caption\":\"David Andr\u00e9s Aguirre\"},\"url\":\"https:\/\/ciudadyregion.com.co\/index.php\/author\/diegoaguirre\/\"}]}<\/script>\n<!-- \/ Yoast SEO plugin. -->","yoast_head_json":{"title":"Degenerado: Judicializado sujeto que persigui\u00f3 a una menor y despu\u00e9s la abus\u00f3 en una zona boscosa de Calarc\u00e1, Quind\u00edo - Ciudad y Region","robots":{"index":"index","follow":"follow","max-snippet":"max-snippet:-1","max-image-preview":"max-image-preview:large","max-video-preview":"max-video-preview:-1"},"canonical":"https:\/\/ciudadyregion.com.co\/index.php\/degenerado-judicializado-sujeto-que-persiguio-a-una-menor-y-despues-la-abuso-en-una-zona-boscosa-de-calarca-quindio\/judicial\/","og_locale":"es_ES","og_type":"article","og_title":"Degenerado: Judicializado sujeto que persigui\u00f3 a una menor y despu\u00e9s la abus\u00f3 en una zona boscosa de Calarc\u00e1, Quind\u00edo - Ciudad y Region","og_description":"&nbsp; Por solicitud de la Fiscal\u00eda General de la Naci\u00f3n, un juez de control de garant\u00edas impuso medida de aseguramiento en establecimiento carcelario contra Durlanys Salinas Hern\u00e1ndez, presunto responsable de haber agredido sexualmente a una adolescente, de 17 a\u00f1os, en Calarc\u00e1 (Quind\u00edo), el pasado 27 de enero. Un fiscal delContinuar Leyendo","og_url":"https:\/\/ciudadyregion.com.co\/index.php\/degenerado-judicializado-sujeto-que-persiguio-a-una-menor-y-despues-la-abuso-en-una-zona-boscosa-de-calarca-quindio\/judicial\/","og_site_name":"Ciudad y Region","article_published_time":"2025-02-04T09:21:02+00:00","article_modified_time":"2025-02-04T04:21:26+00:00","og_image":[{"width":800,"height":445,"url":"https:\/\/i0.wp.com\/ciudadyregion.com.co\/wp-content\/uploads\/2025\/02\/3.jpg?fit=800%2C445&ssl=1","type":"image\/jpeg"}],"author":"David Andr\u00e9s Aguirre","twitter_card":"summary_large_image","twitter_misc":{"Escrito por":"David Andr\u00e9s Aguirre","Tiempo de lectura":"1 minuto"},"schema":{"@context":"https:\/\/schema.org","@graph":[{"@type":"WebPage","@id":"https:\/\/ciudadyregion.com.co\/index.php\/degenerado-judicializado-sujeto-que-persiguio-a-una-menor-y-despues-la-abuso-en-una-zona-boscosa-de-calarca-quindio\/judicial\/","url":"https:\/\/ciudadyregion.com.co\/index.php\/degenerado-judicializado-sujeto-que-persiguio-a-una-menor-y-despues-la-abuso-en-una-zona-boscosa-de-calarca-quindio\/judicial\/","name":"Degenerado: Judicializado sujeto que persigui\u00f3 a una menor y despu\u00e9s la abus\u00f3 en una zona boscosa de Calarc\u00e1, Quind\u00edo - Ciudad y Region","isPartOf":{"@id":"https:\/\/ciudadyregion.com.co\/#website"},"primaryImageOfPage":{"@id":"https:\/\/ciudadyregion.com.co\/index.php\/degenerado-judicializado-sujeto-que-persiguio-a-una-menor-y-despues-la-abuso-en-una-zona-boscosa-de-calarca-quindio\/judicial\/#primaryimage"},"image":{"@id":"https:\/\/ciudadyregion.com.co\/index.php\/degenerado-judicializado-sujeto-que-persiguio-a-una-menor-y-despues-la-abuso-en-una-zona-boscosa-de-calarca-quindio\/judicial\/#primaryimage"},"thumbnailUrl":"https:\/\/i0.wp.com\/ciudadyregion.com.co\/wp-content\/uploads\/2025\/02\/3.jpg?fit=800%2C445&ssl=1","datePublished":"2025-02-04T09:21:02+00:00","dateModified":"2025-02-04T04:21:26+00:00","author":{"@id":"https:\/\/ciudadyregion.com.co\/#\/schema\/person\/04a4954373ebc4051f46e8c65ff78622"},"breadcrumb":{"@id":"https:\/\/ciudadyregion.com.co\/index.php\/degenerado-judicializado-sujeto-que-persiguio-a-una-menor-y-despues-la-abuso-en-una-zona-boscosa-de-calarca-quindio\/judicial\/#breadcrumb"},"inLanguage":"es","potentialAction":[{"@type":"ReadAction","target":["https:\/\/ciudadyregion.com.co\/index.php\/degenerado-judicializado-sujeto-que-persiguio-a-una-menor-y-despues-la-abuso-en-una-zona-boscosa-de-calarca-quindio\/judicial\/"]}]},{"@type":"ImageObject","inLanguage":"es","@id":"https:\/\/ciudadyregion.com.co\/index.php\/degenerado-judicializado-sujeto-que-persiguio-a-una-menor-y-despues-la-abuso-en-una-zona-boscosa-de-calarca-quindio\/judicial\/#primaryimage","url":"https:\/\/i0.wp.com\/ciudadyregion.com.co\/wp-content\/uploads\/2025\/02\/3.jpg?fit=800%2C445&ssl=1","contentUrl":"https:\/\/i0.wp.com\/ciudadyregion.com.co\/wp-content\/uploads\/2025\/02\/3.jpg?fit=800%2C445&ssl=1","width":800,"height":445},{"@type":"BreadcrumbList","@id":"https:\/\/ciudadyregion.com.co\/index.php\/degenerado-judicializado-sujeto-que-persiguio-a-una-menor-y-despues-la-abuso-en-una-zona-boscosa-de-calarca-quindio\/judicial\/#breadcrumb","itemListElement":[{"@type":"ListItem","position":1,"name":"Portada","item":"https:\/\/ciudadyregion.com.co\/"},{"@type":"ListItem","position":2,"name":"Degenerado: Judicializado sujeto que persigui\u00f3 a una menor y despu\u00e9s la abus\u00f3 en una zona boscosa de Calarc\u00e1, Quind\u00edo"}]},{"@type":"WebSite","@id":"https:\/\/ciudadyregion.com.co\/#website","url":"https:\/\/ciudadyregion.com.co\/","name":"Ciudad y Region","description":"","potentialAction":[{"@type":"SearchAction","target":{"@type":"EntryPoint","urlTemplate":"https:\/\/ciudadyregion.com.co\/?s={search_term_string}"},"query-input":{"@type":"PropertyValueSpecification","valueRequired":true,"valueName":"search_term_string"}}],"inLanguage":"es"},{"@type":"Person","@id":"https:\/\/ciudadyregion.com.co\/#\/schema\/person\/04a4954373ebc4051f46e8c65ff78622","name":"David Andr\u00e9s Aguirre","image":{"@type":"ImageObject","inLanguage":"es","@id":"https:\/\/ciudadyregion.com.co\/#\/schema\/person\/image\/","url":"https:\/\/secure.gravatar.com\/avatar\/bc3c655860202182ee6d1b5edd042dbe?s=96&d=mm&r=g","contentUrl":"https:\/\/secure.gravatar.com\/avatar\/bc3c655860202182ee6d1b5edd042dbe?s=96&d=mm&r=g","caption":"David Andr\u00e9s Aguirre"},"url":"https:\/\/ciudadyregion.com.co\/index.php\/author\/diegoaguirre\/"}]}},"jetpack_featured_media_url":"https:\/\/i0.wp.com\/ciudadyregion.com.co\/wp-content\/uploads\/2025\/02\/3.jpg?fit=800%2C445&ssl=1","jetpack_sharing_enabled":true,"jetpack_shortlink":"https:\/\/wp.me\/pbS7hh-7OP","jetpack-related-posts":[],"_links":{"self":[{"href":"https:\/\/ciudadyregion.com.co\/index.php\/wp-json\/wp\/v2\/posts\/30059"}],"collection":[{"href":"https:\/\/ciudadyregion.com.co\/index.php\/wp-json\/wp\/v2\/posts"}],"about":[{"href":"https:\/\/ciudadyregion.com.co\/index.php\/wp-json\/wp\/v2\/types\/post"}],"author":[{"embeddable":true,"href":"https:\/\/ciudadyregion.com.co\/index.php\/wp-json\/wp\/v2\/users\/2"}],"replies":[{"embeddable":true,"href":"https:\/\/ciudadyregion.com.co\/index.php\/wp-json\/wp\/v2\/comments?post=30059"}],"version-history":[{"count":1,"href":"https:\/\/ciudadyregion.com.co\/index.php\/wp-json\/wp\/v2\/posts\/30059\/revisions"}],"predecessor-version":[{"id":30061,"href":"https:\/\/ciudadyregion.com.co\/index.php\/wp-json\/wp\/v2\/posts\/30059\/revisions\/30061"}],"wp:featuredmedia":[{"embeddable":true,"href":"https:\/\/ciudadyregion.com.co\/index.php\/wp-json\/wp\/v2\/media\/30060"}],"wp:attachment":[{"href":"https:\/\/ciudadyregion.com.co\/index.php\/wp-json\/wp\/v2\/media?parent=30059"}],"wp:term":[{"taxonomy":"category","embeddable":true,"href":"https:\/\/ciudadyregion.com.co\/index.php\/wp-json\/wp\/v2\/categories?post=30059"},{"taxonomy":"post_tag","embeddable":true,"href":"https:\/\/ciudadyregion.com.co\/index.php\/wp-json\/wp\/v2\/tags?post=30059"}],"curies":[{"name":"wp","href":"https:\/\/api.w.org\/{rel}","templated":true}]}}