{"id":30029,"date":"2025-02-03T15:08:47","date_gmt":"2025-02-03T20:08:47","guid":{"rendered":"https:\/\/ciudadyregion.com.co\/?p=30029"},"modified":"2025-02-03T15:08:47","modified_gmt":"2025-02-03T20:08:47","slug":"de-honda-a-la-gloria-el-tolima-se-luce-con-un-recorrido-epico-en-su-vuelta-2025","status":"publish","type":"post","link":"https:\/\/ciudadyregion.com.co\/index.php\/de-honda-a-la-gloria-el-tolima-se-luce-con-un-recorrido-epico-en-su-vuelta-2025\/deportes\/","title":{"rendered":"De Honda a la gloria: el Tolima se luce con un recorrido \u00e9pico en su Vuelta 2025"},"content":{"rendered":"<ul>\n<li><em><strong>Este gran evento ser\u00e1 mucho m\u00e1s que una carrera: ser\u00e1 una celebraci\u00f3n del deporte, la cultura y el esp\u00edritu de un departamento que sigue pedaleando hacia la grandeza.<\/strong><\/em><\/li>\n<\/ul>\n<p>El Tolima se prepara para vivir la emoci\u00f3n de la XXIII Vuelta al Tolima y la X Vuelta al Tolima Femenina del 12 al 16 de marzo de 2025; una de las competencias m\u00e1s esperadas del calendario cicl\u00edstico nacional.<\/p>\n<p>Con el respaldo de la Gobernaci\u00f3n del Tolima e Indeportes Tolima, este evento no solo destacar\u00e1 el talento de los mejores ciclistas del pa\u00eds, sino que tambi\u00e9n impulsar\u00e1 el turismo, la cultura y la gastronom\u00eda tolimense.<\/p>\n<p>En esta edici\u00f3n Honda, la Ciudad de los Puentes ser\u00e1 el epicentro del inicio de la competencia, marcando un hito en la historia del evento.<\/p>\n<p>Este municipio, con su invaluable riqueza colonial y su estrat\u00e9gica ubicaci\u00f3n, se convertir\u00e1 en el punto de partida de una carrera que recorrer\u00e1 los paisajes m\u00e1s ic\u00f3nicos del departamento.<\/p>\n<p><strong>Un recorrido que exalta el Tolima y su diversidad<\/strong><\/p>\n<p>El evento arrancar\u00e1 con la presentaci\u00f3n de equipos y el congresillo t\u00e9cnico en Honda, seguido del pr\u00f3logo inaugural el 12 de marzo de 2025. A partir de ese momento, los corredores emprender\u00e1n un emocionante desaf\u00edo que los llevar\u00e1 a recorrer municipios como San Sebasti\u00e1n de Mariquita, Purificaci\u00f3n, la represa de Prado, Cajamarca, Santa Isabel e Ibagu\u00e9.<\/p>\n<p>En la categor\u00eda femenina las ciclistas enfrentar\u00e1n un trazado igualmente desafiante, con etapas que incluyen el Alto de Gualanday, el Alto de Venadillo y un circuito final en Ibagu\u00e9.<\/p>\n<p><strong>M\u00e1s que una carrera, una vitrina para el Tolima<\/strong><\/p>\n<p>Esta Vuelta no solo pondr\u00e1 a prueba la resistencia y habilidad de los ciclistas, sino que tambi\u00e9n proyectar\u00e1 al Tolima como un destino tur\u00edstico de primer nivel. Desde la calidez de sus pueblos hasta la imponencia de sus monta\u00f1as, cada etapa ser\u00e1 una oportunidad para resaltar la riqueza natural y cultural del departamento. Adem\u00e1s, los visitantes podr\u00e1n disfrutar de la gastronom\u00eda tolimense, con delicias como la lechona, el tamal y la avena, mientras exploran los encantos hist\u00f3ricos de Honda y el legado musical de Ibagu\u00e9.<\/p>\n<blockquote><p>\u201dEstamos muy emocionados, contentos de iniciar una nueva edici\u00f3n de esta vuelta. Estamos a la expectativa de todos los equipos que participar\u00e1n y ser\u00e1 una oportunidad para seguir en el territorio e incentivar la cultura. Tendremos nuevos recorridos, como por ejemplo el lanzamiento que se realizar\u00e1 en Honda, ya que esto hace parte de la petici\u00f3n de nuestra gobernadora, donde nos ha indicado que tengamos en cuenta varios municipios del departamento para brindar m\u00e1s desarrollo\u201d, indic\u00f3, Nazario Arango, presidente de la Liga de Ciclismo del Tolima.<\/p><\/blockquote>\n<p><strong>El compromiso de la Gobernaci\u00f3n del Tolima e Indeportes<\/strong><\/p>\n<p>Gracias al apoyo incondicional del Gobierno Departamental, esta competencia se consolida como una plataforma para el desarrollo del ciclismo en la regi\u00f3n, brindando oportunidades a nuevas generaciones de deportistas y fomentando el orgullo tolimense, adem\u00e1s trabajando de la mano con sectores p\u00fablicos y privados porque \u00a1Todos Jugamos!<\/p>\n","protected":false},"excerpt":{"rendered":"<p>Este gran evento ser\u00e1 mucho m\u00e1s que una carrera: ser\u00e1 una celebraci\u00f3n del deporte, la cultura y el esp\u00edritu de un departamento que sigue pedaleando hacia la grandeza. El Tolima se prepara para vivir la emoci\u00f3n de la XXIII Vuelta al Tolima y la X Vuelta al Tolima Femenina del<span class=\"more-link\"><a href=\"https:\/\/ciudadyregion.com.co\/index.php\/de-honda-a-la-gloria-el-tolima-se-luce-con-un-recorrido-epico-en-su-vuelta-2025\/deportes\/\">Continuar Leyendo<\/a><\/span><\/p>\n","protected":false},"author":2,"featured_media":30030,"comment_status":"open","ping_status":"open","sticky":false,"template":"","format":"standard","meta":{"_uf_show_specific_survey":0,"_uf_disable_surveys":false,"_jetpack_memberships_contains_paid_content":false,"footnotes":"","jetpack_publicize_message":"","jetpack_publicize_feature_enabled":true,"jetpack_social_post_already_shared":true,"jetpack_social_options":{"image_generator_settings":{"template":"highway","enabled":false},"version":2}},"categories":[15],"tags":[],"class_list":["entry","author-diegoaguirre","post-30029","post","type-post","status-publish","format-standard","has-post-thumbnail","category-deportes"],"jetpack_publicize_connections":[],"yoast_head":"<!-- This site is optimized with the Yoast SEO plugin v24.3 - https:\/\/yoast.com\/wordpress\/plugins\/seo\/ -->\n<title>De Honda a la gloria: el Tolima se luce con un recorrido \u00e9pico en su Vuelta 2025 - Ciudad y Region<\/title>\n<meta name=\"robots\" content=\"index, follow, max-snippet:-1, max-image-preview:large, max-video-preview:-1\" \/>\n<link rel=\"canonical\" href=\"https:\/\/ciudadyregion.com.co\/index.php\/de-honda-a-la-gloria-el-tolima-se-luce-con-un-recorrido-epico-en-su-vuelta-2025\/deportes\/\" \/>\n<meta property=\"og:locale\" content=\"es_ES\" \/>\n<meta property=\"og:type\" content=\"article\" \/>\n<meta property=\"og:title\" content=\"De Honda a la gloria: el Tolima se luce con un recorrido \u00e9pico en su Vuelta 2025 - Ciudad y Region\" \/>\n<meta property=\"og:description\" content=\"Este gran evento ser\u00e1 mucho m\u00e1s que una carrera: ser\u00e1 una celebraci\u00f3n del deporte, la cultura y el esp\u00edritu de un departamento que sigue pedaleando hacia la grandeza. El Tolima se prepara para vivir la emoci\u00f3n de la XXIII Vuelta al Tolima y la X Vuelta al Tolima Femenina delContinuar Leyendo\" \/>\n<meta property=\"og:url\" content=\"https:\/\/ciudadyregion.com.co\/index.php\/de-honda-a-la-gloria-el-tolima-se-luce-con-un-recorrido-epico-en-su-vuelta-2025\/deportes\/\" \/>\n<meta property=\"og:site_name\" content=\"Ciudad y Region\" \/>\n<meta property=\"article:published_time\" content=\"2025-02-03T20:08:47+00:00\" \/>\n<meta property=\"og:image\" content=\"https:\/\/ciudadyregion.com.co\/wp-content\/uploads\/2025\/02\/WhatsApp-Image-2025-02-03-at-8.55.38-AM.jpeg\" \/>\n\t<meta property=\"og:image:width\" content=\"800\" \/>\n\t<meta property=\"og:image:height\" content=\"445\" \/>\n\t<meta property=\"og:image:type\" content=\"image\/jpeg\" \/>\n<meta name=\"author\" content=\"David Andr\u00e9s Aguirre\" \/>\n<meta name=\"twitter:card\" content=\"summary_large_image\" \/>\n<meta name=\"twitter:label1\" content=\"Escrito por\" \/>\n\t<meta name=\"twitter:data1\" content=\"David Andr\u00e9s Aguirre\" \/>\n\t<meta name=\"twitter:label2\" content=\"Tiempo de lectura\" \/>\n\t<meta name=\"twitter:data2\" content=\"3 minutos\" \/>\n<script type=\"application\/ld+json\" class=\"yoast-schema-graph\">{\"@context\":\"https:\/\/schema.org\",\"@graph\":[{\"@type\":\"WebPage\",\"@id\":\"https:\/\/ciudadyregion.com.co\/index.php\/de-honda-a-la-gloria-el-tolima-se-luce-con-un-recorrido-epico-en-su-vuelta-2025\/deportes\/\",\"url\":\"https:\/\/ciudadyregion.com.co\/index.php\/de-honda-a-la-gloria-el-tolima-se-luce-con-un-recorrido-epico-en-su-vuelta-2025\/deportes\/\",\"name\":\"De Honda a la gloria: el Tolima se luce con un recorrido \u00e9pico en su Vuelta 2025 - Ciudad y Region\",\"isPartOf\":{\"@id\":\"https:\/\/ciudadyregion.com.co\/#website\"},\"primaryImageOfPage\":{\"@id\":\"https:\/\/ciudadyregion.com.co\/index.php\/de-honda-a-la-gloria-el-tolima-se-luce-con-un-recorrido-epico-en-su-vuelta-2025\/deportes\/#primaryimage\"},\"image\":{\"@id\":\"https:\/\/ciudadyregion.com.co\/index.php\/de-honda-a-la-gloria-el-tolima-se-luce-con-un-recorrido-epico-en-su-vuelta-2025\/deportes\/#primaryimage\"},\"thumbnailUrl\":\"https:\/\/i0.wp.com\/ciudadyregion.com.co\/wp-content\/uploads\/2025\/02\/WhatsApp-Image-2025-02-03-at-8.55.38-AM.jpeg?fit=800%2C445&ssl=1\",\"datePublished\":\"2025-02-03T20:08:47+00:00\",\"dateModified\":\"2025-02-03T20:08:47+00:00\",\"author\":{\"@id\":\"https:\/\/ciudadyregion.com.co\/#\/schema\/person\/04a4954373ebc4051f46e8c65ff78622\"},\"breadcrumb\":{\"@id\":\"https:\/\/ciudadyregion.com.co\/index.php\/de-honda-a-la-gloria-el-tolima-se-luce-con-un-recorrido-epico-en-su-vuelta-2025\/deportes\/#breadcrumb\"},\"inLanguage\":\"es\",\"potentialAction\":[{\"@type\":\"ReadAction\",\"target\":[\"https:\/\/ciudadyregion.com.co\/index.php\/de-honda-a-la-gloria-el-tolima-se-luce-con-un-recorrido-epico-en-su-vuelta-2025\/deportes\/\"]}]},{\"@type\":\"ImageObject\",\"inLanguage\":\"es\",\"@id\":\"https:\/\/ciudadyregion.com.co\/index.php\/de-honda-a-la-gloria-el-tolima-se-luce-con-un-recorrido-epico-en-su-vuelta-2025\/deportes\/#primaryimage\",\"url\":\"https:\/\/i0.wp.com\/ciudadyregion.com.co\/wp-content\/uploads\/2025\/02\/WhatsApp-Image-2025-02-03-at-8.55.38-AM.jpeg?fit=800%2C445&ssl=1\",\"contentUrl\":\"https:\/\/i0.wp.com\/ciudadyregion.com.co\/wp-content\/uploads\/2025\/02\/WhatsApp-Image-2025-02-03-at-8.55.38-AM.jpeg?fit=800%2C445&ssl=1\",\"width\":800,\"height\":445},{\"@type\":\"BreadcrumbList\",\"@id\":\"https:\/\/ciudadyregion.com.co\/index.php\/de-honda-a-la-gloria-el-tolima-se-luce-con-un-recorrido-epico-en-su-vuelta-2025\/deportes\/#breadcrumb\",\"itemListElement\":[{\"@type\":\"ListItem\",\"position\":1,\"name\":\"Portada\",\"item\":\"https:\/\/ciudadyregion.com.co\/\"},{\"@type\":\"ListItem\",\"position\":2,\"name\":\"De Honda a la gloria: el Tolima se luce con un recorrido \u00e9pico en su Vuelta 2025\"}]},{\"@type\":\"WebSite\",\"@id\":\"https:\/\/ciudadyregion.com.co\/#website\",\"url\":\"https:\/\/ciudadyregion.com.co\/\",\"name\":\"Ciudad y Region\",\"description\":\"\",\"potentialAction\":[{\"@type\":\"SearchAction\",\"target\":{\"@type\":\"EntryPoint\",\"urlTemplate\":\"https:\/\/ciudadyregion.com.co\/?s={search_term_string}\"},\"query-input\":{\"@type\":\"PropertyValueSpecification\",\"valueRequired\":true,\"valueName\":\"search_term_string\"}}],\"inLanguage\":\"es\"},{\"@type\":\"Person\",\"@id\":\"https:\/\/ciudadyregion.com.co\/#\/schema\/person\/04a4954373ebc4051f46e8c65ff78622\",\"name\":\"David Andr\u00e9s Aguirre\",\"image\":{\"@type\":\"ImageObject\",\"inLanguage\":\"es\",\"@id\":\"https:\/\/ciudadyregion.com.co\/#\/schema\/person\/image\/\",\"url\":\"https:\/\/secure.gravatar.com\/avatar\/bc3c655860202182ee6d1b5edd042dbe?s=96&d=mm&r=g\",\"contentUrl\":\"https:\/\/secure.gravatar.com\/avatar\/bc3c655860202182ee6d1b5edd042dbe?s=96&d=mm&r=g\",\"caption\":\"David Andr\u00e9s Aguirre\"},\"url\":\"https:\/\/ciudadyregion.com.co\/index.php\/author\/diegoaguirre\/\"}]}<\/script>\n<!-- \/ Yoast SEO plugin. -->","yoast_head_json":{"title":"De Honda a la gloria: el Tolima se luce con un recorrido \u00e9pico en su Vuelta 2025 - Ciudad y Region","robots":{"index":"index","follow":"follow","max-snippet":"max-snippet:-1","max-image-preview":"max-image-preview:large","max-video-preview":"max-video-preview:-1"},"canonical":"https:\/\/ciudadyregion.com.co\/index.php\/de-honda-a-la-gloria-el-tolima-se-luce-con-un-recorrido-epico-en-su-vuelta-2025\/deportes\/","og_locale":"es_ES","og_type":"article","og_title":"De Honda a la gloria: el Tolima se luce con un recorrido \u00e9pico en su Vuelta 2025 - Ciudad y Region","og_description":"Este gran evento ser\u00e1 mucho m\u00e1s que una carrera: ser\u00e1 una celebraci\u00f3n del deporte, la cultura y el esp\u00edritu de un departamento que sigue pedaleando hacia la grandeza. El Tolima se prepara para vivir la emoci\u00f3n de la XXIII Vuelta al Tolima y la X Vuelta al Tolima Femenina delContinuar Leyendo","og_url":"https:\/\/ciudadyregion.com.co\/index.php\/de-honda-a-la-gloria-el-tolima-se-luce-con-un-recorrido-epico-en-su-vuelta-2025\/deportes\/","og_site_name":"Ciudad y Region","article_published_time":"2025-02-03T20:08:47+00:00","og_image":[{"width":800,"height":445,"url":"https:\/\/ciudadyregion.com.co\/wp-content\/uploads\/2025\/02\/WhatsApp-Image-2025-02-03-at-8.55.38-AM.jpeg","type":"image\/jpeg"}],"author":"David Andr\u00e9s Aguirre","twitter_card":"summary_large_image","twitter_misc":{"Escrito por":"David Andr\u00e9s Aguirre","Tiempo de lectura":"3 minutos"},"schema":{"@context":"https:\/\/schema.org","@graph":[{"@type":"WebPage","@id":"https:\/\/ciudadyregion.com.co\/index.php\/de-honda-a-la-gloria-el-tolima-se-luce-con-un-recorrido-epico-en-su-vuelta-2025\/deportes\/","url":"https:\/\/ciudadyregion.com.co\/index.php\/de-honda-a-la-gloria-el-tolima-se-luce-con-un-recorrido-epico-en-su-vuelta-2025\/deportes\/","name":"De Honda a la gloria: el Tolima se luce con un recorrido \u00e9pico en su Vuelta 2025 - Ciudad y Region","isPartOf":{"@id":"https:\/\/ciudadyregion.com.co\/#website"},"primaryImageOfPage":{"@id":"https:\/\/ciudadyregion.com.co\/index.php\/de-honda-a-la-gloria-el-tolima-se-luce-con-un-recorrido-epico-en-su-vuelta-2025\/deportes\/#primaryimage"},"image":{"@id":"https:\/\/ciudadyregion.com.co\/index.php\/de-honda-a-la-gloria-el-tolima-se-luce-con-un-recorrido-epico-en-su-vuelta-2025\/deportes\/#primaryimage"},"thumbnailUrl":"https:\/\/i0.wp.com\/ciudadyregion.com.co\/wp-content\/uploads\/2025\/02\/WhatsApp-Image-2025-02-03-at-8.55.38-AM.jpeg?fit=800%2C445&ssl=1","datePublished":"2025-02-03T20:08:47+00:00","dateModified":"2025-02-03T20:08:47+00:00","author":{"@id":"https:\/\/ciudadyregion.com.co\/#\/schema\/person\/04a4954373ebc4051f46e8c65ff78622"},"breadcrumb":{"@id":"https:\/\/ciudadyregion.com.co\/index.php\/de-honda-a-la-gloria-el-tolima-se-luce-con-un-recorrido-epico-en-su-vuelta-2025\/deportes\/#breadcrumb"},"inLanguage":"es","potentialAction":[{"@type":"ReadAction","target":["https:\/\/ciudadyregion.com.co\/index.php\/de-honda-a-la-gloria-el-tolima-se-luce-con-un-recorrido-epico-en-su-vuelta-2025\/deportes\/"]}]},{"@type":"ImageObject","inLanguage":"es","@id":"https:\/\/ciudadyregion.com.co\/index.php\/de-honda-a-la-gloria-el-tolima-se-luce-con-un-recorrido-epico-en-su-vuelta-2025\/deportes\/#primaryimage","url":"https:\/\/i0.wp.com\/ciudadyregion.com.co\/wp-content\/uploads\/2025\/02\/WhatsApp-Image-2025-02-03-at-8.55.38-AM.jpeg?fit=800%2C445&ssl=1","contentUrl":"https:\/\/i0.wp.com\/ciudadyregion.com.co\/wp-content\/uploads\/2025\/02\/WhatsApp-Image-2025-02-03-at-8.55.38-AM.jpeg?fit=800%2C445&ssl=1","width":800,"height":445},{"@type":"BreadcrumbList","@id":"https:\/\/ciudadyregion.com.co\/index.php\/de-honda-a-la-gloria-el-tolima-se-luce-con-un-recorrido-epico-en-su-vuelta-2025\/deportes\/#breadcrumb","itemListElement":[{"@type":"ListItem","position":1,"name":"Portada","item":"https:\/\/ciudadyregion.com.co\/"},{"@type":"ListItem","position":2,"name":"De Honda a la gloria: el Tolima se luce con un recorrido \u00e9pico en su Vuelta 2025"}]},{"@type":"WebSite","@id":"https:\/\/ciudadyregion.com.co\/#website","url":"https:\/\/ciudadyregion.com.co\/","name":"Ciudad y Region","description":"","potentialAction":[{"@type":"SearchAction","target":{"@type":"EntryPoint","urlTemplate":"https:\/\/ciudadyregion.com.co\/?s={search_term_string}"},"query-input":{"@type":"PropertyValueSpecification","valueRequired":true,"valueName":"search_term_string"}}],"inLanguage":"es"},{"@type":"Person","@id":"https:\/\/ciudadyregion.com.co\/#\/schema\/person\/04a4954373ebc4051f46e8c65ff78622","name":"David Andr\u00e9s Aguirre","image":{"@type":"ImageObject","inLanguage":"es","@id":"https:\/\/ciudadyregion.com.co\/#\/schema\/person\/image\/","url":"https:\/\/secure.gravatar.com\/avatar\/bc3c655860202182ee6d1b5edd042dbe?s=96&d=mm&r=g","contentUrl":"https:\/\/secure.gravatar.com\/avatar\/bc3c655860202182ee6d1b5edd042dbe?s=96&d=mm&r=g","caption":"David Andr\u00e9s Aguirre"},"url":"https:\/\/ciudadyregion.com.co\/index.php\/author\/diegoaguirre\/"}]}},"jetpack_featured_media_url":"https:\/\/i0.wp.com\/ciudadyregion.com.co\/wp-content\/uploads\/2025\/02\/WhatsApp-Image-2025-02-03-at-8.55.38-AM.jpeg?fit=800%2C445&ssl=1","jetpack_sharing_enabled":true,"jetpack_shortlink":"https:\/\/wp.me\/pbS7hh-7Ol","jetpack-related-posts":[],"_links":{"self":[{"href":"https:\/\/ciudadyregion.com.co\/index.php\/wp-json\/wp\/v2\/posts\/30029"}],"collection":[{"href":"https:\/\/ciudadyregion.com.co\/index.php\/wp-json\/wp\/v2\/posts"}],"about":[{"href":"https:\/\/ciudadyregion.com.co\/index.php\/wp-json\/wp\/v2\/types\/post"}],"author":[{"embeddable":true,"href":"https:\/\/ciudadyregion.com.co\/index.php\/wp-json\/wp\/v2\/users\/2"}],"replies":[{"embeddable":true,"href":"https:\/\/ciudadyregion.com.co\/index.php\/wp-json\/wp\/v2\/comments?post=30029"}],"version-history":[{"count":1,"href":"https:\/\/ciudadyregion.com.co\/index.php\/wp-json\/wp\/v2\/posts\/30029\/revisions"}],"predecessor-version":[{"id":30031,"href":"https:\/\/ciudadyregion.com.co\/index.php\/wp-json\/wp\/v2\/posts\/30029\/revisions\/30031"}],"wp:featuredmedia":[{"embeddable":true,"href":"https:\/\/ciudadyregion.com.co\/index.php\/wp-json\/wp\/v2\/media\/30030"}],"wp:attachment":[{"href":"https:\/\/ciudadyregion.com.co\/index.php\/wp-json\/wp\/v2\/media?parent=30029"}],"wp:term":[{"taxonomy":"category","embeddable":true,"href":"https:\/\/ciudadyregion.com.co\/index.php\/wp-json\/wp\/v2\/categories?post=30029"},{"taxonomy":"post_tag","embeddable":true,"href":"https:\/\/ciudadyregion.com.co\/index.php\/wp-json\/wp\/v2\/tags?post=30029"}],"curies":[{"name":"wp","href":"https:\/\/api.w.org\/{rel}","templated":true}]}}