{"id":29980,"date":"2025-01-31T10:36:07","date_gmt":"2025-01-31T15:36:07","guid":{"rendered":"https:\/\/ciudadyregion.com.co\/?p=29980"},"modified":"2025-01-31T10:36:07","modified_gmt":"2025-01-31T15:36:07","slug":"primera-sesion-del-2025-del-consejo-superior-universitario-se-aprueba-una-nueva-politica-institucional-y-se-crea-una-especializacion-en-la-ut","status":"publish","type":"post","link":"https:\/\/ciudadyregion.com.co\/index.php\/primera-sesion-del-2025-del-consejo-superior-universitario-se-aprueba-una-nueva-politica-institucional-y-se-crea-una-especializacion-en-la-ut\/educacion\/","title":{"rendered":"Primera sesi\u00f3n del 2025 del Consejo Superior Universitario: se aprueba una nueva pol\u00edtica institucional y se crea una especializaci\u00f3n en la UT"},"content":{"rendered":"<p data-wahfont=\"14\">En la sesi\u00f3n ordinaria del pasado jueves 30 de enero, el Consejo Superior Universitario de la Universidad del Tolima aprob\u00f3 dos importantes iniciativas que fortalecer\u00e1n el desarrollo institucional y acad\u00e9mico del alma mater: la creaci\u00f3n de la Pol\u00edtica de Cultura y Patrimonio y la Especializaci\u00f3n en Finanzas.<\/p>\n<p data-wahfont=\"14\"><strong>Un programa acad\u00e9mico innovador y flexible<\/strong><\/p>\n<p data-wahfont=\"14\">La profesora Andrea del Pilar Liz, docente del Instituto de Educaci\u00f3n a Distancia, destac\u00f3 que la Especializaci\u00f3n en Finanzas es un programa vanguardista que responde a las necesidades de los diferentes contextos donde la Universidad tiene presencia. Dise\u00f1ado para ofrecer flexibilidad a los profesionales en ejercicio, este programa se impartir\u00e1 en modalidad h\u00edbrida, combinando clases en l\u00ednea con encuentros presenciales los fines de semana una vez al mes.<\/p>\n<p data-wahfont=\"14\">La oferta acad\u00e9mica se extender\u00e1 a varias ciudades, permitiendo una amplia cobertura: 60 estudiantes en Ibagu\u00e9 y Bogot\u00e1, y 30 estudiantes en Neiva y Popay\u00e1n por semestre. Adem\u00e1s, el programa ha sido estructurado para que los graduados puedan desempe\u00f1arse tanto en el sector p\u00fablico como en el privado, fortaleciendo sus competencias en el campo financiero.<\/p>\n<p data-wahfont=\"14\"><strong>Apuesta por la Cultura y el Patrimonio<\/strong><\/p>\n<p data-wahfont=\"14\">Por otra parte, el Consejo Superior aprob\u00f3 la Pol\u00edtica de Cultura y Patrimonio, un paso fundamental para consolidar el papel de la Universidad del Tolima en la transformaci\u00f3n social a trav\u00e9s de la cultura. La profesora Patricia Cervantes, directora del Centro Cultural, destac\u00f3 que esta pol\u00edtica fortalecer\u00e1 la diversidad cultural e impactar\u00e1 positivamente en la vida universitaria.<\/p>\n<blockquote>\n<p data-wahfont=\"14\">\u201cInvitamos a todos a participar en la implementaci\u00f3n de esta Pol\u00edtica que depende de cada una de las voces que constituye y refleja nuestra Universidad. La cultura es la fuerza transformadora de la sociedad\u201d, resalt\u00f3 Cervantes.<\/p>\n<\/blockquote>\n<p data-wahfont=\"14\"><strong>Avances en la gesti\u00f3n institucional<\/strong><\/p>\n<p data-wahfont=\"14\">Durante la sesi\u00f3n, la Oficina de Planeaci\u00f3n y Desarrollo Institucional (OPDI), bajo la direcci\u00f3n de Marcela Barrag\u00e1n Urrea, present\u00f3 el informe de cumplimiento del Plan de Acci\u00f3n 2024, destacando los logros alcanzados y el alto nivel de ejecuci\u00f3n de los objetivos planteados para el a\u00f1o anterior.<\/p>\n<p data-wahfont=\"14\">Ante los consejeros, la directora de la OPDI, acompa\u00f1ada por Gustavo Adolfo Rinc\u00f3n, integrante de esta dependencia, expuso que el nivel de ejecuci\u00f3n del Plan de Acci\u00f3n 2024 alcanza actualmente un 90,45 %, seg\u00fan los seis ejes del Plan de Desarrollo de la Universidad del Tolima:<br \/>\n\u2013 Educaci\u00f3n integral para la transformaci\u00f3n social y la paz<br \/>\n\u2013 Investigaci\u00f3n, innovaci\u00f3n, creaci\u00f3n art\u00edstica y cultural, con enfoque diferencial<br \/>\n\u2013 Ambientalizaci\u00f3n institucional y territorial<br \/>\n\u2013 Bienestar para el desarrollo humano, integral, incluyente e intercultural<br \/>\n\u2013 Internacionalizaci\u00f3n para el desarrollo local en el contexto global<br \/>\n\u2013 Desarrollo, gesti\u00f3n y sostenibilidad institucional<\/p>\n","protected":false},"excerpt":{"rendered":"<p>En la sesi\u00f3n ordinaria del pasado jueves 30 de enero, el Consejo Superior Universitario de la Universidad del Tolima aprob\u00f3 dos importantes iniciativas que fortalecer\u00e1n el desarrollo institucional y acad\u00e9mico del alma mater: la creaci\u00f3n de la Pol\u00edtica de Cultura y Patrimonio y la Especializaci\u00f3n en Finanzas. Un programa acad\u00e9mico<span class=\"more-link\"><a href=\"https:\/\/ciudadyregion.com.co\/index.php\/primera-sesion-del-2025-del-consejo-superior-universitario-se-aprueba-una-nueva-politica-institucional-y-se-crea-una-especializacion-en-la-ut\/educacion\/\">Continuar Leyendo<\/a><\/span><\/p>\n","protected":false},"author":2,"featured_media":29981,"comment_status":"open","ping_status":"open","sticky":false,"template":"","format":"standard","meta":{"_uf_show_specific_survey":0,"_uf_disable_surveys":false,"_jetpack_memberships_contains_paid_content":false,"footnotes":"","jetpack_publicize_message":"","jetpack_publicize_feature_enabled":true,"jetpack_social_post_already_shared":true,"jetpack_social_options":{"image_generator_settings":{"template":"highway","enabled":false},"version":2}},"categories":[22],"tags":[],"class_list":["entry","author-diegoaguirre","post-29980","post","type-post","status-publish","format-standard","has-post-thumbnail","category-educacion"],"jetpack_publicize_connections":[],"yoast_head":"<!-- This site is optimized with the Yoast SEO plugin v24.3 - https:\/\/yoast.com\/wordpress\/plugins\/seo\/ -->\n<title>Primera sesi\u00f3n del 2025 del Consejo Superior Universitario: se aprueba una nueva pol\u00edtica institucional y se crea una especializaci\u00f3n en la UT - Ciudad y Region<\/title>\n<meta name=\"robots\" content=\"index, follow, max-snippet:-1, max-image-preview:large, max-video-preview:-1\" \/>\n<link rel=\"canonical\" href=\"https:\/\/ciudadyregion.com.co\/index.php\/primera-sesion-del-2025-del-consejo-superior-universitario-se-aprueba-una-nueva-politica-institucional-y-se-crea-una-especializacion-en-la-ut\/educacion\/\" \/>\n<meta property=\"og:locale\" content=\"es_ES\" \/>\n<meta property=\"og:type\" content=\"article\" \/>\n<meta property=\"og:title\" content=\"Primera sesi\u00f3n del 2025 del Consejo Superior Universitario: se aprueba una nueva pol\u00edtica institucional y se crea una especializaci\u00f3n en la UT - Ciudad y Region\" \/>\n<meta property=\"og:description\" content=\"En la sesi\u00f3n ordinaria del pasado jueves 30 de enero, el Consejo Superior Universitario de la Universidad del Tolima aprob\u00f3 dos importantes iniciativas que fortalecer\u00e1n el desarrollo institucional y acad\u00e9mico del alma mater: la creaci\u00f3n de la Pol\u00edtica de Cultura y Patrimonio y la Especializaci\u00f3n en Finanzas. Un programa acad\u00e9micoContinuar Leyendo\" \/>\n<meta property=\"og:url\" content=\"https:\/\/ciudadyregion.com.co\/index.php\/primera-sesion-del-2025-del-consejo-superior-universitario-se-aprueba-una-nueva-politica-institucional-y-se-crea-una-especializacion-en-la-ut\/educacion\/\" \/>\n<meta property=\"og:site_name\" content=\"Ciudad y Region\" \/>\n<meta property=\"article:published_time\" content=\"2025-01-31T15:36:07+00:00\" \/>\n<meta property=\"og:image\" content=\"https:\/\/ciudadyregion.com.co\/wp-content\/uploads\/2025\/01\/233-1.jpg\" \/>\n\t<meta property=\"og:image:width\" content=\"800\" \/>\n\t<meta property=\"og:image:height\" content=\"445\" \/>\n\t<meta property=\"og:image:type\" content=\"image\/jpeg\" \/>\n<meta name=\"author\" content=\"David Andr\u00e9s Aguirre\" \/>\n<meta name=\"twitter:card\" content=\"summary_large_image\" \/>\n<meta name=\"twitter:label1\" content=\"Escrito por\" \/>\n\t<meta name=\"twitter:data1\" content=\"David Andr\u00e9s Aguirre\" \/>\n\t<meta name=\"twitter:label2\" content=\"Tiempo de lectura\" \/>\n\t<meta name=\"twitter:data2\" content=\"3 minutos\" \/>\n<script type=\"application\/ld+json\" class=\"yoast-schema-graph\">{\"@context\":\"https:\/\/schema.org\",\"@graph\":[{\"@type\":\"WebPage\",\"@id\":\"https:\/\/ciudadyregion.com.co\/index.php\/primera-sesion-del-2025-del-consejo-superior-universitario-se-aprueba-una-nueva-politica-institucional-y-se-crea-una-especializacion-en-la-ut\/educacion\/\",\"url\":\"https:\/\/ciudadyregion.com.co\/index.php\/primera-sesion-del-2025-del-consejo-superior-universitario-se-aprueba-una-nueva-politica-institucional-y-se-crea-una-especializacion-en-la-ut\/educacion\/\",\"name\":\"Primera sesi\u00f3n del 2025 del Consejo Superior Universitario: se aprueba una nueva pol\u00edtica institucional y se crea una especializaci\u00f3n en la UT - Ciudad y Region\",\"isPartOf\":{\"@id\":\"https:\/\/ciudadyregion.com.co\/#website\"},\"primaryImageOfPage\":{\"@id\":\"https:\/\/ciudadyregion.com.co\/index.php\/primera-sesion-del-2025-del-consejo-superior-universitario-se-aprueba-una-nueva-politica-institucional-y-se-crea-una-especializacion-en-la-ut\/educacion\/#primaryimage\"},\"image\":{\"@id\":\"https:\/\/ciudadyregion.com.co\/index.php\/primera-sesion-del-2025-del-consejo-superior-universitario-se-aprueba-una-nueva-politica-institucional-y-se-crea-una-especializacion-en-la-ut\/educacion\/#primaryimage\"},\"thumbnailUrl\":\"https:\/\/i0.wp.com\/ciudadyregion.com.co\/wp-content\/uploads\/2025\/01\/233-1.jpg?fit=800%2C445&ssl=1\",\"datePublished\":\"2025-01-31T15:36:07+00:00\",\"dateModified\":\"2025-01-31T15:36:07+00:00\",\"author\":{\"@id\":\"https:\/\/ciudadyregion.com.co\/#\/schema\/person\/04a4954373ebc4051f46e8c65ff78622\"},\"breadcrumb\":{\"@id\":\"https:\/\/ciudadyregion.com.co\/index.php\/primera-sesion-del-2025-del-consejo-superior-universitario-se-aprueba-una-nueva-politica-institucional-y-se-crea-una-especializacion-en-la-ut\/educacion\/#breadcrumb\"},\"inLanguage\":\"es\",\"potentialAction\":[{\"@type\":\"ReadAction\",\"target\":[\"https:\/\/ciudadyregion.com.co\/index.php\/primera-sesion-del-2025-del-consejo-superior-universitario-se-aprueba-una-nueva-politica-institucional-y-se-crea-una-especializacion-en-la-ut\/educacion\/\"]}]},{\"@type\":\"ImageObject\",\"inLanguage\":\"es\",\"@id\":\"https:\/\/ciudadyregion.com.co\/index.php\/primera-sesion-del-2025-del-consejo-superior-universitario-se-aprueba-una-nueva-politica-institucional-y-se-crea-una-especializacion-en-la-ut\/educacion\/#primaryimage\",\"url\":\"https:\/\/i0.wp.com\/ciudadyregion.com.co\/wp-content\/uploads\/2025\/01\/233-1.jpg?fit=800%2C445&ssl=1\",\"contentUrl\":\"https:\/\/i0.wp.com\/ciudadyregion.com.co\/wp-content\/uploads\/2025\/01\/233-1.jpg?fit=800%2C445&ssl=1\",\"width\":800,\"height\":445},{\"@type\":\"BreadcrumbList\",\"@id\":\"https:\/\/ciudadyregion.com.co\/index.php\/primera-sesion-del-2025-del-consejo-superior-universitario-se-aprueba-una-nueva-politica-institucional-y-se-crea-una-especializacion-en-la-ut\/educacion\/#breadcrumb\",\"itemListElement\":[{\"@type\":\"ListItem\",\"position\":1,\"name\":\"Portada\",\"item\":\"https:\/\/ciudadyregion.com.co\/\"},{\"@type\":\"ListItem\",\"position\":2,\"name\":\"Primera sesi\u00f3n del 2025 del Consejo Superior Universitario: se aprueba una nueva pol\u00edtica institucional y se crea una especializaci\u00f3n en la UT\"}]},{\"@type\":\"WebSite\",\"@id\":\"https:\/\/ciudadyregion.com.co\/#website\",\"url\":\"https:\/\/ciudadyregion.com.co\/\",\"name\":\"Ciudad y Region\",\"description\":\"\",\"potentialAction\":[{\"@type\":\"SearchAction\",\"target\":{\"@type\":\"EntryPoint\",\"urlTemplate\":\"https:\/\/ciudadyregion.com.co\/?s={search_term_string}\"},\"query-input\":{\"@type\":\"PropertyValueSpecification\",\"valueRequired\":true,\"valueName\":\"search_term_string\"}}],\"inLanguage\":\"es\"},{\"@type\":\"Person\",\"@id\":\"https:\/\/ciudadyregion.com.co\/#\/schema\/person\/04a4954373ebc4051f46e8c65ff78622\",\"name\":\"David Andr\u00e9s Aguirre\",\"image\":{\"@type\":\"ImageObject\",\"inLanguage\":\"es\",\"@id\":\"https:\/\/ciudadyregion.com.co\/#\/schema\/person\/image\/\",\"url\":\"https:\/\/secure.gravatar.com\/avatar\/bc3c655860202182ee6d1b5edd042dbe?s=96&d=mm&r=g\",\"contentUrl\":\"https:\/\/secure.gravatar.com\/avatar\/bc3c655860202182ee6d1b5edd042dbe?s=96&d=mm&r=g\",\"caption\":\"David Andr\u00e9s Aguirre\"},\"url\":\"https:\/\/ciudadyregion.com.co\/index.php\/author\/diegoaguirre\/\"}]}<\/script>\n<!-- \/ Yoast SEO plugin. -->","yoast_head_json":{"title":"Primera sesi\u00f3n del 2025 del Consejo Superior Universitario: se aprueba una nueva pol\u00edtica institucional y se crea una especializaci\u00f3n en la UT - Ciudad y Region","robots":{"index":"index","follow":"follow","max-snippet":"max-snippet:-1","max-image-preview":"max-image-preview:large","max-video-preview":"max-video-preview:-1"},"canonical":"https:\/\/ciudadyregion.com.co\/index.php\/primera-sesion-del-2025-del-consejo-superior-universitario-se-aprueba-una-nueva-politica-institucional-y-se-crea-una-especializacion-en-la-ut\/educacion\/","og_locale":"es_ES","og_type":"article","og_title":"Primera sesi\u00f3n del 2025 del Consejo Superior Universitario: se aprueba una nueva pol\u00edtica institucional y se crea una especializaci\u00f3n en la UT - Ciudad y Region","og_description":"En la sesi\u00f3n ordinaria del pasado jueves 30 de enero, el Consejo Superior Universitario de la Universidad del Tolima aprob\u00f3 dos importantes iniciativas que fortalecer\u00e1n el desarrollo institucional y acad\u00e9mico del alma mater: la creaci\u00f3n de la Pol\u00edtica de Cultura y Patrimonio y la Especializaci\u00f3n en Finanzas. Un programa acad\u00e9micoContinuar Leyendo","og_url":"https:\/\/ciudadyregion.com.co\/index.php\/primera-sesion-del-2025-del-consejo-superior-universitario-se-aprueba-una-nueva-politica-institucional-y-se-crea-una-especializacion-en-la-ut\/educacion\/","og_site_name":"Ciudad y Region","article_published_time":"2025-01-31T15:36:07+00:00","og_image":[{"width":800,"height":445,"url":"https:\/\/ciudadyregion.com.co\/wp-content\/uploads\/2025\/01\/233-1.jpg","type":"image\/jpeg"}],"author":"David Andr\u00e9s Aguirre","twitter_card":"summary_large_image","twitter_misc":{"Escrito por":"David Andr\u00e9s Aguirre","Tiempo de lectura":"3 minutos"},"schema":{"@context":"https:\/\/schema.org","@graph":[{"@type":"WebPage","@id":"https:\/\/ciudadyregion.com.co\/index.php\/primera-sesion-del-2025-del-consejo-superior-universitario-se-aprueba-una-nueva-politica-institucional-y-se-crea-una-especializacion-en-la-ut\/educacion\/","url":"https:\/\/ciudadyregion.com.co\/index.php\/primera-sesion-del-2025-del-consejo-superior-universitario-se-aprueba-una-nueva-politica-institucional-y-se-crea-una-especializacion-en-la-ut\/educacion\/","name":"Primera sesi\u00f3n del 2025 del Consejo Superior Universitario: se aprueba una nueva pol\u00edtica institucional y se crea una especializaci\u00f3n en la UT - Ciudad y Region","isPartOf":{"@id":"https:\/\/ciudadyregion.com.co\/#website"},"primaryImageOfPage":{"@id":"https:\/\/ciudadyregion.com.co\/index.php\/primera-sesion-del-2025-del-consejo-superior-universitario-se-aprueba-una-nueva-politica-institucional-y-se-crea-una-especializacion-en-la-ut\/educacion\/#primaryimage"},"image":{"@id":"https:\/\/ciudadyregion.com.co\/index.php\/primera-sesion-del-2025-del-consejo-superior-universitario-se-aprueba-una-nueva-politica-institucional-y-se-crea-una-especializacion-en-la-ut\/educacion\/#primaryimage"},"thumbnailUrl":"https:\/\/i0.wp.com\/ciudadyregion.com.co\/wp-content\/uploads\/2025\/01\/233-1.jpg?fit=800%2C445&ssl=1","datePublished":"2025-01-31T15:36:07+00:00","dateModified":"2025-01-31T15:36:07+00:00","author":{"@id":"https:\/\/ciudadyregion.com.co\/#\/schema\/person\/04a4954373ebc4051f46e8c65ff78622"},"breadcrumb":{"@id":"https:\/\/ciudadyregion.com.co\/index.php\/primera-sesion-del-2025-del-consejo-superior-universitario-se-aprueba-una-nueva-politica-institucional-y-se-crea-una-especializacion-en-la-ut\/educacion\/#breadcrumb"},"inLanguage":"es","potentialAction":[{"@type":"ReadAction","target":["https:\/\/ciudadyregion.com.co\/index.php\/primera-sesion-del-2025-del-consejo-superior-universitario-se-aprueba-una-nueva-politica-institucional-y-se-crea-una-especializacion-en-la-ut\/educacion\/"]}]},{"@type":"ImageObject","inLanguage":"es","@id":"https:\/\/ciudadyregion.com.co\/index.php\/primera-sesion-del-2025-del-consejo-superior-universitario-se-aprueba-una-nueva-politica-institucional-y-se-crea-una-especializacion-en-la-ut\/educacion\/#primaryimage","url":"https:\/\/i0.wp.com\/ciudadyregion.com.co\/wp-content\/uploads\/2025\/01\/233-1.jpg?fit=800%2C445&ssl=1","contentUrl":"https:\/\/i0.wp.com\/ciudadyregion.com.co\/wp-content\/uploads\/2025\/01\/233-1.jpg?fit=800%2C445&ssl=1","width":800,"height":445},{"@type":"BreadcrumbList","@id":"https:\/\/ciudadyregion.com.co\/index.php\/primera-sesion-del-2025-del-consejo-superior-universitario-se-aprueba-una-nueva-politica-institucional-y-se-crea-una-especializacion-en-la-ut\/educacion\/#breadcrumb","itemListElement":[{"@type":"ListItem","position":1,"name":"Portada","item":"https:\/\/ciudadyregion.com.co\/"},{"@type":"ListItem","position":2,"name":"Primera sesi\u00f3n del 2025 del Consejo Superior Universitario: se aprueba una nueva pol\u00edtica institucional y se crea una especializaci\u00f3n en la UT"}]},{"@type":"WebSite","@id":"https:\/\/ciudadyregion.com.co\/#website","url":"https:\/\/ciudadyregion.com.co\/","name":"Ciudad y Region","description":"","potentialAction":[{"@type":"SearchAction","target":{"@type":"EntryPoint","urlTemplate":"https:\/\/ciudadyregion.com.co\/?s={search_term_string}"},"query-input":{"@type":"PropertyValueSpecification","valueRequired":true,"valueName":"search_term_string"}}],"inLanguage":"es"},{"@type":"Person","@id":"https:\/\/ciudadyregion.com.co\/#\/schema\/person\/04a4954373ebc4051f46e8c65ff78622","name":"David Andr\u00e9s Aguirre","image":{"@type":"ImageObject","inLanguage":"es","@id":"https:\/\/ciudadyregion.com.co\/#\/schema\/person\/image\/","url":"https:\/\/secure.gravatar.com\/avatar\/bc3c655860202182ee6d1b5edd042dbe?s=96&d=mm&r=g","contentUrl":"https:\/\/secure.gravatar.com\/avatar\/bc3c655860202182ee6d1b5edd042dbe?s=96&d=mm&r=g","caption":"David Andr\u00e9s Aguirre"},"url":"https:\/\/ciudadyregion.com.co\/index.php\/author\/diegoaguirre\/"}]}},"jetpack_featured_media_url":"https:\/\/i0.wp.com\/ciudadyregion.com.co\/wp-content\/uploads\/2025\/01\/233-1.jpg?fit=800%2C445&ssl=1","jetpack_sharing_enabled":true,"jetpack_shortlink":"https:\/\/wp.me\/pbS7hh-7Ny","jetpack-related-posts":[],"_links":{"self":[{"href":"https:\/\/ciudadyregion.com.co\/index.php\/wp-json\/wp\/v2\/posts\/29980"}],"collection":[{"href":"https:\/\/ciudadyregion.com.co\/index.php\/wp-json\/wp\/v2\/posts"}],"about":[{"href":"https:\/\/ciudadyregion.com.co\/index.php\/wp-json\/wp\/v2\/types\/post"}],"author":[{"embeddable":true,"href":"https:\/\/ciudadyregion.com.co\/index.php\/wp-json\/wp\/v2\/users\/2"}],"replies":[{"embeddable":true,"href":"https:\/\/ciudadyregion.com.co\/index.php\/wp-json\/wp\/v2\/comments?post=29980"}],"version-history":[{"count":1,"href":"https:\/\/ciudadyregion.com.co\/index.php\/wp-json\/wp\/v2\/posts\/29980\/revisions"}],"predecessor-version":[{"id":29982,"href":"https:\/\/ciudadyregion.com.co\/index.php\/wp-json\/wp\/v2\/posts\/29980\/revisions\/29982"}],"wp:featuredmedia":[{"embeddable":true,"href":"https:\/\/ciudadyregion.com.co\/index.php\/wp-json\/wp\/v2\/media\/29981"}],"wp:attachment":[{"href":"https:\/\/ciudadyregion.com.co\/index.php\/wp-json\/wp\/v2\/media?parent=29980"}],"wp:term":[{"taxonomy":"category","embeddable":true,"href":"https:\/\/ciudadyregion.com.co\/index.php\/wp-json\/wp\/v2\/categories?post=29980"},{"taxonomy":"post_tag","embeddable":true,"href":"https:\/\/ciudadyregion.com.co\/index.php\/wp-json\/wp\/v2\/tags?post=29980"}],"curies":[{"name":"wp","href":"https:\/\/api.w.org\/{rel}","templated":true}]}}