{"id":29977,"date":"2025-01-31T10:31:26","date_gmt":"2025-01-31T15:31:26","guid":{"rendered":"https:\/\/ciudadyregion.com.co\/?p=29977"},"modified":"2025-01-31T10:31:26","modified_gmt":"2025-01-31T15:31:26","slug":"las-tarifas-de-energia-que-hoy-nos-cobran-en-colombia-son-ilegales-aseguro-el-presidente-petro","status":"publish","type":"post","link":"https:\/\/ciudadyregion.com.co\/index.php\/las-tarifas-de-energia-que-hoy-nos-cobran-en-colombia-son-ilegales-aseguro-el-presidente-petro\/nacional\/","title":{"rendered":"\u00abLas tarifas de energ\u00eda que hoy nos cobran en Colombia son ilegales\u00bb, asegur\u00f3 el presidente Petro"},"content":{"rendered":"<blockquote>\n<div>\u201cHoy puedo decir con toda propiedad que las tarifas de energ\u00eda el\u00e9ctrica que en este momento se est\u00e1n cobrando a cada familia y a cada empresa de Colombia son ilegales\u201d, afirm\u00f3 el presidente Gustavo Petro, durante la \u2018Movilizaci\u00f3n por la Democracia Energ\u00e9tica\u2019 en Barranquilla.<\/div>\n<\/blockquote>\n<div><\/div>\n<div>El mandatario explic\u00f3 que la f\u00f3rmula que se ha venido aplicando para fijar las tarifas de la energ\u00eda viene desde hace 30 a\u00f1os, pues es aprobada por la Comisi\u00f3n de Regulaci\u00f3n de Energ\u00eda y Gas (CREG), \u201cuna instancia de comisionados y comisionadas que nombra el presidente, pero que vienen de las generadoras privadas\u201d.<\/div>\n<div><\/div>\n<div>Esa f\u00f3rmula, dijo, \u201ces una manera que ha estado ama\u00f1ada a los grandes intereses de quienes viven y amasan enormes fortunas anuales de la generaci\u00f3n, la transmisi\u00f3n, la distribuci\u00f3n y la comercializaci\u00f3n de la energ\u00eda el\u00e9ctrica en Colombia\u201d.<\/div>\n<div><\/div>\n<div>Y es tan compleja, a\u00f1adi\u00f3, que es para que el pueblo no la entienda. \u201cLa hacen dif\u00edcil para que el pueblo del com\u00fan no logre entender por qu\u00e9 la energ\u00eda en la costa Caribe, la tierra del sol, termina siendo dos o tres veces m\u00e1s cara que en Bogot\u00e1 o en Cali, por qu\u00e9 siendo Colombia un pa\u00eds con tanta agua, con tanto sol, paga las tarifas el\u00e9ctricas m\u00e1s caras de Am\u00e9rica\u201d, asegur\u00f3.<\/div>\n<div><\/div>\n<div>Seg\u00fan el mandatario, la Constituci\u00f3n establece que la energ\u00eda debe reflejar el costo de producci\u00f3n y una ganancia normal, \u201cpero est\u00e1n ganando una renta que puede ser 10 y 15 veces m\u00e1s que una ganancia normal en Colombia, porque la f\u00f3rmula de sus matem\u00e1ticas as\u00ed lo garantiza\u201d.<\/div>\n<div><\/div>\n<div>Incluso, sostuvo que en los \u00faltimos cinco a\u00f1os, cada colombiano y cada empresa, peque\u00f1a o grande, ha pagado hasta diez veces m\u00e1s de lo debido, rompiendo la Constituci\u00f3n y la ley.<\/div>\n<div><\/div>\n<div>\u201cNos han estafado, esa es la palabra, la estafa son miles de millones de d\u00f3lares cada a\u00f1o, son billones de pesos que nos han robado\u201d, se\u00f1al\u00f3.<\/div>\n<div><\/div>\n","protected":false},"excerpt":{"rendered":"<p>\u201cHoy puedo decir con toda propiedad que las tarifas de energ\u00eda el\u00e9ctrica que en este momento se est\u00e1n cobrando a cada familia y a cada empresa de Colombia son ilegales\u201d, afirm\u00f3 el presidente Gustavo Petro, durante la \u2018Movilizaci\u00f3n por la Democracia Energ\u00e9tica\u2019 en Barranquilla. El mandatario explic\u00f3 que la f\u00f3rmula<span class=\"more-link\"><a href=\"https:\/\/ciudadyregion.com.co\/index.php\/las-tarifas-de-energia-que-hoy-nos-cobran-en-colombia-son-ilegales-aseguro-el-presidente-petro\/nacional\/\">Continuar Leyendo<\/a><\/span><\/p>\n","protected":false},"author":2,"featured_media":29978,"comment_status":"open","ping_status":"open","sticky":false,"template":"","format":"standard","meta":{"_uf_show_specific_survey":0,"_uf_disable_surveys":false,"_jetpack_memberships_contains_paid_content":false,"footnotes":"","jetpack_publicize_message":"","jetpack_publicize_feature_enabled":true,"jetpack_social_post_already_shared":true,"jetpack_social_options":{"image_generator_settings":{"template":"highway","enabled":false},"version":2}},"categories":[23],"tags":[],"class_list":["entry","author-diegoaguirre","post-29977","post","type-post","status-publish","format-standard","has-post-thumbnail","category-nacional"],"jetpack_publicize_connections":[],"yoast_head":"<!-- This site is optimized with the Yoast SEO plugin v24.3 - https:\/\/yoast.com\/wordpress\/plugins\/seo\/ -->\n<title>&quot;Las tarifas de energ\u00eda que hoy nos cobran en Colombia son ilegales&quot;, asegur\u00f3 el presidente Petro - Ciudad y Region<\/title>\n<meta name=\"robots\" content=\"index, follow, max-snippet:-1, max-image-preview:large, max-video-preview:-1\" \/>\n<link rel=\"canonical\" href=\"https:\/\/ciudadyregion.com.co\/index.php\/las-tarifas-de-energia-que-hoy-nos-cobran-en-colombia-son-ilegales-aseguro-el-presidente-petro\/nacional\/\" \/>\n<meta property=\"og:locale\" content=\"es_ES\" \/>\n<meta property=\"og:type\" content=\"article\" \/>\n<meta property=\"og:title\" content=\"&quot;Las tarifas de energ\u00eda que hoy nos cobran en Colombia son ilegales&quot;, asegur\u00f3 el presidente Petro - Ciudad y Region\" \/>\n<meta property=\"og:description\" content=\"\u201cHoy puedo decir con toda propiedad que las tarifas de energ\u00eda el\u00e9ctrica que en este momento se est\u00e1n cobrando a cada familia y a cada empresa de Colombia son ilegales\u201d, afirm\u00f3 el presidente Gustavo Petro, durante la \u2018Movilizaci\u00f3n por la Democracia Energ\u00e9tica\u2019 en Barranquilla. El mandatario explic\u00f3 que la f\u00f3rmulaContinuar Leyendo\" \/>\n<meta property=\"og:url\" content=\"https:\/\/ciudadyregion.com.co\/index.php\/las-tarifas-de-energia-que-hoy-nos-cobran-en-colombia-son-ilegales-aseguro-el-presidente-petro\/nacional\/\" \/>\n<meta property=\"og:site_name\" content=\"Ciudad y Region\" \/>\n<meta property=\"article:published_time\" content=\"2025-01-31T15:31:26+00:00\" \/>\n<meta property=\"og:image\" content=\"https:\/\/ciudadyregion.com.co\/wp-content\/uploads\/2025\/01\/petro-2.jpg\" \/>\n\t<meta property=\"og:image:width\" content=\"800\" \/>\n\t<meta property=\"og:image:height\" content=\"445\" \/>\n\t<meta property=\"og:image:type\" content=\"image\/jpeg\" \/>\n<meta name=\"author\" content=\"David Andr\u00e9s Aguirre\" \/>\n<meta name=\"twitter:card\" content=\"summary_large_image\" \/>\n<meta name=\"twitter:label1\" content=\"Escrito por\" \/>\n\t<meta name=\"twitter:data1\" content=\"David Andr\u00e9s Aguirre\" \/>\n\t<meta name=\"twitter:label2\" content=\"Tiempo de lectura\" \/>\n\t<meta name=\"twitter:data2\" content=\"2 minutos\" \/>\n<script type=\"application\/ld+json\" class=\"yoast-schema-graph\">{\"@context\":\"https:\/\/schema.org\",\"@graph\":[{\"@type\":\"WebPage\",\"@id\":\"https:\/\/ciudadyregion.com.co\/index.php\/las-tarifas-de-energia-que-hoy-nos-cobran-en-colombia-son-ilegales-aseguro-el-presidente-petro\/nacional\/\",\"url\":\"https:\/\/ciudadyregion.com.co\/index.php\/las-tarifas-de-energia-que-hoy-nos-cobran-en-colombia-son-ilegales-aseguro-el-presidente-petro\/nacional\/\",\"name\":\"\\\"Las tarifas de energ\u00eda que hoy nos cobran en Colombia son ilegales\\\", asegur\u00f3 el presidente Petro - Ciudad y Region\",\"isPartOf\":{\"@id\":\"https:\/\/ciudadyregion.com.co\/#website\"},\"primaryImageOfPage\":{\"@id\":\"https:\/\/ciudadyregion.com.co\/index.php\/las-tarifas-de-energia-que-hoy-nos-cobran-en-colombia-son-ilegales-aseguro-el-presidente-petro\/nacional\/#primaryimage\"},\"image\":{\"@id\":\"https:\/\/ciudadyregion.com.co\/index.php\/las-tarifas-de-energia-que-hoy-nos-cobran-en-colombia-son-ilegales-aseguro-el-presidente-petro\/nacional\/#primaryimage\"},\"thumbnailUrl\":\"https:\/\/i0.wp.com\/ciudadyregion.com.co\/wp-content\/uploads\/2025\/01\/petro-2.jpg?fit=800%2C445&ssl=1\",\"datePublished\":\"2025-01-31T15:31:26+00:00\",\"dateModified\":\"2025-01-31T15:31:26+00:00\",\"author\":{\"@id\":\"https:\/\/ciudadyregion.com.co\/#\/schema\/person\/04a4954373ebc4051f46e8c65ff78622\"},\"breadcrumb\":{\"@id\":\"https:\/\/ciudadyregion.com.co\/index.php\/las-tarifas-de-energia-que-hoy-nos-cobran-en-colombia-son-ilegales-aseguro-el-presidente-petro\/nacional\/#breadcrumb\"},\"inLanguage\":\"es\",\"potentialAction\":[{\"@type\":\"ReadAction\",\"target\":[\"https:\/\/ciudadyregion.com.co\/index.php\/las-tarifas-de-energia-que-hoy-nos-cobran-en-colombia-son-ilegales-aseguro-el-presidente-petro\/nacional\/\"]}]},{\"@type\":\"ImageObject\",\"inLanguage\":\"es\",\"@id\":\"https:\/\/ciudadyregion.com.co\/index.php\/las-tarifas-de-energia-que-hoy-nos-cobran-en-colombia-son-ilegales-aseguro-el-presidente-petro\/nacional\/#primaryimage\",\"url\":\"https:\/\/i0.wp.com\/ciudadyregion.com.co\/wp-content\/uploads\/2025\/01\/petro-2.jpg?fit=800%2C445&ssl=1\",\"contentUrl\":\"https:\/\/i0.wp.com\/ciudadyregion.com.co\/wp-content\/uploads\/2025\/01\/petro-2.jpg?fit=800%2C445&ssl=1\",\"width\":800,\"height\":445},{\"@type\":\"BreadcrumbList\",\"@id\":\"https:\/\/ciudadyregion.com.co\/index.php\/las-tarifas-de-energia-que-hoy-nos-cobran-en-colombia-son-ilegales-aseguro-el-presidente-petro\/nacional\/#breadcrumb\",\"itemListElement\":[{\"@type\":\"ListItem\",\"position\":1,\"name\":\"Portada\",\"item\":\"https:\/\/ciudadyregion.com.co\/\"},{\"@type\":\"ListItem\",\"position\":2,\"name\":\"\u00abLas tarifas de energ\u00eda que hoy nos cobran en Colombia son ilegales\u00bb, asegur\u00f3 el presidente Petro\"}]},{\"@type\":\"WebSite\",\"@id\":\"https:\/\/ciudadyregion.com.co\/#website\",\"url\":\"https:\/\/ciudadyregion.com.co\/\",\"name\":\"Ciudad y Region\",\"description\":\"\",\"potentialAction\":[{\"@type\":\"SearchAction\",\"target\":{\"@type\":\"EntryPoint\",\"urlTemplate\":\"https:\/\/ciudadyregion.com.co\/?s={search_term_string}\"},\"query-input\":{\"@type\":\"PropertyValueSpecification\",\"valueRequired\":true,\"valueName\":\"search_term_string\"}}],\"inLanguage\":\"es\"},{\"@type\":\"Person\",\"@id\":\"https:\/\/ciudadyregion.com.co\/#\/schema\/person\/04a4954373ebc4051f46e8c65ff78622\",\"name\":\"David Andr\u00e9s Aguirre\",\"image\":{\"@type\":\"ImageObject\",\"inLanguage\":\"es\",\"@id\":\"https:\/\/ciudadyregion.com.co\/#\/schema\/person\/image\/\",\"url\":\"https:\/\/secure.gravatar.com\/avatar\/bc3c655860202182ee6d1b5edd042dbe?s=96&d=mm&r=g\",\"contentUrl\":\"https:\/\/secure.gravatar.com\/avatar\/bc3c655860202182ee6d1b5edd042dbe?s=96&d=mm&r=g\",\"caption\":\"David Andr\u00e9s Aguirre\"},\"url\":\"https:\/\/ciudadyregion.com.co\/index.php\/author\/diegoaguirre\/\"}]}<\/script>\n<!-- \/ Yoast SEO plugin. -->","yoast_head_json":{"title":"\"Las tarifas de energ\u00eda que hoy nos cobran en Colombia son ilegales\", asegur\u00f3 el presidente Petro - Ciudad y Region","robots":{"index":"index","follow":"follow","max-snippet":"max-snippet:-1","max-image-preview":"max-image-preview:large","max-video-preview":"max-video-preview:-1"},"canonical":"https:\/\/ciudadyregion.com.co\/index.php\/las-tarifas-de-energia-que-hoy-nos-cobran-en-colombia-son-ilegales-aseguro-el-presidente-petro\/nacional\/","og_locale":"es_ES","og_type":"article","og_title":"\"Las tarifas de energ\u00eda que hoy nos cobran en Colombia son ilegales\", asegur\u00f3 el presidente Petro - Ciudad y Region","og_description":"\u201cHoy puedo decir con toda propiedad que las tarifas de energ\u00eda el\u00e9ctrica que en este momento se est\u00e1n cobrando a cada familia y a cada empresa de Colombia son ilegales\u201d, afirm\u00f3 el presidente Gustavo Petro, durante la \u2018Movilizaci\u00f3n por la Democracia Energ\u00e9tica\u2019 en Barranquilla. El mandatario explic\u00f3 que la f\u00f3rmulaContinuar Leyendo","og_url":"https:\/\/ciudadyregion.com.co\/index.php\/las-tarifas-de-energia-que-hoy-nos-cobran-en-colombia-son-ilegales-aseguro-el-presidente-petro\/nacional\/","og_site_name":"Ciudad y Region","article_published_time":"2025-01-31T15:31:26+00:00","og_image":[{"width":800,"height":445,"url":"https:\/\/ciudadyregion.com.co\/wp-content\/uploads\/2025\/01\/petro-2.jpg","type":"image\/jpeg"}],"author":"David Andr\u00e9s Aguirre","twitter_card":"summary_large_image","twitter_misc":{"Escrito por":"David Andr\u00e9s Aguirre","Tiempo de lectura":"2 minutos"},"schema":{"@context":"https:\/\/schema.org","@graph":[{"@type":"WebPage","@id":"https:\/\/ciudadyregion.com.co\/index.php\/las-tarifas-de-energia-que-hoy-nos-cobran-en-colombia-son-ilegales-aseguro-el-presidente-petro\/nacional\/","url":"https:\/\/ciudadyregion.com.co\/index.php\/las-tarifas-de-energia-que-hoy-nos-cobran-en-colombia-son-ilegales-aseguro-el-presidente-petro\/nacional\/","name":"\"Las tarifas de energ\u00eda que hoy nos cobran en Colombia son ilegales\", asegur\u00f3 el presidente Petro - Ciudad y Region","isPartOf":{"@id":"https:\/\/ciudadyregion.com.co\/#website"},"primaryImageOfPage":{"@id":"https:\/\/ciudadyregion.com.co\/index.php\/las-tarifas-de-energia-que-hoy-nos-cobran-en-colombia-son-ilegales-aseguro-el-presidente-petro\/nacional\/#primaryimage"},"image":{"@id":"https:\/\/ciudadyregion.com.co\/index.php\/las-tarifas-de-energia-que-hoy-nos-cobran-en-colombia-son-ilegales-aseguro-el-presidente-petro\/nacional\/#primaryimage"},"thumbnailUrl":"https:\/\/i0.wp.com\/ciudadyregion.com.co\/wp-content\/uploads\/2025\/01\/petro-2.jpg?fit=800%2C445&ssl=1","datePublished":"2025-01-31T15:31:26+00:00","dateModified":"2025-01-31T15:31:26+00:00","author":{"@id":"https:\/\/ciudadyregion.com.co\/#\/schema\/person\/04a4954373ebc4051f46e8c65ff78622"},"breadcrumb":{"@id":"https:\/\/ciudadyregion.com.co\/index.php\/las-tarifas-de-energia-que-hoy-nos-cobran-en-colombia-son-ilegales-aseguro-el-presidente-petro\/nacional\/#breadcrumb"},"inLanguage":"es","potentialAction":[{"@type":"ReadAction","target":["https:\/\/ciudadyregion.com.co\/index.php\/las-tarifas-de-energia-que-hoy-nos-cobran-en-colombia-son-ilegales-aseguro-el-presidente-petro\/nacional\/"]}]},{"@type":"ImageObject","inLanguage":"es","@id":"https:\/\/ciudadyregion.com.co\/index.php\/las-tarifas-de-energia-que-hoy-nos-cobran-en-colombia-son-ilegales-aseguro-el-presidente-petro\/nacional\/#primaryimage","url":"https:\/\/i0.wp.com\/ciudadyregion.com.co\/wp-content\/uploads\/2025\/01\/petro-2.jpg?fit=800%2C445&ssl=1","contentUrl":"https:\/\/i0.wp.com\/ciudadyregion.com.co\/wp-content\/uploads\/2025\/01\/petro-2.jpg?fit=800%2C445&ssl=1","width":800,"height":445},{"@type":"BreadcrumbList","@id":"https:\/\/ciudadyregion.com.co\/index.php\/las-tarifas-de-energia-que-hoy-nos-cobran-en-colombia-son-ilegales-aseguro-el-presidente-petro\/nacional\/#breadcrumb","itemListElement":[{"@type":"ListItem","position":1,"name":"Portada","item":"https:\/\/ciudadyregion.com.co\/"},{"@type":"ListItem","position":2,"name":"\u00abLas tarifas de energ\u00eda que hoy nos cobran en Colombia son ilegales\u00bb, asegur\u00f3 el presidente Petro"}]},{"@type":"WebSite","@id":"https:\/\/ciudadyregion.com.co\/#website","url":"https:\/\/ciudadyregion.com.co\/","name":"Ciudad y Region","description":"","potentialAction":[{"@type":"SearchAction","target":{"@type":"EntryPoint","urlTemplate":"https:\/\/ciudadyregion.com.co\/?s={search_term_string}"},"query-input":{"@type":"PropertyValueSpecification","valueRequired":true,"valueName":"search_term_string"}}],"inLanguage":"es"},{"@type":"Person","@id":"https:\/\/ciudadyregion.com.co\/#\/schema\/person\/04a4954373ebc4051f46e8c65ff78622","name":"David Andr\u00e9s Aguirre","image":{"@type":"ImageObject","inLanguage":"es","@id":"https:\/\/ciudadyregion.com.co\/#\/schema\/person\/image\/","url":"https:\/\/secure.gravatar.com\/avatar\/bc3c655860202182ee6d1b5edd042dbe?s=96&d=mm&r=g","contentUrl":"https:\/\/secure.gravatar.com\/avatar\/bc3c655860202182ee6d1b5edd042dbe?s=96&d=mm&r=g","caption":"David Andr\u00e9s Aguirre"},"url":"https:\/\/ciudadyregion.com.co\/index.php\/author\/diegoaguirre\/"}]}},"jetpack_featured_media_url":"https:\/\/i0.wp.com\/ciudadyregion.com.co\/wp-content\/uploads\/2025\/01\/petro-2.jpg?fit=800%2C445&ssl=1","jetpack_sharing_enabled":true,"jetpack_shortlink":"https:\/\/wp.me\/pbS7hh-7Nv","jetpack-related-posts":[],"_links":{"self":[{"href":"https:\/\/ciudadyregion.com.co\/index.php\/wp-json\/wp\/v2\/posts\/29977"}],"collection":[{"href":"https:\/\/ciudadyregion.com.co\/index.php\/wp-json\/wp\/v2\/posts"}],"about":[{"href":"https:\/\/ciudadyregion.com.co\/index.php\/wp-json\/wp\/v2\/types\/post"}],"author":[{"embeddable":true,"href":"https:\/\/ciudadyregion.com.co\/index.php\/wp-json\/wp\/v2\/users\/2"}],"replies":[{"embeddable":true,"href":"https:\/\/ciudadyregion.com.co\/index.php\/wp-json\/wp\/v2\/comments?post=29977"}],"version-history":[{"count":1,"href":"https:\/\/ciudadyregion.com.co\/index.php\/wp-json\/wp\/v2\/posts\/29977\/revisions"}],"predecessor-version":[{"id":29979,"href":"https:\/\/ciudadyregion.com.co\/index.php\/wp-json\/wp\/v2\/posts\/29977\/revisions\/29979"}],"wp:featuredmedia":[{"embeddable":true,"href":"https:\/\/ciudadyregion.com.co\/index.php\/wp-json\/wp\/v2\/media\/29978"}],"wp:attachment":[{"href":"https:\/\/ciudadyregion.com.co\/index.php\/wp-json\/wp\/v2\/media?parent=29977"}],"wp:term":[{"taxonomy":"category","embeddable":true,"href":"https:\/\/ciudadyregion.com.co\/index.php\/wp-json\/wp\/v2\/categories?post=29977"},{"taxonomy":"post_tag","embeddable":true,"href":"https:\/\/ciudadyregion.com.co\/index.php\/wp-json\/wp\/v2\/tags?post=29977"}],"curies":[{"name":"wp","href":"https:\/\/api.w.org\/{rel}","templated":true}]}}