{"id":29764,"date":"2025-01-29T08:34:09","date_gmt":"2025-01-29T13:34:09","guid":{"rendered":"https:\/\/ciudadyregion.com.co\/?p=29764"},"modified":"2025-01-29T08:34:09","modified_gmt":"2025-01-29T13:34:09","slug":"la-justicia-es-para-todos-victimas-del-caso-uribe-exigen-celeridad-al-tribunal-para-evitar-la-prescripcion-del-juicio","status":"publish","type":"post","link":"https:\/\/ciudadyregion.com.co\/index.php\/la-justicia-es-para-todos-victimas-del-caso-uribe-exigen-celeridad-al-tribunal-para-evitar-la-prescripcion-del-juicio\/politica\/","title":{"rendered":"\u00ab\u00a1La Justicia es para todos!\u00bb: V\u00edctimas del caso Uribe exigen celeridad al Tribunal para evitar la prescripci\u00f3n del juicio"},"content":{"rendered":"<p>Las v\u00edctimas acreditadas en el caso contra el expresidente \u00c1lvaro Uribe, que enfrenta acusaciones por presunta manipulaci\u00f3n de testigos, han enviado una carta al Tribunal Superior de Bogot\u00e1 pidiendo celeridad en la resoluci\u00f3n de una apelaci\u00f3n presentada por la defensa de Uribe.<\/p>\n<p>La apelaci\u00f3n afecta las pruebas que fueron aceptadas para el juicio, principalmente las interceptaciones telef\u00f3nicas que involucraron al exmandatario. La defensa argumenta que estas pruebas deben ser excluidas.<\/p>\n<p>La solicitud se realiza porque el juicio a\u00fan no ha comenzado, y existe el riesgo de que el proceso prescriba si no se resuelve pronto. Las v\u00edctimas, incluyendo al senador Iv\u00e1n Cepeda, expresaron preocupaci\u00f3n por los constantes aplazamientos, que ya han retrasado las audiencias programadas para finales de enero. Adem\u00e1s, se teme que el proceso judicial pierda validez si se prolonga mucho m\u00e1s.<\/p>\n","protected":false},"excerpt":{"rendered":"<p>Las v\u00edctimas acreditadas en el caso contra el expresidente \u00c1lvaro Uribe, que enfrenta acusaciones por presunta manipulaci\u00f3n de testigos, han enviado una carta al Tribunal Superior de Bogot\u00e1 pidiendo celeridad en la resoluci\u00f3n de una apelaci\u00f3n presentada por la defensa de Uribe. La apelaci\u00f3n afecta las pruebas que fueron aceptadas<span class=\"more-link\"><a href=\"https:\/\/ciudadyregion.com.co\/index.php\/la-justicia-es-para-todos-victimas-del-caso-uribe-exigen-celeridad-al-tribunal-para-evitar-la-prescripcion-del-juicio\/politica\/\">Continuar Leyendo<\/a><\/span><\/p>\n","protected":false},"author":2,"featured_media":29765,"comment_status":"open","ping_status":"open","sticky":false,"template":"","format":"standard","meta":{"_uf_show_specific_survey":0,"_uf_disable_surveys":false,"_jetpack_memberships_contains_paid_content":false,"footnotes":"","jetpack_publicize_message":"","jetpack_publicize_feature_enabled":true,"jetpack_social_post_already_shared":true,"jetpack_social_options":{"image_generator_settings":{"template":"highway","enabled":false},"version":2}},"categories":[23,17],"tags":[],"class_list":["entry","author-diegoaguirre","post-29764","post","type-post","status-publish","format-standard","has-post-thumbnail","category-nacional","category-politica"],"jetpack_publicize_connections":[],"yoast_head":"<!-- This site is optimized with the Yoast SEO plugin v24.3 - https:\/\/yoast.com\/wordpress\/plugins\/seo\/ -->\n<title>&quot;\u00a1La Justicia es para todos!&quot;: V\u00edctimas del caso Uribe exigen celeridad al Tribunal para evitar la prescripci\u00f3n del juicio - Ciudad y Region<\/title>\n<meta name=\"robots\" content=\"index, follow, max-snippet:-1, max-image-preview:large, max-video-preview:-1\" \/>\n<link rel=\"canonical\" href=\"https:\/\/ciudadyregion.com.co\/index.php\/la-justicia-es-para-todos-victimas-del-caso-uribe-exigen-celeridad-al-tribunal-para-evitar-la-prescripcion-del-juicio\/politica\/\" \/>\n<meta property=\"og:locale\" content=\"es_ES\" \/>\n<meta property=\"og:type\" content=\"article\" \/>\n<meta property=\"og:title\" content=\"&quot;\u00a1La Justicia es para todos!&quot;: V\u00edctimas del caso Uribe exigen celeridad al Tribunal para evitar la prescripci\u00f3n del juicio - Ciudad y Region\" \/>\n<meta property=\"og:description\" content=\"Las v\u00edctimas acreditadas en el caso contra el expresidente \u00c1lvaro Uribe, que enfrenta acusaciones por presunta manipulaci\u00f3n de testigos, han enviado una carta al Tribunal Superior de Bogot\u00e1 pidiendo celeridad en la resoluci\u00f3n de una apelaci\u00f3n presentada por la defensa de Uribe. La apelaci\u00f3n afecta las pruebas que fueron aceptadasContinuar Leyendo\" \/>\n<meta property=\"og:url\" content=\"https:\/\/ciudadyregion.com.co\/index.php\/la-justicia-es-para-todos-victimas-del-caso-uribe-exigen-celeridad-al-tribunal-para-evitar-la-prescripcion-del-juicio\/politica\/\" \/>\n<meta property=\"og:site_name\" content=\"Ciudad y Region\" \/>\n<meta property=\"article:published_time\" content=\"2025-01-29T13:34:09+00:00\" \/>\n<meta property=\"og:image\" content=\"https:\/\/ciudadyregion.com.co\/wp-content\/uploads\/2025\/01\/uribe.jpg\" \/>\n\t<meta property=\"og:image:width\" content=\"800\" \/>\n\t<meta property=\"og:image:height\" content=\"445\" \/>\n\t<meta property=\"og:image:type\" content=\"image\/jpeg\" \/>\n<meta name=\"author\" content=\"David Andr\u00e9s Aguirre\" \/>\n<meta name=\"twitter:card\" content=\"summary_large_image\" \/>\n<meta name=\"twitter:label1\" content=\"Escrito por\" \/>\n\t<meta name=\"twitter:data1\" content=\"David Andr\u00e9s Aguirre\" \/>\n\t<meta name=\"twitter:label2\" content=\"Tiempo de lectura\" \/>\n\t<meta name=\"twitter:data2\" content=\"1 minuto\" \/>\n<script type=\"application\/ld+json\" class=\"yoast-schema-graph\">{\"@context\":\"https:\/\/schema.org\",\"@graph\":[{\"@type\":\"WebPage\",\"@id\":\"https:\/\/ciudadyregion.com.co\/index.php\/la-justicia-es-para-todos-victimas-del-caso-uribe-exigen-celeridad-al-tribunal-para-evitar-la-prescripcion-del-juicio\/politica\/\",\"url\":\"https:\/\/ciudadyregion.com.co\/index.php\/la-justicia-es-para-todos-victimas-del-caso-uribe-exigen-celeridad-al-tribunal-para-evitar-la-prescripcion-del-juicio\/politica\/\",\"name\":\"\\\"\u00a1La Justicia es para todos!\\\": V\u00edctimas del caso Uribe exigen celeridad al Tribunal para evitar la prescripci\u00f3n del juicio - Ciudad y Region\",\"isPartOf\":{\"@id\":\"https:\/\/ciudadyregion.com.co\/#website\"},\"primaryImageOfPage\":{\"@id\":\"https:\/\/ciudadyregion.com.co\/index.php\/la-justicia-es-para-todos-victimas-del-caso-uribe-exigen-celeridad-al-tribunal-para-evitar-la-prescripcion-del-juicio\/politica\/#primaryimage\"},\"image\":{\"@id\":\"https:\/\/ciudadyregion.com.co\/index.php\/la-justicia-es-para-todos-victimas-del-caso-uribe-exigen-celeridad-al-tribunal-para-evitar-la-prescripcion-del-juicio\/politica\/#primaryimage\"},\"thumbnailUrl\":\"https:\/\/i0.wp.com\/ciudadyregion.com.co\/wp-content\/uploads\/2025\/01\/uribe.jpg?fit=800%2C445&ssl=1\",\"datePublished\":\"2025-01-29T13:34:09+00:00\",\"dateModified\":\"2025-01-29T13:34:09+00:00\",\"author\":{\"@id\":\"https:\/\/ciudadyregion.com.co\/#\/schema\/person\/04a4954373ebc4051f46e8c65ff78622\"},\"breadcrumb\":{\"@id\":\"https:\/\/ciudadyregion.com.co\/index.php\/la-justicia-es-para-todos-victimas-del-caso-uribe-exigen-celeridad-al-tribunal-para-evitar-la-prescripcion-del-juicio\/politica\/#breadcrumb\"},\"inLanguage\":\"es\",\"potentialAction\":[{\"@type\":\"ReadAction\",\"target\":[\"https:\/\/ciudadyregion.com.co\/index.php\/la-justicia-es-para-todos-victimas-del-caso-uribe-exigen-celeridad-al-tribunal-para-evitar-la-prescripcion-del-juicio\/politica\/\"]}]},{\"@type\":\"ImageObject\",\"inLanguage\":\"es\",\"@id\":\"https:\/\/ciudadyregion.com.co\/index.php\/la-justicia-es-para-todos-victimas-del-caso-uribe-exigen-celeridad-al-tribunal-para-evitar-la-prescripcion-del-juicio\/politica\/#primaryimage\",\"url\":\"https:\/\/i0.wp.com\/ciudadyregion.com.co\/wp-content\/uploads\/2025\/01\/uribe.jpg?fit=800%2C445&ssl=1\",\"contentUrl\":\"https:\/\/i0.wp.com\/ciudadyregion.com.co\/wp-content\/uploads\/2025\/01\/uribe.jpg?fit=800%2C445&ssl=1\",\"width\":800,\"height\":445},{\"@type\":\"BreadcrumbList\",\"@id\":\"https:\/\/ciudadyregion.com.co\/index.php\/la-justicia-es-para-todos-victimas-del-caso-uribe-exigen-celeridad-al-tribunal-para-evitar-la-prescripcion-del-juicio\/politica\/#breadcrumb\",\"itemListElement\":[{\"@type\":\"ListItem\",\"position\":1,\"name\":\"Portada\",\"item\":\"https:\/\/ciudadyregion.com.co\/\"},{\"@type\":\"ListItem\",\"position\":2,\"name\":\"\u00ab\u00a1La Justicia es para todos!\u00bb: V\u00edctimas del caso Uribe exigen celeridad al Tribunal para evitar la prescripci\u00f3n del juicio\"}]},{\"@type\":\"WebSite\",\"@id\":\"https:\/\/ciudadyregion.com.co\/#website\",\"url\":\"https:\/\/ciudadyregion.com.co\/\",\"name\":\"Ciudad y Region\",\"description\":\"\",\"potentialAction\":[{\"@type\":\"SearchAction\",\"target\":{\"@type\":\"EntryPoint\",\"urlTemplate\":\"https:\/\/ciudadyregion.com.co\/?s={search_term_string}\"},\"query-input\":{\"@type\":\"PropertyValueSpecification\",\"valueRequired\":true,\"valueName\":\"search_term_string\"}}],\"inLanguage\":\"es\"},{\"@type\":\"Person\",\"@id\":\"https:\/\/ciudadyregion.com.co\/#\/schema\/person\/04a4954373ebc4051f46e8c65ff78622\",\"name\":\"David Andr\u00e9s Aguirre\",\"image\":{\"@type\":\"ImageObject\",\"inLanguage\":\"es\",\"@id\":\"https:\/\/ciudadyregion.com.co\/#\/schema\/person\/image\/\",\"url\":\"https:\/\/secure.gravatar.com\/avatar\/bc3c655860202182ee6d1b5edd042dbe?s=96&d=mm&r=g\",\"contentUrl\":\"https:\/\/secure.gravatar.com\/avatar\/bc3c655860202182ee6d1b5edd042dbe?s=96&d=mm&r=g\",\"caption\":\"David Andr\u00e9s Aguirre\"},\"url\":\"https:\/\/ciudadyregion.com.co\/index.php\/author\/diegoaguirre\/\"}]}<\/script>\n<!-- \/ Yoast SEO plugin. -->","yoast_head_json":{"title":"\"\u00a1La Justicia es para todos!\": V\u00edctimas del caso Uribe exigen celeridad al Tribunal para evitar la prescripci\u00f3n del juicio - Ciudad y Region","robots":{"index":"index","follow":"follow","max-snippet":"max-snippet:-1","max-image-preview":"max-image-preview:large","max-video-preview":"max-video-preview:-1"},"canonical":"https:\/\/ciudadyregion.com.co\/index.php\/la-justicia-es-para-todos-victimas-del-caso-uribe-exigen-celeridad-al-tribunal-para-evitar-la-prescripcion-del-juicio\/politica\/","og_locale":"es_ES","og_type":"article","og_title":"\"\u00a1La Justicia es para todos!\": V\u00edctimas del caso Uribe exigen celeridad al Tribunal para evitar la prescripci\u00f3n del juicio - Ciudad y Region","og_description":"Las v\u00edctimas acreditadas en el caso contra el expresidente \u00c1lvaro Uribe, que enfrenta acusaciones por presunta manipulaci\u00f3n de testigos, han enviado una carta al Tribunal Superior de Bogot\u00e1 pidiendo celeridad en la resoluci\u00f3n de una apelaci\u00f3n presentada por la defensa de Uribe. La apelaci\u00f3n afecta las pruebas que fueron aceptadasContinuar Leyendo","og_url":"https:\/\/ciudadyregion.com.co\/index.php\/la-justicia-es-para-todos-victimas-del-caso-uribe-exigen-celeridad-al-tribunal-para-evitar-la-prescripcion-del-juicio\/politica\/","og_site_name":"Ciudad y Region","article_published_time":"2025-01-29T13:34:09+00:00","og_image":[{"width":800,"height":445,"url":"https:\/\/ciudadyregion.com.co\/wp-content\/uploads\/2025\/01\/uribe.jpg","type":"image\/jpeg"}],"author":"David Andr\u00e9s Aguirre","twitter_card":"summary_large_image","twitter_misc":{"Escrito por":"David Andr\u00e9s Aguirre","Tiempo de lectura":"1 minuto"},"schema":{"@context":"https:\/\/schema.org","@graph":[{"@type":"WebPage","@id":"https:\/\/ciudadyregion.com.co\/index.php\/la-justicia-es-para-todos-victimas-del-caso-uribe-exigen-celeridad-al-tribunal-para-evitar-la-prescripcion-del-juicio\/politica\/","url":"https:\/\/ciudadyregion.com.co\/index.php\/la-justicia-es-para-todos-victimas-del-caso-uribe-exigen-celeridad-al-tribunal-para-evitar-la-prescripcion-del-juicio\/politica\/","name":"\"\u00a1La Justicia es para todos!\": V\u00edctimas del caso Uribe exigen celeridad al Tribunal para evitar la prescripci\u00f3n del juicio - Ciudad y Region","isPartOf":{"@id":"https:\/\/ciudadyregion.com.co\/#website"},"primaryImageOfPage":{"@id":"https:\/\/ciudadyregion.com.co\/index.php\/la-justicia-es-para-todos-victimas-del-caso-uribe-exigen-celeridad-al-tribunal-para-evitar-la-prescripcion-del-juicio\/politica\/#primaryimage"},"image":{"@id":"https:\/\/ciudadyregion.com.co\/index.php\/la-justicia-es-para-todos-victimas-del-caso-uribe-exigen-celeridad-al-tribunal-para-evitar-la-prescripcion-del-juicio\/politica\/#primaryimage"},"thumbnailUrl":"https:\/\/i0.wp.com\/ciudadyregion.com.co\/wp-content\/uploads\/2025\/01\/uribe.jpg?fit=800%2C445&ssl=1","datePublished":"2025-01-29T13:34:09+00:00","dateModified":"2025-01-29T13:34:09+00:00","author":{"@id":"https:\/\/ciudadyregion.com.co\/#\/schema\/person\/04a4954373ebc4051f46e8c65ff78622"},"breadcrumb":{"@id":"https:\/\/ciudadyregion.com.co\/index.php\/la-justicia-es-para-todos-victimas-del-caso-uribe-exigen-celeridad-al-tribunal-para-evitar-la-prescripcion-del-juicio\/politica\/#breadcrumb"},"inLanguage":"es","potentialAction":[{"@type":"ReadAction","target":["https:\/\/ciudadyregion.com.co\/index.php\/la-justicia-es-para-todos-victimas-del-caso-uribe-exigen-celeridad-al-tribunal-para-evitar-la-prescripcion-del-juicio\/politica\/"]}]},{"@type":"ImageObject","inLanguage":"es","@id":"https:\/\/ciudadyregion.com.co\/index.php\/la-justicia-es-para-todos-victimas-del-caso-uribe-exigen-celeridad-al-tribunal-para-evitar-la-prescripcion-del-juicio\/politica\/#primaryimage","url":"https:\/\/i0.wp.com\/ciudadyregion.com.co\/wp-content\/uploads\/2025\/01\/uribe.jpg?fit=800%2C445&ssl=1","contentUrl":"https:\/\/i0.wp.com\/ciudadyregion.com.co\/wp-content\/uploads\/2025\/01\/uribe.jpg?fit=800%2C445&ssl=1","width":800,"height":445},{"@type":"BreadcrumbList","@id":"https:\/\/ciudadyregion.com.co\/index.php\/la-justicia-es-para-todos-victimas-del-caso-uribe-exigen-celeridad-al-tribunal-para-evitar-la-prescripcion-del-juicio\/politica\/#breadcrumb","itemListElement":[{"@type":"ListItem","position":1,"name":"Portada","item":"https:\/\/ciudadyregion.com.co\/"},{"@type":"ListItem","position":2,"name":"\u00ab\u00a1La Justicia es para todos!\u00bb: V\u00edctimas del caso Uribe exigen celeridad al Tribunal para evitar la prescripci\u00f3n del juicio"}]},{"@type":"WebSite","@id":"https:\/\/ciudadyregion.com.co\/#website","url":"https:\/\/ciudadyregion.com.co\/","name":"Ciudad y Region","description":"","potentialAction":[{"@type":"SearchAction","target":{"@type":"EntryPoint","urlTemplate":"https:\/\/ciudadyregion.com.co\/?s={search_term_string}"},"query-input":{"@type":"PropertyValueSpecification","valueRequired":true,"valueName":"search_term_string"}}],"inLanguage":"es"},{"@type":"Person","@id":"https:\/\/ciudadyregion.com.co\/#\/schema\/person\/04a4954373ebc4051f46e8c65ff78622","name":"David Andr\u00e9s Aguirre","image":{"@type":"ImageObject","inLanguage":"es","@id":"https:\/\/ciudadyregion.com.co\/#\/schema\/person\/image\/","url":"https:\/\/secure.gravatar.com\/avatar\/bc3c655860202182ee6d1b5edd042dbe?s=96&d=mm&r=g","contentUrl":"https:\/\/secure.gravatar.com\/avatar\/bc3c655860202182ee6d1b5edd042dbe?s=96&d=mm&r=g","caption":"David Andr\u00e9s Aguirre"},"url":"https:\/\/ciudadyregion.com.co\/index.php\/author\/diegoaguirre\/"}]}},"jetpack_featured_media_url":"https:\/\/i0.wp.com\/ciudadyregion.com.co\/wp-content\/uploads\/2025\/01\/uribe.jpg?fit=800%2C445&ssl=1","jetpack_sharing_enabled":true,"jetpack_shortlink":"https:\/\/wp.me\/pbS7hh-7K4","jetpack-related-posts":[],"_links":{"self":[{"href":"https:\/\/ciudadyregion.com.co\/index.php\/wp-json\/wp\/v2\/posts\/29764"}],"collection":[{"href":"https:\/\/ciudadyregion.com.co\/index.php\/wp-json\/wp\/v2\/posts"}],"about":[{"href":"https:\/\/ciudadyregion.com.co\/index.php\/wp-json\/wp\/v2\/types\/post"}],"author":[{"embeddable":true,"href":"https:\/\/ciudadyregion.com.co\/index.php\/wp-json\/wp\/v2\/users\/2"}],"replies":[{"embeddable":true,"href":"https:\/\/ciudadyregion.com.co\/index.php\/wp-json\/wp\/v2\/comments?post=29764"}],"version-history":[{"count":1,"href":"https:\/\/ciudadyregion.com.co\/index.php\/wp-json\/wp\/v2\/posts\/29764\/revisions"}],"predecessor-version":[{"id":29766,"href":"https:\/\/ciudadyregion.com.co\/index.php\/wp-json\/wp\/v2\/posts\/29764\/revisions\/29766"}],"wp:featuredmedia":[{"embeddable":true,"href":"https:\/\/ciudadyregion.com.co\/index.php\/wp-json\/wp\/v2\/media\/29765"}],"wp:attachment":[{"href":"https:\/\/ciudadyregion.com.co\/index.php\/wp-json\/wp\/v2\/media?parent=29764"}],"wp:term":[{"taxonomy":"category","embeddable":true,"href":"https:\/\/ciudadyregion.com.co\/index.php\/wp-json\/wp\/v2\/categories?post=29764"},{"taxonomy":"post_tag","embeddable":true,"href":"https:\/\/ciudadyregion.com.co\/index.php\/wp-json\/wp\/v2\/tags?post=29764"}],"curies":[{"name":"wp","href":"https:\/\/api.w.org\/{rel}","templated":true}]}}