{"id":29220,"date":"2025-01-16T08:38:10","date_gmt":"2025-01-16T13:38:10","guid":{"rendered":"https:\/\/ciudadyregion.com.co\/?p=29220"},"modified":"2025-01-16T08:38:10","modified_gmt":"2025-01-16T13:38:10","slug":"indignante-abuso-capturan-a-un-hombre-que-habria-abusado-a-su-hijastra-de-13-anos","status":"publish","type":"post","link":"https:\/\/ciudadyregion.com.co\/index.php\/indignante-abuso-capturan-a-un-hombre-que-habria-abusado-a-su-hijastra-de-13-anos\/judicial\/","title":{"rendered":"Indignante abuso: Capturan a un hombre que habr\u00eda abusado a su hijastra de 13 a\u00f1os"},"content":{"rendered":"<p>Por solicitud de la Fiscal\u00eda General de la Naci\u00f3n, un juez de control de garant\u00edas impuso medida de aseguramiento en establecimiento carcelario a un hombre que habr\u00eda abusado\u00a0 sexualmente a su hijastra, una ni\u00f1a menor de edad de 13 a\u00f1os, en Puerto Carre\u00f1o (Vichada).<\/p>\n<p>En ese sentido, fue imputado por los\u00a0 delitos de\u00a0 acceso carnal abusivo y actos sexuales con menor de 14 a\u00f1os agravados. Los cargos no fueron aceptados.<\/p>\n<p>Los hechos se habr\u00edan presentado en los barrios La Esperanza y Villa Orinoco de Puerto Carre\u00f1o, desde octubre del 2022, hasta febrero del 2023.<\/p>\n<p>Este hombre fue capturado en el centro de esta capital por uniformados de la Polic\u00eda Nacional,\u00a0 ya que en su contra pesaba una orden judicial desde enero del 2024, pero al enterarse del requerimiento, al parecer, huy\u00f3 del pa\u00eds.<\/p>\n<p>&nbsp;<\/p>\n","protected":false},"excerpt":{"rendered":"<p>Por solicitud de la Fiscal\u00eda General de la Naci\u00f3n, un juez de control de garant\u00edas impuso medida de aseguramiento en establecimiento carcelario a un hombre que habr\u00eda abusado\u00a0 sexualmente a su hijastra, una ni\u00f1a menor de edad de 13 a\u00f1os, en Puerto Carre\u00f1o (Vichada). En ese sentido, fue imputado por<span class=\"more-link\"><a href=\"https:\/\/ciudadyregion.com.co\/index.php\/indignante-abuso-capturan-a-un-hombre-que-habria-abusado-a-su-hijastra-de-13-anos\/judicial\/\">Continuar Leyendo<\/a><\/span><\/p>\n","protected":false},"author":2,"featured_media":29221,"comment_status":"open","ping_status":"open","sticky":false,"template":"","format":"standard","meta":{"_uf_show_specific_survey":0,"_uf_disable_surveys":false,"_jetpack_memberships_contains_paid_content":false,"footnotes":"","jetpack_publicize_message":"","jetpack_publicize_feature_enabled":true,"jetpack_social_post_already_shared":true,"jetpack_social_options":{"image_generator_settings":{"template":"highway","enabled":false},"version":2}},"categories":[18],"tags":[],"class_list":["entry","author-diegoaguirre","post-29220","post","type-post","status-publish","format-standard","has-post-thumbnail","category-judicial"],"jetpack_publicize_connections":[],"yoast_head":"<!-- This site is optimized with the Yoast SEO plugin v24.3 - https:\/\/yoast.com\/wordpress\/plugins\/seo\/ -->\n<title>Indignante abuso: Capturan a un hombre que habr\u00eda abusado a su hijastra de 13 a\u00f1os - Ciudad y Region<\/title>\n<meta name=\"robots\" content=\"index, follow, max-snippet:-1, max-image-preview:large, max-video-preview:-1\" \/>\n<link rel=\"canonical\" href=\"https:\/\/ciudadyregion.com.co\/index.php\/indignante-abuso-capturan-a-un-hombre-que-habria-abusado-a-su-hijastra-de-13-anos\/judicial\/\" \/>\n<meta property=\"og:locale\" content=\"es_ES\" \/>\n<meta property=\"og:type\" content=\"article\" \/>\n<meta property=\"og:title\" content=\"Indignante abuso: Capturan a un hombre que habr\u00eda abusado a su hijastra de 13 a\u00f1os - Ciudad y Region\" \/>\n<meta property=\"og:description\" content=\"Por solicitud de la Fiscal\u00eda General de la Naci\u00f3n, un juez de control de garant\u00edas impuso medida de aseguramiento en establecimiento carcelario a un hombre que habr\u00eda abusado\u00a0 sexualmente a su hijastra, una ni\u00f1a menor de edad de 13 a\u00f1os, en Puerto Carre\u00f1o (Vichada). En ese sentido, fue imputado porContinuar Leyendo\" \/>\n<meta property=\"og:url\" content=\"https:\/\/ciudadyregion.com.co\/index.php\/indignante-abuso-capturan-a-un-hombre-que-habria-abusado-a-su-hijastra-de-13-anos\/judicial\/\" \/>\n<meta property=\"og:site_name\" content=\"Ciudad y Region\" \/>\n<meta property=\"article:published_time\" content=\"2025-01-16T13:38:10+00:00\" \/>\n<meta property=\"og:image\" content=\"https:\/\/ciudadyregion.com.co\/wp-content\/uploads\/2025\/01\/3-2025-01-16T083455.607.jpg\" \/>\n\t<meta property=\"og:image:width\" content=\"800\" \/>\n\t<meta property=\"og:image:height\" content=\"445\" \/>\n\t<meta property=\"og:image:type\" content=\"image\/jpeg\" \/>\n<meta name=\"author\" content=\"David Andr\u00e9s Aguirre\" \/>\n<meta name=\"twitter:card\" content=\"summary_large_image\" \/>\n<meta name=\"twitter:label1\" content=\"Escrito por\" \/>\n\t<meta name=\"twitter:data1\" content=\"David Andr\u00e9s Aguirre\" \/>\n\t<meta name=\"twitter:label2\" content=\"Tiempo de lectura\" \/>\n\t<meta name=\"twitter:data2\" content=\"1 minuto\" \/>\n<script type=\"application\/ld+json\" class=\"yoast-schema-graph\">{\"@context\":\"https:\/\/schema.org\",\"@graph\":[{\"@type\":\"WebPage\",\"@id\":\"https:\/\/ciudadyregion.com.co\/index.php\/indignante-abuso-capturan-a-un-hombre-que-habria-abusado-a-su-hijastra-de-13-anos\/judicial\/\",\"url\":\"https:\/\/ciudadyregion.com.co\/index.php\/indignante-abuso-capturan-a-un-hombre-que-habria-abusado-a-su-hijastra-de-13-anos\/judicial\/\",\"name\":\"Indignante abuso: Capturan a un hombre que habr\u00eda abusado a su hijastra de 13 a\u00f1os - Ciudad y Region\",\"isPartOf\":{\"@id\":\"https:\/\/ciudadyregion.com.co\/#website\"},\"primaryImageOfPage\":{\"@id\":\"https:\/\/ciudadyregion.com.co\/index.php\/indignante-abuso-capturan-a-un-hombre-que-habria-abusado-a-su-hijastra-de-13-anos\/judicial\/#primaryimage\"},\"image\":{\"@id\":\"https:\/\/ciudadyregion.com.co\/index.php\/indignante-abuso-capturan-a-un-hombre-que-habria-abusado-a-su-hijastra-de-13-anos\/judicial\/#primaryimage\"},\"thumbnailUrl\":\"https:\/\/i0.wp.com\/ciudadyregion.com.co\/wp-content\/uploads\/2025\/01\/3-2025-01-16T083455.607.jpg?fit=800%2C445&ssl=1\",\"datePublished\":\"2025-01-16T13:38:10+00:00\",\"dateModified\":\"2025-01-16T13:38:10+00:00\",\"author\":{\"@id\":\"https:\/\/ciudadyregion.com.co\/#\/schema\/person\/04a4954373ebc4051f46e8c65ff78622\"},\"breadcrumb\":{\"@id\":\"https:\/\/ciudadyregion.com.co\/index.php\/indignante-abuso-capturan-a-un-hombre-que-habria-abusado-a-su-hijastra-de-13-anos\/judicial\/#breadcrumb\"},\"inLanguage\":\"es\",\"potentialAction\":[{\"@type\":\"ReadAction\",\"target\":[\"https:\/\/ciudadyregion.com.co\/index.php\/indignante-abuso-capturan-a-un-hombre-que-habria-abusado-a-su-hijastra-de-13-anos\/judicial\/\"]}]},{\"@type\":\"ImageObject\",\"inLanguage\":\"es\",\"@id\":\"https:\/\/ciudadyregion.com.co\/index.php\/indignante-abuso-capturan-a-un-hombre-que-habria-abusado-a-su-hijastra-de-13-anos\/judicial\/#primaryimage\",\"url\":\"https:\/\/i0.wp.com\/ciudadyregion.com.co\/wp-content\/uploads\/2025\/01\/3-2025-01-16T083455.607.jpg?fit=800%2C445&ssl=1\",\"contentUrl\":\"https:\/\/i0.wp.com\/ciudadyregion.com.co\/wp-content\/uploads\/2025\/01\/3-2025-01-16T083455.607.jpg?fit=800%2C445&ssl=1\",\"width\":800,\"height\":445},{\"@type\":\"BreadcrumbList\",\"@id\":\"https:\/\/ciudadyregion.com.co\/index.php\/indignante-abuso-capturan-a-un-hombre-que-habria-abusado-a-su-hijastra-de-13-anos\/judicial\/#breadcrumb\",\"itemListElement\":[{\"@type\":\"ListItem\",\"position\":1,\"name\":\"Portada\",\"item\":\"https:\/\/ciudadyregion.com.co\/\"},{\"@type\":\"ListItem\",\"position\":2,\"name\":\"Indignante abuso: Capturan a un hombre que habr\u00eda abusado a su hijastra de 13 a\u00f1os\"}]},{\"@type\":\"WebSite\",\"@id\":\"https:\/\/ciudadyregion.com.co\/#website\",\"url\":\"https:\/\/ciudadyregion.com.co\/\",\"name\":\"Ciudad y Region\",\"description\":\"\",\"potentialAction\":[{\"@type\":\"SearchAction\",\"target\":{\"@type\":\"EntryPoint\",\"urlTemplate\":\"https:\/\/ciudadyregion.com.co\/?s={search_term_string}\"},\"query-input\":{\"@type\":\"PropertyValueSpecification\",\"valueRequired\":true,\"valueName\":\"search_term_string\"}}],\"inLanguage\":\"es\"},{\"@type\":\"Person\",\"@id\":\"https:\/\/ciudadyregion.com.co\/#\/schema\/person\/04a4954373ebc4051f46e8c65ff78622\",\"name\":\"David Andr\u00e9s Aguirre\",\"image\":{\"@type\":\"ImageObject\",\"inLanguage\":\"es\",\"@id\":\"https:\/\/ciudadyregion.com.co\/#\/schema\/person\/image\/\",\"url\":\"https:\/\/secure.gravatar.com\/avatar\/bc3c655860202182ee6d1b5edd042dbe?s=96&d=mm&r=g\",\"contentUrl\":\"https:\/\/secure.gravatar.com\/avatar\/bc3c655860202182ee6d1b5edd042dbe?s=96&d=mm&r=g\",\"caption\":\"David Andr\u00e9s Aguirre\"},\"url\":\"https:\/\/ciudadyregion.com.co\/index.php\/author\/diegoaguirre\/\"}]}<\/script>\n<!-- \/ Yoast SEO plugin. -->","yoast_head_json":{"title":"Indignante abuso: Capturan a un hombre que habr\u00eda abusado a su hijastra de 13 a\u00f1os - Ciudad y Region","robots":{"index":"index","follow":"follow","max-snippet":"max-snippet:-1","max-image-preview":"max-image-preview:large","max-video-preview":"max-video-preview:-1"},"canonical":"https:\/\/ciudadyregion.com.co\/index.php\/indignante-abuso-capturan-a-un-hombre-que-habria-abusado-a-su-hijastra-de-13-anos\/judicial\/","og_locale":"es_ES","og_type":"article","og_title":"Indignante abuso: Capturan a un hombre que habr\u00eda abusado a su hijastra de 13 a\u00f1os - Ciudad y Region","og_description":"Por solicitud de la Fiscal\u00eda General de la Naci\u00f3n, un juez de control de garant\u00edas impuso medida de aseguramiento en establecimiento carcelario a un hombre que habr\u00eda abusado\u00a0 sexualmente a su hijastra, una ni\u00f1a menor de edad de 13 a\u00f1os, en Puerto Carre\u00f1o (Vichada). En ese sentido, fue imputado porContinuar Leyendo","og_url":"https:\/\/ciudadyregion.com.co\/index.php\/indignante-abuso-capturan-a-un-hombre-que-habria-abusado-a-su-hijastra-de-13-anos\/judicial\/","og_site_name":"Ciudad y Region","article_published_time":"2025-01-16T13:38:10+00:00","og_image":[{"width":800,"height":445,"url":"https:\/\/ciudadyregion.com.co\/wp-content\/uploads\/2025\/01\/3-2025-01-16T083455.607.jpg","type":"image\/jpeg"}],"author":"David Andr\u00e9s Aguirre","twitter_card":"summary_large_image","twitter_misc":{"Escrito por":"David Andr\u00e9s Aguirre","Tiempo de lectura":"1 minuto"},"schema":{"@context":"https:\/\/schema.org","@graph":[{"@type":"WebPage","@id":"https:\/\/ciudadyregion.com.co\/index.php\/indignante-abuso-capturan-a-un-hombre-que-habria-abusado-a-su-hijastra-de-13-anos\/judicial\/","url":"https:\/\/ciudadyregion.com.co\/index.php\/indignante-abuso-capturan-a-un-hombre-que-habria-abusado-a-su-hijastra-de-13-anos\/judicial\/","name":"Indignante abuso: Capturan a un hombre que habr\u00eda abusado a su hijastra de 13 a\u00f1os - Ciudad y Region","isPartOf":{"@id":"https:\/\/ciudadyregion.com.co\/#website"},"primaryImageOfPage":{"@id":"https:\/\/ciudadyregion.com.co\/index.php\/indignante-abuso-capturan-a-un-hombre-que-habria-abusado-a-su-hijastra-de-13-anos\/judicial\/#primaryimage"},"image":{"@id":"https:\/\/ciudadyregion.com.co\/index.php\/indignante-abuso-capturan-a-un-hombre-que-habria-abusado-a-su-hijastra-de-13-anos\/judicial\/#primaryimage"},"thumbnailUrl":"https:\/\/i0.wp.com\/ciudadyregion.com.co\/wp-content\/uploads\/2025\/01\/3-2025-01-16T083455.607.jpg?fit=800%2C445&ssl=1","datePublished":"2025-01-16T13:38:10+00:00","dateModified":"2025-01-16T13:38:10+00:00","author":{"@id":"https:\/\/ciudadyregion.com.co\/#\/schema\/person\/04a4954373ebc4051f46e8c65ff78622"},"breadcrumb":{"@id":"https:\/\/ciudadyregion.com.co\/index.php\/indignante-abuso-capturan-a-un-hombre-que-habria-abusado-a-su-hijastra-de-13-anos\/judicial\/#breadcrumb"},"inLanguage":"es","potentialAction":[{"@type":"ReadAction","target":["https:\/\/ciudadyregion.com.co\/index.php\/indignante-abuso-capturan-a-un-hombre-que-habria-abusado-a-su-hijastra-de-13-anos\/judicial\/"]}]},{"@type":"ImageObject","inLanguage":"es","@id":"https:\/\/ciudadyregion.com.co\/index.php\/indignante-abuso-capturan-a-un-hombre-que-habria-abusado-a-su-hijastra-de-13-anos\/judicial\/#primaryimage","url":"https:\/\/i0.wp.com\/ciudadyregion.com.co\/wp-content\/uploads\/2025\/01\/3-2025-01-16T083455.607.jpg?fit=800%2C445&ssl=1","contentUrl":"https:\/\/i0.wp.com\/ciudadyregion.com.co\/wp-content\/uploads\/2025\/01\/3-2025-01-16T083455.607.jpg?fit=800%2C445&ssl=1","width":800,"height":445},{"@type":"BreadcrumbList","@id":"https:\/\/ciudadyregion.com.co\/index.php\/indignante-abuso-capturan-a-un-hombre-que-habria-abusado-a-su-hijastra-de-13-anos\/judicial\/#breadcrumb","itemListElement":[{"@type":"ListItem","position":1,"name":"Portada","item":"https:\/\/ciudadyregion.com.co\/"},{"@type":"ListItem","position":2,"name":"Indignante abuso: Capturan a un hombre que habr\u00eda abusado a su hijastra de 13 a\u00f1os"}]},{"@type":"WebSite","@id":"https:\/\/ciudadyregion.com.co\/#website","url":"https:\/\/ciudadyregion.com.co\/","name":"Ciudad y Region","description":"","potentialAction":[{"@type":"SearchAction","target":{"@type":"EntryPoint","urlTemplate":"https:\/\/ciudadyregion.com.co\/?s={search_term_string}"},"query-input":{"@type":"PropertyValueSpecification","valueRequired":true,"valueName":"search_term_string"}}],"inLanguage":"es"},{"@type":"Person","@id":"https:\/\/ciudadyregion.com.co\/#\/schema\/person\/04a4954373ebc4051f46e8c65ff78622","name":"David Andr\u00e9s Aguirre","image":{"@type":"ImageObject","inLanguage":"es","@id":"https:\/\/ciudadyregion.com.co\/#\/schema\/person\/image\/","url":"https:\/\/secure.gravatar.com\/avatar\/bc3c655860202182ee6d1b5edd042dbe?s=96&d=mm&r=g","contentUrl":"https:\/\/secure.gravatar.com\/avatar\/bc3c655860202182ee6d1b5edd042dbe?s=96&d=mm&r=g","caption":"David Andr\u00e9s Aguirre"},"url":"https:\/\/ciudadyregion.com.co\/index.php\/author\/diegoaguirre\/"}]}},"jetpack_featured_media_url":"https:\/\/i0.wp.com\/ciudadyregion.com.co\/wp-content\/uploads\/2025\/01\/3-2025-01-16T083455.607.jpg?fit=800%2C445&ssl=1","jetpack_sharing_enabled":true,"jetpack_shortlink":"https:\/\/wp.me\/pbS7hh-7Bi","jetpack-related-posts":[],"_links":{"self":[{"href":"https:\/\/ciudadyregion.com.co\/index.php\/wp-json\/wp\/v2\/posts\/29220"}],"collection":[{"href":"https:\/\/ciudadyregion.com.co\/index.php\/wp-json\/wp\/v2\/posts"}],"about":[{"href":"https:\/\/ciudadyregion.com.co\/index.php\/wp-json\/wp\/v2\/types\/post"}],"author":[{"embeddable":true,"href":"https:\/\/ciudadyregion.com.co\/index.php\/wp-json\/wp\/v2\/users\/2"}],"replies":[{"embeddable":true,"href":"https:\/\/ciudadyregion.com.co\/index.php\/wp-json\/wp\/v2\/comments?post=29220"}],"version-history":[{"count":1,"href":"https:\/\/ciudadyregion.com.co\/index.php\/wp-json\/wp\/v2\/posts\/29220\/revisions"}],"predecessor-version":[{"id":29222,"href":"https:\/\/ciudadyregion.com.co\/index.php\/wp-json\/wp\/v2\/posts\/29220\/revisions\/29222"}],"wp:featuredmedia":[{"embeddable":true,"href":"https:\/\/ciudadyregion.com.co\/index.php\/wp-json\/wp\/v2\/media\/29221"}],"wp:attachment":[{"href":"https:\/\/ciudadyregion.com.co\/index.php\/wp-json\/wp\/v2\/media?parent=29220"}],"wp:term":[{"taxonomy":"category","embeddable":true,"href":"https:\/\/ciudadyregion.com.co\/index.php\/wp-json\/wp\/v2\/categories?post=29220"},{"taxonomy":"post_tag","embeddable":true,"href":"https:\/\/ciudadyregion.com.co\/index.php\/wp-json\/wp\/v2\/tags?post=29220"}],"curies":[{"name":"wp","href":"https:\/\/api.w.org\/{rel}","templated":true}]}}