{"id":29217,"date":"2025-01-16T08:19:19","date_gmt":"2025-01-16T13:19:19","guid":{"rendered":"https:\/\/ciudadyregion.com.co\/?p=29217"},"modified":"2025-01-16T08:19:19","modified_gmt":"2025-01-16T13:19:19","slug":"con-el-pie-derecho-asi-inicio-la-educacion-en-el-tolima-mas-de-112-mil-estudiantes-empezaron-a-estudiar","status":"publish","type":"post","link":"https:\/\/ciudadyregion.com.co\/index.php\/con-el-pie-derecho-asi-inicio-la-educacion-en-el-tolima-mas-de-112-mil-estudiantes-empezaron-a-estudiar\/educacion\/","title":{"rendered":"Con el pie derecho, as\u00ed inici\u00f3 la educaci\u00f3n en el Tolima: M\u00e1s de 112 mil estudiantes empezaron a estudiar"},"content":{"rendered":"<p>El pr\u00f3ximo lunes 20 de enero, m\u00e1s de 112 mil estudiantes de las 212 instituciones educativas oficiales del Tolima regresar\u00e1n a las aulas, marcando el inicio de un a\u00f1o acad\u00e9mico que promete estar centrado en la innovaci\u00f3n tecnol\u00f3gica y el fortalecimiento de la calidad educativa.<\/p>\n<p>El regreso a clases estar\u00e1 marcado por la innovaci\u00f3n en el aprendizaje. La Secretar\u00eda de Educaci\u00f3n del departamento, liderada por Andr\u00e9s Bedoya, anunci\u00f3 una serie de estrategias clave para impulsar el aprendizaje mediante herramientas tecnol\u00f3gicas de vanguardia. Entre las iniciativas destacan SaberIA y SaberloTodo, dos programas dise\u00f1ados para preparar a los estudiantes en las Pruebas Saber 11.<\/p>\n<p>SaberIA, explic\u00f3 Bedoya, es una aplicaci\u00f3n basada en inteligencia artificial que permitir\u00e1 a los estudiantes realizar simulacros personalizados, recibir retroalimentaci\u00f3n en tiempo real y obtener diagn\u00f3sticos detallados sobre sus fortalezas y \u00e1reas de mejora.<\/p>\n<p>Esta herramienta estar\u00e1 disponible tanto en dispositivos m\u00f3viles como en los equipos de c\u00f3mputo de las instituciones educativas.<\/p>\n<p>Por su parte, SaberloTodo complementar\u00e1 este enfoque con pruebas presenciales que ser\u00e1n analizadas a trav\u00e9s de una plataforma digital, brindando a los estudiantes un panorama integral de su desempe\u00f1o acad\u00e9mico.<\/p>\n<p>Adem\u00e1s, el secretario de Educaci\u00f3n destac\u00f3 una serie de incentivos para motivar a los j\u00f3venes a participar activamente en estos programas. Entre ellos se encuentran la entrega de dispositivos tecnol\u00f3gicos, la realizaci\u00f3n de salidas pedag\u00f3gicas y una inversi\u00f3n significativa en infraestructura educativa.<\/p>\n<blockquote><p>\u00abVamos a renovar las salas de sistemas y llevaremos m\u00e1s de 500 computadores a diferentes instituciones educativas para fortalecer las aulas tecnol\u00f3gicas\u00bb, asegur\u00f3 Bedoya.<\/p><\/blockquote>\n<p>El funcionario hizo un llamado a estudiantes, padres de familia y docentes para aprovechar al m\u00e1ximo estas herramientas y comprometerse con el proceso educativo. Estas estrategias buscan posicionar al Tolima como un referente nacional en educaci\u00f3n innovadora, reafirmando el compromiso del departamento con el desarrollo acad\u00e9mico y tecnol\u00f3gico de su comunidad estudiantil.<\/p>\n","protected":false},"excerpt":{"rendered":"<p>El pr\u00f3ximo lunes 20 de enero, m\u00e1s de 112 mil estudiantes de las 212 instituciones educativas oficiales del Tolima regresar\u00e1n a las aulas, marcando el inicio de un a\u00f1o acad\u00e9mico que promete estar centrado en la innovaci\u00f3n tecnol\u00f3gica y el fortalecimiento de la calidad educativa. El regreso a clases estar\u00e1<span class=\"more-link\"><a href=\"https:\/\/ciudadyregion.com.co\/index.php\/con-el-pie-derecho-asi-inicio-la-educacion-en-el-tolima-mas-de-112-mil-estudiantes-empezaron-a-estudiar\/educacion\/\">Continuar Leyendo<\/a><\/span><\/p>\n","protected":false},"author":2,"featured_media":29218,"comment_status":"open","ping_status":"open","sticky":false,"template":"","format":"standard","meta":{"_uf_show_specific_survey":0,"_uf_disable_surveys":false,"_jetpack_memberships_contains_paid_content":false,"footnotes":"","jetpack_publicize_message":"","jetpack_publicize_feature_enabled":true,"jetpack_social_post_already_shared":true,"jetpack_social_options":{"image_generator_settings":{"template":"highway","enabled":false},"version":2}},"categories":[22],"tags":[],"class_list":["entry","author-diegoaguirre","post-29217","post","type-post","status-publish","format-standard","has-post-thumbnail","category-educacion"],"jetpack_publicize_connections":[],"yoast_head":"<!-- This site is optimized with the Yoast SEO plugin v24.3 - https:\/\/yoast.com\/wordpress\/plugins\/seo\/ -->\n<title>Con el pie derecho, as\u00ed inici\u00f3 la educaci\u00f3n en el Tolima: M\u00e1s de 112 mil estudiantes empezaron a estudiar - Ciudad y Region<\/title>\n<meta name=\"robots\" content=\"index, follow, max-snippet:-1, max-image-preview:large, max-video-preview:-1\" \/>\n<link rel=\"canonical\" href=\"https:\/\/ciudadyregion.com.co\/index.php\/con-el-pie-derecho-asi-inicio-la-educacion-en-el-tolima-mas-de-112-mil-estudiantes-empezaron-a-estudiar\/educacion\/\" \/>\n<meta property=\"og:locale\" content=\"es_ES\" \/>\n<meta property=\"og:type\" content=\"article\" \/>\n<meta property=\"og:title\" content=\"Con el pie derecho, as\u00ed inici\u00f3 la educaci\u00f3n en el Tolima: M\u00e1s de 112 mil estudiantes empezaron a estudiar - Ciudad y Region\" \/>\n<meta property=\"og:description\" content=\"El pr\u00f3ximo lunes 20 de enero, m\u00e1s de 112 mil estudiantes de las 212 instituciones educativas oficiales del Tolima regresar\u00e1n a las aulas, marcando el inicio de un a\u00f1o acad\u00e9mico que promete estar centrado en la innovaci\u00f3n tecnol\u00f3gica y el fortalecimiento de la calidad educativa. El regreso a clases estar\u00e1Continuar Leyendo\" \/>\n<meta property=\"og:url\" content=\"https:\/\/ciudadyregion.com.co\/index.php\/con-el-pie-derecho-asi-inicio-la-educacion-en-el-tolima-mas-de-112-mil-estudiantes-empezaron-a-estudiar\/educacion\/\" \/>\n<meta property=\"og:site_name\" content=\"Ciudad y Region\" \/>\n<meta property=\"article:published_time\" content=\"2025-01-16T13:19:19+00:00\" \/>\n<meta property=\"og:image\" content=\"https:\/\/ciudadyregion.com.co\/wp-content\/uploads\/2025\/01\/1-2025-01-16T081627.374.jpg\" \/>\n\t<meta property=\"og:image:width\" content=\"800\" \/>\n\t<meta property=\"og:image:height\" content=\"445\" \/>\n\t<meta property=\"og:image:type\" content=\"image\/jpeg\" \/>\n<meta name=\"author\" content=\"David Andr\u00e9s Aguirre\" \/>\n<meta name=\"twitter:card\" content=\"summary_large_image\" \/>\n<meta name=\"twitter:label1\" content=\"Escrito por\" \/>\n\t<meta name=\"twitter:data1\" content=\"David Andr\u00e9s Aguirre\" \/>\n\t<meta name=\"twitter:label2\" content=\"Tiempo de lectura\" \/>\n\t<meta name=\"twitter:data2\" content=\"2 minutos\" \/>\n<script type=\"application\/ld+json\" class=\"yoast-schema-graph\">{\"@context\":\"https:\/\/schema.org\",\"@graph\":[{\"@type\":\"WebPage\",\"@id\":\"https:\/\/ciudadyregion.com.co\/index.php\/con-el-pie-derecho-asi-inicio-la-educacion-en-el-tolima-mas-de-112-mil-estudiantes-empezaron-a-estudiar\/educacion\/\",\"url\":\"https:\/\/ciudadyregion.com.co\/index.php\/con-el-pie-derecho-asi-inicio-la-educacion-en-el-tolima-mas-de-112-mil-estudiantes-empezaron-a-estudiar\/educacion\/\",\"name\":\"Con el pie derecho, as\u00ed inici\u00f3 la educaci\u00f3n en el Tolima: M\u00e1s de 112 mil estudiantes empezaron a estudiar - Ciudad y Region\",\"isPartOf\":{\"@id\":\"https:\/\/ciudadyregion.com.co\/#website\"},\"primaryImageOfPage\":{\"@id\":\"https:\/\/ciudadyregion.com.co\/index.php\/con-el-pie-derecho-asi-inicio-la-educacion-en-el-tolima-mas-de-112-mil-estudiantes-empezaron-a-estudiar\/educacion\/#primaryimage\"},\"image\":{\"@id\":\"https:\/\/ciudadyregion.com.co\/index.php\/con-el-pie-derecho-asi-inicio-la-educacion-en-el-tolima-mas-de-112-mil-estudiantes-empezaron-a-estudiar\/educacion\/#primaryimage\"},\"thumbnailUrl\":\"https:\/\/i0.wp.com\/ciudadyregion.com.co\/wp-content\/uploads\/2025\/01\/1-2025-01-16T081627.374.jpg?fit=800%2C445&ssl=1\",\"datePublished\":\"2025-01-16T13:19:19+00:00\",\"dateModified\":\"2025-01-16T13:19:19+00:00\",\"author\":{\"@id\":\"https:\/\/ciudadyregion.com.co\/#\/schema\/person\/04a4954373ebc4051f46e8c65ff78622\"},\"breadcrumb\":{\"@id\":\"https:\/\/ciudadyregion.com.co\/index.php\/con-el-pie-derecho-asi-inicio-la-educacion-en-el-tolima-mas-de-112-mil-estudiantes-empezaron-a-estudiar\/educacion\/#breadcrumb\"},\"inLanguage\":\"es\",\"potentialAction\":[{\"@type\":\"ReadAction\",\"target\":[\"https:\/\/ciudadyregion.com.co\/index.php\/con-el-pie-derecho-asi-inicio-la-educacion-en-el-tolima-mas-de-112-mil-estudiantes-empezaron-a-estudiar\/educacion\/\"]}]},{\"@type\":\"ImageObject\",\"inLanguage\":\"es\",\"@id\":\"https:\/\/ciudadyregion.com.co\/index.php\/con-el-pie-derecho-asi-inicio-la-educacion-en-el-tolima-mas-de-112-mil-estudiantes-empezaron-a-estudiar\/educacion\/#primaryimage\",\"url\":\"https:\/\/i0.wp.com\/ciudadyregion.com.co\/wp-content\/uploads\/2025\/01\/1-2025-01-16T081627.374.jpg?fit=800%2C445&ssl=1\",\"contentUrl\":\"https:\/\/i0.wp.com\/ciudadyregion.com.co\/wp-content\/uploads\/2025\/01\/1-2025-01-16T081627.374.jpg?fit=800%2C445&ssl=1\",\"width\":800,\"height\":445},{\"@type\":\"BreadcrumbList\",\"@id\":\"https:\/\/ciudadyregion.com.co\/index.php\/con-el-pie-derecho-asi-inicio-la-educacion-en-el-tolima-mas-de-112-mil-estudiantes-empezaron-a-estudiar\/educacion\/#breadcrumb\",\"itemListElement\":[{\"@type\":\"ListItem\",\"position\":1,\"name\":\"Portada\",\"item\":\"https:\/\/ciudadyregion.com.co\/\"},{\"@type\":\"ListItem\",\"position\":2,\"name\":\"Con el pie derecho, as\u00ed inici\u00f3 la educaci\u00f3n en el Tolima: M\u00e1s de 112 mil estudiantes empezaron a estudiar\"}]},{\"@type\":\"WebSite\",\"@id\":\"https:\/\/ciudadyregion.com.co\/#website\",\"url\":\"https:\/\/ciudadyregion.com.co\/\",\"name\":\"Ciudad y Region\",\"description\":\"\",\"potentialAction\":[{\"@type\":\"SearchAction\",\"target\":{\"@type\":\"EntryPoint\",\"urlTemplate\":\"https:\/\/ciudadyregion.com.co\/?s={search_term_string}\"},\"query-input\":{\"@type\":\"PropertyValueSpecification\",\"valueRequired\":true,\"valueName\":\"search_term_string\"}}],\"inLanguage\":\"es\"},{\"@type\":\"Person\",\"@id\":\"https:\/\/ciudadyregion.com.co\/#\/schema\/person\/04a4954373ebc4051f46e8c65ff78622\",\"name\":\"David Andr\u00e9s Aguirre\",\"image\":{\"@type\":\"ImageObject\",\"inLanguage\":\"es\",\"@id\":\"https:\/\/ciudadyregion.com.co\/#\/schema\/person\/image\/\",\"url\":\"https:\/\/secure.gravatar.com\/avatar\/bc3c655860202182ee6d1b5edd042dbe?s=96&d=mm&r=g\",\"contentUrl\":\"https:\/\/secure.gravatar.com\/avatar\/bc3c655860202182ee6d1b5edd042dbe?s=96&d=mm&r=g\",\"caption\":\"David Andr\u00e9s Aguirre\"},\"url\":\"https:\/\/ciudadyregion.com.co\/index.php\/author\/diegoaguirre\/\"}]}<\/script>\n<!-- \/ Yoast SEO plugin. -->","yoast_head_json":{"title":"Con el pie derecho, as\u00ed inici\u00f3 la educaci\u00f3n en el Tolima: M\u00e1s de 112 mil estudiantes empezaron a estudiar - Ciudad y Region","robots":{"index":"index","follow":"follow","max-snippet":"max-snippet:-1","max-image-preview":"max-image-preview:large","max-video-preview":"max-video-preview:-1"},"canonical":"https:\/\/ciudadyregion.com.co\/index.php\/con-el-pie-derecho-asi-inicio-la-educacion-en-el-tolima-mas-de-112-mil-estudiantes-empezaron-a-estudiar\/educacion\/","og_locale":"es_ES","og_type":"article","og_title":"Con el pie derecho, as\u00ed inici\u00f3 la educaci\u00f3n en el Tolima: M\u00e1s de 112 mil estudiantes empezaron a estudiar - Ciudad y Region","og_description":"El pr\u00f3ximo lunes 20 de enero, m\u00e1s de 112 mil estudiantes de las 212 instituciones educativas oficiales del Tolima regresar\u00e1n a las aulas, marcando el inicio de un a\u00f1o acad\u00e9mico que promete estar centrado en la innovaci\u00f3n tecnol\u00f3gica y el fortalecimiento de la calidad educativa. El regreso a clases estar\u00e1Continuar Leyendo","og_url":"https:\/\/ciudadyregion.com.co\/index.php\/con-el-pie-derecho-asi-inicio-la-educacion-en-el-tolima-mas-de-112-mil-estudiantes-empezaron-a-estudiar\/educacion\/","og_site_name":"Ciudad y Region","article_published_time":"2025-01-16T13:19:19+00:00","og_image":[{"width":800,"height":445,"url":"https:\/\/ciudadyregion.com.co\/wp-content\/uploads\/2025\/01\/1-2025-01-16T081627.374.jpg","type":"image\/jpeg"}],"author":"David Andr\u00e9s Aguirre","twitter_card":"summary_large_image","twitter_misc":{"Escrito por":"David Andr\u00e9s Aguirre","Tiempo de lectura":"2 minutos"},"schema":{"@context":"https:\/\/schema.org","@graph":[{"@type":"WebPage","@id":"https:\/\/ciudadyregion.com.co\/index.php\/con-el-pie-derecho-asi-inicio-la-educacion-en-el-tolima-mas-de-112-mil-estudiantes-empezaron-a-estudiar\/educacion\/","url":"https:\/\/ciudadyregion.com.co\/index.php\/con-el-pie-derecho-asi-inicio-la-educacion-en-el-tolima-mas-de-112-mil-estudiantes-empezaron-a-estudiar\/educacion\/","name":"Con el pie derecho, as\u00ed inici\u00f3 la educaci\u00f3n en el Tolima: M\u00e1s de 112 mil estudiantes empezaron a estudiar - Ciudad y Region","isPartOf":{"@id":"https:\/\/ciudadyregion.com.co\/#website"},"primaryImageOfPage":{"@id":"https:\/\/ciudadyregion.com.co\/index.php\/con-el-pie-derecho-asi-inicio-la-educacion-en-el-tolima-mas-de-112-mil-estudiantes-empezaron-a-estudiar\/educacion\/#primaryimage"},"image":{"@id":"https:\/\/ciudadyregion.com.co\/index.php\/con-el-pie-derecho-asi-inicio-la-educacion-en-el-tolima-mas-de-112-mil-estudiantes-empezaron-a-estudiar\/educacion\/#primaryimage"},"thumbnailUrl":"https:\/\/i0.wp.com\/ciudadyregion.com.co\/wp-content\/uploads\/2025\/01\/1-2025-01-16T081627.374.jpg?fit=800%2C445&ssl=1","datePublished":"2025-01-16T13:19:19+00:00","dateModified":"2025-01-16T13:19:19+00:00","author":{"@id":"https:\/\/ciudadyregion.com.co\/#\/schema\/person\/04a4954373ebc4051f46e8c65ff78622"},"breadcrumb":{"@id":"https:\/\/ciudadyregion.com.co\/index.php\/con-el-pie-derecho-asi-inicio-la-educacion-en-el-tolima-mas-de-112-mil-estudiantes-empezaron-a-estudiar\/educacion\/#breadcrumb"},"inLanguage":"es","potentialAction":[{"@type":"ReadAction","target":["https:\/\/ciudadyregion.com.co\/index.php\/con-el-pie-derecho-asi-inicio-la-educacion-en-el-tolima-mas-de-112-mil-estudiantes-empezaron-a-estudiar\/educacion\/"]}]},{"@type":"ImageObject","inLanguage":"es","@id":"https:\/\/ciudadyregion.com.co\/index.php\/con-el-pie-derecho-asi-inicio-la-educacion-en-el-tolima-mas-de-112-mil-estudiantes-empezaron-a-estudiar\/educacion\/#primaryimage","url":"https:\/\/i0.wp.com\/ciudadyregion.com.co\/wp-content\/uploads\/2025\/01\/1-2025-01-16T081627.374.jpg?fit=800%2C445&ssl=1","contentUrl":"https:\/\/i0.wp.com\/ciudadyregion.com.co\/wp-content\/uploads\/2025\/01\/1-2025-01-16T081627.374.jpg?fit=800%2C445&ssl=1","width":800,"height":445},{"@type":"BreadcrumbList","@id":"https:\/\/ciudadyregion.com.co\/index.php\/con-el-pie-derecho-asi-inicio-la-educacion-en-el-tolima-mas-de-112-mil-estudiantes-empezaron-a-estudiar\/educacion\/#breadcrumb","itemListElement":[{"@type":"ListItem","position":1,"name":"Portada","item":"https:\/\/ciudadyregion.com.co\/"},{"@type":"ListItem","position":2,"name":"Con el pie derecho, as\u00ed inici\u00f3 la educaci\u00f3n en el Tolima: M\u00e1s de 112 mil estudiantes empezaron a estudiar"}]},{"@type":"WebSite","@id":"https:\/\/ciudadyregion.com.co\/#website","url":"https:\/\/ciudadyregion.com.co\/","name":"Ciudad y Region","description":"","potentialAction":[{"@type":"SearchAction","target":{"@type":"EntryPoint","urlTemplate":"https:\/\/ciudadyregion.com.co\/?s={search_term_string}"},"query-input":{"@type":"PropertyValueSpecification","valueRequired":true,"valueName":"search_term_string"}}],"inLanguage":"es"},{"@type":"Person","@id":"https:\/\/ciudadyregion.com.co\/#\/schema\/person\/04a4954373ebc4051f46e8c65ff78622","name":"David Andr\u00e9s Aguirre","image":{"@type":"ImageObject","inLanguage":"es","@id":"https:\/\/ciudadyregion.com.co\/#\/schema\/person\/image\/","url":"https:\/\/secure.gravatar.com\/avatar\/bc3c655860202182ee6d1b5edd042dbe?s=96&d=mm&r=g","contentUrl":"https:\/\/secure.gravatar.com\/avatar\/bc3c655860202182ee6d1b5edd042dbe?s=96&d=mm&r=g","caption":"David Andr\u00e9s Aguirre"},"url":"https:\/\/ciudadyregion.com.co\/index.php\/author\/diegoaguirre\/"}]}},"jetpack_featured_media_url":"https:\/\/i0.wp.com\/ciudadyregion.com.co\/wp-content\/uploads\/2025\/01\/1-2025-01-16T081627.374.jpg?fit=800%2C445&ssl=1","jetpack_sharing_enabled":true,"jetpack_shortlink":"https:\/\/wp.me\/pbS7hh-7Bf","jetpack-related-posts":[],"_links":{"self":[{"href":"https:\/\/ciudadyregion.com.co\/index.php\/wp-json\/wp\/v2\/posts\/29217"}],"collection":[{"href":"https:\/\/ciudadyregion.com.co\/index.php\/wp-json\/wp\/v2\/posts"}],"about":[{"href":"https:\/\/ciudadyregion.com.co\/index.php\/wp-json\/wp\/v2\/types\/post"}],"author":[{"embeddable":true,"href":"https:\/\/ciudadyregion.com.co\/index.php\/wp-json\/wp\/v2\/users\/2"}],"replies":[{"embeddable":true,"href":"https:\/\/ciudadyregion.com.co\/index.php\/wp-json\/wp\/v2\/comments?post=29217"}],"version-history":[{"count":1,"href":"https:\/\/ciudadyregion.com.co\/index.php\/wp-json\/wp\/v2\/posts\/29217\/revisions"}],"predecessor-version":[{"id":29219,"href":"https:\/\/ciudadyregion.com.co\/index.php\/wp-json\/wp\/v2\/posts\/29217\/revisions\/29219"}],"wp:featuredmedia":[{"embeddable":true,"href":"https:\/\/ciudadyregion.com.co\/index.php\/wp-json\/wp\/v2\/media\/29218"}],"wp:attachment":[{"href":"https:\/\/ciudadyregion.com.co\/index.php\/wp-json\/wp\/v2\/media?parent=29217"}],"wp:term":[{"taxonomy":"category","embeddable":true,"href":"https:\/\/ciudadyregion.com.co\/index.php\/wp-json\/wp\/v2\/categories?post=29217"},{"taxonomy":"post_tag","embeddable":true,"href":"https:\/\/ciudadyregion.com.co\/index.php\/wp-json\/wp\/v2\/tags?post=29217"}],"curies":[{"name":"wp","href":"https:\/\/api.w.org\/{rel}","templated":true}]}}