{"id":29205,"date":"2025-01-16T07:46:02","date_gmt":"2025-01-16T12:46:02","guid":{"rendered":"https:\/\/ciudadyregion.com.co\/?p=29205"},"modified":"2025-01-16T07:46:02","modified_gmt":"2025-01-16T12:46:02","slug":"pilas-estos-seran-los-cierres-viales-de-hoy-jueves-16-de-enero-por-mejoramiento-de-vias-en-ibague","status":"publish","type":"post","link":"https:\/\/ciudadyregion.com.co\/index.php\/pilas-estos-seran-los-cierres-viales-de-hoy-jueves-16-de-enero-por-mejoramiento-de-vias-en-ibague\/ibague\/","title":{"rendered":"\u00a1Pilas! Estos ser\u00e1n los cierres viales de hoy jueves 16 de enero por mejoramiento de v\u00edas en Ibagu\u00e9"},"content":{"rendered":"<div>Este jueves 16 de enero, las cuadrillas de la ambulancia vial de la Alcald\u00eda de Ibagu\u00e9 continuar\u00e1n tapando huecos en los sectores de la avenida Ambal\u00e1 entre calles 95 y 91, frente al CAI de La Esperanza; y en la intersecci\u00f3n de la Ambal\u00e1 con Guabinal sobre la calle 25.<\/div>\n<div><span style=\"font-family: Arial, Verdana;\">\u00a0<\/span><\/div>\n<div><span style=\"font-family: Arial, Verdana;\">Por lo mismo, habr\u00e1 paso vehicular a un solo carril en ambos tramos, desde las 7:00 de la ma\u00f1ana hasta las 7:00 de la noche, para adelantar las actividades de cajeo y pavimentaci\u00f3n.<\/span><\/div>\n<div><span style=\"font-family: Arial, Verdana;\">\u00a0<\/span><\/div>\n<blockquote>\n<div><span style=\"font-family: Arial, Verdana;\"><i>\u201dEste jueves 16 de enero continuaremos con nuestras intervenciones en recuperaci\u00f3n en nuestra malla vial. Solicitarle a todos los conductores paciencia al momento de transitar por estas zonas y, de ser posible, evitar estos trayectos y tomar v\u00edas alternas\u201d,<\/i>\u00a0mencion\u00f3 Ricardo Fabi\u00e1n Rodr\u00edguez, secretario de Movilidad.<\/span><\/div>\n<\/blockquote>\n<div><span style=\"font-family: Arial, Verdana;\">\u00a0<\/span><\/div>\n<div><span style=\"font-family: Arial, Verdana;\">De igual manera, se mantiene el cierre permanente del barrio Iraz\u00fa por labores del combo 3&#215;1, donde el Ibal adelantar\u00e1 la reposici\u00f3n de redes de acueducto y alcantarillado, para su posterior pavimentaci\u00f3n de las v\u00edas.\u00a0<\/span><\/div>\n<div><span style=\"font-family: Arial, Verdana;\"><i>\u00a0<\/i><\/span><\/div>\n<blockquote>\n<div><span style=\"font-family: Arial, Verdana;\"><i>\u201dVamos a seguir avanzando con el reparcheo por toda la avenida Ambal\u00e1 y pr\u00f3ximamente les estaremos avisando los siguientes tramos a intervenir\u201d,\u00a0<\/i>se\u00f1al\u00f3 Jonathan Su\u00e1rez, secretario de Infraestructura.<\/span><\/div>\n<\/blockquote>\n<div><span style=\"font-family: Arial, Verdana;\">\u00a0<\/span><\/div>\n<div><span style=\"font-family: Arial, Verdana;\">Es de resaltar que estas intervenciones son parte de la estrategia Ibagu\u00e9 Pavimentada que la alcaldesa Johana Aranda reactiv\u00f3 para hacer una intervenci\u00f3n hist\u00f3rica en las calles de la ciudad, con los frentes de trabajo de la Secretar\u00eda de Infraestructura, Ibal y el SETP, quienes intervendr\u00e1n cientos de v\u00edas en estado cr\u00edtico.<\/span><\/div>\n","protected":false},"excerpt":{"rendered":"<p>Este jueves 16 de enero, las cuadrillas de la ambulancia vial de la Alcald\u00eda de Ibagu\u00e9 continuar\u00e1n tapando huecos en los sectores de la avenida Ambal\u00e1 entre calles 95 y 91, frente al CAI de La Esperanza; y en la intersecci\u00f3n de la Ambal\u00e1 con Guabinal sobre la calle 25.<span class=\"more-link\"><a href=\"https:\/\/ciudadyregion.com.co\/index.php\/pilas-estos-seran-los-cierres-viales-de-hoy-jueves-16-de-enero-por-mejoramiento-de-vias-en-ibague\/ibague\/\">Continuar Leyendo<\/a><\/span><\/p>\n","protected":false},"author":2,"featured_media":29206,"comment_status":"open","ping_status":"open","sticky":false,"template":"","format":"standard","meta":{"_uf_show_specific_survey":0,"_uf_disable_surveys":false,"_jetpack_memberships_contains_paid_content":false,"footnotes":"","jetpack_publicize_message":"","jetpack_publicize_feature_enabled":true,"jetpack_social_post_already_shared":true,"jetpack_social_options":{"image_generator_settings":{"template":"highway","enabled":false},"version":2}},"categories":[14],"tags":[],"class_list":["entry","author-diegoaguirre","post-29205","post","type-post","status-publish","format-standard","has-post-thumbnail","category-ibague"],"jetpack_publicize_connections":[],"yoast_head":"<!-- This site is optimized with the Yoast SEO plugin v24.3 - https:\/\/yoast.com\/wordpress\/plugins\/seo\/ -->\n<title>\u00a1Pilas! Estos ser\u00e1n los cierres viales de hoy jueves 16 de enero por mejoramiento de v\u00edas en Ibagu\u00e9 - Ciudad y Region<\/title>\n<meta name=\"robots\" content=\"index, follow, max-snippet:-1, max-image-preview:large, max-video-preview:-1\" \/>\n<link rel=\"canonical\" href=\"https:\/\/ciudadyregion.com.co\/index.php\/pilas-estos-seran-los-cierres-viales-de-hoy-jueves-16-de-enero-por-mejoramiento-de-vias-en-ibague\/ibague\/\" \/>\n<meta property=\"og:locale\" content=\"es_ES\" \/>\n<meta property=\"og:type\" content=\"article\" \/>\n<meta property=\"og:title\" content=\"\u00a1Pilas! Estos ser\u00e1n los cierres viales de hoy jueves 16 de enero por mejoramiento de v\u00edas en Ibagu\u00e9 - Ciudad y Region\" \/>\n<meta property=\"og:description\" content=\"Este jueves 16 de enero, las cuadrillas de la ambulancia vial de la Alcald\u00eda de Ibagu\u00e9 continuar\u00e1n tapando huecos en los sectores de la avenida Ambal\u00e1 entre calles 95 y 91, frente al CAI de La Esperanza; y en la intersecci\u00f3n de la Ambal\u00e1 con Guabinal sobre la calle 25.Continuar Leyendo\" \/>\n<meta property=\"og:url\" content=\"https:\/\/ciudadyregion.com.co\/index.php\/pilas-estos-seran-los-cierres-viales-de-hoy-jueves-16-de-enero-por-mejoramiento-de-vias-en-ibague\/ibague\/\" \/>\n<meta property=\"og:site_name\" content=\"Ciudad y Region\" \/>\n<meta property=\"article:published_time\" content=\"2025-01-16T12:46:02+00:00\" \/>\n<meta property=\"og:image\" content=\"https:\/\/ciudadyregion.com.co\/wp-content\/uploads\/2025\/01\/1-2025-01-16T074350.023.jpg\" \/>\n\t<meta property=\"og:image:width\" content=\"800\" \/>\n\t<meta property=\"og:image:height\" content=\"445\" \/>\n\t<meta property=\"og:image:type\" content=\"image\/jpeg\" \/>\n<meta name=\"author\" content=\"David Andr\u00e9s Aguirre\" \/>\n<meta name=\"twitter:card\" content=\"summary_large_image\" \/>\n<meta name=\"twitter:label1\" content=\"Escrito por\" \/>\n\t<meta name=\"twitter:data1\" content=\"David Andr\u00e9s Aguirre\" \/>\n\t<meta name=\"twitter:label2\" content=\"Tiempo de lectura\" \/>\n\t<meta name=\"twitter:data2\" content=\"2 minutos\" \/>\n<script type=\"application\/ld+json\" class=\"yoast-schema-graph\">{\"@context\":\"https:\/\/schema.org\",\"@graph\":[{\"@type\":\"WebPage\",\"@id\":\"https:\/\/ciudadyregion.com.co\/index.php\/pilas-estos-seran-los-cierres-viales-de-hoy-jueves-16-de-enero-por-mejoramiento-de-vias-en-ibague\/ibague\/\",\"url\":\"https:\/\/ciudadyregion.com.co\/index.php\/pilas-estos-seran-los-cierres-viales-de-hoy-jueves-16-de-enero-por-mejoramiento-de-vias-en-ibague\/ibague\/\",\"name\":\"\u00a1Pilas! Estos ser\u00e1n los cierres viales de hoy jueves 16 de enero por mejoramiento de v\u00edas en Ibagu\u00e9 - Ciudad y Region\",\"isPartOf\":{\"@id\":\"https:\/\/ciudadyregion.com.co\/#website\"},\"primaryImageOfPage\":{\"@id\":\"https:\/\/ciudadyregion.com.co\/index.php\/pilas-estos-seran-los-cierres-viales-de-hoy-jueves-16-de-enero-por-mejoramiento-de-vias-en-ibague\/ibague\/#primaryimage\"},\"image\":{\"@id\":\"https:\/\/ciudadyregion.com.co\/index.php\/pilas-estos-seran-los-cierres-viales-de-hoy-jueves-16-de-enero-por-mejoramiento-de-vias-en-ibague\/ibague\/#primaryimage\"},\"thumbnailUrl\":\"https:\/\/i0.wp.com\/ciudadyregion.com.co\/wp-content\/uploads\/2025\/01\/1-2025-01-16T074350.023.jpg?fit=800%2C445&ssl=1\",\"datePublished\":\"2025-01-16T12:46:02+00:00\",\"dateModified\":\"2025-01-16T12:46:02+00:00\",\"author\":{\"@id\":\"https:\/\/ciudadyregion.com.co\/#\/schema\/person\/04a4954373ebc4051f46e8c65ff78622\"},\"breadcrumb\":{\"@id\":\"https:\/\/ciudadyregion.com.co\/index.php\/pilas-estos-seran-los-cierres-viales-de-hoy-jueves-16-de-enero-por-mejoramiento-de-vias-en-ibague\/ibague\/#breadcrumb\"},\"inLanguage\":\"es\",\"potentialAction\":[{\"@type\":\"ReadAction\",\"target\":[\"https:\/\/ciudadyregion.com.co\/index.php\/pilas-estos-seran-los-cierres-viales-de-hoy-jueves-16-de-enero-por-mejoramiento-de-vias-en-ibague\/ibague\/\"]}]},{\"@type\":\"ImageObject\",\"inLanguage\":\"es\",\"@id\":\"https:\/\/ciudadyregion.com.co\/index.php\/pilas-estos-seran-los-cierres-viales-de-hoy-jueves-16-de-enero-por-mejoramiento-de-vias-en-ibague\/ibague\/#primaryimage\",\"url\":\"https:\/\/i0.wp.com\/ciudadyregion.com.co\/wp-content\/uploads\/2025\/01\/1-2025-01-16T074350.023.jpg?fit=800%2C445&ssl=1\",\"contentUrl\":\"https:\/\/i0.wp.com\/ciudadyregion.com.co\/wp-content\/uploads\/2025\/01\/1-2025-01-16T074350.023.jpg?fit=800%2C445&ssl=1\",\"width\":800,\"height\":445},{\"@type\":\"BreadcrumbList\",\"@id\":\"https:\/\/ciudadyregion.com.co\/index.php\/pilas-estos-seran-los-cierres-viales-de-hoy-jueves-16-de-enero-por-mejoramiento-de-vias-en-ibague\/ibague\/#breadcrumb\",\"itemListElement\":[{\"@type\":\"ListItem\",\"position\":1,\"name\":\"Portada\",\"item\":\"https:\/\/ciudadyregion.com.co\/\"},{\"@type\":\"ListItem\",\"position\":2,\"name\":\"\u00a1Pilas! Estos ser\u00e1n los cierres viales de hoy jueves 16 de enero por mejoramiento de v\u00edas en Ibagu\u00e9\"}]},{\"@type\":\"WebSite\",\"@id\":\"https:\/\/ciudadyregion.com.co\/#website\",\"url\":\"https:\/\/ciudadyregion.com.co\/\",\"name\":\"Ciudad y Region\",\"description\":\"\",\"potentialAction\":[{\"@type\":\"SearchAction\",\"target\":{\"@type\":\"EntryPoint\",\"urlTemplate\":\"https:\/\/ciudadyregion.com.co\/?s={search_term_string}\"},\"query-input\":{\"@type\":\"PropertyValueSpecification\",\"valueRequired\":true,\"valueName\":\"search_term_string\"}}],\"inLanguage\":\"es\"},{\"@type\":\"Person\",\"@id\":\"https:\/\/ciudadyregion.com.co\/#\/schema\/person\/04a4954373ebc4051f46e8c65ff78622\",\"name\":\"David Andr\u00e9s Aguirre\",\"image\":{\"@type\":\"ImageObject\",\"inLanguage\":\"es\",\"@id\":\"https:\/\/ciudadyregion.com.co\/#\/schema\/person\/image\/\",\"url\":\"https:\/\/secure.gravatar.com\/avatar\/bc3c655860202182ee6d1b5edd042dbe?s=96&d=mm&r=g\",\"contentUrl\":\"https:\/\/secure.gravatar.com\/avatar\/bc3c655860202182ee6d1b5edd042dbe?s=96&d=mm&r=g\",\"caption\":\"David Andr\u00e9s Aguirre\"},\"url\":\"https:\/\/ciudadyregion.com.co\/index.php\/author\/diegoaguirre\/\"}]}<\/script>\n<!-- \/ Yoast SEO plugin. -->","yoast_head_json":{"title":"\u00a1Pilas! Estos ser\u00e1n los cierres viales de hoy jueves 16 de enero por mejoramiento de v\u00edas en Ibagu\u00e9 - Ciudad y Region","robots":{"index":"index","follow":"follow","max-snippet":"max-snippet:-1","max-image-preview":"max-image-preview:large","max-video-preview":"max-video-preview:-1"},"canonical":"https:\/\/ciudadyregion.com.co\/index.php\/pilas-estos-seran-los-cierres-viales-de-hoy-jueves-16-de-enero-por-mejoramiento-de-vias-en-ibague\/ibague\/","og_locale":"es_ES","og_type":"article","og_title":"\u00a1Pilas! Estos ser\u00e1n los cierres viales de hoy jueves 16 de enero por mejoramiento de v\u00edas en Ibagu\u00e9 - Ciudad y Region","og_description":"Este jueves 16 de enero, las cuadrillas de la ambulancia vial de la Alcald\u00eda de Ibagu\u00e9 continuar\u00e1n tapando huecos en los sectores de la avenida Ambal\u00e1 entre calles 95 y 91, frente al CAI de La Esperanza; y en la intersecci\u00f3n de la Ambal\u00e1 con Guabinal sobre la calle 25.Continuar Leyendo","og_url":"https:\/\/ciudadyregion.com.co\/index.php\/pilas-estos-seran-los-cierres-viales-de-hoy-jueves-16-de-enero-por-mejoramiento-de-vias-en-ibague\/ibague\/","og_site_name":"Ciudad y Region","article_published_time":"2025-01-16T12:46:02+00:00","og_image":[{"width":800,"height":445,"url":"https:\/\/ciudadyregion.com.co\/wp-content\/uploads\/2025\/01\/1-2025-01-16T074350.023.jpg","type":"image\/jpeg"}],"author":"David Andr\u00e9s Aguirre","twitter_card":"summary_large_image","twitter_misc":{"Escrito por":"David Andr\u00e9s Aguirre","Tiempo de lectura":"2 minutos"},"schema":{"@context":"https:\/\/schema.org","@graph":[{"@type":"WebPage","@id":"https:\/\/ciudadyregion.com.co\/index.php\/pilas-estos-seran-los-cierres-viales-de-hoy-jueves-16-de-enero-por-mejoramiento-de-vias-en-ibague\/ibague\/","url":"https:\/\/ciudadyregion.com.co\/index.php\/pilas-estos-seran-los-cierres-viales-de-hoy-jueves-16-de-enero-por-mejoramiento-de-vias-en-ibague\/ibague\/","name":"\u00a1Pilas! Estos ser\u00e1n los cierres viales de hoy jueves 16 de enero por mejoramiento de v\u00edas en Ibagu\u00e9 - Ciudad y Region","isPartOf":{"@id":"https:\/\/ciudadyregion.com.co\/#website"},"primaryImageOfPage":{"@id":"https:\/\/ciudadyregion.com.co\/index.php\/pilas-estos-seran-los-cierres-viales-de-hoy-jueves-16-de-enero-por-mejoramiento-de-vias-en-ibague\/ibague\/#primaryimage"},"image":{"@id":"https:\/\/ciudadyregion.com.co\/index.php\/pilas-estos-seran-los-cierres-viales-de-hoy-jueves-16-de-enero-por-mejoramiento-de-vias-en-ibague\/ibague\/#primaryimage"},"thumbnailUrl":"https:\/\/i0.wp.com\/ciudadyregion.com.co\/wp-content\/uploads\/2025\/01\/1-2025-01-16T074350.023.jpg?fit=800%2C445&ssl=1","datePublished":"2025-01-16T12:46:02+00:00","dateModified":"2025-01-16T12:46:02+00:00","author":{"@id":"https:\/\/ciudadyregion.com.co\/#\/schema\/person\/04a4954373ebc4051f46e8c65ff78622"},"breadcrumb":{"@id":"https:\/\/ciudadyregion.com.co\/index.php\/pilas-estos-seran-los-cierres-viales-de-hoy-jueves-16-de-enero-por-mejoramiento-de-vias-en-ibague\/ibague\/#breadcrumb"},"inLanguage":"es","potentialAction":[{"@type":"ReadAction","target":["https:\/\/ciudadyregion.com.co\/index.php\/pilas-estos-seran-los-cierres-viales-de-hoy-jueves-16-de-enero-por-mejoramiento-de-vias-en-ibague\/ibague\/"]}]},{"@type":"ImageObject","inLanguage":"es","@id":"https:\/\/ciudadyregion.com.co\/index.php\/pilas-estos-seran-los-cierres-viales-de-hoy-jueves-16-de-enero-por-mejoramiento-de-vias-en-ibague\/ibague\/#primaryimage","url":"https:\/\/i0.wp.com\/ciudadyregion.com.co\/wp-content\/uploads\/2025\/01\/1-2025-01-16T074350.023.jpg?fit=800%2C445&ssl=1","contentUrl":"https:\/\/i0.wp.com\/ciudadyregion.com.co\/wp-content\/uploads\/2025\/01\/1-2025-01-16T074350.023.jpg?fit=800%2C445&ssl=1","width":800,"height":445},{"@type":"BreadcrumbList","@id":"https:\/\/ciudadyregion.com.co\/index.php\/pilas-estos-seran-los-cierres-viales-de-hoy-jueves-16-de-enero-por-mejoramiento-de-vias-en-ibague\/ibague\/#breadcrumb","itemListElement":[{"@type":"ListItem","position":1,"name":"Portada","item":"https:\/\/ciudadyregion.com.co\/"},{"@type":"ListItem","position":2,"name":"\u00a1Pilas! Estos ser\u00e1n los cierres viales de hoy jueves 16 de enero por mejoramiento de v\u00edas en Ibagu\u00e9"}]},{"@type":"WebSite","@id":"https:\/\/ciudadyregion.com.co\/#website","url":"https:\/\/ciudadyregion.com.co\/","name":"Ciudad y Region","description":"","potentialAction":[{"@type":"SearchAction","target":{"@type":"EntryPoint","urlTemplate":"https:\/\/ciudadyregion.com.co\/?s={search_term_string}"},"query-input":{"@type":"PropertyValueSpecification","valueRequired":true,"valueName":"search_term_string"}}],"inLanguage":"es"},{"@type":"Person","@id":"https:\/\/ciudadyregion.com.co\/#\/schema\/person\/04a4954373ebc4051f46e8c65ff78622","name":"David Andr\u00e9s Aguirre","image":{"@type":"ImageObject","inLanguage":"es","@id":"https:\/\/ciudadyregion.com.co\/#\/schema\/person\/image\/","url":"https:\/\/secure.gravatar.com\/avatar\/bc3c655860202182ee6d1b5edd042dbe?s=96&d=mm&r=g","contentUrl":"https:\/\/secure.gravatar.com\/avatar\/bc3c655860202182ee6d1b5edd042dbe?s=96&d=mm&r=g","caption":"David Andr\u00e9s Aguirre"},"url":"https:\/\/ciudadyregion.com.co\/index.php\/author\/diegoaguirre\/"}]}},"jetpack_featured_media_url":"https:\/\/i0.wp.com\/ciudadyregion.com.co\/wp-content\/uploads\/2025\/01\/1-2025-01-16T074350.023.jpg?fit=800%2C445&ssl=1","jetpack_sharing_enabled":true,"jetpack_shortlink":"https:\/\/wp.me\/pbS7hh-7B3","jetpack-related-posts":[],"_links":{"self":[{"href":"https:\/\/ciudadyregion.com.co\/index.php\/wp-json\/wp\/v2\/posts\/29205"}],"collection":[{"href":"https:\/\/ciudadyregion.com.co\/index.php\/wp-json\/wp\/v2\/posts"}],"about":[{"href":"https:\/\/ciudadyregion.com.co\/index.php\/wp-json\/wp\/v2\/types\/post"}],"author":[{"embeddable":true,"href":"https:\/\/ciudadyregion.com.co\/index.php\/wp-json\/wp\/v2\/users\/2"}],"replies":[{"embeddable":true,"href":"https:\/\/ciudadyregion.com.co\/index.php\/wp-json\/wp\/v2\/comments?post=29205"}],"version-history":[{"count":1,"href":"https:\/\/ciudadyregion.com.co\/index.php\/wp-json\/wp\/v2\/posts\/29205\/revisions"}],"predecessor-version":[{"id":29207,"href":"https:\/\/ciudadyregion.com.co\/index.php\/wp-json\/wp\/v2\/posts\/29205\/revisions\/29207"}],"wp:featuredmedia":[{"embeddable":true,"href":"https:\/\/ciudadyregion.com.co\/index.php\/wp-json\/wp\/v2\/media\/29206"}],"wp:attachment":[{"href":"https:\/\/ciudadyregion.com.co\/index.php\/wp-json\/wp\/v2\/media?parent=29205"}],"wp:term":[{"taxonomy":"category","embeddable":true,"href":"https:\/\/ciudadyregion.com.co\/index.php\/wp-json\/wp\/v2\/categories?post=29205"},{"taxonomy":"post_tag","embeddable":true,"href":"https:\/\/ciudadyregion.com.co\/index.php\/wp-json\/wp\/v2\/tags?post=29205"}],"curies":[{"name":"wp","href":"https:\/\/api.w.org\/{rel}","templated":true}]}}