{"id":28748,"date":"2025-01-07T04:21:18","date_gmt":"2025-01-07T09:21:18","guid":{"rendered":"https:\/\/ciudadyregion.com.co\/?p=28748"},"modified":"2025-01-06T23:21:40","modified_gmt":"2025-01-07T04:21:40","slug":"estas-son-las-cinco-empresas-de-ibague-seleccionadas-que-asistiran-a-la-feria-internacional-de-turismo","status":"publish","type":"post","link":"https:\/\/ciudadyregion.com.co\/index.php\/estas-son-las-cinco-empresas-de-ibague-seleccionadas-que-asistiran-a-la-feria-internacional-de-turismo\/ibague\/","title":{"rendered":"Estas son las cinco empresas de Ibagu\u00e9 seleccionadas que asistir\u00e1n a la Feria Internacional de Turismo"},"content":{"rendered":"<div>La Alcald\u00eda de Ibagu\u00e9, a trav\u00e9s de la Secretar\u00eda de Desarrollo Econ\u00f3mico, escogi\u00f3 a los cinco operadores tur\u00edsticos de la Capital Musical que asistir\u00e1n a la Feria Internacional de Turismo (Fitur 2025), la cual se llevar\u00e1 a cabo del 22 al 26 de enero de 2025 en la capital espa\u00f1ola.<\/div>\n<div><span style=\"font-family: Arial, Verdana;\">\u00a0<\/span><\/div>\n<div><span style=\"font-family: Arial, Verdana;\">Los ganadores de la convocatoria que inici\u00f3 el 31 de diciembre de 2024, son: Camale\u00f3n Travel turismo y eventos; Truman Adventure, Tolima Travel, Colombian Summit S.A.S. y Colombiatur.<\/span><\/div>\n<div><span style=\"font-family: Arial, Verdana;\">\u00a0<\/span><\/div>\n<blockquote>\n<div><span style=\"font-family: Arial, Verdana;\"><i>\u201cDesde la Administraci\u00f3n Municipal nos complace anunciar a los cinco empresarios que asistir\u00e1n a la Fitur 2025, el evento m\u00e1s importante del sector tur\u00edstico en el mundo, que sirve como punto de encuentro global para los profesionales de la industria tur\u00edstica y la mayor plataforma de negocio\u201d<\/i>, afirm\u00f3 Nayd\u00fa Romero, secretaria de Desarrollo Econ\u00f3mico.<\/span><\/div>\n<\/blockquote>\n<div><span style=\"font-family: Arial, Verdana;\">\u00a0<\/span><\/div>\n<div><span style=\"font-family: Arial, Verdana;\">A la convocatoria pod\u00edan inscribirse agencias de viajes con registro mercantil actualizado, Registro Nacional de Turismo (RNT), una certificaci\u00f3n que comprobara su participaci\u00f3n en ferias internacionales a partir de 2018 y hasta la fecha, entre otros requisitos.<\/span><\/div>\n<div><span style=\"font-family: Arial, Verdana;\">\u00a0<\/span><\/div>\n<blockquote>\n<div><span style=\"font-family: Arial, Verdana;\"><i>\u201cEn la Feria, nuestros empresarios encontrar\u00e1n toda la cadena de valor tur\u00edstica, la oferta y los destinos de otros pa\u00edses, as\u00ed como tambi\u00e9n las \u00faltimas tendencias del sector alojativo, agencias y turoperadores; empresas tecnol\u00f3gicas, medios de transporte e instituciones de todo el mundo\u201d<\/i>, a\u00f1adi\u00f3 la Secretaria.\u00a0<\/span><\/div>\n<\/blockquote>\n<div><span style=\"font-family: Arial, Verdana;\">\u00a0<\/span><\/div>\n<div><span style=\"font-family: Arial, Verdana;\">Quienes deseen conocer en detalle los resultados de la convocatoria, pueden visitar el siguiente enlace:\u00a0<a href=\"https:\/\/www.ibague.gov.co\/portal\/admin\/archivos\/publicaciones\/2025\/62369-CON-20250103095758.pdf\">https:\/\/www.ibague.gov.co\/portal\/admin\/archivos\/publicaciones\/2025\/62369-CON-20250103095758.pdf<\/a><\/span><\/div>\n","protected":false},"excerpt":{"rendered":"<p>La Alcald\u00eda de Ibagu\u00e9, a trav\u00e9s de la Secretar\u00eda de Desarrollo Econ\u00f3mico, escogi\u00f3 a los cinco operadores tur\u00edsticos de la Capital Musical que asistir\u00e1n a la Feria Internacional de Turismo (Fitur 2025), la cual se llevar\u00e1 a cabo del 22 al 26 de enero de 2025 en la capital espa\u00f1ola.<span class=\"more-link\"><a href=\"https:\/\/ciudadyregion.com.co\/index.php\/estas-son-las-cinco-empresas-de-ibague-seleccionadas-que-asistiran-a-la-feria-internacional-de-turismo\/ibague\/\">Continuar Leyendo<\/a><\/span><\/p>\n","protected":false},"author":2,"featured_media":28749,"comment_status":"open","ping_status":"open","sticky":false,"template":"","format":"standard","meta":{"_uf_show_specific_survey":0,"_uf_disable_surveys":false,"_jetpack_memberships_contains_paid_content":false,"footnotes":"","jetpack_publicize_message":"","jetpack_publicize_feature_enabled":true,"jetpack_social_post_already_shared":true,"jetpack_social_options":{"image_generator_settings":{"template":"highway","enabled":false},"version":2}},"categories":[14],"tags":[],"class_list":["entry","author-diegoaguirre","post-28748","post","type-post","status-publish","format-standard","has-post-thumbnail","category-ibague"],"jetpack_publicize_connections":[],"yoast_head":"<!-- This site is optimized with the Yoast SEO plugin v24.3 - https:\/\/yoast.com\/wordpress\/plugins\/seo\/ -->\n<title>Estas son las cinco empresas de Ibagu\u00e9 seleccionadas que asistir\u00e1n a la Feria Internacional de Turismo - Ciudad y Region<\/title>\n<meta name=\"robots\" content=\"index, follow, max-snippet:-1, max-image-preview:large, max-video-preview:-1\" \/>\n<link rel=\"canonical\" href=\"https:\/\/ciudadyregion.com.co\/index.php\/estas-son-las-cinco-empresas-de-ibague-seleccionadas-que-asistiran-a-la-feria-internacional-de-turismo\/ibague\/\" \/>\n<meta property=\"og:locale\" content=\"es_ES\" \/>\n<meta property=\"og:type\" content=\"article\" \/>\n<meta property=\"og:title\" content=\"Estas son las cinco empresas de Ibagu\u00e9 seleccionadas que asistir\u00e1n a la Feria Internacional de Turismo - Ciudad y Region\" \/>\n<meta property=\"og:description\" content=\"La Alcald\u00eda de Ibagu\u00e9, a trav\u00e9s de la Secretar\u00eda de Desarrollo Econ\u00f3mico, escogi\u00f3 a los cinco operadores tur\u00edsticos de la Capital Musical que asistir\u00e1n a la Feria Internacional de Turismo (Fitur 2025), la cual se llevar\u00e1 a cabo del 22 al 26 de enero de 2025 en la capital espa\u00f1ola.Continuar Leyendo\" \/>\n<meta property=\"og:url\" content=\"https:\/\/ciudadyregion.com.co\/index.php\/estas-son-las-cinco-empresas-de-ibague-seleccionadas-que-asistiran-a-la-feria-internacional-de-turismo\/ibague\/\" \/>\n<meta property=\"og:site_name\" content=\"Ciudad y Region\" \/>\n<meta property=\"article:published_time\" content=\"2025-01-07T09:21:18+00:00\" \/>\n<meta property=\"article:modified_time\" content=\"2025-01-07T04:21:40+00:00\" \/>\n<meta property=\"og:image\" content=\"https:\/\/i0.wp.com\/ciudadyregion.com.co\/wp-content\/uploads\/2025\/01\/1-4.jpg?fit=800%2C445&ssl=1\" \/>\n\t<meta property=\"og:image:width\" content=\"800\" \/>\n\t<meta property=\"og:image:height\" content=\"445\" \/>\n\t<meta property=\"og:image:type\" content=\"image\/jpeg\" \/>\n<meta name=\"author\" content=\"David Andr\u00e9s Aguirre\" \/>\n<meta name=\"twitter:card\" content=\"summary_large_image\" \/>\n<meta name=\"twitter:label1\" content=\"Escrito por\" \/>\n\t<meta name=\"twitter:data1\" content=\"David Andr\u00e9s Aguirre\" \/>\n\t<meta name=\"twitter:label2\" content=\"Tiempo de lectura\" \/>\n\t<meta name=\"twitter:data2\" content=\"1 minuto\" \/>\n<script type=\"application\/ld+json\" class=\"yoast-schema-graph\">{\"@context\":\"https:\/\/schema.org\",\"@graph\":[{\"@type\":\"WebPage\",\"@id\":\"https:\/\/ciudadyregion.com.co\/index.php\/estas-son-las-cinco-empresas-de-ibague-seleccionadas-que-asistiran-a-la-feria-internacional-de-turismo\/ibague\/\",\"url\":\"https:\/\/ciudadyregion.com.co\/index.php\/estas-son-las-cinco-empresas-de-ibague-seleccionadas-que-asistiran-a-la-feria-internacional-de-turismo\/ibague\/\",\"name\":\"Estas son las cinco empresas de Ibagu\u00e9 seleccionadas que asistir\u00e1n a la Feria Internacional de Turismo - Ciudad y Region\",\"isPartOf\":{\"@id\":\"https:\/\/ciudadyregion.com.co\/#website\"},\"primaryImageOfPage\":{\"@id\":\"https:\/\/ciudadyregion.com.co\/index.php\/estas-son-las-cinco-empresas-de-ibague-seleccionadas-que-asistiran-a-la-feria-internacional-de-turismo\/ibague\/#primaryimage\"},\"image\":{\"@id\":\"https:\/\/ciudadyregion.com.co\/index.php\/estas-son-las-cinco-empresas-de-ibague-seleccionadas-que-asistiran-a-la-feria-internacional-de-turismo\/ibague\/#primaryimage\"},\"thumbnailUrl\":\"https:\/\/i0.wp.com\/ciudadyregion.com.co\/wp-content\/uploads\/2025\/01\/1-4.jpg?fit=800%2C445&ssl=1\",\"datePublished\":\"2025-01-07T09:21:18+00:00\",\"dateModified\":\"2025-01-07T04:21:40+00:00\",\"author\":{\"@id\":\"https:\/\/ciudadyregion.com.co\/#\/schema\/person\/04a4954373ebc4051f46e8c65ff78622\"},\"breadcrumb\":{\"@id\":\"https:\/\/ciudadyregion.com.co\/index.php\/estas-son-las-cinco-empresas-de-ibague-seleccionadas-que-asistiran-a-la-feria-internacional-de-turismo\/ibague\/#breadcrumb\"},\"inLanguage\":\"es\",\"potentialAction\":[{\"@type\":\"ReadAction\",\"target\":[\"https:\/\/ciudadyregion.com.co\/index.php\/estas-son-las-cinco-empresas-de-ibague-seleccionadas-que-asistiran-a-la-feria-internacional-de-turismo\/ibague\/\"]}]},{\"@type\":\"ImageObject\",\"inLanguage\":\"es\",\"@id\":\"https:\/\/ciudadyregion.com.co\/index.php\/estas-son-las-cinco-empresas-de-ibague-seleccionadas-que-asistiran-a-la-feria-internacional-de-turismo\/ibague\/#primaryimage\",\"url\":\"https:\/\/i0.wp.com\/ciudadyregion.com.co\/wp-content\/uploads\/2025\/01\/1-4.jpg?fit=800%2C445&ssl=1\",\"contentUrl\":\"https:\/\/i0.wp.com\/ciudadyregion.com.co\/wp-content\/uploads\/2025\/01\/1-4.jpg?fit=800%2C445&ssl=1\",\"width\":800,\"height\":445},{\"@type\":\"BreadcrumbList\",\"@id\":\"https:\/\/ciudadyregion.com.co\/index.php\/estas-son-las-cinco-empresas-de-ibague-seleccionadas-que-asistiran-a-la-feria-internacional-de-turismo\/ibague\/#breadcrumb\",\"itemListElement\":[{\"@type\":\"ListItem\",\"position\":1,\"name\":\"Portada\",\"item\":\"https:\/\/ciudadyregion.com.co\/\"},{\"@type\":\"ListItem\",\"position\":2,\"name\":\"Estas son las cinco empresas de Ibagu\u00e9 seleccionadas que asistir\u00e1n a la Feria Internacional de Turismo\"}]},{\"@type\":\"WebSite\",\"@id\":\"https:\/\/ciudadyregion.com.co\/#website\",\"url\":\"https:\/\/ciudadyregion.com.co\/\",\"name\":\"Ciudad y Region\",\"description\":\"\",\"potentialAction\":[{\"@type\":\"SearchAction\",\"target\":{\"@type\":\"EntryPoint\",\"urlTemplate\":\"https:\/\/ciudadyregion.com.co\/?s={search_term_string}\"},\"query-input\":{\"@type\":\"PropertyValueSpecification\",\"valueRequired\":true,\"valueName\":\"search_term_string\"}}],\"inLanguage\":\"es\"},{\"@type\":\"Person\",\"@id\":\"https:\/\/ciudadyregion.com.co\/#\/schema\/person\/04a4954373ebc4051f46e8c65ff78622\",\"name\":\"David Andr\u00e9s Aguirre\",\"image\":{\"@type\":\"ImageObject\",\"inLanguage\":\"es\",\"@id\":\"https:\/\/ciudadyregion.com.co\/#\/schema\/person\/image\/\",\"url\":\"https:\/\/secure.gravatar.com\/avatar\/bc3c655860202182ee6d1b5edd042dbe?s=96&d=mm&r=g\",\"contentUrl\":\"https:\/\/secure.gravatar.com\/avatar\/bc3c655860202182ee6d1b5edd042dbe?s=96&d=mm&r=g\",\"caption\":\"David Andr\u00e9s Aguirre\"},\"url\":\"https:\/\/ciudadyregion.com.co\/index.php\/author\/diegoaguirre\/\"}]}<\/script>\n<!-- \/ Yoast SEO plugin. -->","yoast_head_json":{"title":"Estas son las cinco empresas de Ibagu\u00e9 seleccionadas que asistir\u00e1n a la Feria Internacional de Turismo - Ciudad y Region","robots":{"index":"index","follow":"follow","max-snippet":"max-snippet:-1","max-image-preview":"max-image-preview:large","max-video-preview":"max-video-preview:-1"},"canonical":"https:\/\/ciudadyregion.com.co\/index.php\/estas-son-las-cinco-empresas-de-ibague-seleccionadas-que-asistiran-a-la-feria-internacional-de-turismo\/ibague\/","og_locale":"es_ES","og_type":"article","og_title":"Estas son las cinco empresas de Ibagu\u00e9 seleccionadas que asistir\u00e1n a la Feria Internacional de Turismo - Ciudad y Region","og_description":"La Alcald\u00eda de Ibagu\u00e9, a trav\u00e9s de la Secretar\u00eda de Desarrollo Econ\u00f3mico, escogi\u00f3 a los cinco operadores tur\u00edsticos de la Capital Musical que asistir\u00e1n a la Feria Internacional de Turismo (Fitur 2025), la cual se llevar\u00e1 a cabo del 22 al 26 de enero de 2025 en la capital espa\u00f1ola.Continuar Leyendo","og_url":"https:\/\/ciudadyregion.com.co\/index.php\/estas-son-las-cinco-empresas-de-ibague-seleccionadas-que-asistiran-a-la-feria-internacional-de-turismo\/ibague\/","og_site_name":"Ciudad y Region","article_published_time":"2025-01-07T09:21:18+00:00","article_modified_time":"2025-01-07T04:21:40+00:00","og_image":[{"width":800,"height":445,"url":"https:\/\/i0.wp.com\/ciudadyregion.com.co\/wp-content\/uploads\/2025\/01\/1-4.jpg?fit=800%2C445&ssl=1","type":"image\/jpeg"}],"author":"David Andr\u00e9s Aguirre","twitter_card":"summary_large_image","twitter_misc":{"Escrito por":"David Andr\u00e9s Aguirre","Tiempo de lectura":"1 minuto"},"schema":{"@context":"https:\/\/schema.org","@graph":[{"@type":"WebPage","@id":"https:\/\/ciudadyregion.com.co\/index.php\/estas-son-las-cinco-empresas-de-ibague-seleccionadas-que-asistiran-a-la-feria-internacional-de-turismo\/ibague\/","url":"https:\/\/ciudadyregion.com.co\/index.php\/estas-son-las-cinco-empresas-de-ibague-seleccionadas-que-asistiran-a-la-feria-internacional-de-turismo\/ibague\/","name":"Estas son las cinco empresas de Ibagu\u00e9 seleccionadas que asistir\u00e1n a la Feria Internacional de Turismo - Ciudad y Region","isPartOf":{"@id":"https:\/\/ciudadyregion.com.co\/#website"},"primaryImageOfPage":{"@id":"https:\/\/ciudadyregion.com.co\/index.php\/estas-son-las-cinco-empresas-de-ibague-seleccionadas-que-asistiran-a-la-feria-internacional-de-turismo\/ibague\/#primaryimage"},"image":{"@id":"https:\/\/ciudadyregion.com.co\/index.php\/estas-son-las-cinco-empresas-de-ibague-seleccionadas-que-asistiran-a-la-feria-internacional-de-turismo\/ibague\/#primaryimage"},"thumbnailUrl":"https:\/\/i0.wp.com\/ciudadyregion.com.co\/wp-content\/uploads\/2025\/01\/1-4.jpg?fit=800%2C445&ssl=1","datePublished":"2025-01-07T09:21:18+00:00","dateModified":"2025-01-07T04:21:40+00:00","author":{"@id":"https:\/\/ciudadyregion.com.co\/#\/schema\/person\/04a4954373ebc4051f46e8c65ff78622"},"breadcrumb":{"@id":"https:\/\/ciudadyregion.com.co\/index.php\/estas-son-las-cinco-empresas-de-ibague-seleccionadas-que-asistiran-a-la-feria-internacional-de-turismo\/ibague\/#breadcrumb"},"inLanguage":"es","potentialAction":[{"@type":"ReadAction","target":["https:\/\/ciudadyregion.com.co\/index.php\/estas-son-las-cinco-empresas-de-ibague-seleccionadas-que-asistiran-a-la-feria-internacional-de-turismo\/ibague\/"]}]},{"@type":"ImageObject","inLanguage":"es","@id":"https:\/\/ciudadyregion.com.co\/index.php\/estas-son-las-cinco-empresas-de-ibague-seleccionadas-que-asistiran-a-la-feria-internacional-de-turismo\/ibague\/#primaryimage","url":"https:\/\/i0.wp.com\/ciudadyregion.com.co\/wp-content\/uploads\/2025\/01\/1-4.jpg?fit=800%2C445&ssl=1","contentUrl":"https:\/\/i0.wp.com\/ciudadyregion.com.co\/wp-content\/uploads\/2025\/01\/1-4.jpg?fit=800%2C445&ssl=1","width":800,"height":445},{"@type":"BreadcrumbList","@id":"https:\/\/ciudadyregion.com.co\/index.php\/estas-son-las-cinco-empresas-de-ibague-seleccionadas-que-asistiran-a-la-feria-internacional-de-turismo\/ibague\/#breadcrumb","itemListElement":[{"@type":"ListItem","position":1,"name":"Portada","item":"https:\/\/ciudadyregion.com.co\/"},{"@type":"ListItem","position":2,"name":"Estas son las cinco empresas de Ibagu\u00e9 seleccionadas que asistir\u00e1n a la Feria Internacional de Turismo"}]},{"@type":"WebSite","@id":"https:\/\/ciudadyregion.com.co\/#website","url":"https:\/\/ciudadyregion.com.co\/","name":"Ciudad y Region","description":"","potentialAction":[{"@type":"SearchAction","target":{"@type":"EntryPoint","urlTemplate":"https:\/\/ciudadyregion.com.co\/?s={search_term_string}"},"query-input":{"@type":"PropertyValueSpecification","valueRequired":true,"valueName":"search_term_string"}}],"inLanguage":"es"},{"@type":"Person","@id":"https:\/\/ciudadyregion.com.co\/#\/schema\/person\/04a4954373ebc4051f46e8c65ff78622","name":"David Andr\u00e9s Aguirre","image":{"@type":"ImageObject","inLanguage":"es","@id":"https:\/\/ciudadyregion.com.co\/#\/schema\/person\/image\/","url":"https:\/\/secure.gravatar.com\/avatar\/bc3c655860202182ee6d1b5edd042dbe?s=96&d=mm&r=g","contentUrl":"https:\/\/secure.gravatar.com\/avatar\/bc3c655860202182ee6d1b5edd042dbe?s=96&d=mm&r=g","caption":"David Andr\u00e9s Aguirre"},"url":"https:\/\/ciudadyregion.com.co\/index.php\/author\/diegoaguirre\/"}]}},"jetpack_featured_media_url":"https:\/\/i0.wp.com\/ciudadyregion.com.co\/wp-content\/uploads\/2025\/01\/1-4.jpg?fit=800%2C445&ssl=1","jetpack_sharing_enabled":true,"jetpack_shortlink":"https:\/\/wp.me\/pbS7hh-7tG","jetpack-related-posts":[],"_links":{"self":[{"href":"https:\/\/ciudadyregion.com.co\/index.php\/wp-json\/wp\/v2\/posts\/28748"}],"collection":[{"href":"https:\/\/ciudadyregion.com.co\/index.php\/wp-json\/wp\/v2\/posts"}],"about":[{"href":"https:\/\/ciudadyregion.com.co\/index.php\/wp-json\/wp\/v2\/types\/post"}],"author":[{"embeddable":true,"href":"https:\/\/ciudadyregion.com.co\/index.php\/wp-json\/wp\/v2\/users\/2"}],"replies":[{"embeddable":true,"href":"https:\/\/ciudadyregion.com.co\/index.php\/wp-json\/wp\/v2\/comments?post=28748"}],"version-history":[{"count":1,"href":"https:\/\/ciudadyregion.com.co\/index.php\/wp-json\/wp\/v2\/posts\/28748\/revisions"}],"predecessor-version":[{"id":28750,"href":"https:\/\/ciudadyregion.com.co\/index.php\/wp-json\/wp\/v2\/posts\/28748\/revisions\/28750"}],"wp:featuredmedia":[{"embeddable":true,"href":"https:\/\/ciudadyregion.com.co\/index.php\/wp-json\/wp\/v2\/media\/28749"}],"wp:attachment":[{"href":"https:\/\/ciudadyregion.com.co\/index.php\/wp-json\/wp\/v2\/media?parent=28748"}],"wp:term":[{"taxonomy":"category","embeddable":true,"href":"https:\/\/ciudadyregion.com.co\/index.php\/wp-json\/wp\/v2\/categories?post=28748"},{"taxonomy":"post_tag","embeddable":true,"href":"https:\/\/ciudadyregion.com.co\/index.php\/wp-json\/wp\/v2\/tags?post=28748"}],"curies":[{"name":"wp","href":"https:\/\/api.w.org\/{rel}","templated":true}]}}