{"id":28710,"date":"2025-01-06T10:16:53","date_gmt":"2025-01-06T15:16:53","guid":{"rendered":"https:\/\/ciudadyregion.com.co\/?p=28710"},"modified":"2025-01-06T10:16:53","modified_gmt":"2025-01-06T15:16:53","slug":"autoridades-investigan-que-mato-al-caballo","status":"publish","type":"post","link":"https:\/\/ciudadyregion.com.co\/index.php\/autoridades-investigan-que-mato-al-caballo\/regional\/","title":{"rendered":"Autoridades investigan que mat\u00f3 al caballo"},"content":{"rendered":"<p>El pasado 4 de enero se desarroll\u00f3 una cabalgata organizada, al parecer organizada por la administraci\u00f3n municipal del Carmen de Apical\u00e1, liderada por el Alcalde Luis \u00c1ngel Guti\u00e9rrez. Versiones que han llegado a este medio de comunicaci\u00f3n, indican que la cabalgata transcurr\u00eda con total normalidad, cuando algunos asistentes que presenciaban la misma notaron que el ejemplar que montaba el alcalde de este municipio, trastabillaba de manera irregular, dado que el ejemplar se trataba de un caballo de paso de alto costo, presuntamente propiedad del mandatario.<\/p>\n<p>Fue as\u00ed como unos minutos despu\u00e9s, cuentan versiones, que el equino se desplom\u00f3, muriendo en el sitio, al parecer de un fulminante paro cardiaco.<\/p>\n<p>La Gobernaci\u00f3n del Tolima y la Secretar\u00eda del Interior han solicitado se investigue este hecho, adem\u00e1s de las explicaciones y versi\u00f3n oficial por parte del mandatario, respecto a las circunstancias de modo tiempo y lugar en que falleci\u00f3 este equino.<\/p>\n<p>La Secretar\u00eda del Interior del Tolima, en cabeza del secretario Jes\u00fas Alberto Saavedra, y en el marco del Plan de Protecci\u00f3n y Bienestar Animal, se comunic\u00f3 de manera inmediata con la Alcald\u00eda de Carmen de Apical\u00e1 para conocer los detalles de lo sucedido.<\/p>\n<p>La inspecci\u00f3n veterinaria posterior confirm\u00f3 que el equino no presentaba signos de maltrato, heridas o golpes, y su cuerpo fue entregado a su propietario en presencia de las autoridades competentes, incluyendo Bomberos, Polic\u00eda y Carabineros.<\/p>\n<blockquote><p>\u201cDesde la Secretar\u00eda del Interior hacemos un llamado a la Alcald\u00eda de Carmen de Apical\u00e1 para que emita un informe oficial y detallado que permita aclarar los hechos y garantizar la transparencia en este caso\u201d, dijo Saavedra.<\/p><\/blockquote>\n<p>De igual manera, han solicitado que en el Departamento del Tolima se revise de manera minuciosa el estado de salud de los equinos antes de realizar cualquier evento o cabalgata, para evitar situaciones como esta que terminan con la vida en circunstancias que son materia de investigaci\u00f3n<\/p>\n","protected":false},"excerpt":{"rendered":"<p>El pasado 4 de enero se desarroll\u00f3 una cabalgata organizada, al parecer organizada por la administraci\u00f3n municipal del Carmen de Apical\u00e1, liderada por el Alcalde Luis \u00c1ngel Guti\u00e9rrez. Versiones que han llegado a este medio de comunicaci\u00f3n, indican que la cabalgata transcurr\u00eda con total normalidad, cuando algunos asistentes que presenciaban<span class=\"more-link\"><a href=\"https:\/\/ciudadyregion.com.co\/index.php\/autoridades-investigan-que-mato-al-caballo\/regional\/\">Continuar Leyendo<\/a><\/span><\/p>\n","protected":false},"author":2,"featured_media":28711,"comment_status":"open","ping_status":"open","sticky":false,"template":"","format":"standard","meta":{"_uf_show_specific_survey":0,"_uf_disable_surveys":false,"_jetpack_memberships_contains_paid_content":false,"footnotes":"","jetpack_publicize_message":"","jetpack_publicize_feature_enabled":true,"jetpack_social_post_already_shared":true,"jetpack_social_options":{"image_generator_settings":{"template":"highway","enabled":false},"version":2}},"categories":[13],"tags":[],"class_list":["entry","author-diegoaguirre","post-28710","post","type-post","status-publish","format-standard","has-post-thumbnail","category-regional"],"jetpack_publicize_connections":[],"yoast_head":"<!-- This site is optimized with the Yoast SEO plugin v24.3 - https:\/\/yoast.com\/wordpress\/plugins\/seo\/ -->\n<title>Autoridades investigan que mat\u00f3 al caballo - Ciudad y Region<\/title>\n<meta name=\"robots\" content=\"index, follow, max-snippet:-1, max-image-preview:large, max-video-preview:-1\" \/>\n<link rel=\"canonical\" href=\"https:\/\/ciudadyregion.com.co\/index.php\/autoridades-investigan-que-mato-al-caballo\/regional\/\" \/>\n<meta property=\"og:locale\" content=\"es_ES\" \/>\n<meta property=\"og:type\" content=\"article\" \/>\n<meta property=\"og:title\" content=\"Autoridades investigan que mat\u00f3 al caballo - Ciudad y Region\" \/>\n<meta property=\"og:description\" content=\"El pasado 4 de enero se desarroll\u00f3 una cabalgata organizada, al parecer organizada por la administraci\u00f3n municipal del Carmen de Apical\u00e1, liderada por el Alcalde Luis \u00c1ngel Guti\u00e9rrez. Versiones que han llegado a este medio de comunicaci\u00f3n, indican que la cabalgata transcurr\u00eda con total normalidad, cuando algunos asistentes que presenciabanContinuar Leyendo\" \/>\n<meta property=\"og:url\" content=\"https:\/\/ciudadyregion.com.co\/index.php\/autoridades-investigan-que-mato-al-caballo\/regional\/\" \/>\n<meta property=\"og:site_name\" content=\"Ciudad y Region\" \/>\n<meta property=\"article:published_time\" content=\"2025-01-06T15:16:53+00:00\" \/>\n<meta property=\"og:image\" content=\"https:\/\/ciudadyregion.com.co\/wp-content\/uploads\/2025\/01\/0.jpg\" \/>\n\t<meta property=\"og:image:width\" content=\"800\" \/>\n\t<meta property=\"og:image:height\" content=\"445\" \/>\n\t<meta property=\"og:image:type\" content=\"image\/jpeg\" \/>\n<meta name=\"author\" content=\"David Andr\u00e9s Aguirre\" \/>\n<meta name=\"twitter:card\" content=\"summary_large_image\" \/>\n<meta name=\"twitter:label1\" content=\"Escrito por\" \/>\n\t<meta name=\"twitter:data1\" content=\"David Andr\u00e9s Aguirre\" \/>\n\t<meta name=\"twitter:label2\" content=\"Tiempo de lectura\" \/>\n\t<meta name=\"twitter:data2\" content=\"2 minutos\" \/>\n<script type=\"application\/ld+json\" class=\"yoast-schema-graph\">{\"@context\":\"https:\/\/schema.org\",\"@graph\":[{\"@type\":\"WebPage\",\"@id\":\"https:\/\/ciudadyregion.com.co\/index.php\/autoridades-investigan-que-mato-al-caballo\/regional\/\",\"url\":\"https:\/\/ciudadyregion.com.co\/index.php\/autoridades-investigan-que-mato-al-caballo\/regional\/\",\"name\":\"Autoridades investigan que mat\u00f3 al caballo - Ciudad y Region\",\"isPartOf\":{\"@id\":\"https:\/\/ciudadyregion.com.co\/#website\"},\"primaryImageOfPage\":{\"@id\":\"https:\/\/ciudadyregion.com.co\/index.php\/autoridades-investigan-que-mato-al-caballo\/regional\/#primaryimage\"},\"image\":{\"@id\":\"https:\/\/ciudadyregion.com.co\/index.php\/autoridades-investigan-que-mato-al-caballo\/regional\/#primaryimage\"},\"thumbnailUrl\":\"https:\/\/i0.wp.com\/ciudadyregion.com.co\/wp-content\/uploads\/2025\/01\/0.jpg?fit=800%2C445&ssl=1\",\"datePublished\":\"2025-01-06T15:16:53+00:00\",\"dateModified\":\"2025-01-06T15:16:53+00:00\",\"author\":{\"@id\":\"https:\/\/ciudadyregion.com.co\/#\/schema\/person\/04a4954373ebc4051f46e8c65ff78622\"},\"breadcrumb\":{\"@id\":\"https:\/\/ciudadyregion.com.co\/index.php\/autoridades-investigan-que-mato-al-caballo\/regional\/#breadcrumb\"},\"inLanguage\":\"es\",\"potentialAction\":[{\"@type\":\"ReadAction\",\"target\":[\"https:\/\/ciudadyregion.com.co\/index.php\/autoridades-investigan-que-mato-al-caballo\/regional\/\"]}]},{\"@type\":\"ImageObject\",\"inLanguage\":\"es\",\"@id\":\"https:\/\/ciudadyregion.com.co\/index.php\/autoridades-investigan-que-mato-al-caballo\/regional\/#primaryimage\",\"url\":\"https:\/\/i0.wp.com\/ciudadyregion.com.co\/wp-content\/uploads\/2025\/01\/0.jpg?fit=800%2C445&ssl=1\",\"contentUrl\":\"https:\/\/i0.wp.com\/ciudadyregion.com.co\/wp-content\/uploads\/2025\/01\/0.jpg?fit=800%2C445&ssl=1\",\"width\":800,\"height\":445},{\"@type\":\"BreadcrumbList\",\"@id\":\"https:\/\/ciudadyregion.com.co\/index.php\/autoridades-investigan-que-mato-al-caballo\/regional\/#breadcrumb\",\"itemListElement\":[{\"@type\":\"ListItem\",\"position\":1,\"name\":\"Portada\",\"item\":\"https:\/\/ciudadyregion.com.co\/\"},{\"@type\":\"ListItem\",\"position\":2,\"name\":\"Autoridades investigan que mat\u00f3 al caballo\"}]},{\"@type\":\"WebSite\",\"@id\":\"https:\/\/ciudadyregion.com.co\/#website\",\"url\":\"https:\/\/ciudadyregion.com.co\/\",\"name\":\"Ciudad y Region\",\"description\":\"\",\"potentialAction\":[{\"@type\":\"SearchAction\",\"target\":{\"@type\":\"EntryPoint\",\"urlTemplate\":\"https:\/\/ciudadyregion.com.co\/?s={search_term_string}\"},\"query-input\":{\"@type\":\"PropertyValueSpecification\",\"valueRequired\":true,\"valueName\":\"search_term_string\"}}],\"inLanguage\":\"es\"},{\"@type\":\"Person\",\"@id\":\"https:\/\/ciudadyregion.com.co\/#\/schema\/person\/04a4954373ebc4051f46e8c65ff78622\",\"name\":\"David Andr\u00e9s Aguirre\",\"image\":{\"@type\":\"ImageObject\",\"inLanguage\":\"es\",\"@id\":\"https:\/\/ciudadyregion.com.co\/#\/schema\/person\/image\/\",\"url\":\"https:\/\/secure.gravatar.com\/avatar\/bc3c655860202182ee6d1b5edd042dbe?s=96&d=mm&r=g\",\"contentUrl\":\"https:\/\/secure.gravatar.com\/avatar\/bc3c655860202182ee6d1b5edd042dbe?s=96&d=mm&r=g\",\"caption\":\"David Andr\u00e9s Aguirre\"},\"url\":\"https:\/\/ciudadyregion.com.co\/index.php\/author\/diegoaguirre\/\"}]}<\/script>\n<!-- \/ Yoast SEO plugin. -->","yoast_head_json":{"title":"Autoridades investigan que mat\u00f3 al caballo - Ciudad y Region","robots":{"index":"index","follow":"follow","max-snippet":"max-snippet:-1","max-image-preview":"max-image-preview:large","max-video-preview":"max-video-preview:-1"},"canonical":"https:\/\/ciudadyregion.com.co\/index.php\/autoridades-investigan-que-mato-al-caballo\/regional\/","og_locale":"es_ES","og_type":"article","og_title":"Autoridades investigan que mat\u00f3 al caballo - Ciudad y Region","og_description":"El pasado 4 de enero se desarroll\u00f3 una cabalgata organizada, al parecer organizada por la administraci\u00f3n municipal del Carmen de Apical\u00e1, liderada por el Alcalde Luis \u00c1ngel Guti\u00e9rrez. Versiones que han llegado a este medio de comunicaci\u00f3n, indican que la cabalgata transcurr\u00eda con total normalidad, cuando algunos asistentes que presenciabanContinuar Leyendo","og_url":"https:\/\/ciudadyregion.com.co\/index.php\/autoridades-investigan-que-mato-al-caballo\/regional\/","og_site_name":"Ciudad y Region","article_published_time":"2025-01-06T15:16:53+00:00","og_image":[{"width":800,"height":445,"url":"https:\/\/ciudadyregion.com.co\/wp-content\/uploads\/2025\/01\/0.jpg","type":"image\/jpeg"}],"author":"David Andr\u00e9s Aguirre","twitter_card":"summary_large_image","twitter_misc":{"Escrito por":"David Andr\u00e9s Aguirre","Tiempo de lectura":"2 minutos"},"schema":{"@context":"https:\/\/schema.org","@graph":[{"@type":"WebPage","@id":"https:\/\/ciudadyregion.com.co\/index.php\/autoridades-investigan-que-mato-al-caballo\/regional\/","url":"https:\/\/ciudadyregion.com.co\/index.php\/autoridades-investigan-que-mato-al-caballo\/regional\/","name":"Autoridades investigan que mat\u00f3 al caballo - Ciudad y Region","isPartOf":{"@id":"https:\/\/ciudadyregion.com.co\/#website"},"primaryImageOfPage":{"@id":"https:\/\/ciudadyregion.com.co\/index.php\/autoridades-investigan-que-mato-al-caballo\/regional\/#primaryimage"},"image":{"@id":"https:\/\/ciudadyregion.com.co\/index.php\/autoridades-investigan-que-mato-al-caballo\/regional\/#primaryimage"},"thumbnailUrl":"https:\/\/i0.wp.com\/ciudadyregion.com.co\/wp-content\/uploads\/2025\/01\/0.jpg?fit=800%2C445&ssl=1","datePublished":"2025-01-06T15:16:53+00:00","dateModified":"2025-01-06T15:16:53+00:00","author":{"@id":"https:\/\/ciudadyregion.com.co\/#\/schema\/person\/04a4954373ebc4051f46e8c65ff78622"},"breadcrumb":{"@id":"https:\/\/ciudadyregion.com.co\/index.php\/autoridades-investigan-que-mato-al-caballo\/regional\/#breadcrumb"},"inLanguage":"es","potentialAction":[{"@type":"ReadAction","target":["https:\/\/ciudadyregion.com.co\/index.php\/autoridades-investigan-que-mato-al-caballo\/regional\/"]}]},{"@type":"ImageObject","inLanguage":"es","@id":"https:\/\/ciudadyregion.com.co\/index.php\/autoridades-investigan-que-mato-al-caballo\/regional\/#primaryimage","url":"https:\/\/i0.wp.com\/ciudadyregion.com.co\/wp-content\/uploads\/2025\/01\/0.jpg?fit=800%2C445&ssl=1","contentUrl":"https:\/\/i0.wp.com\/ciudadyregion.com.co\/wp-content\/uploads\/2025\/01\/0.jpg?fit=800%2C445&ssl=1","width":800,"height":445},{"@type":"BreadcrumbList","@id":"https:\/\/ciudadyregion.com.co\/index.php\/autoridades-investigan-que-mato-al-caballo\/regional\/#breadcrumb","itemListElement":[{"@type":"ListItem","position":1,"name":"Portada","item":"https:\/\/ciudadyregion.com.co\/"},{"@type":"ListItem","position":2,"name":"Autoridades investigan que mat\u00f3 al caballo"}]},{"@type":"WebSite","@id":"https:\/\/ciudadyregion.com.co\/#website","url":"https:\/\/ciudadyregion.com.co\/","name":"Ciudad y Region","description":"","potentialAction":[{"@type":"SearchAction","target":{"@type":"EntryPoint","urlTemplate":"https:\/\/ciudadyregion.com.co\/?s={search_term_string}"},"query-input":{"@type":"PropertyValueSpecification","valueRequired":true,"valueName":"search_term_string"}}],"inLanguage":"es"},{"@type":"Person","@id":"https:\/\/ciudadyregion.com.co\/#\/schema\/person\/04a4954373ebc4051f46e8c65ff78622","name":"David Andr\u00e9s Aguirre","image":{"@type":"ImageObject","inLanguage":"es","@id":"https:\/\/ciudadyregion.com.co\/#\/schema\/person\/image\/","url":"https:\/\/secure.gravatar.com\/avatar\/bc3c655860202182ee6d1b5edd042dbe?s=96&d=mm&r=g","contentUrl":"https:\/\/secure.gravatar.com\/avatar\/bc3c655860202182ee6d1b5edd042dbe?s=96&d=mm&r=g","caption":"David Andr\u00e9s Aguirre"},"url":"https:\/\/ciudadyregion.com.co\/index.php\/author\/diegoaguirre\/"}]}},"jetpack_featured_media_url":"https:\/\/i0.wp.com\/ciudadyregion.com.co\/wp-content\/uploads\/2025\/01\/0.jpg?fit=800%2C445&ssl=1","jetpack_sharing_enabled":true,"jetpack_shortlink":"https:\/\/wp.me\/pbS7hh-7t4","jetpack-related-posts":[],"_links":{"self":[{"href":"https:\/\/ciudadyregion.com.co\/index.php\/wp-json\/wp\/v2\/posts\/28710"}],"collection":[{"href":"https:\/\/ciudadyregion.com.co\/index.php\/wp-json\/wp\/v2\/posts"}],"about":[{"href":"https:\/\/ciudadyregion.com.co\/index.php\/wp-json\/wp\/v2\/types\/post"}],"author":[{"embeddable":true,"href":"https:\/\/ciudadyregion.com.co\/index.php\/wp-json\/wp\/v2\/users\/2"}],"replies":[{"embeddable":true,"href":"https:\/\/ciudadyregion.com.co\/index.php\/wp-json\/wp\/v2\/comments?post=28710"}],"version-history":[{"count":1,"href":"https:\/\/ciudadyregion.com.co\/index.php\/wp-json\/wp\/v2\/posts\/28710\/revisions"}],"predecessor-version":[{"id":28713,"href":"https:\/\/ciudadyregion.com.co\/index.php\/wp-json\/wp\/v2\/posts\/28710\/revisions\/28713"}],"wp:featuredmedia":[{"embeddable":true,"href":"https:\/\/ciudadyregion.com.co\/index.php\/wp-json\/wp\/v2\/media\/28711"}],"wp:attachment":[{"href":"https:\/\/ciudadyregion.com.co\/index.php\/wp-json\/wp\/v2\/media?parent=28710"}],"wp:term":[{"taxonomy":"category","embeddable":true,"href":"https:\/\/ciudadyregion.com.co\/index.php\/wp-json\/wp\/v2\/categories?post=28710"},{"taxonomy":"post_tag","embeddable":true,"href":"https:\/\/ciudadyregion.com.co\/index.php\/wp-json\/wp\/v2\/tags?post=28710"}],"curies":[{"name":"wp","href":"https:\/\/api.w.org\/{rel}","templated":true}]}}