{"id":28638,"date":"2024-12-31T08:55:03","date_gmt":"2024-12-31T13:55:03","guid":{"rendered":"https:\/\/ciudadyregion.com.co\/?p=28638"},"modified":"2024-12-31T08:55:03","modified_gmt":"2024-12-31T13:55:03","slug":"condenados-integrantes-de-las-disidencias-de-las-farc-por-uso-de-prendas-y-armas-de-las-fuerzas-militares","status":"publish","type":"post","link":"https:\/\/ciudadyregion.com.co\/index.php\/condenados-integrantes-de-las-disidencias-de-las-farc-por-uso-de-prendas-y-armas-de-las-fuerzas-militares\/judicial\/","title":{"rendered":"Condenados integrantes de las disidencias de las Farc por uso de prendas y armas de las Fuerzas Militares"},"content":{"rendered":"<ul>\n<li><strong><em>Los sentenciados eran integrantes del Frente Rodrigo Cadete con injerencia en el suroriente de Huila.<\/em><\/strong><\/li>\n<\/ul>\n<p>Las pruebas presentadas por la Fiscal\u00eda General de la Naci\u00f3n permitieron que Duv\u00e1n Oyola Mej\u00eda y Luis Sebasti\u00e1n Zapata Polanco, integrantes de las disidencias de las Farc en Huila,\u00a0\u00a0aceptaran mediante preacuerdo su responsabilidad en el transporte de armas y\u00a0prendas de uso privativo de la Fuerza P\u00fablica.<\/p>\n<p>Un juez penal especializado de conocimiento de Neiva (Huila) aval\u00f3 la negociaci\u00f3n judicial y los conden\u00f3 a 11 y 12 a\u00f1os de c\u00e1rcel respectivamente, por\u00a0los delitos de fabricaci\u00f3n, tr\u00e1fico y porte de armas, municiones de uso restringido, de uso privativo de las fuerzas armadas\u00a0o explosivos; fabricaci\u00f3n, tr\u00e1fico y porte de armas de fuego o municiones; y utilizaci\u00f3n ilegal de uniformes e insignias.<\/p>\n<p>La Fiscal\u00eda demostr\u00f3 que el pasado 25 de marzo,\u00a0los hoy condenados, se desplazaban por la vereda La Trinidad, en zona rural de Garz\u00f3n (Huila), donde fueron requeridos en un puesto de control del Ej\u00e9rcito Nacional.<\/p>\n<p>En ese momento,\u00a0les fueron incautadas prendas\u00a0 de uso privativo de la Fuerza P\u00fablica, dos fusiles, una cinta con munici\u00f3n,\u00a0chalecos multiprop\u00f3sitos, un arma de fuego tipo pistola, 15 proveedores, 2 granadas, un celular y un dron.<\/p>\n","protected":false},"excerpt":{"rendered":"<p>Los sentenciados eran integrantes del Frente Rodrigo Cadete con injerencia en el suroriente de Huila. Las pruebas presentadas por la Fiscal\u00eda General de la Naci\u00f3n permitieron que Duv\u00e1n Oyola Mej\u00eda y Luis Sebasti\u00e1n Zapata Polanco, integrantes de las disidencias de las Farc en Huila,\u00a0\u00a0aceptaran mediante preacuerdo su responsabilidad en el<span class=\"more-link\"><a href=\"https:\/\/ciudadyregion.com.co\/index.php\/condenados-integrantes-de-las-disidencias-de-las-farc-por-uso-de-prendas-y-armas-de-las-fuerzas-militares\/judicial\/\">Continuar Leyendo<\/a><\/span><\/p>\n","protected":false},"author":2,"featured_media":5390,"comment_status":"open","ping_status":"open","sticky":false,"template":"","format":"standard","meta":{"_uf_show_specific_survey":0,"_uf_disable_surveys":false,"_jetpack_memberships_contains_paid_content":false,"footnotes":"","jetpack_publicize_message":"","jetpack_publicize_feature_enabled":true,"jetpack_social_post_already_shared":true,"jetpack_social_options":{"image_generator_settings":{"template":"highway","enabled":false},"version":2}},"categories":[18],"tags":[],"class_list":["entry","author-diegoaguirre","post-28638","post","type-post","status-publish","format-standard","has-post-thumbnail","category-judicial"],"jetpack_publicize_connections":[],"yoast_head":"<!-- This site is optimized with the Yoast SEO plugin v24.3 - https:\/\/yoast.com\/wordpress\/plugins\/seo\/ -->\n<title>Condenados integrantes de las disidencias de las Farc por uso de prendas y armas de las Fuerzas Militares - Ciudad y Region<\/title>\n<meta name=\"robots\" content=\"index, follow, max-snippet:-1, max-image-preview:large, max-video-preview:-1\" \/>\n<link rel=\"canonical\" href=\"https:\/\/ciudadyregion.com.co\/index.php\/condenados-integrantes-de-las-disidencias-de-las-farc-por-uso-de-prendas-y-armas-de-las-fuerzas-militares\/judicial\/\" \/>\n<meta property=\"og:locale\" content=\"es_ES\" \/>\n<meta property=\"og:type\" content=\"article\" \/>\n<meta property=\"og:title\" content=\"Condenados integrantes de las disidencias de las Farc por uso de prendas y armas de las Fuerzas Militares - Ciudad y Region\" \/>\n<meta property=\"og:description\" content=\"Los sentenciados eran integrantes del Frente Rodrigo Cadete con injerencia en el suroriente de Huila. Las pruebas presentadas por la Fiscal\u00eda General de la Naci\u00f3n permitieron que Duv\u00e1n Oyola Mej\u00eda y Luis Sebasti\u00e1n Zapata Polanco, integrantes de las disidencias de las Farc en Huila,\u00a0\u00a0aceptaran mediante preacuerdo su responsabilidad en elContinuar Leyendo\" \/>\n<meta property=\"og:url\" content=\"https:\/\/ciudadyregion.com.co\/index.php\/condenados-integrantes-de-las-disidencias-de-las-farc-por-uso-de-prendas-y-armas-de-las-fuerzas-militares\/judicial\/\" \/>\n<meta property=\"og:site_name\" content=\"Ciudad y Region\" \/>\n<meta property=\"article:published_time\" content=\"2024-12-31T13:55:03+00:00\" \/>\n<meta property=\"og:image\" content=\"https:\/\/ciudadyregion.com.co\/wp-content\/uploads\/2024\/01\/FARC.jpg\" \/>\n\t<meta property=\"og:image:width\" content=\"800\" \/>\n\t<meta property=\"og:image:height\" content=\"445\" \/>\n\t<meta property=\"og:image:type\" content=\"image\/jpeg\" \/>\n<meta name=\"author\" content=\"David Andr\u00e9s Aguirre\" \/>\n<meta name=\"twitter:card\" content=\"summary_large_image\" \/>\n<meta name=\"twitter:label1\" content=\"Escrito por\" \/>\n\t<meta name=\"twitter:data1\" content=\"David Andr\u00e9s Aguirre\" \/>\n\t<meta name=\"twitter:label2\" content=\"Tiempo de lectura\" \/>\n\t<meta name=\"twitter:data2\" content=\"2 minutos\" \/>\n<script type=\"application\/ld+json\" class=\"yoast-schema-graph\">{\"@context\":\"https:\/\/schema.org\",\"@graph\":[{\"@type\":\"WebPage\",\"@id\":\"https:\/\/ciudadyregion.com.co\/index.php\/condenados-integrantes-de-las-disidencias-de-las-farc-por-uso-de-prendas-y-armas-de-las-fuerzas-militares\/judicial\/\",\"url\":\"https:\/\/ciudadyregion.com.co\/index.php\/condenados-integrantes-de-las-disidencias-de-las-farc-por-uso-de-prendas-y-armas-de-las-fuerzas-militares\/judicial\/\",\"name\":\"Condenados integrantes de las disidencias de las Farc por uso de prendas y armas de las Fuerzas Militares - Ciudad y Region\",\"isPartOf\":{\"@id\":\"https:\/\/ciudadyregion.com.co\/#website\"},\"primaryImageOfPage\":{\"@id\":\"https:\/\/ciudadyregion.com.co\/index.php\/condenados-integrantes-de-las-disidencias-de-las-farc-por-uso-de-prendas-y-armas-de-las-fuerzas-militares\/judicial\/#primaryimage\"},\"image\":{\"@id\":\"https:\/\/ciudadyregion.com.co\/index.php\/condenados-integrantes-de-las-disidencias-de-las-farc-por-uso-de-prendas-y-armas-de-las-fuerzas-militares\/judicial\/#primaryimage\"},\"thumbnailUrl\":\"https:\/\/i0.wp.com\/ciudadyregion.com.co\/wp-content\/uploads\/2024\/01\/FARC.jpg?fit=800%2C445&ssl=1\",\"datePublished\":\"2024-12-31T13:55:03+00:00\",\"dateModified\":\"2024-12-31T13:55:03+00:00\",\"author\":{\"@id\":\"https:\/\/ciudadyregion.com.co\/#\/schema\/person\/04a4954373ebc4051f46e8c65ff78622\"},\"breadcrumb\":{\"@id\":\"https:\/\/ciudadyregion.com.co\/index.php\/condenados-integrantes-de-las-disidencias-de-las-farc-por-uso-de-prendas-y-armas-de-las-fuerzas-militares\/judicial\/#breadcrumb\"},\"inLanguage\":\"es\",\"potentialAction\":[{\"@type\":\"ReadAction\",\"target\":[\"https:\/\/ciudadyregion.com.co\/index.php\/condenados-integrantes-de-las-disidencias-de-las-farc-por-uso-de-prendas-y-armas-de-las-fuerzas-militares\/judicial\/\"]}]},{\"@type\":\"ImageObject\",\"inLanguage\":\"es\",\"@id\":\"https:\/\/ciudadyregion.com.co\/index.php\/condenados-integrantes-de-las-disidencias-de-las-farc-por-uso-de-prendas-y-armas-de-las-fuerzas-militares\/judicial\/#primaryimage\",\"url\":\"https:\/\/i0.wp.com\/ciudadyregion.com.co\/wp-content\/uploads\/2024\/01\/FARC.jpg?fit=800%2C445&ssl=1\",\"contentUrl\":\"https:\/\/i0.wp.com\/ciudadyregion.com.co\/wp-content\/uploads\/2024\/01\/FARC.jpg?fit=800%2C445&ssl=1\",\"width\":800,\"height\":445},{\"@type\":\"BreadcrumbList\",\"@id\":\"https:\/\/ciudadyregion.com.co\/index.php\/condenados-integrantes-de-las-disidencias-de-las-farc-por-uso-de-prendas-y-armas-de-las-fuerzas-militares\/judicial\/#breadcrumb\",\"itemListElement\":[{\"@type\":\"ListItem\",\"position\":1,\"name\":\"Portada\",\"item\":\"https:\/\/ciudadyregion.com.co\/\"},{\"@type\":\"ListItem\",\"position\":2,\"name\":\"Condenados integrantes de las disidencias de las Farc por uso de prendas y armas de las Fuerzas Militares\"}]},{\"@type\":\"WebSite\",\"@id\":\"https:\/\/ciudadyregion.com.co\/#website\",\"url\":\"https:\/\/ciudadyregion.com.co\/\",\"name\":\"Ciudad y Region\",\"description\":\"\",\"potentialAction\":[{\"@type\":\"SearchAction\",\"target\":{\"@type\":\"EntryPoint\",\"urlTemplate\":\"https:\/\/ciudadyregion.com.co\/?s={search_term_string}\"},\"query-input\":{\"@type\":\"PropertyValueSpecification\",\"valueRequired\":true,\"valueName\":\"search_term_string\"}}],\"inLanguage\":\"es\"},{\"@type\":\"Person\",\"@id\":\"https:\/\/ciudadyregion.com.co\/#\/schema\/person\/04a4954373ebc4051f46e8c65ff78622\",\"name\":\"David Andr\u00e9s Aguirre\",\"image\":{\"@type\":\"ImageObject\",\"inLanguage\":\"es\",\"@id\":\"https:\/\/ciudadyregion.com.co\/#\/schema\/person\/image\/\",\"url\":\"https:\/\/secure.gravatar.com\/avatar\/bc3c655860202182ee6d1b5edd042dbe?s=96&d=mm&r=g\",\"contentUrl\":\"https:\/\/secure.gravatar.com\/avatar\/bc3c655860202182ee6d1b5edd042dbe?s=96&d=mm&r=g\",\"caption\":\"David Andr\u00e9s Aguirre\"},\"url\":\"https:\/\/ciudadyregion.com.co\/index.php\/author\/diegoaguirre\/\"}]}<\/script>\n<!-- \/ Yoast SEO plugin. -->","yoast_head_json":{"title":"Condenados integrantes de las disidencias de las Farc por uso de prendas y armas de las Fuerzas Militares - Ciudad y Region","robots":{"index":"index","follow":"follow","max-snippet":"max-snippet:-1","max-image-preview":"max-image-preview:large","max-video-preview":"max-video-preview:-1"},"canonical":"https:\/\/ciudadyregion.com.co\/index.php\/condenados-integrantes-de-las-disidencias-de-las-farc-por-uso-de-prendas-y-armas-de-las-fuerzas-militares\/judicial\/","og_locale":"es_ES","og_type":"article","og_title":"Condenados integrantes de las disidencias de las Farc por uso de prendas y armas de las Fuerzas Militares - Ciudad y Region","og_description":"Los sentenciados eran integrantes del Frente Rodrigo Cadete con injerencia en el suroriente de Huila. Las pruebas presentadas por la Fiscal\u00eda General de la Naci\u00f3n permitieron que Duv\u00e1n Oyola Mej\u00eda y Luis Sebasti\u00e1n Zapata Polanco, integrantes de las disidencias de las Farc en Huila,\u00a0\u00a0aceptaran mediante preacuerdo su responsabilidad en elContinuar Leyendo","og_url":"https:\/\/ciudadyregion.com.co\/index.php\/condenados-integrantes-de-las-disidencias-de-las-farc-por-uso-de-prendas-y-armas-de-las-fuerzas-militares\/judicial\/","og_site_name":"Ciudad y Region","article_published_time":"2024-12-31T13:55:03+00:00","og_image":[{"width":800,"height":445,"url":"https:\/\/ciudadyregion.com.co\/wp-content\/uploads\/2024\/01\/FARC.jpg","type":"image\/jpeg"}],"author":"David Andr\u00e9s Aguirre","twitter_card":"summary_large_image","twitter_misc":{"Escrito por":"David Andr\u00e9s Aguirre","Tiempo de lectura":"2 minutos"},"schema":{"@context":"https:\/\/schema.org","@graph":[{"@type":"WebPage","@id":"https:\/\/ciudadyregion.com.co\/index.php\/condenados-integrantes-de-las-disidencias-de-las-farc-por-uso-de-prendas-y-armas-de-las-fuerzas-militares\/judicial\/","url":"https:\/\/ciudadyregion.com.co\/index.php\/condenados-integrantes-de-las-disidencias-de-las-farc-por-uso-de-prendas-y-armas-de-las-fuerzas-militares\/judicial\/","name":"Condenados integrantes de las disidencias de las Farc por uso de prendas y armas de las Fuerzas Militares - Ciudad y Region","isPartOf":{"@id":"https:\/\/ciudadyregion.com.co\/#website"},"primaryImageOfPage":{"@id":"https:\/\/ciudadyregion.com.co\/index.php\/condenados-integrantes-de-las-disidencias-de-las-farc-por-uso-de-prendas-y-armas-de-las-fuerzas-militares\/judicial\/#primaryimage"},"image":{"@id":"https:\/\/ciudadyregion.com.co\/index.php\/condenados-integrantes-de-las-disidencias-de-las-farc-por-uso-de-prendas-y-armas-de-las-fuerzas-militares\/judicial\/#primaryimage"},"thumbnailUrl":"https:\/\/i0.wp.com\/ciudadyregion.com.co\/wp-content\/uploads\/2024\/01\/FARC.jpg?fit=800%2C445&ssl=1","datePublished":"2024-12-31T13:55:03+00:00","dateModified":"2024-12-31T13:55:03+00:00","author":{"@id":"https:\/\/ciudadyregion.com.co\/#\/schema\/person\/04a4954373ebc4051f46e8c65ff78622"},"breadcrumb":{"@id":"https:\/\/ciudadyregion.com.co\/index.php\/condenados-integrantes-de-las-disidencias-de-las-farc-por-uso-de-prendas-y-armas-de-las-fuerzas-militares\/judicial\/#breadcrumb"},"inLanguage":"es","potentialAction":[{"@type":"ReadAction","target":["https:\/\/ciudadyregion.com.co\/index.php\/condenados-integrantes-de-las-disidencias-de-las-farc-por-uso-de-prendas-y-armas-de-las-fuerzas-militares\/judicial\/"]}]},{"@type":"ImageObject","inLanguage":"es","@id":"https:\/\/ciudadyregion.com.co\/index.php\/condenados-integrantes-de-las-disidencias-de-las-farc-por-uso-de-prendas-y-armas-de-las-fuerzas-militares\/judicial\/#primaryimage","url":"https:\/\/i0.wp.com\/ciudadyregion.com.co\/wp-content\/uploads\/2024\/01\/FARC.jpg?fit=800%2C445&ssl=1","contentUrl":"https:\/\/i0.wp.com\/ciudadyregion.com.co\/wp-content\/uploads\/2024\/01\/FARC.jpg?fit=800%2C445&ssl=1","width":800,"height":445},{"@type":"BreadcrumbList","@id":"https:\/\/ciudadyregion.com.co\/index.php\/condenados-integrantes-de-las-disidencias-de-las-farc-por-uso-de-prendas-y-armas-de-las-fuerzas-militares\/judicial\/#breadcrumb","itemListElement":[{"@type":"ListItem","position":1,"name":"Portada","item":"https:\/\/ciudadyregion.com.co\/"},{"@type":"ListItem","position":2,"name":"Condenados integrantes de las disidencias de las Farc por uso de prendas y armas de las Fuerzas Militares"}]},{"@type":"WebSite","@id":"https:\/\/ciudadyregion.com.co\/#website","url":"https:\/\/ciudadyregion.com.co\/","name":"Ciudad y Region","description":"","potentialAction":[{"@type":"SearchAction","target":{"@type":"EntryPoint","urlTemplate":"https:\/\/ciudadyregion.com.co\/?s={search_term_string}"},"query-input":{"@type":"PropertyValueSpecification","valueRequired":true,"valueName":"search_term_string"}}],"inLanguage":"es"},{"@type":"Person","@id":"https:\/\/ciudadyregion.com.co\/#\/schema\/person\/04a4954373ebc4051f46e8c65ff78622","name":"David Andr\u00e9s Aguirre","image":{"@type":"ImageObject","inLanguage":"es","@id":"https:\/\/ciudadyregion.com.co\/#\/schema\/person\/image\/","url":"https:\/\/secure.gravatar.com\/avatar\/bc3c655860202182ee6d1b5edd042dbe?s=96&d=mm&r=g","contentUrl":"https:\/\/secure.gravatar.com\/avatar\/bc3c655860202182ee6d1b5edd042dbe?s=96&d=mm&r=g","caption":"David Andr\u00e9s Aguirre"},"url":"https:\/\/ciudadyregion.com.co\/index.php\/author\/diegoaguirre\/"}]}},"jetpack_featured_media_url":"https:\/\/i0.wp.com\/ciudadyregion.com.co\/wp-content\/uploads\/2024\/01\/FARC.jpg?fit=800%2C445&ssl=1","jetpack_sharing_enabled":true,"jetpack_shortlink":"https:\/\/wp.me\/pbS7hh-7rU","jetpack-related-posts":[],"_links":{"self":[{"href":"https:\/\/ciudadyregion.com.co\/index.php\/wp-json\/wp\/v2\/posts\/28638"}],"collection":[{"href":"https:\/\/ciudadyregion.com.co\/index.php\/wp-json\/wp\/v2\/posts"}],"about":[{"href":"https:\/\/ciudadyregion.com.co\/index.php\/wp-json\/wp\/v2\/types\/post"}],"author":[{"embeddable":true,"href":"https:\/\/ciudadyregion.com.co\/index.php\/wp-json\/wp\/v2\/users\/2"}],"replies":[{"embeddable":true,"href":"https:\/\/ciudadyregion.com.co\/index.php\/wp-json\/wp\/v2\/comments?post=28638"}],"version-history":[{"count":1,"href":"https:\/\/ciudadyregion.com.co\/index.php\/wp-json\/wp\/v2\/posts\/28638\/revisions"}],"predecessor-version":[{"id":28639,"href":"https:\/\/ciudadyregion.com.co\/index.php\/wp-json\/wp\/v2\/posts\/28638\/revisions\/28639"}],"wp:featuredmedia":[{"embeddable":true,"href":"https:\/\/ciudadyregion.com.co\/index.php\/wp-json\/wp\/v2\/media\/5390"}],"wp:attachment":[{"href":"https:\/\/ciudadyregion.com.co\/index.php\/wp-json\/wp\/v2\/media?parent=28638"}],"wp:term":[{"taxonomy":"category","embeddable":true,"href":"https:\/\/ciudadyregion.com.co\/index.php\/wp-json\/wp\/v2\/categories?post=28638"},{"taxonomy":"post_tag","embeddable":true,"href":"https:\/\/ciudadyregion.com.co\/index.php\/wp-json\/wp\/v2\/tags?post=28638"}],"curies":[{"name":"wp","href":"https:\/\/api.w.org\/{rel}","templated":true}]}}