{"id":28635,"date":"2024-12-31T08:51:38","date_gmt":"2024-12-31T13:51:38","guid":{"rendered":"https:\/\/ciudadyregion.com.co\/?p=28635"},"modified":"2024-12-31T08:51:38","modified_gmt":"2024-12-31T13:51:38","slug":"estas-son-las-reflexiones-de-adriana-matiz-luego-de-completar-el-primer-ano-de-gobierno","status":"publish","type":"post","link":"https:\/\/ciudadyregion.com.co\/index.php\/estas-son-las-reflexiones-de-adriana-matiz-luego-de-completar-el-primer-ano-de-gobierno\/politica\/","title":{"rendered":"Estas son las reflexiones de Adriana Matiz luego de completar el primer a\u00f1o de Gobierno"},"content":{"rendered":"<p>La gobernadora del Tolima revel\u00f3 qu\u00e9 es lo que m\u00e1s le ha asombrado durante sus primeros 365 d\u00edas de gesti\u00f3n y los retos que ha enfrentado como mandataria.<\/p>\n<p>En una entrevista con el medio Ciudad y Regi\u00f3n, la mandataria Adriana Matiz abord\u00f3 las complejidades de su cargo y comparti\u00f3 una an\u00e9cdota que, seg\u00fan ella, resume las sorpresas y aprendizajes que ha vivido durante este tiempo.<\/p>\n<p>A la pregunta \u00bfqu\u00e9 ha sido lo m\u00e1s dif\u00edcil de gobernar?, Matiz respondi\u00f3:<\/p>\n<blockquote><p>\u00abBueno, no, yo no dir\u00eda lo m\u00e1s dif\u00edcil porque, pues, obvio que cuando uno entra a ocupar estos cargos pierde un poco la tranquilidad y hay un mayor estr\u00e9s, \u00bfcierto? Pero dir\u00eda que lo que m\u00e1s me ha asombrado de la gente, sin duda alguna, es encontrarme con su sorpresa al ver que uno est\u00e1 cumpliendo lo que se comprometi\u00f3\u201d, coment\u00f3 Matiz.<\/p><\/blockquote>\n<p>La mandataria relat\u00f3 un momento especial que vivi\u00f3 al inaugurar la Unidad de Rehabilitaci\u00f3n Wanda, uno de los proyectos insignia de su Administraci\u00f3n.<\/p>\n<blockquote><p>\u201cYo siempre habl\u00e9 de esa unidad durante mi campa\u00f1a porque creo que es una necesidad sentida en el Tolima, y lo hice con toda la convicci\u00f3n. Ese d\u00eda, una madre de un ni\u00f1o con discapacidad me dijo que no pod\u00eda creer que estuvi\u00e9ramos cumpliendo nuestra palabra. Esa sorpresa, esa gratitud, me la encuentro permanentemente en el territorio\u201d, destac\u00f3.<\/p><\/blockquote>\n<p>Adriana Matiz tambi\u00e9n reconoci\u00f3 los retos que implica gestionar desde lo p\u00fablico, especialmente por los tr\u00e1mites administrativos. Sin embargo, asegur\u00f3 que su experiencia en control fiscal le ha permitido supervisar de cerca la ejecuci\u00f3n de proyectos, lo que describi\u00f3 como una \u00abmicrogerencia\u00bb.<\/p>\n<blockquote><p>\u00abDesde los estudios y dise\u00f1os hasta la ejecuci\u00f3n final de los proyectos, estoy pendiente de cada detalle. Por ejemplo, este primero de enero estar\u00e9 en el Coliseo Menor, que ya finaliz\u00f3 su ejecuci\u00f3n, para inspeccionar c\u00f3mo qued\u00f3. Es una obra muy importante que entregaremos a la ciudadan\u00eda\u201d, sostuvo.<\/p><\/blockquote>\n<p>La gobernadora concluy\u00f3 resaltando que su Administraci\u00f3n est\u00e1 comprometida con el bienestar de los tolimenses, y que este primer a\u00f1o ha sido una oportunidad para materializar compromisos y reforzar su visi\u00f3n de desarrollo integral para el departamento.<\/p>\n","protected":false},"excerpt":{"rendered":"<p>La gobernadora del Tolima revel\u00f3 qu\u00e9 es lo que m\u00e1s le ha asombrado durante sus primeros 365 d\u00edas de gesti\u00f3n y los retos que ha enfrentado como mandataria. En una entrevista con el medio Ciudad y Regi\u00f3n, la mandataria Adriana Matiz abord\u00f3 las complejidades de su cargo y comparti\u00f3 una<span class=\"more-link\"><a href=\"https:\/\/ciudadyregion.com.co\/index.php\/estas-son-las-reflexiones-de-adriana-matiz-luego-de-completar-el-primer-ano-de-gobierno\/politica\/\">Continuar Leyendo<\/a><\/span><\/p>\n","protected":false},"author":2,"featured_media":21251,"comment_status":"open","ping_status":"open","sticky":false,"template":"","format":"standard","meta":{"_uf_show_specific_survey":0,"_uf_disable_surveys":false,"_jetpack_memberships_contains_paid_content":false,"footnotes":"","jetpack_publicize_message":"","jetpack_publicize_feature_enabled":true,"jetpack_social_post_already_shared":true,"jetpack_social_options":{"image_generator_settings":{"template":"highway","enabled":false},"version":2}},"categories":[17],"tags":[],"class_list":["entry","author-diegoaguirre","post-28635","post","type-post","status-publish","format-standard","has-post-thumbnail","category-politica"],"jetpack_publicize_connections":[],"yoast_head":"<!-- This site is optimized with the Yoast SEO plugin v24.3 - https:\/\/yoast.com\/wordpress\/plugins\/seo\/ -->\n<title>Estas son las reflexiones de Adriana Matiz luego de completar el primer a\u00f1o de Gobierno - Ciudad y Region<\/title>\n<meta name=\"robots\" content=\"index, follow, max-snippet:-1, max-image-preview:large, max-video-preview:-1\" \/>\n<link rel=\"canonical\" href=\"https:\/\/ciudadyregion.com.co\/index.php\/estas-son-las-reflexiones-de-adriana-matiz-luego-de-completar-el-primer-ano-de-gobierno\/politica\/\" \/>\n<meta property=\"og:locale\" content=\"es_ES\" \/>\n<meta property=\"og:type\" content=\"article\" \/>\n<meta property=\"og:title\" content=\"Estas son las reflexiones de Adriana Matiz luego de completar el primer a\u00f1o de Gobierno - Ciudad y Region\" \/>\n<meta property=\"og:description\" content=\"La gobernadora del Tolima revel\u00f3 qu\u00e9 es lo que m\u00e1s le ha asombrado durante sus primeros 365 d\u00edas de gesti\u00f3n y los retos que ha enfrentado como mandataria. En una entrevista con el medio Ciudad y Regi\u00f3n, la mandataria Adriana Matiz abord\u00f3 las complejidades de su cargo y comparti\u00f3 unaContinuar Leyendo\" \/>\n<meta property=\"og:url\" content=\"https:\/\/ciudadyregion.com.co\/index.php\/estas-son-las-reflexiones-de-adriana-matiz-luego-de-completar-el-primer-ano-de-gobierno\/politica\/\" \/>\n<meta property=\"og:site_name\" content=\"Ciudad y Region\" \/>\n<meta property=\"article:published_time\" content=\"2024-12-31T13:51:38+00:00\" \/>\n<meta property=\"og:image\" content=\"https:\/\/ciudadyregion.com.co\/wp-content\/uploads\/2024\/09\/adriana-magali-matiz.jpg\" \/>\n\t<meta property=\"og:image:width\" content=\"800\" \/>\n\t<meta property=\"og:image:height\" content=\"445\" \/>\n\t<meta property=\"og:image:type\" content=\"image\/jpeg\" \/>\n<meta name=\"author\" content=\"David Andr\u00e9s Aguirre\" \/>\n<meta name=\"twitter:card\" content=\"summary_large_image\" \/>\n<meta name=\"twitter:label1\" content=\"Escrito por\" \/>\n\t<meta name=\"twitter:data1\" content=\"David Andr\u00e9s Aguirre\" \/>\n\t<meta name=\"twitter:label2\" content=\"Tiempo de lectura\" \/>\n\t<meta name=\"twitter:data2\" content=\"1 minuto\" \/>\n<script type=\"application\/ld+json\" class=\"yoast-schema-graph\">{\"@context\":\"https:\/\/schema.org\",\"@graph\":[{\"@type\":\"WebPage\",\"@id\":\"https:\/\/ciudadyregion.com.co\/index.php\/estas-son-las-reflexiones-de-adriana-matiz-luego-de-completar-el-primer-ano-de-gobierno\/politica\/\",\"url\":\"https:\/\/ciudadyregion.com.co\/index.php\/estas-son-las-reflexiones-de-adriana-matiz-luego-de-completar-el-primer-ano-de-gobierno\/politica\/\",\"name\":\"Estas son las reflexiones de Adriana Matiz luego de completar el primer a\u00f1o de Gobierno - Ciudad y Region\",\"isPartOf\":{\"@id\":\"https:\/\/ciudadyregion.com.co\/#website\"},\"primaryImageOfPage\":{\"@id\":\"https:\/\/ciudadyregion.com.co\/index.php\/estas-son-las-reflexiones-de-adriana-matiz-luego-de-completar-el-primer-ano-de-gobierno\/politica\/#primaryimage\"},\"image\":{\"@id\":\"https:\/\/ciudadyregion.com.co\/index.php\/estas-son-las-reflexiones-de-adriana-matiz-luego-de-completar-el-primer-ano-de-gobierno\/politica\/#primaryimage\"},\"thumbnailUrl\":\"https:\/\/i0.wp.com\/ciudadyregion.com.co\/wp-content\/uploads\/2024\/09\/adriana-magali-matiz.jpg?fit=800%2C445&ssl=1\",\"datePublished\":\"2024-12-31T13:51:38+00:00\",\"dateModified\":\"2024-12-31T13:51:38+00:00\",\"author\":{\"@id\":\"https:\/\/ciudadyregion.com.co\/#\/schema\/person\/04a4954373ebc4051f46e8c65ff78622\"},\"breadcrumb\":{\"@id\":\"https:\/\/ciudadyregion.com.co\/index.php\/estas-son-las-reflexiones-de-adriana-matiz-luego-de-completar-el-primer-ano-de-gobierno\/politica\/#breadcrumb\"},\"inLanguage\":\"es\",\"potentialAction\":[{\"@type\":\"ReadAction\",\"target\":[\"https:\/\/ciudadyregion.com.co\/index.php\/estas-son-las-reflexiones-de-adriana-matiz-luego-de-completar-el-primer-ano-de-gobierno\/politica\/\"]}]},{\"@type\":\"ImageObject\",\"inLanguage\":\"es\",\"@id\":\"https:\/\/ciudadyregion.com.co\/index.php\/estas-son-las-reflexiones-de-adriana-matiz-luego-de-completar-el-primer-ano-de-gobierno\/politica\/#primaryimage\",\"url\":\"https:\/\/i0.wp.com\/ciudadyregion.com.co\/wp-content\/uploads\/2024\/09\/adriana-magali-matiz.jpg?fit=800%2C445&ssl=1\",\"contentUrl\":\"https:\/\/i0.wp.com\/ciudadyregion.com.co\/wp-content\/uploads\/2024\/09\/adriana-magali-matiz.jpg?fit=800%2C445&ssl=1\",\"width\":800,\"height\":445},{\"@type\":\"BreadcrumbList\",\"@id\":\"https:\/\/ciudadyregion.com.co\/index.php\/estas-son-las-reflexiones-de-adriana-matiz-luego-de-completar-el-primer-ano-de-gobierno\/politica\/#breadcrumb\",\"itemListElement\":[{\"@type\":\"ListItem\",\"position\":1,\"name\":\"Portada\",\"item\":\"https:\/\/ciudadyregion.com.co\/\"},{\"@type\":\"ListItem\",\"position\":2,\"name\":\"Estas son las reflexiones de Adriana Matiz luego de completar el primer a\u00f1o de Gobierno\"}]},{\"@type\":\"WebSite\",\"@id\":\"https:\/\/ciudadyregion.com.co\/#website\",\"url\":\"https:\/\/ciudadyregion.com.co\/\",\"name\":\"Ciudad y Region\",\"description\":\"\",\"potentialAction\":[{\"@type\":\"SearchAction\",\"target\":{\"@type\":\"EntryPoint\",\"urlTemplate\":\"https:\/\/ciudadyregion.com.co\/?s={search_term_string}\"},\"query-input\":{\"@type\":\"PropertyValueSpecification\",\"valueRequired\":true,\"valueName\":\"search_term_string\"}}],\"inLanguage\":\"es\"},{\"@type\":\"Person\",\"@id\":\"https:\/\/ciudadyregion.com.co\/#\/schema\/person\/04a4954373ebc4051f46e8c65ff78622\",\"name\":\"David Andr\u00e9s Aguirre\",\"image\":{\"@type\":\"ImageObject\",\"inLanguage\":\"es\",\"@id\":\"https:\/\/ciudadyregion.com.co\/#\/schema\/person\/image\/\",\"url\":\"https:\/\/secure.gravatar.com\/avatar\/bc3c655860202182ee6d1b5edd042dbe?s=96&d=mm&r=g\",\"contentUrl\":\"https:\/\/secure.gravatar.com\/avatar\/bc3c655860202182ee6d1b5edd042dbe?s=96&d=mm&r=g\",\"caption\":\"David Andr\u00e9s Aguirre\"},\"url\":\"https:\/\/ciudadyregion.com.co\/index.php\/author\/diegoaguirre\/\"}]}<\/script>\n<!-- \/ Yoast SEO plugin. -->","yoast_head_json":{"title":"Estas son las reflexiones de Adriana Matiz luego de completar el primer a\u00f1o de Gobierno - Ciudad y Region","robots":{"index":"index","follow":"follow","max-snippet":"max-snippet:-1","max-image-preview":"max-image-preview:large","max-video-preview":"max-video-preview:-1"},"canonical":"https:\/\/ciudadyregion.com.co\/index.php\/estas-son-las-reflexiones-de-adriana-matiz-luego-de-completar-el-primer-ano-de-gobierno\/politica\/","og_locale":"es_ES","og_type":"article","og_title":"Estas son las reflexiones de Adriana Matiz luego de completar el primer a\u00f1o de Gobierno - Ciudad y Region","og_description":"La gobernadora del Tolima revel\u00f3 qu\u00e9 es lo que m\u00e1s le ha asombrado durante sus primeros 365 d\u00edas de gesti\u00f3n y los retos que ha enfrentado como mandataria. En una entrevista con el medio Ciudad y Regi\u00f3n, la mandataria Adriana Matiz abord\u00f3 las complejidades de su cargo y comparti\u00f3 unaContinuar Leyendo","og_url":"https:\/\/ciudadyregion.com.co\/index.php\/estas-son-las-reflexiones-de-adriana-matiz-luego-de-completar-el-primer-ano-de-gobierno\/politica\/","og_site_name":"Ciudad y Region","article_published_time":"2024-12-31T13:51:38+00:00","og_image":[{"width":800,"height":445,"url":"https:\/\/ciudadyregion.com.co\/wp-content\/uploads\/2024\/09\/adriana-magali-matiz.jpg","type":"image\/jpeg"}],"author":"David Andr\u00e9s Aguirre","twitter_card":"summary_large_image","twitter_misc":{"Escrito por":"David Andr\u00e9s Aguirre","Tiempo de lectura":"1 minuto"},"schema":{"@context":"https:\/\/schema.org","@graph":[{"@type":"WebPage","@id":"https:\/\/ciudadyregion.com.co\/index.php\/estas-son-las-reflexiones-de-adriana-matiz-luego-de-completar-el-primer-ano-de-gobierno\/politica\/","url":"https:\/\/ciudadyregion.com.co\/index.php\/estas-son-las-reflexiones-de-adriana-matiz-luego-de-completar-el-primer-ano-de-gobierno\/politica\/","name":"Estas son las reflexiones de Adriana Matiz luego de completar el primer a\u00f1o de Gobierno - Ciudad y Region","isPartOf":{"@id":"https:\/\/ciudadyregion.com.co\/#website"},"primaryImageOfPage":{"@id":"https:\/\/ciudadyregion.com.co\/index.php\/estas-son-las-reflexiones-de-adriana-matiz-luego-de-completar-el-primer-ano-de-gobierno\/politica\/#primaryimage"},"image":{"@id":"https:\/\/ciudadyregion.com.co\/index.php\/estas-son-las-reflexiones-de-adriana-matiz-luego-de-completar-el-primer-ano-de-gobierno\/politica\/#primaryimage"},"thumbnailUrl":"https:\/\/i0.wp.com\/ciudadyregion.com.co\/wp-content\/uploads\/2024\/09\/adriana-magali-matiz.jpg?fit=800%2C445&ssl=1","datePublished":"2024-12-31T13:51:38+00:00","dateModified":"2024-12-31T13:51:38+00:00","author":{"@id":"https:\/\/ciudadyregion.com.co\/#\/schema\/person\/04a4954373ebc4051f46e8c65ff78622"},"breadcrumb":{"@id":"https:\/\/ciudadyregion.com.co\/index.php\/estas-son-las-reflexiones-de-adriana-matiz-luego-de-completar-el-primer-ano-de-gobierno\/politica\/#breadcrumb"},"inLanguage":"es","potentialAction":[{"@type":"ReadAction","target":["https:\/\/ciudadyregion.com.co\/index.php\/estas-son-las-reflexiones-de-adriana-matiz-luego-de-completar-el-primer-ano-de-gobierno\/politica\/"]}]},{"@type":"ImageObject","inLanguage":"es","@id":"https:\/\/ciudadyregion.com.co\/index.php\/estas-son-las-reflexiones-de-adriana-matiz-luego-de-completar-el-primer-ano-de-gobierno\/politica\/#primaryimage","url":"https:\/\/i0.wp.com\/ciudadyregion.com.co\/wp-content\/uploads\/2024\/09\/adriana-magali-matiz.jpg?fit=800%2C445&ssl=1","contentUrl":"https:\/\/i0.wp.com\/ciudadyregion.com.co\/wp-content\/uploads\/2024\/09\/adriana-magali-matiz.jpg?fit=800%2C445&ssl=1","width":800,"height":445},{"@type":"BreadcrumbList","@id":"https:\/\/ciudadyregion.com.co\/index.php\/estas-son-las-reflexiones-de-adriana-matiz-luego-de-completar-el-primer-ano-de-gobierno\/politica\/#breadcrumb","itemListElement":[{"@type":"ListItem","position":1,"name":"Portada","item":"https:\/\/ciudadyregion.com.co\/"},{"@type":"ListItem","position":2,"name":"Estas son las reflexiones de Adriana Matiz luego de completar el primer a\u00f1o de Gobierno"}]},{"@type":"WebSite","@id":"https:\/\/ciudadyregion.com.co\/#website","url":"https:\/\/ciudadyregion.com.co\/","name":"Ciudad y Region","description":"","potentialAction":[{"@type":"SearchAction","target":{"@type":"EntryPoint","urlTemplate":"https:\/\/ciudadyregion.com.co\/?s={search_term_string}"},"query-input":{"@type":"PropertyValueSpecification","valueRequired":true,"valueName":"search_term_string"}}],"inLanguage":"es"},{"@type":"Person","@id":"https:\/\/ciudadyregion.com.co\/#\/schema\/person\/04a4954373ebc4051f46e8c65ff78622","name":"David Andr\u00e9s Aguirre","image":{"@type":"ImageObject","inLanguage":"es","@id":"https:\/\/ciudadyregion.com.co\/#\/schema\/person\/image\/","url":"https:\/\/secure.gravatar.com\/avatar\/bc3c655860202182ee6d1b5edd042dbe?s=96&d=mm&r=g","contentUrl":"https:\/\/secure.gravatar.com\/avatar\/bc3c655860202182ee6d1b5edd042dbe?s=96&d=mm&r=g","caption":"David Andr\u00e9s Aguirre"},"url":"https:\/\/ciudadyregion.com.co\/index.php\/author\/diegoaguirre\/"}]}},"jetpack_featured_media_url":"https:\/\/i0.wp.com\/ciudadyregion.com.co\/wp-content\/uploads\/2024\/09\/adriana-magali-matiz.jpg?fit=800%2C445&ssl=1","jetpack_sharing_enabled":true,"jetpack_shortlink":"https:\/\/wp.me\/pbS7hh-7rR","jetpack-related-posts":[],"_links":{"self":[{"href":"https:\/\/ciudadyregion.com.co\/index.php\/wp-json\/wp\/v2\/posts\/28635"}],"collection":[{"href":"https:\/\/ciudadyregion.com.co\/index.php\/wp-json\/wp\/v2\/posts"}],"about":[{"href":"https:\/\/ciudadyregion.com.co\/index.php\/wp-json\/wp\/v2\/types\/post"}],"author":[{"embeddable":true,"href":"https:\/\/ciudadyregion.com.co\/index.php\/wp-json\/wp\/v2\/users\/2"}],"replies":[{"embeddable":true,"href":"https:\/\/ciudadyregion.com.co\/index.php\/wp-json\/wp\/v2\/comments?post=28635"}],"version-history":[{"count":2,"href":"https:\/\/ciudadyregion.com.co\/index.php\/wp-json\/wp\/v2\/posts\/28635\/revisions"}],"predecessor-version":[{"id":28637,"href":"https:\/\/ciudadyregion.com.co\/index.php\/wp-json\/wp\/v2\/posts\/28635\/revisions\/28637"}],"wp:featuredmedia":[{"embeddable":true,"href":"https:\/\/ciudadyregion.com.co\/index.php\/wp-json\/wp\/v2\/media\/21251"}],"wp:attachment":[{"href":"https:\/\/ciudadyregion.com.co\/index.php\/wp-json\/wp\/v2\/media?parent=28635"}],"wp:term":[{"taxonomy":"category","embeddable":true,"href":"https:\/\/ciudadyregion.com.co\/index.php\/wp-json\/wp\/v2\/categories?post=28635"},{"taxonomy":"post_tag","embeddable":true,"href":"https:\/\/ciudadyregion.com.co\/index.php\/wp-json\/wp\/v2\/tags?post=28635"}],"curies":[{"name":"wp","href":"https:\/\/api.w.org\/{rel}","templated":true}]}}