{"id":28510,"date":"2024-12-30T11:00:21","date_gmt":"2024-12-30T16:00:21","guid":{"rendered":"https:\/\/ciudadyregion.com.co\/?p=28510"},"modified":"2024-12-30T11:00:21","modified_gmt":"2024-12-30T16:00:21","slug":"presidente-petro-celebra-la-caida-del-desempleo-al-82-en-noviembre-marcando-la-cifra-mas-baja-de-2024","status":"publish","type":"post","link":"https:\/\/ciudadyregion.com.co\/index.php\/presidente-petro-celebra-la-caida-del-desempleo-al-82-en-noviembre-marcando-la-cifra-mas-baja-de-2024\/economia\/","title":{"rendered":"Presidente Petro celebra la ca\u00edda del desempleo al 8,2% en noviembre, marcando la cifra m\u00e1s baja de 2024"},"content":{"rendered":"<p>El presidente Gustavo Petro destac\u00f3 en su\u00a0<strong><em>red social de X<\/em><\/strong>\u00a0el descenso del desempleo a 8,2% en el mes de noviembre de 2024 comparado con el 9% del mismo mes del a\u00f1o pasado.<\/p>\n<p>\u201cAhora un regalo de a\u00f1o nuevo. Tenemos la cifra de desempleo m\u00e1s baja para el mes de noviembre desde el a\u00f1o 2018. Desempleo en Colombia: 8,2%. Desempleo en las 13 m\u00e1s grandes ciudades: 8%. Desempleo en Medell\u00edn 7,4%\u00bb, escribi\u00f3 el jefe de Estado<\/p>\n<p>Y agreg\u00f3 en su trino: \u201cEl salario m\u00ednimo real subi\u00f3 en el 2024: 4,4% real y en contra de la tesis de los autodenominados \u201cexpertos\u00bb de la televisi\u00f3n privada y los jefes de gremios patronales, el desempleo no aument\u00f3, sino que baj\u00f3\u00bb.<\/p>\n<p>Y es que el informe de Mercado Laboral de noviembre de 2024 divulgado este viernes por el Departamento Administrativo Nacional de Estad\u00edstica (DANE) se\u00f1ala que el desempleo en Colombia continu\u00f3 descendiendo, y al cierre de noviembre pasado permiti\u00f3 que otras 420 mil personas consiguieron trabajo.<\/p>\n<p>La entidad explic\u00f3 que la tasa global de participaci\u00f3n nacional fue de 63,7%, mientras la del a\u00f1o pasado lleg\u00f3 a 64,1%, en tato la tasa de ocupaci\u00f3n fue 58,5% este a\u00f1o.<\/p>\n<p>Para las 13 ciudades del pa\u00eds y \u00e1reas metropolitanas, en el mismo mes la tasa de desempleo lleg\u00f3 a 8,0% frente al 8,7% del a\u00f1o pasado; la tasa global de participaci\u00f3n se ubic\u00f3 en 66,7% y la tasa de ocupaci\u00f3n en 61,4%.<\/p>\n<figure id=\"attachment_28511\" aria-describedby=\"caption-attachment-28511\" style=\"width: 1280px\" class=\"wp-caption alignnone\"><img data-recalc-dims=\"1\" loading=\"lazy\" decoding=\"async\" class=\"wp-image-28511 size-full\" src=\"https:\/\/i0.wp.com\/ciudadyregion.com.co\/wp-content\/uploads\/2024\/12\/241227-Presidente-Petro-celebra-la-caida-del-desempleo-al-8-2-porciento-1-1280.jpg?resize=1280%2C720&#038;ssl=1\" alt=\"\" width=\"1280\" height=\"720\" srcset=\"https:\/\/i0.wp.com\/ciudadyregion.com.co\/wp-content\/uploads\/2024\/12\/241227-Presidente-Petro-celebra-la-caida-del-desempleo-al-8-2-porciento-1-1280.jpg?w=1280&amp;ssl=1 1280w, https:\/\/i0.wp.com\/ciudadyregion.com.co\/wp-content\/uploads\/2024\/12\/241227-Presidente-Petro-celebra-la-caida-del-desempleo-al-8-2-porciento-1-1280.jpg?resize=300%2C169&amp;ssl=1 300w, https:\/\/i0.wp.com\/ciudadyregion.com.co\/wp-content\/uploads\/2024\/12\/241227-Presidente-Petro-celebra-la-caida-del-desempleo-al-8-2-porciento-1-1280.jpg?resize=1024%2C576&amp;ssl=1 1024w, https:\/\/i0.wp.com\/ciudadyregion.com.co\/wp-content\/uploads\/2024\/12\/241227-Presidente-Petro-celebra-la-caida-del-desempleo-al-8-2-porciento-1-1280.jpg?resize=768%2C432&amp;ssl=1 768w, https:\/\/i0.wp.com\/ciudadyregion.com.co\/wp-content\/uploads\/2024\/12\/241227-Presidente-Petro-celebra-la-caida-del-desempleo-al-8-2-porciento-1-1280.jpg?resize=465%2C262&amp;ssl=1 465w, https:\/\/i0.wp.com\/ciudadyregion.com.co\/wp-content\/uploads\/2024\/12\/241227-Presidente-Petro-celebra-la-caida-del-desempleo-al-8-2-porciento-1-1280.jpg?resize=695%2C391&amp;ssl=1 695w\" sizes=\"(max-width: 1280px) 100vw, 1280px\" \/><figcaption id=\"caption-attachment-28511\" class=\"wp-caption-text\"><\/em> \u00a0<\/figcaption><\/figure>\n","protected":false},"excerpt":{"rendered":"<p>El presidente Gustavo Petro destac\u00f3 en su\u00a0red social de X\u00a0el descenso del desempleo a 8,2% en el mes de noviembre de 2024 comparado con el 9% del mismo mes del a\u00f1o pasado. \u201cAhora un regalo de a\u00f1o nuevo. Tenemos la cifra de desempleo m\u00e1s baja para el mes de noviembre<span class=\"more-link\"><a href=\"https:\/\/ciudadyregion.com.co\/index.php\/presidente-petro-celebra-la-caida-del-desempleo-al-82-en-noviembre-marcando-la-cifra-mas-baja-de-2024\/economia\/\">Continuar Leyendo<\/a><\/span><\/p>\n","protected":false},"author":2,"featured_media":28512,"comment_status":"open","ping_status":"open","sticky":false,"template":"","format":"standard","meta":{"_uf_show_specific_survey":0,"_uf_disable_surveys":false,"_jetpack_memberships_contains_paid_content":false,"footnotes":"","jetpack_publicize_message":"","jetpack_publicize_feature_enabled":true,"jetpack_social_post_already_shared":true,"jetpack_social_options":{"image_generator_settings":{"template":"highway","enabled":false},"version":2}},"categories":[28],"tags":[],"class_list":["entry","author-diegoaguirre","post-28510","post","type-post","status-publish","format-standard","has-post-thumbnail","category-economia"],"jetpack_publicize_connections":[],"yoast_head":"<!-- This site is optimized with the Yoast SEO plugin v24.3 - https:\/\/yoast.com\/wordpress\/plugins\/seo\/ -->\n<title>Presidente Petro celebra la ca\u00edda del desempleo al 8,2% en noviembre, marcando la cifra m\u00e1s baja de 2024 - Ciudad y Region<\/title>\n<meta name=\"robots\" content=\"index, follow, max-snippet:-1, max-image-preview:large, max-video-preview:-1\" \/>\n<link rel=\"canonical\" href=\"https:\/\/ciudadyregion.com.co\/index.php\/presidente-petro-celebra-la-caida-del-desempleo-al-82-en-noviembre-marcando-la-cifra-mas-baja-de-2024\/economia\/\" \/>\n<meta property=\"og:locale\" content=\"es_ES\" \/>\n<meta property=\"og:type\" content=\"article\" \/>\n<meta property=\"og:title\" content=\"Presidente Petro celebra la ca\u00edda del desempleo al 8,2% en noviembre, marcando la cifra m\u00e1s baja de 2024 - Ciudad y Region\" \/>\n<meta property=\"og:description\" content=\"El presidente Gustavo Petro destac\u00f3 en su\u00a0red social de X\u00a0el descenso del desempleo a 8,2% en el mes de noviembre de 2024 comparado con el 9% del mismo mes del a\u00f1o pasado. \u201cAhora un regalo de a\u00f1o nuevo. Tenemos la cifra de desempleo m\u00e1s baja para el mes de noviembreContinuar Leyendo\" \/>\n<meta property=\"og:url\" content=\"https:\/\/ciudadyregion.com.co\/index.php\/presidente-petro-celebra-la-caida-del-desempleo-al-82-en-noviembre-marcando-la-cifra-mas-baja-de-2024\/economia\/\" \/>\n<meta property=\"og:site_name\" content=\"Ciudad y Region\" \/>\n<meta property=\"article:published_time\" content=\"2024-12-30T16:00:21+00:00\" \/>\n<meta property=\"og:image\" content=\"https:\/\/ciudadyregion.com.co\/wp-content\/uploads\/2024\/12\/3-2024-12-30T105821.126.jpg\" \/>\n\t<meta property=\"og:image:width\" content=\"800\" \/>\n\t<meta property=\"og:image:height\" content=\"445\" \/>\n\t<meta property=\"og:image:type\" content=\"image\/jpeg\" \/>\n<meta name=\"author\" content=\"David Andr\u00e9s Aguirre\" \/>\n<meta name=\"twitter:card\" content=\"summary_large_image\" \/>\n<meta name=\"twitter:label1\" content=\"Escrito por\" \/>\n\t<meta name=\"twitter:data1\" content=\"David Andr\u00e9s Aguirre\" \/>\n\t<meta name=\"twitter:label2\" content=\"Tiempo de lectura\" \/>\n\t<meta name=\"twitter:data2\" content=\"2 minutos\" \/>\n<script type=\"application\/ld+json\" class=\"yoast-schema-graph\">{\"@context\":\"https:\/\/schema.org\",\"@graph\":[{\"@type\":\"WebPage\",\"@id\":\"https:\/\/ciudadyregion.com.co\/index.php\/presidente-petro-celebra-la-caida-del-desempleo-al-82-en-noviembre-marcando-la-cifra-mas-baja-de-2024\/economia\/\",\"url\":\"https:\/\/ciudadyregion.com.co\/index.php\/presidente-petro-celebra-la-caida-del-desempleo-al-82-en-noviembre-marcando-la-cifra-mas-baja-de-2024\/economia\/\",\"name\":\"Presidente Petro celebra la ca\u00edda del desempleo al 8,2% en noviembre, marcando la cifra m\u00e1s baja de 2024 - Ciudad y Region\",\"isPartOf\":{\"@id\":\"https:\/\/ciudadyregion.com.co\/#website\"},\"primaryImageOfPage\":{\"@id\":\"https:\/\/ciudadyregion.com.co\/index.php\/presidente-petro-celebra-la-caida-del-desempleo-al-82-en-noviembre-marcando-la-cifra-mas-baja-de-2024\/economia\/#primaryimage\"},\"image\":{\"@id\":\"https:\/\/ciudadyregion.com.co\/index.php\/presidente-petro-celebra-la-caida-del-desempleo-al-82-en-noviembre-marcando-la-cifra-mas-baja-de-2024\/economia\/#primaryimage\"},\"thumbnailUrl\":\"https:\/\/i0.wp.com\/ciudadyregion.com.co\/wp-content\/uploads\/2024\/12\/3-2024-12-30T105821.126.jpg?fit=800%2C445&ssl=1\",\"datePublished\":\"2024-12-30T16:00:21+00:00\",\"dateModified\":\"2024-12-30T16:00:21+00:00\",\"author\":{\"@id\":\"https:\/\/ciudadyregion.com.co\/#\/schema\/person\/04a4954373ebc4051f46e8c65ff78622\"},\"breadcrumb\":{\"@id\":\"https:\/\/ciudadyregion.com.co\/index.php\/presidente-petro-celebra-la-caida-del-desempleo-al-82-en-noviembre-marcando-la-cifra-mas-baja-de-2024\/economia\/#breadcrumb\"},\"inLanguage\":\"es\",\"potentialAction\":[{\"@type\":\"ReadAction\",\"target\":[\"https:\/\/ciudadyregion.com.co\/index.php\/presidente-petro-celebra-la-caida-del-desempleo-al-82-en-noviembre-marcando-la-cifra-mas-baja-de-2024\/economia\/\"]}]},{\"@type\":\"ImageObject\",\"inLanguage\":\"es\",\"@id\":\"https:\/\/ciudadyregion.com.co\/index.php\/presidente-petro-celebra-la-caida-del-desempleo-al-82-en-noviembre-marcando-la-cifra-mas-baja-de-2024\/economia\/#primaryimage\",\"url\":\"https:\/\/i0.wp.com\/ciudadyregion.com.co\/wp-content\/uploads\/2024\/12\/3-2024-12-30T105821.126.jpg?fit=800%2C445&ssl=1\",\"contentUrl\":\"https:\/\/i0.wp.com\/ciudadyregion.com.co\/wp-content\/uploads\/2024\/12\/3-2024-12-30T105821.126.jpg?fit=800%2C445&ssl=1\",\"width\":800,\"height\":445},{\"@type\":\"BreadcrumbList\",\"@id\":\"https:\/\/ciudadyregion.com.co\/index.php\/presidente-petro-celebra-la-caida-del-desempleo-al-82-en-noviembre-marcando-la-cifra-mas-baja-de-2024\/economia\/#breadcrumb\",\"itemListElement\":[{\"@type\":\"ListItem\",\"position\":1,\"name\":\"Portada\",\"item\":\"https:\/\/ciudadyregion.com.co\/\"},{\"@type\":\"ListItem\",\"position\":2,\"name\":\"Presidente Petro celebra la ca\u00edda del desempleo al 8,2% en noviembre, marcando la cifra m\u00e1s baja de 2024\"}]},{\"@type\":\"WebSite\",\"@id\":\"https:\/\/ciudadyregion.com.co\/#website\",\"url\":\"https:\/\/ciudadyregion.com.co\/\",\"name\":\"Ciudad y Region\",\"description\":\"\",\"potentialAction\":[{\"@type\":\"SearchAction\",\"target\":{\"@type\":\"EntryPoint\",\"urlTemplate\":\"https:\/\/ciudadyregion.com.co\/?s={search_term_string}\"},\"query-input\":{\"@type\":\"PropertyValueSpecification\",\"valueRequired\":true,\"valueName\":\"search_term_string\"}}],\"inLanguage\":\"es\"},{\"@type\":\"Person\",\"@id\":\"https:\/\/ciudadyregion.com.co\/#\/schema\/person\/04a4954373ebc4051f46e8c65ff78622\",\"name\":\"David Andr\u00e9s Aguirre\",\"image\":{\"@type\":\"ImageObject\",\"inLanguage\":\"es\",\"@id\":\"https:\/\/ciudadyregion.com.co\/#\/schema\/person\/image\/\",\"url\":\"https:\/\/secure.gravatar.com\/avatar\/bc3c655860202182ee6d1b5edd042dbe?s=96&d=mm&r=g\",\"contentUrl\":\"https:\/\/secure.gravatar.com\/avatar\/bc3c655860202182ee6d1b5edd042dbe?s=96&d=mm&r=g\",\"caption\":\"David Andr\u00e9s Aguirre\"},\"url\":\"https:\/\/ciudadyregion.com.co\/index.php\/author\/diegoaguirre\/\"}]}<\/script>\n<!-- \/ Yoast SEO plugin. -->","yoast_head_json":{"title":"Presidente Petro celebra la ca\u00edda del desempleo al 8,2% en noviembre, marcando la cifra m\u00e1s baja de 2024 - Ciudad y Region","robots":{"index":"index","follow":"follow","max-snippet":"max-snippet:-1","max-image-preview":"max-image-preview:large","max-video-preview":"max-video-preview:-1"},"canonical":"https:\/\/ciudadyregion.com.co\/index.php\/presidente-petro-celebra-la-caida-del-desempleo-al-82-en-noviembre-marcando-la-cifra-mas-baja-de-2024\/economia\/","og_locale":"es_ES","og_type":"article","og_title":"Presidente Petro celebra la ca\u00edda del desempleo al 8,2% en noviembre, marcando la cifra m\u00e1s baja de 2024 - Ciudad y Region","og_description":"El presidente Gustavo Petro destac\u00f3 en su\u00a0red social de X\u00a0el descenso del desempleo a 8,2% en el mes de noviembre de 2024 comparado con el 9% del mismo mes del a\u00f1o pasado. \u201cAhora un regalo de a\u00f1o nuevo. Tenemos la cifra de desempleo m\u00e1s baja para el mes de noviembreContinuar Leyendo","og_url":"https:\/\/ciudadyregion.com.co\/index.php\/presidente-petro-celebra-la-caida-del-desempleo-al-82-en-noviembre-marcando-la-cifra-mas-baja-de-2024\/economia\/","og_site_name":"Ciudad y Region","article_published_time":"2024-12-30T16:00:21+00:00","og_image":[{"width":800,"height":445,"url":"https:\/\/ciudadyregion.com.co\/wp-content\/uploads\/2024\/12\/3-2024-12-30T105821.126.jpg","type":"image\/jpeg"}],"author":"David Andr\u00e9s Aguirre","twitter_card":"summary_large_image","twitter_misc":{"Escrito por":"David Andr\u00e9s Aguirre","Tiempo de lectura":"2 minutos"},"schema":{"@context":"https:\/\/schema.org","@graph":[{"@type":"WebPage","@id":"https:\/\/ciudadyregion.com.co\/index.php\/presidente-petro-celebra-la-caida-del-desempleo-al-82-en-noviembre-marcando-la-cifra-mas-baja-de-2024\/economia\/","url":"https:\/\/ciudadyregion.com.co\/index.php\/presidente-petro-celebra-la-caida-del-desempleo-al-82-en-noviembre-marcando-la-cifra-mas-baja-de-2024\/economia\/","name":"Presidente Petro celebra la ca\u00edda del desempleo al 8,2% en noviembre, marcando la cifra m\u00e1s baja de 2024 - Ciudad y Region","isPartOf":{"@id":"https:\/\/ciudadyregion.com.co\/#website"},"primaryImageOfPage":{"@id":"https:\/\/ciudadyregion.com.co\/index.php\/presidente-petro-celebra-la-caida-del-desempleo-al-82-en-noviembre-marcando-la-cifra-mas-baja-de-2024\/economia\/#primaryimage"},"image":{"@id":"https:\/\/ciudadyregion.com.co\/index.php\/presidente-petro-celebra-la-caida-del-desempleo-al-82-en-noviembre-marcando-la-cifra-mas-baja-de-2024\/economia\/#primaryimage"},"thumbnailUrl":"https:\/\/i0.wp.com\/ciudadyregion.com.co\/wp-content\/uploads\/2024\/12\/3-2024-12-30T105821.126.jpg?fit=800%2C445&ssl=1","datePublished":"2024-12-30T16:00:21+00:00","dateModified":"2024-12-30T16:00:21+00:00","author":{"@id":"https:\/\/ciudadyregion.com.co\/#\/schema\/person\/04a4954373ebc4051f46e8c65ff78622"},"breadcrumb":{"@id":"https:\/\/ciudadyregion.com.co\/index.php\/presidente-petro-celebra-la-caida-del-desempleo-al-82-en-noviembre-marcando-la-cifra-mas-baja-de-2024\/economia\/#breadcrumb"},"inLanguage":"es","potentialAction":[{"@type":"ReadAction","target":["https:\/\/ciudadyregion.com.co\/index.php\/presidente-petro-celebra-la-caida-del-desempleo-al-82-en-noviembre-marcando-la-cifra-mas-baja-de-2024\/economia\/"]}]},{"@type":"ImageObject","inLanguage":"es","@id":"https:\/\/ciudadyregion.com.co\/index.php\/presidente-petro-celebra-la-caida-del-desempleo-al-82-en-noviembre-marcando-la-cifra-mas-baja-de-2024\/economia\/#primaryimage","url":"https:\/\/i0.wp.com\/ciudadyregion.com.co\/wp-content\/uploads\/2024\/12\/3-2024-12-30T105821.126.jpg?fit=800%2C445&ssl=1","contentUrl":"https:\/\/i0.wp.com\/ciudadyregion.com.co\/wp-content\/uploads\/2024\/12\/3-2024-12-30T105821.126.jpg?fit=800%2C445&ssl=1","width":800,"height":445},{"@type":"BreadcrumbList","@id":"https:\/\/ciudadyregion.com.co\/index.php\/presidente-petro-celebra-la-caida-del-desempleo-al-82-en-noviembre-marcando-la-cifra-mas-baja-de-2024\/economia\/#breadcrumb","itemListElement":[{"@type":"ListItem","position":1,"name":"Portada","item":"https:\/\/ciudadyregion.com.co\/"},{"@type":"ListItem","position":2,"name":"Presidente Petro celebra la ca\u00edda del desempleo al 8,2% en noviembre, marcando la cifra m\u00e1s baja de 2024"}]},{"@type":"WebSite","@id":"https:\/\/ciudadyregion.com.co\/#website","url":"https:\/\/ciudadyregion.com.co\/","name":"Ciudad y Region","description":"","potentialAction":[{"@type":"SearchAction","target":{"@type":"EntryPoint","urlTemplate":"https:\/\/ciudadyregion.com.co\/?s={search_term_string}"},"query-input":{"@type":"PropertyValueSpecification","valueRequired":true,"valueName":"search_term_string"}}],"inLanguage":"es"},{"@type":"Person","@id":"https:\/\/ciudadyregion.com.co\/#\/schema\/person\/04a4954373ebc4051f46e8c65ff78622","name":"David Andr\u00e9s Aguirre","image":{"@type":"ImageObject","inLanguage":"es","@id":"https:\/\/ciudadyregion.com.co\/#\/schema\/person\/image\/","url":"https:\/\/secure.gravatar.com\/avatar\/bc3c655860202182ee6d1b5edd042dbe?s=96&d=mm&r=g","contentUrl":"https:\/\/secure.gravatar.com\/avatar\/bc3c655860202182ee6d1b5edd042dbe?s=96&d=mm&r=g","caption":"David Andr\u00e9s Aguirre"},"url":"https:\/\/ciudadyregion.com.co\/index.php\/author\/diegoaguirre\/"}]}},"jetpack_featured_media_url":"https:\/\/i0.wp.com\/ciudadyregion.com.co\/wp-content\/uploads\/2024\/12\/3-2024-12-30T105821.126.jpg?fit=800%2C445&ssl=1","jetpack_sharing_enabled":true,"jetpack_shortlink":"https:\/\/wp.me\/pbS7hh-7pQ","jetpack-related-posts":[],"_links":{"self":[{"href":"https:\/\/ciudadyregion.com.co\/index.php\/wp-json\/wp\/v2\/posts\/28510"}],"collection":[{"href":"https:\/\/ciudadyregion.com.co\/index.php\/wp-json\/wp\/v2\/posts"}],"about":[{"href":"https:\/\/ciudadyregion.com.co\/index.php\/wp-json\/wp\/v2\/types\/post"}],"author":[{"embeddable":true,"href":"https:\/\/ciudadyregion.com.co\/index.php\/wp-json\/wp\/v2\/users\/2"}],"replies":[{"embeddable":true,"href":"https:\/\/ciudadyregion.com.co\/index.php\/wp-json\/wp\/v2\/comments?post=28510"}],"version-history":[{"count":1,"href":"https:\/\/ciudadyregion.com.co\/index.php\/wp-json\/wp\/v2\/posts\/28510\/revisions"}],"predecessor-version":[{"id":28513,"href":"https:\/\/ciudadyregion.com.co\/index.php\/wp-json\/wp\/v2\/posts\/28510\/revisions\/28513"}],"wp:featuredmedia":[{"embeddable":true,"href":"https:\/\/ciudadyregion.com.co\/index.php\/wp-json\/wp\/v2\/media\/28512"}],"wp:attachment":[{"href":"https:\/\/ciudadyregion.com.co\/index.php\/wp-json\/wp\/v2\/media?parent=28510"}],"wp:term":[{"taxonomy":"category","embeddable":true,"href":"https:\/\/ciudadyregion.com.co\/index.php\/wp-json\/wp\/v2\/categories?post=28510"},{"taxonomy":"post_tag","embeddable":true,"href":"https:\/\/ciudadyregion.com.co\/index.php\/wp-json\/wp\/v2\/tags?post=28510"}],"curies":[{"name":"wp","href":"https:\/\/api.w.org\/{rel}","templated":true}]}}