{"id":28251,"date":"2024-12-26T08:13:12","date_gmt":"2024-12-26T13:13:12","guid":{"rendered":"https:\/\/ciudadyregion.com.co\/?p=28251"},"modified":"2024-12-26T08:13:12","modified_gmt":"2024-12-26T13:13:12","slug":"desde-los-primeros-dias-de-enero-iniciamos-en-ibague-el-tour-de-las-obras-2-gobernadora-adriana-matiz","status":"publish","type":"post","link":"https:\/\/ciudadyregion.com.co\/index.php\/desde-los-primeros-dias-de-enero-iniciamos-en-ibague-el-tour-de-las-obras-2-gobernadora-adriana-matiz\/regional\/","title":{"rendered":"\u201cDesde los primeros d\u00edas de enero iniciamos, en Ibagu\u00e9, el Tour de las Obras 2\u201d: gobernadora Adriana Matiz"},"content":{"rendered":"<ul>\n<li><em><strong>Mandataria de los tolimenses anuncia que al iniciar el 2025 entregar\u00e1 el Coliseo Menor de la calle 42 en la Capital Musical de Colombia.<\/strong><\/em><\/li>\n<\/ul>\n<blockquote><p>\u201dEste a\u00f1o ha sido un a\u00f1o de mucho trabajo, pero lo que viene en el 2025 va a ser de much\u00edsimo m\u00e1s trabajo por Ibagu\u00e9 y por el Tolima\u201d, asever\u00f3 la gobernadora en un multitudinario evento con dirigentes comunales.<\/p><\/blockquote>\n<p>En medio de un multitudinario evento con la dirigencia comunal de las 13 comunas de Ibagu\u00e9, la gobernadora Adriana Magali Matiz adelant\u00f3 apartes de su derrotero de acciones en el 2025 y recapitul\u00f3 algunos de sus logros significativos durante el a\u00f1o que termina.<\/p>\n<blockquote><p>\u201cYo hoy frente frente a ustedes los miro a los ojos y les digo que aqu\u00ed est\u00e1 su gobernadora cumpli\u00e9ndole a Ibagu\u00e9 y al Tolima; dici\u00e9ndoles que es con hechos, que es con realidades, no con discursos, el tiempo de los discursos pas\u00f3, las palabras se las lleva el viento, los hechos y las acciones son las que quedan y eso es lo que he demostrado este a\u00f1o. Ha sido un a\u00f1o de mucho trabajo, pero lo que viene en el 2025 va a ser de much\u00edsimo m\u00e1s trabajo por Ibagu\u00e9 y por el Tolima\u201d, asever\u00f3 la gobernadora.<\/p><\/blockquote>\n<p>Seguidamente, Adriana Matiz repas\u00f3 algunas de las obras que iniciaron en este 2024 y que avanzan, satisfactoriamente, como la pavimentaci\u00f3n y mejoramiento de la v\u00eda Prado-Dolores-Alpujarra, el puente de Palobayo en la v\u00eda Ambalema, la pavimentaci\u00f3n de la v\u00eda San Sebasti\u00e1n de Mariquita-Victoria y otros ejes viales que est\u00e1n en procesos licitatorios.<\/p>\n<blockquote><p>\u201cAc\u00e1 en Ibagu\u00e9 logramos entregar el Complejo Acu\u00e1tico en el Parque Deportivo, terminamos esa obra a cabalidad. Estamos recibiendo el Coliseo Menor en la Unidad Deportiva de la 42, un complejo que le v\u00e1 a servir a varias ligas, a la liga de tenis de mesa, a la liga de f\u00fatbol de sal\u00f3n, a la liga de baloncesto, a la liga de gimnasia; todos ellos van a poder utilizar esas instalaciones, qued\u00f3 bell\u00edsimo, el primero de enero, si Dios quiere, estoy ah\u00ed en el Coliseo Menor iniciando el Tour de las Obras 2; pero, adem\u00e1s de eso tenemos en licitaci\u00f3n los 13 polideportivos que vamos a intervenir ac\u00e1 en la ciudad de Ibagu\u00e9, en las diferentes comunas\u201d, inform\u00f3 la gobernadora del Tolima.<\/p><\/blockquote>\n","protected":false},"excerpt":{"rendered":"<p>Mandataria de los tolimenses anuncia que al iniciar el 2025 entregar\u00e1 el Coliseo Menor de la calle 42 en la Capital Musical de Colombia. \u201dEste a\u00f1o ha sido un a\u00f1o de mucho trabajo, pero lo que viene en el 2025 va a ser de much\u00edsimo m\u00e1s trabajo por Ibagu\u00e9 y<span class=\"more-link\"><a href=\"https:\/\/ciudadyregion.com.co\/index.php\/desde-los-primeros-dias-de-enero-iniciamos-en-ibague-el-tour-de-las-obras-2-gobernadora-adriana-matiz\/regional\/\">Continuar Leyendo<\/a><\/span><\/p>\n","protected":false},"author":2,"featured_media":28252,"comment_status":"open","ping_status":"open","sticky":false,"template":"","format":"standard","meta":{"_uf_show_specific_survey":0,"_uf_disable_surveys":false,"_jetpack_memberships_contains_paid_content":false,"footnotes":"","jetpack_publicize_message":"","jetpack_publicize_feature_enabled":true,"jetpack_social_post_already_shared":true,"jetpack_social_options":{"image_generator_settings":{"template":"highway","enabled":false},"version":2}},"categories":[13],"tags":[],"class_list":["entry","author-diegoaguirre","post-28251","post","type-post","status-publish","format-standard","has-post-thumbnail","category-regional"],"jetpack_publicize_connections":[],"yoast_head":"<!-- This site is optimized with the Yoast SEO plugin v24.3 - https:\/\/yoast.com\/wordpress\/plugins\/seo\/ -->\n<title>\u201cDesde los primeros d\u00edas de enero iniciamos, en Ibagu\u00e9, el Tour de las Obras 2\u201d: gobernadora Adriana Matiz - Ciudad y Region<\/title>\n<meta name=\"robots\" content=\"index, follow, max-snippet:-1, max-image-preview:large, max-video-preview:-1\" \/>\n<link rel=\"canonical\" href=\"https:\/\/ciudadyregion.com.co\/index.php\/desde-los-primeros-dias-de-enero-iniciamos-en-ibague-el-tour-de-las-obras-2-gobernadora-adriana-matiz\/regional\/\" \/>\n<meta property=\"og:locale\" content=\"es_ES\" \/>\n<meta property=\"og:type\" content=\"article\" \/>\n<meta property=\"og:title\" content=\"\u201cDesde los primeros d\u00edas de enero iniciamos, en Ibagu\u00e9, el Tour de las Obras 2\u201d: gobernadora Adriana Matiz - Ciudad y Region\" \/>\n<meta property=\"og:description\" content=\"Mandataria de los tolimenses anuncia que al iniciar el 2025 entregar\u00e1 el Coliseo Menor de la calle 42 en la Capital Musical de Colombia. \u201dEste a\u00f1o ha sido un a\u00f1o de mucho trabajo, pero lo que viene en el 2025 va a ser de much\u00edsimo m\u00e1s trabajo por Ibagu\u00e9 yContinuar Leyendo\" \/>\n<meta property=\"og:url\" content=\"https:\/\/ciudadyregion.com.co\/index.php\/desde-los-primeros-dias-de-enero-iniciamos-en-ibague-el-tour-de-las-obras-2-gobernadora-adriana-matiz\/regional\/\" \/>\n<meta property=\"og:site_name\" content=\"Ciudad y Region\" \/>\n<meta property=\"article:published_time\" content=\"2024-12-26T13:13:12+00:00\" \/>\n<meta property=\"og:image\" content=\"https:\/\/ciudadyregion.com.co\/wp-content\/uploads\/2024\/12\/3-2024-12-26T081050.425.jpg\" \/>\n\t<meta property=\"og:image:width\" content=\"800\" \/>\n\t<meta property=\"og:image:height\" content=\"445\" \/>\n\t<meta property=\"og:image:type\" content=\"image\/jpeg\" \/>\n<meta name=\"author\" content=\"David Andr\u00e9s Aguirre\" \/>\n<meta name=\"twitter:card\" content=\"summary_large_image\" \/>\n<meta name=\"twitter:label1\" content=\"Escrito por\" \/>\n\t<meta name=\"twitter:data1\" content=\"David Andr\u00e9s Aguirre\" \/>\n\t<meta name=\"twitter:label2\" content=\"Tiempo de lectura\" \/>\n\t<meta name=\"twitter:data2\" content=\"1 minuto\" \/>\n<script type=\"application\/ld+json\" class=\"yoast-schema-graph\">{\"@context\":\"https:\/\/schema.org\",\"@graph\":[{\"@type\":\"WebPage\",\"@id\":\"https:\/\/ciudadyregion.com.co\/index.php\/desde-los-primeros-dias-de-enero-iniciamos-en-ibague-el-tour-de-las-obras-2-gobernadora-adriana-matiz\/regional\/\",\"url\":\"https:\/\/ciudadyregion.com.co\/index.php\/desde-los-primeros-dias-de-enero-iniciamos-en-ibague-el-tour-de-las-obras-2-gobernadora-adriana-matiz\/regional\/\",\"name\":\"\u201cDesde los primeros d\u00edas de enero iniciamos, en Ibagu\u00e9, el Tour de las Obras 2\u201d: gobernadora Adriana Matiz - Ciudad y Region\",\"isPartOf\":{\"@id\":\"https:\/\/ciudadyregion.com.co\/#website\"},\"primaryImageOfPage\":{\"@id\":\"https:\/\/ciudadyregion.com.co\/index.php\/desde-los-primeros-dias-de-enero-iniciamos-en-ibague-el-tour-de-las-obras-2-gobernadora-adriana-matiz\/regional\/#primaryimage\"},\"image\":{\"@id\":\"https:\/\/ciudadyregion.com.co\/index.php\/desde-los-primeros-dias-de-enero-iniciamos-en-ibague-el-tour-de-las-obras-2-gobernadora-adriana-matiz\/regional\/#primaryimage\"},\"thumbnailUrl\":\"https:\/\/i0.wp.com\/ciudadyregion.com.co\/wp-content\/uploads\/2024\/12\/3-2024-12-26T081050.425.jpg?fit=800%2C445&ssl=1\",\"datePublished\":\"2024-12-26T13:13:12+00:00\",\"dateModified\":\"2024-12-26T13:13:12+00:00\",\"author\":{\"@id\":\"https:\/\/ciudadyregion.com.co\/#\/schema\/person\/04a4954373ebc4051f46e8c65ff78622\"},\"breadcrumb\":{\"@id\":\"https:\/\/ciudadyregion.com.co\/index.php\/desde-los-primeros-dias-de-enero-iniciamos-en-ibague-el-tour-de-las-obras-2-gobernadora-adriana-matiz\/regional\/#breadcrumb\"},\"inLanguage\":\"es\",\"potentialAction\":[{\"@type\":\"ReadAction\",\"target\":[\"https:\/\/ciudadyregion.com.co\/index.php\/desde-los-primeros-dias-de-enero-iniciamos-en-ibague-el-tour-de-las-obras-2-gobernadora-adriana-matiz\/regional\/\"]}]},{\"@type\":\"ImageObject\",\"inLanguage\":\"es\",\"@id\":\"https:\/\/ciudadyregion.com.co\/index.php\/desde-los-primeros-dias-de-enero-iniciamos-en-ibague-el-tour-de-las-obras-2-gobernadora-adriana-matiz\/regional\/#primaryimage\",\"url\":\"https:\/\/i0.wp.com\/ciudadyregion.com.co\/wp-content\/uploads\/2024\/12\/3-2024-12-26T081050.425.jpg?fit=800%2C445&ssl=1\",\"contentUrl\":\"https:\/\/i0.wp.com\/ciudadyregion.com.co\/wp-content\/uploads\/2024\/12\/3-2024-12-26T081050.425.jpg?fit=800%2C445&ssl=1\",\"width\":800,\"height\":445},{\"@type\":\"BreadcrumbList\",\"@id\":\"https:\/\/ciudadyregion.com.co\/index.php\/desde-los-primeros-dias-de-enero-iniciamos-en-ibague-el-tour-de-las-obras-2-gobernadora-adriana-matiz\/regional\/#breadcrumb\",\"itemListElement\":[{\"@type\":\"ListItem\",\"position\":1,\"name\":\"Portada\",\"item\":\"https:\/\/ciudadyregion.com.co\/\"},{\"@type\":\"ListItem\",\"position\":2,\"name\":\"\u201cDesde los primeros d\u00edas de enero iniciamos, en Ibagu\u00e9, el Tour de las Obras 2\u201d: gobernadora Adriana Matiz\"}]},{\"@type\":\"WebSite\",\"@id\":\"https:\/\/ciudadyregion.com.co\/#website\",\"url\":\"https:\/\/ciudadyregion.com.co\/\",\"name\":\"Ciudad y Region\",\"description\":\"\",\"potentialAction\":[{\"@type\":\"SearchAction\",\"target\":{\"@type\":\"EntryPoint\",\"urlTemplate\":\"https:\/\/ciudadyregion.com.co\/?s={search_term_string}\"},\"query-input\":{\"@type\":\"PropertyValueSpecification\",\"valueRequired\":true,\"valueName\":\"search_term_string\"}}],\"inLanguage\":\"es\"},{\"@type\":\"Person\",\"@id\":\"https:\/\/ciudadyregion.com.co\/#\/schema\/person\/04a4954373ebc4051f46e8c65ff78622\",\"name\":\"David Andr\u00e9s Aguirre\",\"image\":{\"@type\":\"ImageObject\",\"inLanguage\":\"es\",\"@id\":\"https:\/\/ciudadyregion.com.co\/#\/schema\/person\/image\/\",\"url\":\"https:\/\/secure.gravatar.com\/avatar\/bc3c655860202182ee6d1b5edd042dbe?s=96&d=mm&r=g\",\"contentUrl\":\"https:\/\/secure.gravatar.com\/avatar\/bc3c655860202182ee6d1b5edd042dbe?s=96&d=mm&r=g\",\"caption\":\"David Andr\u00e9s Aguirre\"},\"url\":\"https:\/\/ciudadyregion.com.co\/index.php\/author\/diegoaguirre\/\"}]}<\/script>\n<!-- \/ Yoast SEO plugin. -->","yoast_head_json":{"title":"\u201cDesde los primeros d\u00edas de enero iniciamos, en Ibagu\u00e9, el Tour de las Obras 2\u201d: gobernadora Adriana Matiz - Ciudad y Region","robots":{"index":"index","follow":"follow","max-snippet":"max-snippet:-1","max-image-preview":"max-image-preview:large","max-video-preview":"max-video-preview:-1"},"canonical":"https:\/\/ciudadyregion.com.co\/index.php\/desde-los-primeros-dias-de-enero-iniciamos-en-ibague-el-tour-de-las-obras-2-gobernadora-adriana-matiz\/regional\/","og_locale":"es_ES","og_type":"article","og_title":"\u201cDesde los primeros d\u00edas de enero iniciamos, en Ibagu\u00e9, el Tour de las Obras 2\u201d: gobernadora Adriana Matiz - Ciudad y Region","og_description":"Mandataria de los tolimenses anuncia que al iniciar el 2025 entregar\u00e1 el Coliseo Menor de la calle 42 en la Capital Musical de Colombia. \u201dEste a\u00f1o ha sido un a\u00f1o de mucho trabajo, pero lo que viene en el 2025 va a ser de much\u00edsimo m\u00e1s trabajo por Ibagu\u00e9 yContinuar Leyendo","og_url":"https:\/\/ciudadyregion.com.co\/index.php\/desde-los-primeros-dias-de-enero-iniciamos-en-ibague-el-tour-de-las-obras-2-gobernadora-adriana-matiz\/regional\/","og_site_name":"Ciudad y Region","article_published_time":"2024-12-26T13:13:12+00:00","og_image":[{"width":800,"height":445,"url":"https:\/\/ciudadyregion.com.co\/wp-content\/uploads\/2024\/12\/3-2024-12-26T081050.425.jpg","type":"image\/jpeg"}],"author":"David Andr\u00e9s Aguirre","twitter_card":"summary_large_image","twitter_misc":{"Escrito por":"David Andr\u00e9s Aguirre","Tiempo de lectura":"1 minuto"},"schema":{"@context":"https:\/\/schema.org","@graph":[{"@type":"WebPage","@id":"https:\/\/ciudadyregion.com.co\/index.php\/desde-los-primeros-dias-de-enero-iniciamos-en-ibague-el-tour-de-las-obras-2-gobernadora-adriana-matiz\/regional\/","url":"https:\/\/ciudadyregion.com.co\/index.php\/desde-los-primeros-dias-de-enero-iniciamos-en-ibague-el-tour-de-las-obras-2-gobernadora-adriana-matiz\/regional\/","name":"\u201cDesde los primeros d\u00edas de enero iniciamos, en Ibagu\u00e9, el Tour de las Obras 2\u201d: gobernadora Adriana Matiz - Ciudad y Region","isPartOf":{"@id":"https:\/\/ciudadyregion.com.co\/#website"},"primaryImageOfPage":{"@id":"https:\/\/ciudadyregion.com.co\/index.php\/desde-los-primeros-dias-de-enero-iniciamos-en-ibague-el-tour-de-las-obras-2-gobernadora-adriana-matiz\/regional\/#primaryimage"},"image":{"@id":"https:\/\/ciudadyregion.com.co\/index.php\/desde-los-primeros-dias-de-enero-iniciamos-en-ibague-el-tour-de-las-obras-2-gobernadora-adriana-matiz\/regional\/#primaryimage"},"thumbnailUrl":"https:\/\/i0.wp.com\/ciudadyregion.com.co\/wp-content\/uploads\/2024\/12\/3-2024-12-26T081050.425.jpg?fit=800%2C445&ssl=1","datePublished":"2024-12-26T13:13:12+00:00","dateModified":"2024-12-26T13:13:12+00:00","author":{"@id":"https:\/\/ciudadyregion.com.co\/#\/schema\/person\/04a4954373ebc4051f46e8c65ff78622"},"breadcrumb":{"@id":"https:\/\/ciudadyregion.com.co\/index.php\/desde-los-primeros-dias-de-enero-iniciamos-en-ibague-el-tour-de-las-obras-2-gobernadora-adriana-matiz\/regional\/#breadcrumb"},"inLanguage":"es","potentialAction":[{"@type":"ReadAction","target":["https:\/\/ciudadyregion.com.co\/index.php\/desde-los-primeros-dias-de-enero-iniciamos-en-ibague-el-tour-de-las-obras-2-gobernadora-adriana-matiz\/regional\/"]}]},{"@type":"ImageObject","inLanguage":"es","@id":"https:\/\/ciudadyregion.com.co\/index.php\/desde-los-primeros-dias-de-enero-iniciamos-en-ibague-el-tour-de-las-obras-2-gobernadora-adriana-matiz\/regional\/#primaryimage","url":"https:\/\/i0.wp.com\/ciudadyregion.com.co\/wp-content\/uploads\/2024\/12\/3-2024-12-26T081050.425.jpg?fit=800%2C445&ssl=1","contentUrl":"https:\/\/i0.wp.com\/ciudadyregion.com.co\/wp-content\/uploads\/2024\/12\/3-2024-12-26T081050.425.jpg?fit=800%2C445&ssl=1","width":800,"height":445},{"@type":"BreadcrumbList","@id":"https:\/\/ciudadyregion.com.co\/index.php\/desde-los-primeros-dias-de-enero-iniciamos-en-ibague-el-tour-de-las-obras-2-gobernadora-adriana-matiz\/regional\/#breadcrumb","itemListElement":[{"@type":"ListItem","position":1,"name":"Portada","item":"https:\/\/ciudadyregion.com.co\/"},{"@type":"ListItem","position":2,"name":"\u201cDesde los primeros d\u00edas de enero iniciamos, en Ibagu\u00e9, el Tour de las Obras 2\u201d: gobernadora Adriana Matiz"}]},{"@type":"WebSite","@id":"https:\/\/ciudadyregion.com.co\/#website","url":"https:\/\/ciudadyregion.com.co\/","name":"Ciudad y Region","description":"","potentialAction":[{"@type":"SearchAction","target":{"@type":"EntryPoint","urlTemplate":"https:\/\/ciudadyregion.com.co\/?s={search_term_string}"},"query-input":{"@type":"PropertyValueSpecification","valueRequired":true,"valueName":"search_term_string"}}],"inLanguage":"es"},{"@type":"Person","@id":"https:\/\/ciudadyregion.com.co\/#\/schema\/person\/04a4954373ebc4051f46e8c65ff78622","name":"David Andr\u00e9s Aguirre","image":{"@type":"ImageObject","inLanguage":"es","@id":"https:\/\/ciudadyregion.com.co\/#\/schema\/person\/image\/","url":"https:\/\/secure.gravatar.com\/avatar\/bc3c655860202182ee6d1b5edd042dbe?s=96&d=mm&r=g","contentUrl":"https:\/\/secure.gravatar.com\/avatar\/bc3c655860202182ee6d1b5edd042dbe?s=96&d=mm&r=g","caption":"David Andr\u00e9s Aguirre"},"url":"https:\/\/ciudadyregion.com.co\/index.php\/author\/diegoaguirre\/"}]}},"jetpack_featured_media_url":"https:\/\/i0.wp.com\/ciudadyregion.com.co\/wp-content\/uploads\/2024\/12\/3-2024-12-26T081050.425.jpg?fit=800%2C445&ssl=1","jetpack_sharing_enabled":true,"jetpack_shortlink":"https:\/\/wp.me\/pbS7hh-7lF","jetpack-related-posts":[],"_links":{"self":[{"href":"https:\/\/ciudadyregion.com.co\/index.php\/wp-json\/wp\/v2\/posts\/28251"}],"collection":[{"href":"https:\/\/ciudadyregion.com.co\/index.php\/wp-json\/wp\/v2\/posts"}],"about":[{"href":"https:\/\/ciudadyregion.com.co\/index.php\/wp-json\/wp\/v2\/types\/post"}],"author":[{"embeddable":true,"href":"https:\/\/ciudadyregion.com.co\/index.php\/wp-json\/wp\/v2\/users\/2"}],"replies":[{"embeddable":true,"href":"https:\/\/ciudadyregion.com.co\/index.php\/wp-json\/wp\/v2\/comments?post=28251"}],"version-history":[{"count":1,"href":"https:\/\/ciudadyregion.com.co\/index.php\/wp-json\/wp\/v2\/posts\/28251\/revisions"}],"predecessor-version":[{"id":28253,"href":"https:\/\/ciudadyregion.com.co\/index.php\/wp-json\/wp\/v2\/posts\/28251\/revisions\/28253"}],"wp:featuredmedia":[{"embeddable":true,"href":"https:\/\/ciudadyregion.com.co\/index.php\/wp-json\/wp\/v2\/media\/28252"}],"wp:attachment":[{"href":"https:\/\/ciudadyregion.com.co\/index.php\/wp-json\/wp\/v2\/media?parent=28251"}],"wp:term":[{"taxonomy":"category","embeddable":true,"href":"https:\/\/ciudadyregion.com.co\/index.php\/wp-json\/wp\/v2\/categories?post=28251"},{"taxonomy":"post_tag","embeddable":true,"href":"https:\/\/ciudadyregion.com.co\/index.php\/wp-json\/wp\/v2\/tags?post=28251"}],"curies":[{"name":"wp","href":"https:\/\/api.w.org\/{rel}","templated":true}]}}