{"id":28244,"date":"2024-12-26T08:06:26","date_gmt":"2024-12-26T13:06:26","guid":{"rendered":"https:\/\/ciudadyregion.com.co\/?p=28244"},"modified":"2024-12-26T08:06:26","modified_gmt":"2024-12-26T13:06:26","slug":"la-navidad-le-llego-a-10-comerciantes-damnificados-de-la-calle-19-de-ibague","status":"publish","type":"post","link":"https:\/\/ciudadyregion.com.co\/index.php\/la-navidad-le-llego-a-10-comerciantes-damnificados-de-la-calle-19-de-ibague\/regional\/","title":{"rendered":"La Navidad le lleg\u00f3 a 10 comerciantes damnificados de la calle 19 de Ibagu\u00e9"},"content":{"rendered":"<ul>\n<li><em><strong>En un convenio entre la Secretaria de Desarrollo Econ\u00f3mico del Tolima y la C\u00e1mara de Comercio de Ibagu\u00e9 se logr\u00f3 est\u00e1 entrega de carta cheques.<\/strong><\/em><\/li>\n<\/ul>\n<p>La Gobernaci\u00f3n del Tolima, a trav\u00e9s de la Secretar\u00eda de Desarrollo Econ\u00f3mico, y la C\u00e1mara de Comercio de Ibagu\u00e9, realizaron un proceso de seleccion de microempresas y PYMES que se vieron afectadas por el incendio estructural en la calle 19.<\/p>\n<p>Diez de ellos recibir\u00e1n los beneficios contemplados en el convenio, los cuales incluyen la entrega de capital semilla en especie y la participaci\u00f3n en programas de capacitaci\u00f3n empresarial.<\/p>\n<p>Luis Alberto C\u00e1rdenas, director de Desarrollo Minero Energ\u00e9tico de la Secretaria de Desarrollo Econ\u00f3mico del Tolima, afirm\u00f3: \u201cHoy queremos darle una noticia muy especial a nuestros queridos amigos, empresarios afectados por el incendio de la calle 19 hace unos meses\u201d.<\/p>\n<blockquote><p>\u201cEn una alianza estrat\u00e9gica con la Gobernaci\u00f3n del Tolima y la C\u00e1mara de Comercio de Ibagu\u00e9 hemos unido esfuerzos para destinar unos recursos muy importantes para tratar de ayudar y mitigar un poco este impacto econ\u00f3mico tan terrible que han tenido nuestros comerciantes\u201d, agreg\u00f3.<\/p><\/blockquote>\n<p>Diez empresarios beneficiarios, de los cuales seis son microempresarios y cuatro peque\u00f1os empresarios recibieron las carta-cheques.<\/p>\n<p>La metodolog\u00eda utilizada para el presente proceso de selecci\u00f3n fue dise\u00f1ada con el prop\u00f3sito de priorizar a las personas m\u00e1s vulnerables, aquellas que presentan condiciones transversales de discriminaci\u00f3n y\/o vulnerabilidad, tanto econ\u00f3mica como social.<\/p>\n<p>Este enfoque garantiza que los beneficios del programa lleguen a quienes enfrentan mayores barreras para la reactivaci\u00f3n de sus negocios, aline\u00e1ndose con los principios de equidad y justicia social que persiguen tanto la Gobernaci\u00f3n del Tolima como la C\u00e1mara de Comercio de Ibagu\u00e9.<\/p>\n<p>Carlos Hernando Enciso, presidente de la C\u00e1mara de Comercio de Ibagu\u00e9: asever\u00f3:<\/p>\n<blockquote><p>\u00abEstamos muy complacidos de hacer nuevamente equipo con la se\u00f1ora gobernadora del departamento del tolima y su gabinete, en este caso con la Secretar\u00eda de Desarrollo Econ\u00f3mico, estamos haciendo, realizando un convenio para apoyar a los empresarios afectados por el incendio de la calle 19 que sucedi\u00f3 el 16 de agosto\u201d.<\/p><\/blockquote>\n<p>Leidy Carolina L\u00f3pez, gerente de Fibras la Cuarta WYC, refiri\u00f3:<\/p>\n<blockquote><p>\u201cYo fui una de las afectadas del incendio de la cuarta, estoy muy agradecida con la gobernadora y con la C\u00e1mara de Comercio; no me esperaba esta gran sorpresa de estos $7 millones pues es una bendici\u00f3n para nosotros, necesitamos comprar mercanc\u00eda y volver a levantarnos y vamos con toda la fe y muchas gracias\u201d.<\/p><\/blockquote>\n<p>Los emprendimientos beneficiarios son: Supermercado Mercalider, Dep\u00f3sito y Trilladora La Primavera, Proveedor de Tiendas Pipo, Almac\u00e9n y Dep\u00f3sito Pipo, Muebles Carvajal, Distribuidora Surtimax, Maderas y R\u00fasticos Campos, Muebles Garz\u00f3n Arte y Calidad, Fibras La Cuarta W Y C, Dep\u00f3sito de Papa El Porvenir y Muebles y Carpinter\u00eda Jhonson Rodr\u00edguez.<\/p>\n","protected":false},"excerpt":{"rendered":"<p>En un convenio entre la Secretaria de Desarrollo Econ\u00f3mico del Tolima y la C\u00e1mara de Comercio de Ibagu\u00e9 se logr\u00f3 est\u00e1 entrega de carta cheques. La Gobernaci\u00f3n del Tolima, a trav\u00e9s de la Secretar\u00eda de Desarrollo Econ\u00f3mico, y la C\u00e1mara de Comercio de Ibagu\u00e9, realizaron un proceso de seleccion de<span class=\"more-link\"><a href=\"https:\/\/ciudadyregion.com.co\/index.php\/la-navidad-le-llego-a-10-comerciantes-damnificados-de-la-calle-19-de-ibague\/regional\/\">Continuar Leyendo<\/a><\/span><\/p>\n","protected":false},"author":2,"featured_media":28245,"comment_status":"open","ping_status":"open","sticky":false,"template":"","format":"standard","meta":{"_uf_show_specific_survey":0,"_uf_disable_surveys":false,"_jetpack_memberships_contains_paid_content":false,"footnotes":"","jetpack_publicize_message":"","jetpack_publicize_feature_enabled":true,"jetpack_social_post_already_shared":true,"jetpack_social_options":{"image_generator_settings":{"template":"highway","enabled":false},"version":2}},"categories":[13],"tags":[],"class_list":["entry","author-diegoaguirre","post-28244","post","type-post","status-publish","format-standard","has-post-thumbnail","category-regional"],"jetpack_publicize_connections":[],"yoast_head":"<!-- This site is optimized with the Yoast SEO plugin v24.3 - https:\/\/yoast.com\/wordpress\/plugins\/seo\/ -->\n<title>La Navidad le lleg\u00f3 a 10 comerciantes damnificados de la calle 19 de Ibagu\u00e9 - Ciudad y Region<\/title>\n<meta name=\"robots\" content=\"index, follow, max-snippet:-1, max-image-preview:large, max-video-preview:-1\" \/>\n<link rel=\"canonical\" href=\"https:\/\/ciudadyregion.com.co\/index.php\/la-navidad-le-llego-a-10-comerciantes-damnificados-de-la-calle-19-de-ibague\/regional\/\" \/>\n<meta property=\"og:locale\" content=\"es_ES\" \/>\n<meta property=\"og:type\" content=\"article\" \/>\n<meta property=\"og:title\" content=\"La Navidad le lleg\u00f3 a 10 comerciantes damnificados de la calle 19 de Ibagu\u00e9 - Ciudad y Region\" \/>\n<meta property=\"og:description\" content=\"En un convenio entre la Secretaria de Desarrollo Econ\u00f3mico del Tolima y la C\u00e1mara de Comercio de Ibagu\u00e9 se logr\u00f3 est\u00e1 entrega de carta cheques. La Gobernaci\u00f3n del Tolima, a trav\u00e9s de la Secretar\u00eda de Desarrollo Econ\u00f3mico, y la C\u00e1mara de Comercio de Ibagu\u00e9, realizaron un proceso de seleccion deContinuar Leyendo\" \/>\n<meta property=\"og:url\" content=\"https:\/\/ciudadyregion.com.co\/index.php\/la-navidad-le-llego-a-10-comerciantes-damnificados-de-la-calle-19-de-ibague\/regional\/\" \/>\n<meta property=\"og:site_name\" content=\"Ciudad y Region\" \/>\n<meta property=\"article:published_time\" content=\"2024-12-26T13:06:26+00:00\" \/>\n<meta property=\"og:image\" content=\"https:\/\/ciudadyregion.com.co\/wp-content\/uploads\/2024\/12\/1-2024-12-26T080404.994.jpg\" \/>\n\t<meta property=\"og:image:width\" content=\"800\" \/>\n\t<meta property=\"og:image:height\" content=\"445\" \/>\n\t<meta property=\"og:image:type\" content=\"image\/jpeg\" \/>\n<meta name=\"author\" content=\"David Andr\u00e9s Aguirre\" \/>\n<meta name=\"twitter:card\" content=\"summary_large_image\" \/>\n<meta name=\"twitter:label1\" content=\"Escrito por\" \/>\n\t<meta name=\"twitter:data1\" content=\"David Andr\u00e9s Aguirre\" \/>\n\t<meta name=\"twitter:label2\" content=\"Tiempo de lectura\" \/>\n\t<meta name=\"twitter:data2\" content=\"2 minutos\" \/>\n<script type=\"application\/ld+json\" class=\"yoast-schema-graph\">{\"@context\":\"https:\/\/schema.org\",\"@graph\":[{\"@type\":\"WebPage\",\"@id\":\"https:\/\/ciudadyregion.com.co\/index.php\/la-navidad-le-llego-a-10-comerciantes-damnificados-de-la-calle-19-de-ibague\/regional\/\",\"url\":\"https:\/\/ciudadyregion.com.co\/index.php\/la-navidad-le-llego-a-10-comerciantes-damnificados-de-la-calle-19-de-ibague\/regional\/\",\"name\":\"La Navidad le lleg\u00f3 a 10 comerciantes damnificados de la calle 19 de Ibagu\u00e9 - Ciudad y Region\",\"isPartOf\":{\"@id\":\"https:\/\/ciudadyregion.com.co\/#website\"},\"primaryImageOfPage\":{\"@id\":\"https:\/\/ciudadyregion.com.co\/index.php\/la-navidad-le-llego-a-10-comerciantes-damnificados-de-la-calle-19-de-ibague\/regional\/#primaryimage\"},\"image\":{\"@id\":\"https:\/\/ciudadyregion.com.co\/index.php\/la-navidad-le-llego-a-10-comerciantes-damnificados-de-la-calle-19-de-ibague\/regional\/#primaryimage\"},\"thumbnailUrl\":\"https:\/\/i0.wp.com\/ciudadyregion.com.co\/wp-content\/uploads\/2024\/12\/1-2024-12-26T080404.994.jpg?fit=800%2C445&ssl=1\",\"datePublished\":\"2024-12-26T13:06:26+00:00\",\"dateModified\":\"2024-12-26T13:06:26+00:00\",\"author\":{\"@id\":\"https:\/\/ciudadyregion.com.co\/#\/schema\/person\/04a4954373ebc4051f46e8c65ff78622\"},\"breadcrumb\":{\"@id\":\"https:\/\/ciudadyregion.com.co\/index.php\/la-navidad-le-llego-a-10-comerciantes-damnificados-de-la-calle-19-de-ibague\/regional\/#breadcrumb\"},\"inLanguage\":\"es\",\"potentialAction\":[{\"@type\":\"ReadAction\",\"target\":[\"https:\/\/ciudadyregion.com.co\/index.php\/la-navidad-le-llego-a-10-comerciantes-damnificados-de-la-calle-19-de-ibague\/regional\/\"]}]},{\"@type\":\"ImageObject\",\"inLanguage\":\"es\",\"@id\":\"https:\/\/ciudadyregion.com.co\/index.php\/la-navidad-le-llego-a-10-comerciantes-damnificados-de-la-calle-19-de-ibague\/regional\/#primaryimage\",\"url\":\"https:\/\/i0.wp.com\/ciudadyregion.com.co\/wp-content\/uploads\/2024\/12\/1-2024-12-26T080404.994.jpg?fit=800%2C445&ssl=1\",\"contentUrl\":\"https:\/\/i0.wp.com\/ciudadyregion.com.co\/wp-content\/uploads\/2024\/12\/1-2024-12-26T080404.994.jpg?fit=800%2C445&ssl=1\",\"width\":800,\"height\":445},{\"@type\":\"BreadcrumbList\",\"@id\":\"https:\/\/ciudadyregion.com.co\/index.php\/la-navidad-le-llego-a-10-comerciantes-damnificados-de-la-calle-19-de-ibague\/regional\/#breadcrumb\",\"itemListElement\":[{\"@type\":\"ListItem\",\"position\":1,\"name\":\"Portada\",\"item\":\"https:\/\/ciudadyregion.com.co\/\"},{\"@type\":\"ListItem\",\"position\":2,\"name\":\"La Navidad le lleg\u00f3 a 10 comerciantes damnificados de la calle 19 de Ibagu\u00e9\"}]},{\"@type\":\"WebSite\",\"@id\":\"https:\/\/ciudadyregion.com.co\/#website\",\"url\":\"https:\/\/ciudadyregion.com.co\/\",\"name\":\"Ciudad y Region\",\"description\":\"\",\"potentialAction\":[{\"@type\":\"SearchAction\",\"target\":{\"@type\":\"EntryPoint\",\"urlTemplate\":\"https:\/\/ciudadyregion.com.co\/?s={search_term_string}\"},\"query-input\":{\"@type\":\"PropertyValueSpecification\",\"valueRequired\":true,\"valueName\":\"search_term_string\"}}],\"inLanguage\":\"es\"},{\"@type\":\"Person\",\"@id\":\"https:\/\/ciudadyregion.com.co\/#\/schema\/person\/04a4954373ebc4051f46e8c65ff78622\",\"name\":\"David Andr\u00e9s Aguirre\",\"image\":{\"@type\":\"ImageObject\",\"inLanguage\":\"es\",\"@id\":\"https:\/\/ciudadyregion.com.co\/#\/schema\/person\/image\/\",\"url\":\"https:\/\/secure.gravatar.com\/avatar\/bc3c655860202182ee6d1b5edd042dbe?s=96&d=mm&r=g\",\"contentUrl\":\"https:\/\/secure.gravatar.com\/avatar\/bc3c655860202182ee6d1b5edd042dbe?s=96&d=mm&r=g\",\"caption\":\"David Andr\u00e9s Aguirre\"},\"url\":\"https:\/\/ciudadyregion.com.co\/index.php\/author\/diegoaguirre\/\"}]}<\/script>\n<!-- \/ Yoast SEO plugin. -->","yoast_head_json":{"title":"La Navidad le lleg\u00f3 a 10 comerciantes damnificados de la calle 19 de Ibagu\u00e9 - Ciudad y Region","robots":{"index":"index","follow":"follow","max-snippet":"max-snippet:-1","max-image-preview":"max-image-preview:large","max-video-preview":"max-video-preview:-1"},"canonical":"https:\/\/ciudadyregion.com.co\/index.php\/la-navidad-le-llego-a-10-comerciantes-damnificados-de-la-calle-19-de-ibague\/regional\/","og_locale":"es_ES","og_type":"article","og_title":"La Navidad le lleg\u00f3 a 10 comerciantes damnificados de la calle 19 de Ibagu\u00e9 - Ciudad y Region","og_description":"En un convenio entre la Secretaria de Desarrollo Econ\u00f3mico del Tolima y la C\u00e1mara de Comercio de Ibagu\u00e9 se logr\u00f3 est\u00e1 entrega de carta cheques. La Gobernaci\u00f3n del Tolima, a trav\u00e9s de la Secretar\u00eda de Desarrollo Econ\u00f3mico, y la C\u00e1mara de Comercio de Ibagu\u00e9, realizaron un proceso de seleccion deContinuar Leyendo","og_url":"https:\/\/ciudadyregion.com.co\/index.php\/la-navidad-le-llego-a-10-comerciantes-damnificados-de-la-calle-19-de-ibague\/regional\/","og_site_name":"Ciudad y Region","article_published_time":"2024-12-26T13:06:26+00:00","og_image":[{"width":800,"height":445,"url":"https:\/\/ciudadyregion.com.co\/wp-content\/uploads\/2024\/12\/1-2024-12-26T080404.994.jpg","type":"image\/jpeg"}],"author":"David Andr\u00e9s Aguirre","twitter_card":"summary_large_image","twitter_misc":{"Escrito por":"David Andr\u00e9s Aguirre","Tiempo de lectura":"2 minutos"},"schema":{"@context":"https:\/\/schema.org","@graph":[{"@type":"WebPage","@id":"https:\/\/ciudadyregion.com.co\/index.php\/la-navidad-le-llego-a-10-comerciantes-damnificados-de-la-calle-19-de-ibague\/regional\/","url":"https:\/\/ciudadyregion.com.co\/index.php\/la-navidad-le-llego-a-10-comerciantes-damnificados-de-la-calle-19-de-ibague\/regional\/","name":"La Navidad le lleg\u00f3 a 10 comerciantes damnificados de la calle 19 de Ibagu\u00e9 - Ciudad y Region","isPartOf":{"@id":"https:\/\/ciudadyregion.com.co\/#website"},"primaryImageOfPage":{"@id":"https:\/\/ciudadyregion.com.co\/index.php\/la-navidad-le-llego-a-10-comerciantes-damnificados-de-la-calle-19-de-ibague\/regional\/#primaryimage"},"image":{"@id":"https:\/\/ciudadyregion.com.co\/index.php\/la-navidad-le-llego-a-10-comerciantes-damnificados-de-la-calle-19-de-ibague\/regional\/#primaryimage"},"thumbnailUrl":"https:\/\/i0.wp.com\/ciudadyregion.com.co\/wp-content\/uploads\/2024\/12\/1-2024-12-26T080404.994.jpg?fit=800%2C445&ssl=1","datePublished":"2024-12-26T13:06:26+00:00","dateModified":"2024-12-26T13:06:26+00:00","author":{"@id":"https:\/\/ciudadyregion.com.co\/#\/schema\/person\/04a4954373ebc4051f46e8c65ff78622"},"breadcrumb":{"@id":"https:\/\/ciudadyregion.com.co\/index.php\/la-navidad-le-llego-a-10-comerciantes-damnificados-de-la-calle-19-de-ibague\/regional\/#breadcrumb"},"inLanguage":"es","potentialAction":[{"@type":"ReadAction","target":["https:\/\/ciudadyregion.com.co\/index.php\/la-navidad-le-llego-a-10-comerciantes-damnificados-de-la-calle-19-de-ibague\/regional\/"]}]},{"@type":"ImageObject","inLanguage":"es","@id":"https:\/\/ciudadyregion.com.co\/index.php\/la-navidad-le-llego-a-10-comerciantes-damnificados-de-la-calle-19-de-ibague\/regional\/#primaryimage","url":"https:\/\/i0.wp.com\/ciudadyregion.com.co\/wp-content\/uploads\/2024\/12\/1-2024-12-26T080404.994.jpg?fit=800%2C445&ssl=1","contentUrl":"https:\/\/i0.wp.com\/ciudadyregion.com.co\/wp-content\/uploads\/2024\/12\/1-2024-12-26T080404.994.jpg?fit=800%2C445&ssl=1","width":800,"height":445},{"@type":"BreadcrumbList","@id":"https:\/\/ciudadyregion.com.co\/index.php\/la-navidad-le-llego-a-10-comerciantes-damnificados-de-la-calle-19-de-ibague\/regional\/#breadcrumb","itemListElement":[{"@type":"ListItem","position":1,"name":"Portada","item":"https:\/\/ciudadyregion.com.co\/"},{"@type":"ListItem","position":2,"name":"La Navidad le lleg\u00f3 a 10 comerciantes damnificados de la calle 19 de Ibagu\u00e9"}]},{"@type":"WebSite","@id":"https:\/\/ciudadyregion.com.co\/#website","url":"https:\/\/ciudadyregion.com.co\/","name":"Ciudad y Region","description":"","potentialAction":[{"@type":"SearchAction","target":{"@type":"EntryPoint","urlTemplate":"https:\/\/ciudadyregion.com.co\/?s={search_term_string}"},"query-input":{"@type":"PropertyValueSpecification","valueRequired":true,"valueName":"search_term_string"}}],"inLanguage":"es"},{"@type":"Person","@id":"https:\/\/ciudadyregion.com.co\/#\/schema\/person\/04a4954373ebc4051f46e8c65ff78622","name":"David Andr\u00e9s Aguirre","image":{"@type":"ImageObject","inLanguage":"es","@id":"https:\/\/ciudadyregion.com.co\/#\/schema\/person\/image\/","url":"https:\/\/secure.gravatar.com\/avatar\/bc3c655860202182ee6d1b5edd042dbe?s=96&d=mm&r=g","contentUrl":"https:\/\/secure.gravatar.com\/avatar\/bc3c655860202182ee6d1b5edd042dbe?s=96&d=mm&r=g","caption":"David Andr\u00e9s Aguirre"},"url":"https:\/\/ciudadyregion.com.co\/index.php\/author\/diegoaguirre\/"}]}},"jetpack_featured_media_url":"https:\/\/i0.wp.com\/ciudadyregion.com.co\/wp-content\/uploads\/2024\/12\/1-2024-12-26T080404.994.jpg?fit=800%2C445&ssl=1","jetpack_sharing_enabled":true,"jetpack_shortlink":"https:\/\/wp.me\/pbS7hh-7ly","jetpack-related-posts":[],"_links":{"self":[{"href":"https:\/\/ciudadyregion.com.co\/index.php\/wp-json\/wp\/v2\/posts\/28244"}],"collection":[{"href":"https:\/\/ciudadyregion.com.co\/index.php\/wp-json\/wp\/v2\/posts"}],"about":[{"href":"https:\/\/ciudadyregion.com.co\/index.php\/wp-json\/wp\/v2\/types\/post"}],"author":[{"embeddable":true,"href":"https:\/\/ciudadyregion.com.co\/index.php\/wp-json\/wp\/v2\/users\/2"}],"replies":[{"embeddable":true,"href":"https:\/\/ciudadyregion.com.co\/index.php\/wp-json\/wp\/v2\/comments?post=28244"}],"version-history":[{"count":1,"href":"https:\/\/ciudadyregion.com.co\/index.php\/wp-json\/wp\/v2\/posts\/28244\/revisions"}],"predecessor-version":[{"id":28246,"href":"https:\/\/ciudadyregion.com.co\/index.php\/wp-json\/wp\/v2\/posts\/28244\/revisions\/28246"}],"wp:featuredmedia":[{"embeddable":true,"href":"https:\/\/ciudadyregion.com.co\/index.php\/wp-json\/wp\/v2\/media\/28245"}],"wp:attachment":[{"href":"https:\/\/ciudadyregion.com.co\/index.php\/wp-json\/wp\/v2\/media?parent=28244"}],"wp:term":[{"taxonomy":"category","embeddable":true,"href":"https:\/\/ciudadyregion.com.co\/index.php\/wp-json\/wp\/v2\/categories?post=28244"},{"taxonomy":"post_tag","embeddable":true,"href":"https:\/\/ciudadyregion.com.co\/index.php\/wp-json\/wp\/v2\/tags?post=28244"}],"curies":[{"name":"wp","href":"https:\/\/api.w.org\/{rel}","templated":true}]}}