{"id":28117,"date":"2024-12-23T00:06:47","date_gmt":"2024-12-23T05:06:47","guid":{"rendered":"https:\/\/ciudadyregion.com.co\/?p=28117"},"modified":"2024-12-23T00:06:47","modified_gmt":"2024-12-23T05:06:47","slug":"universidad-del-tolima-y-comunidad-indigena-pijao-se-unen-en-propuesta-arquitectonica-para-el-municipio-de-coyaima","status":"publish","type":"post","link":"https:\/\/ciudadyregion.com.co\/index.php\/universidad-del-tolima-y-comunidad-indigena-pijao-se-unen-en-propuesta-arquitectonica-para-el-municipio-de-coyaima\/educacion\/","title":{"rendered":"Universidad del Tolima y comunidad ind\u00edgena Pijao se unen en propuesta arquitect\u00f3nica para el municipio de Coyaima"},"content":{"rendered":"<p data-wahfont=\"14\">Una innovadora propuesta de proyecto de equipamiento cultural, dise\u00f1ado por estudiantes y docentes del programa de Arquitectura de la UT, busca convertirse en un centro de pervivencia para la comunidad ind\u00edgena Pijao de Coyaima. Este espacio, concebido como un complejo tur\u00edstico, educativo y cultural, incluir\u00e1 aulas para el aprendizaje, un museo y un hotel, integrando elementos que permitan preservar y fortalecer la identidad de esta comunidad.<\/p>\n<p data-wahfont=\"14\">El proyecto, desarrollado por estudiantes de octavo y noveno semestre con el apoyo del semillero LABUT (Laboratorio de Urbanismo T\u00e1ctico), se gest\u00f3 en respuesta a una solicitud directa de la comunidad.<\/p>\n<p data-wahfont=\"14\">En su fase de anteproyecto participaron los estudiantes\u00a0Juan Esteban Ramos, Luc\u00eda del Pilar Pati\u00f1o, Laura Ximena Sandoval, Rusbel David Viana, Jaider Cabezas y Angie Castiblanco, sin embargo,\u00a0 los cuatro primeros j\u00f3venes lograron\u00a0presentar la propuesta en su etapa final.<\/p>\n<p data-wahfont=\"14\">En su inicio, con el apoyo del docente Leonardo Fabio del programa de Levantamientos Topogr\u00e1ficos se realiz\u00f3 un plano topogr\u00e1fico del lote destinado a la construcci\u00f3n. Posteriormente, el programa de Arquitectura inici\u00f3 un proceso de construcci\u00f3n colectiva que involucr\u00f3 a la comunidad en cada paso, desde el diagn\u00f3stico participativo hasta el dise\u00f1o final.<\/p>\n<p data-wahfont=\"14\">\u201cEste no ha sido un dise\u00f1o impositivo. Todo el tiempo ellos han estado enterados y han participado en las decisiones, asegur\u00e1ndonos de que el proyecto responda a sus necesidades reales\u201d, destac\u00f3 el docente Reynaldo Aparicio.<\/p>\n<p data-wahfont=\"14\">Cabe destacar que los profesores Reynaldo Aparicio, Yesid Bonilla y Carlos Kaffure han liderado este esfuerzo acad\u00e9mico y social. Bonilla aport\u00f3 su experiencia en dise\u00f1o bioclim\u00e1tico, mientras el docente Kaffure se encarg\u00f3 de optimizar la movilidad del proyecto. Aparicio, por su parte, ha apoyado el dise\u00f1o arquitect\u00f3nico y ambiental en t\u00e9rminos generales.<\/p>\n<p data-wahfont=\"14\">Este proyecto no solo es un ejemplo de c\u00f3mo la academia puede contribuir al desarrollo de las comunidades, sino tambi\u00e9n un paso hacia la conservaci\u00f3n activa de la riqueza cultural ind\u00edgena del departamento del Tolima.<\/p>\n","protected":false},"excerpt":{"rendered":"<p>Una innovadora propuesta de proyecto de equipamiento cultural, dise\u00f1ado por estudiantes y docentes del programa de Arquitectura de la UT, busca convertirse en un centro de pervivencia para la comunidad ind\u00edgena Pijao de Coyaima. Este espacio, concebido como un complejo tur\u00edstico, educativo y cultural, incluir\u00e1 aulas para el aprendizaje, un<span class=\"more-link\"><a href=\"https:\/\/ciudadyregion.com.co\/index.php\/universidad-del-tolima-y-comunidad-indigena-pijao-se-unen-en-propuesta-arquitectonica-para-el-municipio-de-coyaima\/educacion\/\">Continuar Leyendo<\/a><\/span><\/p>\n","protected":false},"author":2,"featured_media":28118,"comment_status":"open","ping_status":"open","sticky":false,"template":"","format":"standard","meta":{"_uf_show_specific_survey":0,"_uf_disable_surveys":false,"_jetpack_memberships_contains_paid_content":false,"footnotes":"","jetpack_publicize_message":"","jetpack_publicize_feature_enabled":true,"jetpack_social_post_already_shared":true,"jetpack_social_options":{"image_generator_settings":{"template":"highway","enabled":false},"version":2}},"categories":[22],"tags":[],"class_list":["entry","author-diegoaguirre","post-28117","post","type-post","status-publish","format-standard","has-post-thumbnail","category-educacion"],"jetpack_publicize_connections":[],"yoast_head":"<!-- This site is optimized with the Yoast SEO plugin v24.3 - https:\/\/yoast.com\/wordpress\/plugins\/seo\/ -->\n<title>Universidad del Tolima y comunidad ind\u00edgena Pijao se unen en propuesta arquitect\u00f3nica para el municipio de Coyaima - Ciudad y Region<\/title>\n<meta name=\"robots\" content=\"index, follow, max-snippet:-1, max-image-preview:large, max-video-preview:-1\" \/>\n<link rel=\"canonical\" href=\"https:\/\/ciudadyregion.com.co\/index.php\/universidad-del-tolima-y-comunidad-indigena-pijao-se-unen-en-propuesta-arquitectonica-para-el-municipio-de-coyaima\/educacion\/\" \/>\n<meta property=\"og:locale\" content=\"es_ES\" \/>\n<meta property=\"og:type\" content=\"article\" \/>\n<meta property=\"og:title\" content=\"Universidad del Tolima y comunidad ind\u00edgena Pijao se unen en propuesta arquitect\u00f3nica para el municipio de Coyaima - Ciudad y Region\" \/>\n<meta property=\"og:description\" content=\"Una innovadora propuesta de proyecto de equipamiento cultural, dise\u00f1ado por estudiantes y docentes del programa de Arquitectura de la UT, busca convertirse en un centro de pervivencia para la comunidad ind\u00edgena Pijao de Coyaima. Este espacio, concebido como un complejo tur\u00edstico, educativo y cultural, incluir\u00e1 aulas para el aprendizaje, unContinuar Leyendo\" \/>\n<meta property=\"og:url\" content=\"https:\/\/ciudadyregion.com.co\/index.php\/universidad-del-tolima-y-comunidad-indigena-pijao-se-unen-en-propuesta-arquitectonica-para-el-municipio-de-coyaima\/educacion\/\" \/>\n<meta property=\"og:site_name\" content=\"Ciudad y Region\" \/>\n<meta property=\"article:published_time\" content=\"2024-12-23T05:06:47+00:00\" \/>\n<meta property=\"og:image\" content=\"https:\/\/ciudadyregion.com.co\/wp-content\/uploads\/2024\/12\/1-59.jpg\" \/>\n\t<meta property=\"og:image:width\" content=\"800\" \/>\n\t<meta property=\"og:image:height\" content=\"445\" \/>\n\t<meta property=\"og:image:type\" content=\"image\/jpeg\" \/>\n<meta name=\"author\" content=\"David Andr\u00e9s Aguirre\" \/>\n<meta name=\"twitter:card\" content=\"summary_large_image\" \/>\n<meta name=\"twitter:label1\" content=\"Escrito por\" \/>\n\t<meta name=\"twitter:data1\" content=\"David Andr\u00e9s Aguirre\" \/>\n\t<meta name=\"twitter:label2\" content=\"Tiempo de lectura\" \/>\n\t<meta name=\"twitter:data2\" content=\"2 minutos\" \/>\n<script type=\"application\/ld+json\" class=\"yoast-schema-graph\">{\"@context\":\"https:\/\/schema.org\",\"@graph\":[{\"@type\":\"WebPage\",\"@id\":\"https:\/\/ciudadyregion.com.co\/index.php\/universidad-del-tolima-y-comunidad-indigena-pijao-se-unen-en-propuesta-arquitectonica-para-el-municipio-de-coyaima\/educacion\/\",\"url\":\"https:\/\/ciudadyregion.com.co\/index.php\/universidad-del-tolima-y-comunidad-indigena-pijao-se-unen-en-propuesta-arquitectonica-para-el-municipio-de-coyaima\/educacion\/\",\"name\":\"Universidad del Tolima y comunidad ind\u00edgena Pijao se unen en propuesta arquitect\u00f3nica para el municipio de Coyaima - Ciudad y Region\",\"isPartOf\":{\"@id\":\"https:\/\/ciudadyregion.com.co\/#website\"},\"primaryImageOfPage\":{\"@id\":\"https:\/\/ciudadyregion.com.co\/index.php\/universidad-del-tolima-y-comunidad-indigena-pijao-se-unen-en-propuesta-arquitectonica-para-el-municipio-de-coyaima\/educacion\/#primaryimage\"},\"image\":{\"@id\":\"https:\/\/ciudadyregion.com.co\/index.php\/universidad-del-tolima-y-comunidad-indigena-pijao-se-unen-en-propuesta-arquitectonica-para-el-municipio-de-coyaima\/educacion\/#primaryimage\"},\"thumbnailUrl\":\"https:\/\/i0.wp.com\/ciudadyregion.com.co\/wp-content\/uploads\/2024\/12\/1-59.jpg?fit=800%2C445&ssl=1\",\"datePublished\":\"2024-12-23T05:06:47+00:00\",\"dateModified\":\"2024-12-23T05:06:47+00:00\",\"author\":{\"@id\":\"https:\/\/ciudadyregion.com.co\/#\/schema\/person\/04a4954373ebc4051f46e8c65ff78622\"},\"breadcrumb\":{\"@id\":\"https:\/\/ciudadyregion.com.co\/index.php\/universidad-del-tolima-y-comunidad-indigena-pijao-se-unen-en-propuesta-arquitectonica-para-el-municipio-de-coyaima\/educacion\/#breadcrumb\"},\"inLanguage\":\"es\",\"potentialAction\":[{\"@type\":\"ReadAction\",\"target\":[\"https:\/\/ciudadyregion.com.co\/index.php\/universidad-del-tolima-y-comunidad-indigena-pijao-se-unen-en-propuesta-arquitectonica-para-el-municipio-de-coyaima\/educacion\/\"]}]},{\"@type\":\"ImageObject\",\"inLanguage\":\"es\",\"@id\":\"https:\/\/ciudadyregion.com.co\/index.php\/universidad-del-tolima-y-comunidad-indigena-pijao-se-unen-en-propuesta-arquitectonica-para-el-municipio-de-coyaima\/educacion\/#primaryimage\",\"url\":\"https:\/\/i0.wp.com\/ciudadyregion.com.co\/wp-content\/uploads\/2024\/12\/1-59.jpg?fit=800%2C445&ssl=1\",\"contentUrl\":\"https:\/\/i0.wp.com\/ciudadyregion.com.co\/wp-content\/uploads\/2024\/12\/1-59.jpg?fit=800%2C445&ssl=1\",\"width\":800,\"height\":445},{\"@type\":\"BreadcrumbList\",\"@id\":\"https:\/\/ciudadyregion.com.co\/index.php\/universidad-del-tolima-y-comunidad-indigena-pijao-se-unen-en-propuesta-arquitectonica-para-el-municipio-de-coyaima\/educacion\/#breadcrumb\",\"itemListElement\":[{\"@type\":\"ListItem\",\"position\":1,\"name\":\"Portada\",\"item\":\"https:\/\/ciudadyregion.com.co\/\"},{\"@type\":\"ListItem\",\"position\":2,\"name\":\"Universidad del Tolima y comunidad ind\u00edgena Pijao se unen en propuesta arquitect\u00f3nica para el municipio de Coyaima\"}]},{\"@type\":\"WebSite\",\"@id\":\"https:\/\/ciudadyregion.com.co\/#website\",\"url\":\"https:\/\/ciudadyregion.com.co\/\",\"name\":\"Ciudad y Region\",\"description\":\"\",\"potentialAction\":[{\"@type\":\"SearchAction\",\"target\":{\"@type\":\"EntryPoint\",\"urlTemplate\":\"https:\/\/ciudadyregion.com.co\/?s={search_term_string}\"},\"query-input\":{\"@type\":\"PropertyValueSpecification\",\"valueRequired\":true,\"valueName\":\"search_term_string\"}}],\"inLanguage\":\"es\"},{\"@type\":\"Person\",\"@id\":\"https:\/\/ciudadyregion.com.co\/#\/schema\/person\/04a4954373ebc4051f46e8c65ff78622\",\"name\":\"David Andr\u00e9s Aguirre\",\"image\":{\"@type\":\"ImageObject\",\"inLanguage\":\"es\",\"@id\":\"https:\/\/ciudadyregion.com.co\/#\/schema\/person\/image\/\",\"url\":\"https:\/\/secure.gravatar.com\/avatar\/bc3c655860202182ee6d1b5edd042dbe?s=96&d=mm&r=g\",\"contentUrl\":\"https:\/\/secure.gravatar.com\/avatar\/bc3c655860202182ee6d1b5edd042dbe?s=96&d=mm&r=g\",\"caption\":\"David Andr\u00e9s Aguirre\"},\"url\":\"https:\/\/ciudadyregion.com.co\/index.php\/author\/diegoaguirre\/\"}]}<\/script>\n<!-- \/ Yoast SEO plugin. -->","yoast_head_json":{"title":"Universidad del Tolima y comunidad ind\u00edgena Pijao se unen en propuesta arquitect\u00f3nica para el municipio de Coyaima - Ciudad y Region","robots":{"index":"index","follow":"follow","max-snippet":"max-snippet:-1","max-image-preview":"max-image-preview:large","max-video-preview":"max-video-preview:-1"},"canonical":"https:\/\/ciudadyregion.com.co\/index.php\/universidad-del-tolima-y-comunidad-indigena-pijao-se-unen-en-propuesta-arquitectonica-para-el-municipio-de-coyaima\/educacion\/","og_locale":"es_ES","og_type":"article","og_title":"Universidad del Tolima y comunidad ind\u00edgena Pijao se unen en propuesta arquitect\u00f3nica para el municipio de Coyaima - Ciudad y Region","og_description":"Una innovadora propuesta de proyecto de equipamiento cultural, dise\u00f1ado por estudiantes y docentes del programa de Arquitectura de la UT, busca convertirse en un centro de pervivencia para la comunidad ind\u00edgena Pijao de Coyaima. Este espacio, concebido como un complejo tur\u00edstico, educativo y cultural, incluir\u00e1 aulas para el aprendizaje, unContinuar Leyendo","og_url":"https:\/\/ciudadyregion.com.co\/index.php\/universidad-del-tolima-y-comunidad-indigena-pijao-se-unen-en-propuesta-arquitectonica-para-el-municipio-de-coyaima\/educacion\/","og_site_name":"Ciudad y Region","article_published_time":"2024-12-23T05:06:47+00:00","og_image":[{"width":800,"height":445,"url":"https:\/\/ciudadyregion.com.co\/wp-content\/uploads\/2024\/12\/1-59.jpg","type":"image\/jpeg"}],"author":"David Andr\u00e9s Aguirre","twitter_card":"summary_large_image","twitter_misc":{"Escrito por":"David Andr\u00e9s Aguirre","Tiempo de lectura":"2 minutos"},"schema":{"@context":"https:\/\/schema.org","@graph":[{"@type":"WebPage","@id":"https:\/\/ciudadyregion.com.co\/index.php\/universidad-del-tolima-y-comunidad-indigena-pijao-se-unen-en-propuesta-arquitectonica-para-el-municipio-de-coyaima\/educacion\/","url":"https:\/\/ciudadyregion.com.co\/index.php\/universidad-del-tolima-y-comunidad-indigena-pijao-se-unen-en-propuesta-arquitectonica-para-el-municipio-de-coyaima\/educacion\/","name":"Universidad del Tolima y comunidad ind\u00edgena Pijao se unen en propuesta arquitect\u00f3nica para el municipio de Coyaima - Ciudad y Region","isPartOf":{"@id":"https:\/\/ciudadyregion.com.co\/#website"},"primaryImageOfPage":{"@id":"https:\/\/ciudadyregion.com.co\/index.php\/universidad-del-tolima-y-comunidad-indigena-pijao-se-unen-en-propuesta-arquitectonica-para-el-municipio-de-coyaima\/educacion\/#primaryimage"},"image":{"@id":"https:\/\/ciudadyregion.com.co\/index.php\/universidad-del-tolima-y-comunidad-indigena-pijao-se-unen-en-propuesta-arquitectonica-para-el-municipio-de-coyaima\/educacion\/#primaryimage"},"thumbnailUrl":"https:\/\/i0.wp.com\/ciudadyregion.com.co\/wp-content\/uploads\/2024\/12\/1-59.jpg?fit=800%2C445&ssl=1","datePublished":"2024-12-23T05:06:47+00:00","dateModified":"2024-12-23T05:06:47+00:00","author":{"@id":"https:\/\/ciudadyregion.com.co\/#\/schema\/person\/04a4954373ebc4051f46e8c65ff78622"},"breadcrumb":{"@id":"https:\/\/ciudadyregion.com.co\/index.php\/universidad-del-tolima-y-comunidad-indigena-pijao-se-unen-en-propuesta-arquitectonica-para-el-municipio-de-coyaima\/educacion\/#breadcrumb"},"inLanguage":"es","potentialAction":[{"@type":"ReadAction","target":["https:\/\/ciudadyregion.com.co\/index.php\/universidad-del-tolima-y-comunidad-indigena-pijao-se-unen-en-propuesta-arquitectonica-para-el-municipio-de-coyaima\/educacion\/"]}]},{"@type":"ImageObject","inLanguage":"es","@id":"https:\/\/ciudadyregion.com.co\/index.php\/universidad-del-tolima-y-comunidad-indigena-pijao-se-unen-en-propuesta-arquitectonica-para-el-municipio-de-coyaima\/educacion\/#primaryimage","url":"https:\/\/i0.wp.com\/ciudadyregion.com.co\/wp-content\/uploads\/2024\/12\/1-59.jpg?fit=800%2C445&ssl=1","contentUrl":"https:\/\/i0.wp.com\/ciudadyregion.com.co\/wp-content\/uploads\/2024\/12\/1-59.jpg?fit=800%2C445&ssl=1","width":800,"height":445},{"@type":"BreadcrumbList","@id":"https:\/\/ciudadyregion.com.co\/index.php\/universidad-del-tolima-y-comunidad-indigena-pijao-se-unen-en-propuesta-arquitectonica-para-el-municipio-de-coyaima\/educacion\/#breadcrumb","itemListElement":[{"@type":"ListItem","position":1,"name":"Portada","item":"https:\/\/ciudadyregion.com.co\/"},{"@type":"ListItem","position":2,"name":"Universidad del Tolima y comunidad ind\u00edgena Pijao se unen en propuesta arquitect\u00f3nica para el municipio de Coyaima"}]},{"@type":"WebSite","@id":"https:\/\/ciudadyregion.com.co\/#website","url":"https:\/\/ciudadyregion.com.co\/","name":"Ciudad y Region","description":"","potentialAction":[{"@type":"SearchAction","target":{"@type":"EntryPoint","urlTemplate":"https:\/\/ciudadyregion.com.co\/?s={search_term_string}"},"query-input":{"@type":"PropertyValueSpecification","valueRequired":true,"valueName":"search_term_string"}}],"inLanguage":"es"},{"@type":"Person","@id":"https:\/\/ciudadyregion.com.co\/#\/schema\/person\/04a4954373ebc4051f46e8c65ff78622","name":"David Andr\u00e9s Aguirre","image":{"@type":"ImageObject","inLanguage":"es","@id":"https:\/\/ciudadyregion.com.co\/#\/schema\/person\/image\/","url":"https:\/\/secure.gravatar.com\/avatar\/bc3c655860202182ee6d1b5edd042dbe?s=96&d=mm&r=g","contentUrl":"https:\/\/secure.gravatar.com\/avatar\/bc3c655860202182ee6d1b5edd042dbe?s=96&d=mm&r=g","caption":"David Andr\u00e9s Aguirre"},"url":"https:\/\/ciudadyregion.com.co\/index.php\/author\/diegoaguirre\/"}]}},"jetpack_featured_media_url":"https:\/\/i0.wp.com\/ciudadyregion.com.co\/wp-content\/uploads\/2024\/12\/1-59.jpg?fit=800%2C445&ssl=1","jetpack_sharing_enabled":true,"jetpack_shortlink":"https:\/\/wp.me\/pbS7hh-7jv","jetpack-related-posts":[],"_links":{"self":[{"href":"https:\/\/ciudadyregion.com.co\/index.php\/wp-json\/wp\/v2\/posts\/28117"}],"collection":[{"href":"https:\/\/ciudadyregion.com.co\/index.php\/wp-json\/wp\/v2\/posts"}],"about":[{"href":"https:\/\/ciudadyregion.com.co\/index.php\/wp-json\/wp\/v2\/types\/post"}],"author":[{"embeddable":true,"href":"https:\/\/ciudadyregion.com.co\/index.php\/wp-json\/wp\/v2\/users\/2"}],"replies":[{"embeddable":true,"href":"https:\/\/ciudadyregion.com.co\/index.php\/wp-json\/wp\/v2\/comments?post=28117"}],"version-history":[{"count":1,"href":"https:\/\/ciudadyregion.com.co\/index.php\/wp-json\/wp\/v2\/posts\/28117\/revisions"}],"predecessor-version":[{"id":28119,"href":"https:\/\/ciudadyregion.com.co\/index.php\/wp-json\/wp\/v2\/posts\/28117\/revisions\/28119"}],"wp:featuredmedia":[{"embeddable":true,"href":"https:\/\/ciudadyregion.com.co\/index.php\/wp-json\/wp\/v2\/media\/28118"}],"wp:attachment":[{"href":"https:\/\/ciudadyregion.com.co\/index.php\/wp-json\/wp\/v2\/media?parent=28117"}],"wp:term":[{"taxonomy":"category","embeddable":true,"href":"https:\/\/ciudadyregion.com.co\/index.php\/wp-json\/wp\/v2\/categories?post=28117"},{"taxonomy":"post_tag","embeddable":true,"href":"https:\/\/ciudadyregion.com.co\/index.php\/wp-json\/wp\/v2\/tags?post=28117"}],"curies":[{"name":"wp","href":"https:\/\/api.w.org\/{rel}","templated":true}]}}