{"id":28106,"date":"2024-12-23T04:07:51","date_gmt":"2024-12-23T09:07:51","guid":{"rendered":"https:\/\/ciudadyregion.com.co\/?p=28106"},"modified":"2024-12-22T23:08:21","modified_gmt":"2024-12-23T04:08:21","slug":"el-segundo-acueducto-cambio-la-historia-agua-para-todos-siempre-alcaldia-de-ibague","status":"publish","type":"post","link":"https:\/\/ciudadyregion.com.co\/index.php\/el-segundo-acueducto-cambio-la-historia-agua-para-todos-siempre-alcaldia-de-ibague\/ibague\/","title":{"rendered":"\u00abEl Segundo Acueducto cambi\u00f3 la historia, agua para todos, siempre\u00bb: Alcald\u00eda de Ibagu\u00e9"},"content":{"rendered":"<div><span style=\"font-family: Arial;\">Hasta hace poco, el sur de Ibagu\u00e9 viv\u00eda en la incertidumbre. Las noches sin agua, las jornadas con baldes llenos de sacrificio y las preocupaciones constantes parec\u00edan no tener fin. Pero hoy, todo eso qued\u00f3 atr\u00e1s.<\/span><\/div>\n<div><span style=\"font-family: Arial;\">\u00a0<\/span><\/div>\n<div><span style=\"font-family: Arial;\">Desde octubre, las comunas 7, 8 y 9, junto a barrios de las comunas 12 y 13, disfrutan de un servicio continuo de agua potable. La raz\u00f3n: la puesta en marcha del Segundo Acueducto de Ibagu\u00e9, una obra que no solo solucion\u00f3 un problema hist\u00f3rico, sino que transform\u00f3 la vida de miles de familias.<\/span><\/div>\n<div><span style=\"font-family: Arial;\">\u00a0<\/span><\/div>\n<div><span style=\"font-family: Arial;\">Este proyecto monumental, con una inversi\u00f3n de m\u00e1s de $250.000 millones capta agua del r\u00edo Cocora, la trata en la planta Boquer\u00f3n y la distribuye a trav\u00e9s de una red de 42 kil\u00f3metros de tuber\u00edas que alimentan estrat\u00e9gicos tanques de almacenamiento. Desde lugares como Miramar, la Zona Industrial y la propia planta de Boquer\u00f3n, el agua fluye ahora con calidad certificada.<\/span><\/div>\n<div><span style=\"font-family: Arial;\">\u00a0<\/span><\/div>\n<div><span style=\"font-family: Arial;\">En barrios como Portal de Las Am\u00e9ricas, Los Tunjos y Villas de Gualar\u00e1, los testimonios son emocionantes.<\/span><\/div>\n<div><span style=\"font-family: Arial;\">\u00a0<\/span><\/div>\n<blockquote>\n<div><span style=\"font-family: Arial;\">\u201cAntes, solo ten\u00edamos agua unas horas al d\u00eda. Ahora abrimos la llave y el agua est\u00e1 siempre ah\u00ed. Es un cambio que agradecemos de coraz\u00f3n\u201d, comenta Rosa P\u00e9rez, una vecina del sector.<\/span><\/div>\n<\/blockquote>\n<div><span style=\"font-family: Arial;\">\u00a0<\/span><\/div>\n<div><span style=\"font-family: Arial;\">La calidad del agua est\u00e1 garantizada. Los an\u00e1lisis del laboratorio del IBAL, certificados por el Instituto Nacional de Salud, confirman que el agua que llega a los hogares cumple con los m\u00e1s altos est\u00e1ndares. Y aunque el acueducto ya est\u00e1 funcionando, el trabajo no se detiene.<\/span><\/div>\n<div><span style=\"font-family: Arial;\">\u00a0<\/span><\/div>\n<div><strong><span style=\"font-family: Arial;\">Un futuro con m\u00e1s avances<\/span><\/strong><\/div>\n<div><span style=\"font-family: Arial;\">\u00a0<\/span><\/div>\n<div><span style=\"font-family: Arial;\">El IBAL contin\u00faa apost\u00e1ndole al crecimiento de la ciudad. Proyectos como la modernizaci\u00f3n de las redes, la instalaci\u00f3n de nuevos tanques de almacenamiento y el ambicioso Combo 3&#215;1 que moderniza simult\u00e1neamente acueducto, alcantarillado y pavimentaci\u00f3n de la v\u00eda avanzan con fuerza.<\/span><\/div>\n<div><span style=\"font-family: Arial;\">\u00a0<\/span><\/div>\n<div><span style=\"font-family: Arial;\">Con la primera etapa de este programa, que ya moderniz\u00f3 74 calles en sectores como Ciudadela Sim\u00f3n Bol\u00edvar, Las Am\u00e9ricas y Yuldaima, se han invertido m\u00e1s de $12.000 millones. Adem\u00e1s, en lo que va de 2024, se han renovado m\u00e1s de 10.000 metros de redes de alcantarillado, mejorando el sistema hidrosanitario de la ciudad.<\/span><\/div>\n<div><span style=\"font-family: Arial;\">\u00a0<\/span><\/div>\n<div><span style=\"font-family: Arial;\">Hoy, el sur de Ibagu\u00e9 celebra algo m\u00e1s que un logro t\u00e9cnico. Celebra el fin de una espera interminable y el inicio de una nueva era, donde el agua no solo es un servicio esencial, sino un s\u00edmbolo de progreso y esperanza.<\/span><\/div>\n<div><span style=\"font-family: Arial;\">\u00a0<\/span><\/div>\n<div><span style=\"font-family: Arial;\">DATO<\/span><\/div>\n<div><span style=\"font-family: Arial;\">En 2024, el IBAL ha renovado m\u00e1s de 10.140 metros de redes de alcantarillado, optimizando la infraestructura de la ciudad.<\/span><\/div>\n","protected":false},"excerpt":{"rendered":"<p>Hasta hace poco, el sur de Ibagu\u00e9 viv\u00eda en la incertidumbre. Las noches sin agua, las jornadas con baldes llenos de sacrificio y las preocupaciones constantes parec\u00edan no tener fin. Pero hoy, todo eso qued\u00f3 atr\u00e1s. \u00a0 Desde octubre, las comunas 7, 8 y 9, junto a barrios de las<span class=\"more-link\"><a href=\"https:\/\/ciudadyregion.com.co\/index.php\/el-segundo-acueducto-cambio-la-historia-agua-para-todos-siempre-alcaldia-de-ibague\/ibague\/\">Continuar Leyendo<\/a><\/span><\/p>\n","protected":false},"author":2,"featured_media":28107,"comment_status":"open","ping_status":"open","sticky":false,"template":"","format":"standard","meta":{"_uf_show_specific_survey":0,"_uf_disable_surveys":false,"_jetpack_memberships_contains_paid_content":false,"footnotes":"","jetpack_publicize_message":"","jetpack_publicize_feature_enabled":true,"jetpack_social_post_already_shared":true,"jetpack_social_options":{"image_generator_settings":{"template":"highway","enabled":false},"version":2}},"categories":[14],"tags":[],"class_list":["entry","author-diegoaguirre","post-28106","post","type-post","status-publish","format-standard","has-post-thumbnail","category-ibague"],"jetpack_publicize_connections":[],"yoast_head":"<!-- This site is optimized with the Yoast SEO plugin v24.3 - https:\/\/yoast.com\/wordpress\/plugins\/seo\/ -->\n<title>&quot;El Segundo Acueducto cambi\u00f3 la historia, agua para todos, siempre&quot;: Alcald\u00eda de Ibagu\u00e9 - Ciudad y Region<\/title>\n<meta name=\"robots\" content=\"index, follow, max-snippet:-1, max-image-preview:large, max-video-preview:-1\" \/>\n<link rel=\"canonical\" href=\"https:\/\/ciudadyregion.com.co\/index.php\/el-segundo-acueducto-cambio-la-historia-agua-para-todos-siempre-alcaldia-de-ibague\/ibague\/\" \/>\n<meta property=\"og:locale\" content=\"es_ES\" \/>\n<meta property=\"og:type\" content=\"article\" \/>\n<meta property=\"og:title\" content=\"&quot;El Segundo Acueducto cambi\u00f3 la historia, agua para todos, siempre&quot;: Alcald\u00eda de Ibagu\u00e9 - Ciudad y Region\" \/>\n<meta property=\"og:description\" content=\"Hasta hace poco, el sur de Ibagu\u00e9 viv\u00eda en la incertidumbre. Las noches sin agua, las jornadas con baldes llenos de sacrificio y las preocupaciones constantes parec\u00edan no tener fin. Pero hoy, todo eso qued\u00f3 atr\u00e1s. \u00a0 Desde octubre, las comunas 7, 8 y 9, junto a barrios de lasContinuar Leyendo\" \/>\n<meta property=\"og:url\" content=\"https:\/\/ciudadyregion.com.co\/index.php\/el-segundo-acueducto-cambio-la-historia-agua-para-todos-siempre-alcaldia-de-ibague\/ibague\/\" \/>\n<meta property=\"og:site_name\" content=\"Ciudad y Region\" \/>\n<meta property=\"article:published_time\" content=\"2024-12-23T09:07:51+00:00\" \/>\n<meta property=\"article:modified_time\" content=\"2024-12-23T04:08:21+00:00\" \/>\n<meta property=\"og:image\" content=\"https:\/\/i0.wp.com\/ciudadyregion.com.co\/wp-content\/uploads\/2024\/12\/1-58.jpg?fit=800%2C445&ssl=1\" \/>\n\t<meta property=\"og:image:width\" content=\"800\" \/>\n\t<meta property=\"og:image:height\" content=\"445\" \/>\n\t<meta property=\"og:image:type\" content=\"image\/jpeg\" \/>\n<meta name=\"author\" content=\"David Andr\u00e9s Aguirre\" \/>\n<meta name=\"twitter:card\" content=\"summary_large_image\" \/>\n<meta name=\"twitter:label1\" content=\"Escrito por\" \/>\n\t<meta name=\"twitter:data1\" content=\"David Andr\u00e9s Aguirre\" \/>\n\t<meta name=\"twitter:label2\" content=\"Tiempo de lectura\" \/>\n\t<meta name=\"twitter:data2\" content=\"2 minutos\" \/>\n<script type=\"application\/ld+json\" class=\"yoast-schema-graph\">{\"@context\":\"https:\/\/schema.org\",\"@graph\":[{\"@type\":\"WebPage\",\"@id\":\"https:\/\/ciudadyregion.com.co\/index.php\/el-segundo-acueducto-cambio-la-historia-agua-para-todos-siempre-alcaldia-de-ibague\/ibague\/\",\"url\":\"https:\/\/ciudadyregion.com.co\/index.php\/el-segundo-acueducto-cambio-la-historia-agua-para-todos-siempre-alcaldia-de-ibague\/ibague\/\",\"name\":\"\\\"El Segundo Acueducto cambi\u00f3 la historia, agua para todos, siempre\\\": Alcald\u00eda de Ibagu\u00e9 - Ciudad y Region\",\"isPartOf\":{\"@id\":\"https:\/\/ciudadyregion.com.co\/#website\"},\"primaryImageOfPage\":{\"@id\":\"https:\/\/ciudadyregion.com.co\/index.php\/el-segundo-acueducto-cambio-la-historia-agua-para-todos-siempre-alcaldia-de-ibague\/ibague\/#primaryimage\"},\"image\":{\"@id\":\"https:\/\/ciudadyregion.com.co\/index.php\/el-segundo-acueducto-cambio-la-historia-agua-para-todos-siempre-alcaldia-de-ibague\/ibague\/#primaryimage\"},\"thumbnailUrl\":\"https:\/\/i0.wp.com\/ciudadyregion.com.co\/wp-content\/uploads\/2024\/12\/1-58.jpg?fit=800%2C445&ssl=1\",\"datePublished\":\"2024-12-23T09:07:51+00:00\",\"dateModified\":\"2024-12-23T04:08:21+00:00\",\"author\":{\"@id\":\"https:\/\/ciudadyregion.com.co\/#\/schema\/person\/04a4954373ebc4051f46e8c65ff78622\"},\"breadcrumb\":{\"@id\":\"https:\/\/ciudadyregion.com.co\/index.php\/el-segundo-acueducto-cambio-la-historia-agua-para-todos-siempre-alcaldia-de-ibague\/ibague\/#breadcrumb\"},\"inLanguage\":\"es\",\"potentialAction\":[{\"@type\":\"ReadAction\",\"target\":[\"https:\/\/ciudadyregion.com.co\/index.php\/el-segundo-acueducto-cambio-la-historia-agua-para-todos-siempre-alcaldia-de-ibague\/ibague\/\"]}]},{\"@type\":\"ImageObject\",\"inLanguage\":\"es\",\"@id\":\"https:\/\/ciudadyregion.com.co\/index.php\/el-segundo-acueducto-cambio-la-historia-agua-para-todos-siempre-alcaldia-de-ibague\/ibague\/#primaryimage\",\"url\":\"https:\/\/i0.wp.com\/ciudadyregion.com.co\/wp-content\/uploads\/2024\/12\/1-58.jpg?fit=800%2C445&ssl=1\",\"contentUrl\":\"https:\/\/i0.wp.com\/ciudadyregion.com.co\/wp-content\/uploads\/2024\/12\/1-58.jpg?fit=800%2C445&ssl=1\",\"width\":800,\"height\":445},{\"@type\":\"BreadcrumbList\",\"@id\":\"https:\/\/ciudadyregion.com.co\/index.php\/el-segundo-acueducto-cambio-la-historia-agua-para-todos-siempre-alcaldia-de-ibague\/ibague\/#breadcrumb\",\"itemListElement\":[{\"@type\":\"ListItem\",\"position\":1,\"name\":\"Portada\",\"item\":\"https:\/\/ciudadyregion.com.co\/\"},{\"@type\":\"ListItem\",\"position\":2,\"name\":\"\u00abEl Segundo Acueducto cambi\u00f3 la historia, agua para todos, siempre\u00bb: Alcald\u00eda de Ibagu\u00e9\"}]},{\"@type\":\"WebSite\",\"@id\":\"https:\/\/ciudadyregion.com.co\/#website\",\"url\":\"https:\/\/ciudadyregion.com.co\/\",\"name\":\"Ciudad y Region\",\"description\":\"\",\"potentialAction\":[{\"@type\":\"SearchAction\",\"target\":{\"@type\":\"EntryPoint\",\"urlTemplate\":\"https:\/\/ciudadyregion.com.co\/?s={search_term_string}\"},\"query-input\":{\"@type\":\"PropertyValueSpecification\",\"valueRequired\":true,\"valueName\":\"search_term_string\"}}],\"inLanguage\":\"es\"},{\"@type\":\"Person\",\"@id\":\"https:\/\/ciudadyregion.com.co\/#\/schema\/person\/04a4954373ebc4051f46e8c65ff78622\",\"name\":\"David Andr\u00e9s Aguirre\",\"image\":{\"@type\":\"ImageObject\",\"inLanguage\":\"es\",\"@id\":\"https:\/\/ciudadyregion.com.co\/#\/schema\/person\/image\/\",\"url\":\"https:\/\/secure.gravatar.com\/avatar\/bc3c655860202182ee6d1b5edd042dbe?s=96&d=mm&r=g\",\"contentUrl\":\"https:\/\/secure.gravatar.com\/avatar\/bc3c655860202182ee6d1b5edd042dbe?s=96&d=mm&r=g\",\"caption\":\"David Andr\u00e9s Aguirre\"},\"url\":\"https:\/\/ciudadyregion.com.co\/index.php\/author\/diegoaguirre\/\"}]}<\/script>\n<!-- \/ Yoast SEO plugin. -->","yoast_head_json":{"title":"\"El Segundo Acueducto cambi\u00f3 la historia, agua para todos, siempre\": Alcald\u00eda de Ibagu\u00e9 - Ciudad y Region","robots":{"index":"index","follow":"follow","max-snippet":"max-snippet:-1","max-image-preview":"max-image-preview:large","max-video-preview":"max-video-preview:-1"},"canonical":"https:\/\/ciudadyregion.com.co\/index.php\/el-segundo-acueducto-cambio-la-historia-agua-para-todos-siempre-alcaldia-de-ibague\/ibague\/","og_locale":"es_ES","og_type":"article","og_title":"\"El Segundo Acueducto cambi\u00f3 la historia, agua para todos, siempre\": Alcald\u00eda de Ibagu\u00e9 - Ciudad y Region","og_description":"Hasta hace poco, el sur de Ibagu\u00e9 viv\u00eda en la incertidumbre. Las noches sin agua, las jornadas con baldes llenos de sacrificio y las preocupaciones constantes parec\u00edan no tener fin. Pero hoy, todo eso qued\u00f3 atr\u00e1s. \u00a0 Desde octubre, las comunas 7, 8 y 9, junto a barrios de lasContinuar Leyendo","og_url":"https:\/\/ciudadyregion.com.co\/index.php\/el-segundo-acueducto-cambio-la-historia-agua-para-todos-siempre-alcaldia-de-ibague\/ibague\/","og_site_name":"Ciudad y Region","article_published_time":"2024-12-23T09:07:51+00:00","article_modified_time":"2024-12-23T04:08:21+00:00","og_image":[{"width":800,"height":445,"url":"https:\/\/i0.wp.com\/ciudadyregion.com.co\/wp-content\/uploads\/2024\/12\/1-58.jpg?fit=800%2C445&ssl=1","type":"image\/jpeg"}],"author":"David Andr\u00e9s Aguirre","twitter_card":"summary_large_image","twitter_misc":{"Escrito por":"David Andr\u00e9s Aguirre","Tiempo de lectura":"2 minutos"},"schema":{"@context":"https:\/\/schema.org","@graph":[{"@type":"WebPage","@id":"https:\/\/ciudadyregion.com.co\/index.php\/el-segundo-acueducto-cambio-la-historia-agua-para-todos-siempre-alcaldia-de-ibague\/ibague\/","url":"https:\/\/ciudadyregion.com.co\/index.php\/el-segundo-acueducto-cambio-la-historia-agua-para-todos-siempre-alcaldia-de-ibague\/ibague\/","name":"\"El Segundo Acueducto cambi\u00f3 la historia, agua para todos, siempre\": Alcald\u00eda de Ibagu\u00e9 - Ciudad y Region","isPartOf":{"@id":"https:\/\/ciudadyregion.com.co\/#website"},"primaryImageOfPage":{"@id":"https:\/\/ciudadyregion.com.co\/index.php\/el-segundo-acueducto-cambio-la-historia-agua-para-todos-siempre-alcaldia-de-ibague\/ibague\/#primaryimage"},"image":{"@id":"https:\/\/ciudadyregion.com.co\/index.php\/el-segundo-acueducto-cambio-la-historia-agua-para-todos-siempre-alcaldia-de-ibague\/ibague\/#primaryimage"},"thumbnailUrl":"https:\/\/i0.wp.com\/ciudadyregion.com.co\/wp-content\/uploads\/2024\/12\/1-58.jpg?fit=800%2C445&ssl=1","datePublished":"2024-12-23T09:07:51+00:00","dateModified":"2024-12-23T04:08:21+00:00","author":{"@id":"https:\/\/ciudadyregion.com.co\/#\/schema\/person\/04a4954373ebc4051f46e8c65ff78622"},"breadcrumb":{"@id":"https:\/\/ciudadyregion.com.co\/index.php\/el-segundo-acueducto-cambio-la-historia-agua-para-todos-siempre-alcaldia-de-ibague\/ibague\/#breadcrumb"},"inLanguage":"es","potentialAction":[{"@type":"ReadAction","target":["https:\/\/ciudadyregion.com.co\/index.php\/el-segundo-acueducto-cambio-la-historia-agua-para-todos-siempre-alcaldia-de-ibague\/ibague\/"]}]},{"@type":"ImageObject","inLanguage":"es","@id":"https:\/\/ciudadyregion.com.co\/index.php\/el-segundo-acueducto-cambio-la-historia-agua-para-todos-siempre-alcaldia-de-ibague\/ibague\/#primaryimage","url":"https:\/\/i0.wp.com\/ciudadyregion.com.co\/wp-content\/uploads\/2024\/12\/1-58.jpg?fit=800%2C445&ssl=1","contentUrl":"https:\/\/i0.wp.com\/ciudadyregion.com.co\/wp-content\/uploads\/2024\/12\/1-58.jpg?fit=800%2C445&ssl=1","width":800,"height":445},{"@type":"BreadcrumbList","@id":"https:\/\/ciudadyregion.com.co\/index.php\/el-segundo-acueducto-cambio-la-historia-agua-para-todos-siempre-alcaldia-de-ibague\/ibague\/#breadcrumb","itemListElement":[{"@type":"ListItem","position":1,"name":"Portada","item":"https:\/\/ciudadyregion.com.co\/"},{"@type":"ListItem","position":2,"name":"\u00abEl Segundo Acueducto cambi\u00f3 la historia, agua para todos, siempre\u00bb: Alcald\u00eda de Ibagu\u00e9"}]},{"@type":"WebSite","@id":"https:\/\/ciudadyregion.com.co\/#website","url":"https:\/\/ciudadyregion.com.co\/","name":"Ciudad y Region","description":"","potentialAction":[{"@type":"SearchAction","target":{"@type":"EntryPoint","urlTemplate":"https:\/\/ciudadyregion.com.co\/?s={search_term_string}"},"query-input":{"@type":"PropertyValueSpecification","valueRequired":true,"valueName":"search_term_string"}}],"inLanguage":"es"},{"@type":"Person","@id":"https:\/\/ciudadyregion.com.co\/#\/schema\/person\/04a4954373ebc4051f46e8c65ff78622","name":"David Andr\u00e9s Aguirre","image":{"@type":"ImageObject","inLanguage":"es","@id":"https:\/\/ciudadyregion.com.co\/#\/schema\/person\/image\/","url":"https:\/\/secure.gravatar.com\/avatar\/bc3c655860202182ee6d1b5edd042dbe?s=96&d=mm&r=g","contentUrl":"https:\/\/secure.gravatar.com\/avatar\/bc3c655860202182ee6d1b5edd042dbe?s=96&d=mm&r=g","caption":"David Andr\u00e9s Aguirre"},"url":"https:\/\/ciudadyregion.com.co\/index.php\/author\/diegoaguirre\/"}]}},"jetpack_featured_media_url":"https:\/\/i0.wp.com\/ciudadyregion.com.co\/wp-content\/uploads\/2024\/12\/1-58.jpg?fit=800%2C445&ssl=1","jetpack_sharing_enabled":true,"jetpack_shortlink":"https:\/\/wp.me\/pbS7hh-7jk","jetpack-related-posts":[],"_links":{"self":[{"href":"https:\/\/ciudadyregion.com.co\/index.php\/wp-json\/wp\/v2\/posts\/28106"}],"collection":[{"href":"https:\/\/ciudadyregion.com.co\/index.php\/wp-json\/wp\/v2\/posts"}],"about":[{"href":"https:\/\/ciudadyregion.com.co\/index.php\/wp-json\/wp\/v2\/types\/post"}],"author":[{"embeddable":true,"href":"https:\/\/ciudadyregion.com.co\/index.php\/wp-json\/wp\/v2\/users\/2"}],"replies":[{"embeddable":true,"href":"https:\/\/ciudadyregion.com.co\/index.php\/wp-json\/wp\/v2\/comments?post=28106"}],"version-history":[{"count":1,"href":"https:\/\/ciudadyregion.com.co\/index.php\/wp-json\/wp\/v2\/posts\/28106\/revisions"}],"predecessor-version":[{"id":28108,"href":"https:\/\/ciudadyregion.com.co\/index.php\/wp-json\/wp\/v2\/posts\/28106\/revisions\/28108"}],"wp:featuredmedia":[{"embeddable":true,"href":"https:\/\/ciudadyregion.com.co\/index.php\/wp-json\/wp\/v2\/media\/28107"}],"wp:attachment":[{"href":"https:\/\/ciudadyregion.com.co\/index.php\/wp-json\/wp\/v2\/media?parent=28106"}],"wp:term":[{"taxonomy":"category","embeddable":true,"href":"https:\/\/ciudadyregion.com.co\/index.php\/wp-json\/wp\/v2\/categories?post=28106"},{"taxonomy":"post_tag","embeddable":true,"href":"https:\/\/ciudadyregion.com.co\/index.php\/wp-json\/wp\/v2\/tags?post=28106"}],"curies":[{"name":"wp","href":"https:\/\/api.w.org\/{rel}","templated":true}]}}