{"id":28103,"date":"2024-12-23T04:05:05","date_gmt":"2024-12-23T09:05:05","guid":{"rendered":"https:\/\/ciudadyregion.com.co\/?p=28103"},"modified":"2024-12-22T23:05:31","modified_gmt":"2024-12-23T04:05:31","slug":"ibague-es-el-centro-deportivo-del-pais","status":"publish","type":"post","link":"https:\/\/ciudadyregion.com.co\/index.php\/ibague-es-el-centro-deportivo-del-pais\/deportes\/","title":{"rendered":"Ibagu\u00e9 es el centro deportivo del pa\u00eds"},"content":{"rendered":"<div><span style=\"font-family: Arial;\">Hace una d\u00e9cada, los sue\u00f1os de muchos deportistas en Ibagu\u00e9 parec\u00edan derrumbarse junto con los escenarios que alguna vez brillaron en los Juegos Nacionales de 1970. La Unidad Deportiva de la Calle 42 y el Parque Deportivo eran solo ruinas, un s\u00edmbolo del abandono que dej\u00f3 un amargo sabor en la comunidad deportiva. Pero Ibagu\u00e9 demostr\u00f3 que con dedicaci\u00f3n y trabajo en equipo los sue\u00f1os pueden renacer.<\/span><\/div>\n<div><span style=\"font-family: Arial;\">\u00a0<\/span><\/div>\n<div><span style=\"font-family: Arial;\">Hoy, la ciudad es reconocida como la capital deportiva de Colombia, y no es para menos. Durante 2024, se realizaron 57 cert\u00e1menes deportivos, entre ellos el Campeonato Sudamericano de F\u00fatbol de Sal\u00f3n, que llen\u00f3 cada noche el Coliseo Mayor con aficionados de Bolivia, M\u00e9xico, Ecuador, Per\u00fa, Venezuela y Colombia. La emoci\u00f3n fue tal que la Asociaci\u00f3n Mundial de Futsal (AMF) eligi\u00f3 a Ibagu\u00e9 como sede del Mundial de Clubes de F\u00fatbol de Sal\u00f3n 2025.<\/span><\/div>\n<div><span style=\"font-family: Arial;\">\u00a0<\/span><\/div>\n<div><span style=\"font-family: Arial;\">\u201cSomos la casa del deporte en Colombia. Los deportistas nos felicitan por la transformaci\u00f3n que hemos logrado en tan poco tiempo,\u201d afirm\u00f3 con orgullo la alcaldesa Johana Aranda, quien ha sido clave en esta revoluci\u00f3n deportiva.<\/span><\/div>\n<div><span style=\"font-family: Arial;\">\u00a0<\/span><\/div>\n<div><span style=\"font-family: Arial;\">El impacto no solo se mide en medallas, sino en oportunidades. Durante los Campeonatos Panamericanos de Patinaje, que reunieron a 24 pa\u00edses y 9.000 deportistas, hoteles, restaurantes y comercios locales vibraron con el auge del turismo deportivo.\u00a0<\/span><\/div>\n<div><span style=\"font-family: Arial;\">\u00a0<\/span><\/div>\n<div><span style=\"font-family: Arial;\"><i>\u201cCada evento significa empleo, movimiento econ\u00f3mico y la proyecci\u00f3n de nuestra ciudad al mundo,\u201d\u00a0<\/i>destac\u00f3 Sebasti\u00e1n Perdomo, gerente del IMDRI.<\/span><\/div>\n<div><span style=\"font-family: Arial;\">\u00a0<\/span><\/div>\n<div><span style=\"font-family: Arial;\">La excelencia en organizaci\u00f3n fue reconocida el 12 de diciembre, cuando Acord Colombia otorg\u00f3 a Ibagu\u00e9 el premio al Mejor Evento Deportivo del A\u00f1o por los Panamericanos de Patinaje. Este logro confirma que la ciudad no solo recuper\u00f3 sus escenarios, sino tambi\u00e9n su lugar como referente deportivo.<\/span><\/div>\n<div><span style=\"font-family: Arial;\">\u00a0<\/span><\/div>\n<div><span style=\"font-family: Arial;\">Una ciudad que respira deporte<\/span><\/div>\n<div><span style=\"font-family: Arial;\">\u00a0<\/span><\/div>\n<div><span style=\"font-family: Arial;\">El Parque Deportivo de Ibagu\u00e9, con sus modernos escenarios como el Coliseo Mayor, el Complejo Acu\u00e1tico y el Patin\u00f3dromo, es testigo del esfuerzo colectivo.<\/span><\/div>\n<div><span style=\"font-family: Arial;\">\u00a0<\/span><\/div>\n<div><span style=\"font-family: Arial;\"><i>\u201cEstos espacios no son solo para competencias, sino para que nuestros ni\u00f1os y j\u00f3venes encuentren en el deporte una forma de vida,\u201d<\/i>\u00a0dijo Aranda.<\/span><\/div>\n<div><span style=\"font-family: Arial;\">\u00a0<\/span><\/div>\n<div><span style=\"font-family: Arial;\">Ibagu\u00e9 no se detiene. Desde campeonatos nacionales como el de Tejo y la Copa Capital Musical de F\u00fatbol hasta eventos internacionales como el Iberoamericano de Motocross y el Sudamericano de Gimnasia Art\u00edstica, la ciudad sigue sumando victorias.<\/span><\/div>\n<div><span style=\"font-family: Arial;\">\u00a0<\/span><\/div>\n<div><span style=\"font-family: Arial;\"><i>\u201cEsto no es solo un logro de la Administraci\u00f3n, sino de toda la comunidad. Juntos demostramos que Ibagu\u00e9 es sin\u00f3nimo de esfuerzo, pasi\u00f3n y futuro,\u201d\u00a0<\/i>concluy\u00f3 Aranda, dejando claro que el verdadero oro est\u00e1 en el coraz\u00f3n de quienes creen en el poder transformador del deporte.<\/span><\/div>\n<div><span style=\"font-family: Arial;\">\u00a0<\/span><\/div>\n<div><span style=\"font-family: Arial;\">\u00a0<\/span><\/div>\n<div><span style=\"font-family: Arial;\">Eventos destacados\u00a0<\/span><\/div>\n<div><span style=\"font-family: Arial;\">de 2024<\/span><\/div>\n<div><span style=\"font-family: Arial;\">Nacionales:<\/span><\/div>\n<div><span style=\"font-family: Arial;\">\u00a0<\/span><\/div>\n<div><span style=\"font-family: Arial;\">Nacional de Saltos y Pruebas M\u00faltiples<\/span><\/div>\n<div><span style=\"font-family: Arial;\">V\u00e1lidas Copa Nacional de BMX<\/span><\/div>\n<div><span style=\"font-family: Arial;\">Campeonato Nacional de Tejo<\/span><\/div>\n<div><span style=\"font-family: Arial;\">\u00a0<\/span><\/div>\n<div><span style=\"font-family: Arial;\">Internacionales:<\/span><\/div>\n<div><span style=\"font-family: Arial;\">Pre Mundial de Polo Acu\u00e1tico<\/span><\/div>\n<div><span style=\"font-family: Arial;\">Sudamericano de Gimnasia Art\u00edstica<\/span><\/div>\n<div><span style=\"font-family: Arial;\">Iberoamericano de Motocross<\/span><\/div>\n<div><span style=\"font-family: Arial;\">\u00a0<\/span><\/div>\n<div><span style=\"font-family: Arial;\">\u00a0<\/span><\/div>\n<div><span style=\"font-family: Arial;\">DATOS CLAVES<\/span><\/div>\n<div><span style=\"font-family: Arial;\">Capital Musical TV tuvo una cifra hist\u00f3rica de conectados en una sola transmisi\u00f3n en vivo: m\u00e1s 10.000 personas apreciando el Sudamericano de F\u00fatbol de Sal\u00f3n por Facebook Live.<\/span><\/div>\n<div><span style=\"font-family: Arial;\">\u00a0<\/span><\/div>\n<div><span style=\"font-family: Arial;\">El Coliseo Mayor rompi\u00f3 los r\u00e9cords de asistencia en el Sudamericanos de Clubes de F\u00fatbol de Sal\u00f3n.<\/span><\/div>\n<div><span style=\"font-family: Arial;\">\u00a0<\/span><\/div>\n<div><span style=\"font-family: Arial;\">* P\u00fablico circulante diario: 3.200 personas en las grader\u00edas.\u00a0<\/span><\/div>\n<div><span style=\"font-family: Arial;\">\u00a0<\/span><\/div>\n<div><span style=\"font-family: Arial;\">* En los partidos de Tolima Syscaf\u00e9 hubo 5.000 espectadores.<\/span><\/div>\n<div><span style=\"font-family: Arial;\">\u00a0<\/span><\/div>\n<div><span style=\"font-family: Arial;\">* Asistencia general durante el certamen 30.000<\/span><\/div>\n","protected":false},"excerpt":{"rendered":"<p>Hace una d\u00e9cada, los sue\u00f1os de muchos deportistas en Ibagu\u00e9 parec\u00edan derrumbarse junto con los escenarios que alguna vez brillaron en los Juegos Nacionales de 1970. La Unidad Deportiva de la Calle 42 y el Parque Deportivo eran solo ruinas, un s\u00edmbolo del abandono que dej\u00f3 un amargo sabor en<span class=\"more-link\"><a href=\"https:\/\/ciudadyregion.com.co\/index.php\/ibague-es-el-centro-deportivo-del-pais\/deportes\/\">Continuar Leyendo<\/a><\/span><\/p>\n","protected":false},"author":2,"featured_media":28104,"comment_status":"open","ping_status":"open","sticky":false,"template":"","format":"standard","meta":{"_uf_show_specific_survey":0,"_uf_disable_surveys":false,"_jetpack_memberships_contains_paid_content":false,"footnotes":"","jetpack_publicize_message":"","jetpack_publicize_feature_enabled":true,"jetpack_social_post_already_shared":true,"jetpack_social_options":{"image_generator_settings":{"template":"highway","enabled":false},"version":2}},"categories":[15],"tags":[],"class_list":["entry","author-diegoaguirre","post-28103","post","type-post","status-publish","format-standard","has-post-thumbnail","category-deportes"],"jetpack_publicize_connections":[],"yoast_head":"<!-- This site is optimized with the Yoast SEO plugin v24.3 - https:\/\/yoast.com\/wordpress\/plugins\/seo\/ -->\n<title>Ibagu\u00e9 es el centro deportivo del pa\u00eds - Ciudad y Region<\/title>\n<meta name=\"robots\" content=\"index, follow, max-snippet:-1, max-image-preview:large, max-video-preview:-1\" \/>\n<link rel=\"canonical\" href=\"https:\/\/ciudadyregion.com.co\/index.php\/ibague-es-el-centro-deportivo-del-pais\/deportes\/\" \/>\n<meta property=\"og:locale\" content=\"es_ES\" \/>\n<meta property=\"og:type\" content=\"article\" \/>\n<meta property=\"og:title\" content=\"Ibagu\u00e9 es el centro deportivo del pa\u00eds - Ciudad y Region\" \/>\n<meta property=\"og:description\" content=\"Hace una d\u00e9cada, los sue\u00f1os de muchos deportistas en Ibagu\u00e9 parec\u00edan derrumbarse junto con los escenarios que alguna vez brillaron en los Juegos Nacionales de 1970. La Unidad Deportiva de la Calle 42 y el Parque Deportivo eran solo ruinas, un s\u00edmbolo del abandono que dej\u00f3 un amargo sabor enContinuar Leyendo\" \/>\n<meta property=\"og:url\" content=\"https:\/\/ciudadyregion.com.co\/index.php\/ibague-es-el-centro-deportivo-del-pais\/deportes\/\" \/>\n<meta property=\"og:site_name\" content=\"Ciudad y Region\" \/>\n<meta property=\"article:published_time\" content=\"2024-12-23T09:05:05+00:00\" \/>\n<meta property=\"article:modified_time\" content=\"2024-12-23T04:05:31+00:00\" \/>\n<meta property=\"og:image\" content=\"https:\/\/i0.wp.com\/ciudadyregion.com.co\/wp-content\/uploads\/2024\/12\/3-63.jpg?fit=800%2C445&ssl=1\" \/>\n\t<meta property=\"og:image:width\" content=\"800\" \/>\n\t<meta property=\"og:image:height\" content=\"445\" \/>\n\t<meta property=\"og:image:type\" content=\"image\/jpeg\" \/>\n<meta name=\"author\" content=\"David Andr\u00e9s Aguirre\" \/>\n<meta name=\"twitter:card\" content=\"summary_large_image\" \/>\n<meta name=\"twitter:label1\" content=\"Escrito por\" \/>\n\t<meta name=\"twitter:data1\" content=\"David Andr\u00e9s Aguirre\" \/>\n\t<meta name=\"twitter:label2\" content=\"Tiempo de lectura\" \/>\n\t<meta name=\"twitter:data2\" content=\"3 minutos\" \/>\n<script type=\"application\/ld+json\" class=\"yoast-schema-graph\">{\"@context\":\"https:\/\/schema.org\",\"@graph\":[{\"@type\":\"WebPage\",\"@id\":\"https:\/\/ciudadyregion.com.co\/index.php\/ibague-es-el-centro-deportivo-del-pais\/deportes\/\",\"url\":\"https:\/\/ciudadyregion.com.co\/index.php\/ibague-es-el-centro-deportivo-del-pais\/deportes\/\",\"name\":\"Ibagu\u00e9 es el centro deportivo del pa\u00eds - Ciudad y Region\",\"isPartOf\":{\"@id\":\"https:\/\/ciudadyregion.com.co\/#website\"},\"primaryImageOfPage\":{\"@id\":\"https:\/\/ciudadyregion.com.co\/index.php\/ibague-es-el-centro-deportivo-del-pais\/deportes\/#primaryimage\"},\"image\":{\"@id\":\"https:\/\/ciudadyregion.com.co\/index.php\/ibague-es-el-centro-deportivo-del-pais\/deportes\/#primaryimage\"},\"thumbnailUrl\":\"https:\/\/i0.wp.com\/ciudadyregion.com.co\/wp-content\/uploads\/2024\/12\/3-63.jpg?fit=800%2C445&ssl=1\",\"datePublished\":\"2024-12-23T09:05:05+00:00\",\"dateModified\":\"2024-12-23T04:05:31+00:00\",\"author\":{\"@id\":\"https:\/\/ciudadyregion.com.co\/#\/schema\/person\/04a4954373ebc4051f46e8c65ff78622\"},\"breadcrumb\":{\"@id\":\"https:\/\/ciudadyregion.com.co\/index.php\/ibague-es-el-centro-deportivo-del-pais\/deportes\/#breadcrumb\"},\"inLanguage\":\"es\",\"potentialAction\":[{\"@type\":\"ReadAction\",\"target\":[\"https:\/\/ciudadyregion.com.co\/index.php\/ibague-es-el-centro-deportivo-del-pais\/deportes\/\"]}]},{\"@type\":\"ImageObject\",\"inLanguage\":\"es\",\"@id\":\"https:\/\/ciudadyregion.com.co\/index.php\/ibague-es-el-centro-deportivo-del-pais\/deportes\/#primaryimage\",\"url\":\"https:\/\/i0.wp.com\/ciudadyregion.com.co\/wp-content\/uploads\/2024\/12\/3-63.jpg?fit=800%2C445&ssl=1\",\"contentUrl\":\"https:\/\/i0.wp.com\/ciudadyregion.com.co\/wp-content\/uploads\/2024\/12\/3-63.jpg?fit=800%2C445&ssl=1\",\"width\":800,\"height\":445},{\"@type\":\"BreadcrumbList\",\"@id\":\"https:\/\/ciudadyregion.com.co\/index.php\/ibague-es-el-centro-deportivo-del-pais\/deportes\/#breadcrumb\",\"itemListElement\":[{\"@type\":\"ListItem\",\"position\":1,\"name\":\"Portada\",\"item\":\"https:\/\/ciudadyregion.com.co\/\"},{\"@type\":\"ListItem\",\"position\":2,\"name\":\"Ibagu\u00e9 es el centro deportivo del pa\u00eds\"}]},{\"@type\":\"WebSite\",\"@id\":\"https:\/\/ciudadyregion.com.co\/#website\",\"url\":\"https:\/\/ciudadyregion.com.co\/\",\"name\":\"Ciudad y Region\",\"description\":\"\",\"potentialAction\":[{\"@type\":\"SearchAction\",\"target\":{\"@type\":\"EntryPoint\",\"urlTemplate\":\"https:\/\/ciudadyregion.com.co\/?s={search_term_string}\"},\"query-input\":{\"@type\":\"PropertyValueSpecification\",\"valueRequired\":true,\"valueName\":\"search_term_string\"}}],\"inLanguage\":\"es\"},{\"@type\":\"Person\",\"@id\":\"https:\/\/ciudadyregion.com.co\/#\/schema\/person\/04a4954373ebc4051f46e8c65ff78622\",\"name\":\"David Andr\u00e9s Aguirre\",\"image\":{\"@type\":\"ImageObject\",\"inLanguage\":\"es\",\"@id\":\"https:\/\/ciudadyregion.com.co\/#\/schema\/person\/image\/\",\"url\":\"https:\/\/secure.gravatar.com\/avatar\/bc3c655860202182ee6d1b5edd042dbe?s=96&d=mm&r=g\",\"contentUrl\":\"https:\/\/secure.gravatar.com\/avatar\/bc3c655860202182ee6d1b5edd042dbe?s=96&d=mm&r=g\",\"caption\":\"David Andr\u00e9s Aguirre\"},\"url\":\"https:\/\/ciudadyregion.com.co\/index.php\/author\/diegoaguirre\/\"}]}<\/script>\n<!-- \/ Yoast SEO plugin. -->","yoast_head_json":{"title":"Ibagu\u00e9 es el centro deportivo del pa\u00eds - Ciudad y Region","robots":{"index":"index","follow":"follow","max-snippet":"max-snippet:-1","max-image-preview":"max-image-preview:large","max-video-preview":"max-video-preview:-1"},"canonical":"https:\/\/ciudadyregion.com.co\/index.php\/ibague-es-el-centro-deportivo-del-pais\/deportes\/","og_locale":"es_ES","og_type":"article","og_title":"Ibagu\u00e9 es el centro deportivo del pa\u00eds - Ciudad y Region","og_description":"Hace una d\u00e9cada, los sue\u00f1os de muchos deportistas en Ibagu\u00e9 parec\u00edan derrumbarse junto con los escenarios que alguna vez brillaron en los Juegos Nacionales de 1970. La Unidad Deportiva de la Calle 42 y el Parque Deportivo eran solo ruinas, un s\u00edmbolo del abandono que dej\u00f3 un amargo sabor enContinuar Leyendo","og_url":"https:\/\/ciudadyregion.com.co\/index.php\/ibague-es-el-centro-deportivo-del-pais\/deportes\/","og_site_name":"Ciudad y Region","article_published_time":"2024-12-23T09:05:05+00:00","article_modified_time":"2024-12-23T04:05:31+00:00","og_image":[{"width":800,"height":445,"url":"https:\/\/i0.wp.com\/ciudadyregion.com.co\/wp-content\/uploads\/2024\/12\/3-63.jpg?fit=800%2C445&ssl=1","type":"image\/jpeg"}],"author":"David Andr\u00e9s Aguirre","twitter_card":"summary_large_image","twitter_misc":{"Escrito por":"David Andr\u00e9s Aguirre","Tiempo de lectura":"3 minutos"},"schema":{"@context":"https:\/\/schema.org","@graph":[{"@type":"WebPage","@id":"https:\/\/ciudadyregion.com.co\/index.php\/ibague-es-el-centro-deportivo-del-pais\/deportes\/","url":"https:\/\/ciudadyregion.com.co\/index.php\/ibague-es-el-centro-deportivo-del-pais\/deportes\/","name":"Ibagu\u00e9 es el centro deportivo del pa\u00eds - Ciudad y Region","isPartOf":{"@id":"https:\/\/ciudadyregion.com.co\/#website"},"primaryImageOfPage":{"@id":"https:\/\/ciudadyregion.com.co\/index.php\/ibague-es-el-centro-deportivo-del-pais\/deportes\/#primaryimage"},"image":{"@id":"https:\/\/ciudadyregion.com.co\/index.php\/ibague-es-el-centro-deportivo-del-pais\/deportes\/#primaryimage"},"thumbnailUrl":"https:\/\/i0.wp.com\/ciudadyregion.com.co\/wp-content\/uploads\/2024\/12\/3-63.jpg?fit=800%2C445&ssl=1","datePublished":"2024-12-23T09:05:05+00:00","dateModified":"2024-12-23T04:05:31+00:00","author":{"@id":"https:\/\/ciudadyregion.com.co\/#\/schema\/person\/04a4954373ebc4051f46e8c65ff78622"},"breadcrumb":{"@id":"https:\/\/ciudadyregion.com.co\/index.php\/ibague-es-el-centro-deportivo-del-pais\/deportes\/#breadcrumb"},"inLanguage":"es","potentialAction":[{"@type":"ReadAction","target":["https:\/\/ciudadyregion.com.co\/index.php\/ibague-es-el-centro-deportivo-del-pais\/deportes\/"]}]},{"@type":"ImageObject","inLanguage":"es","@id":"https:\/\/ciudadyregion.com.co\/index.php\/ibague-es-el-centro-deportivo-del-pais\/deportes\/#primaryimage","url":"https:\/\/i0.wp.com\/ciudadyregion.com.co\/wp-content\/uploads\/2024\/12\/3-63.jpg?fit=800%2C445&ssl=1","contentUrl":"https:\/\/i0.wp.com\/ciudadyregion.com.co\/wp-content\/uploads\/2024\/12\/3-63.jpg?fit=800%2C445&ssl=1","width":800,"height":445},{"@type":"BreadcrumbList","@id":"https:\/\/ciudadyregion.com.co\/index.php\/ibague-es-el-centro-deportivo-del-pais\/deportes\/#breadcrumb","itemListElement":[{"@type":"ListItem","position":1,"name":"Portada","item":"https:\/\/ciudadyregion.com.co\/"},{"@type":"ListItem","position":2,"name":"Ibagu\u00e9 es el centro deportivo del pa\u00eds"}]},{"@type":"WebSite","@id":"https:\/\/ciudadyregion.com.co\/#website","url":"https:\/\/ciudadyregion.com.co\/","name":"Ciudad y Region","description":"","potentialAction":[{"@type":"SearchAction","target":{"@type":"EntryPoint","urlTemplate":"https:\/\/ciudadyregion.com.co\/?s={search_term_string}"},"query-input":{"@type":"PropertyValueSpecification","valueRequired":true,"valueName":"search_term_string"}}],"inLanguage":"es"},{"@type":"Person","@id":"https:\/\/ciudadyregion.com.co\/#\/schema\/person\/04a4954373ebc4051f46e8c65ff78622","name":"David Andr\u00e9s Aguirre","image":{"@type":"ImageObject","inLanguage":"es","@id":"https:\/\/ciudadyregion.com.co\/#\/schema\/person\/image\/","url":"https:\/\/secure.gravatar.com\/avatar\/bc3c655860202182ee6d1b5edd042dbe?s=96&d=mm&r=g","contentUrl":"https:\/\/secure.gravatar.com\/avatar\/bc3c655860202182ee6d1b5edd042dbe?s=96&d=mm&r=g","caption":"David Andr\u00e9s Aguirre"},"url":"https:\/\/ciudadyregion.com.co\/index.php\/author\/diegoaguirre\/"}]}},"jetpack_featured_media_url":"https:\/\/i0.wp.com\/ciudadyregion.com.co\/wp-content\/uploads\/2024\/12\/3-63.jpg?fit=800%2C445&ssl=1","jetpack_sharing_enabled":true,"jetpack_shortlink":"https:\/\/wp.me\/pbS7hh-7jh","jetpack-related-posts":[],"_links":{"self":[{"href":"https:\/\/ciudadyregion.com.co\/index.php\/wp-json\/wp\/v2\/posts\/28103"}],"collection":[{"href":"https:\/\/ciudadyregion.com.co\/index.php\/wp-json\/wp\/v2\/posts"}],"about":[{"href":"https:\/\/ciudadyregion.com.co\/index.php\/wp-json\/wp\/v2\/types\/post"}],"author":[{"embeddable":true,"href":"https:\/\/ciudadyregion.com.co\/index.php\/wp-json\/wp\/v2\/users\/2"}],"replies":[{"embeddable":true,"href":"https:\/\/ciudadyregion.com.co\/index.php\/wp-json\/wp\/v2\/comments?post=28103"}],"version-history":[{"count":1,"href":"https:\/\/ciudadyregion.com.co\/index.php\/wp-json\/wp\/v2\/posts\/28103\/revisions"}],"predecessor-version":[{"id":28105,"href":"https:\/\/ciudadyregion.com.co\/index.php\/wp-json\/wp\/v2\/posts\/28103\/revisions\/28105"}],"wp:featuredmedia":[{"embeddable":true,"href":"https:\/\/ciudadyregion.com.co\/index.php\/wp-json\/wp\/v2\/media\/28104"}],"wp:attachment":[{"href":"https:\/\/ciudadyregion.com.co\/index.php\/wp-json\/wp\/v2\/media?parent=28103"}],"wp:term":[{"taxonomy":"category","embeddable":true,"href":"https:\/\/ciudadyregion.com.co\/index.php\/wp-json\/wp\/v2\/categories?post=28103"},{"taxonomy":"post_tag","embeddable":true,"href":"https:\/\/ciudadyregion.com.co\/index.php\/wp-json\/wp\/v2\/tags?post=28103"}],"curies":[{"name":"wp","href":"https:\/\/api.w.org\/{rel}","templated":true}]}}