{"id":28054,"date":"2024-12-21T04:58:09","date_gmt":"2024-12-21T09:58:09","guid":{"rendered":"https:\/\/ciudadyregion.com.co\/?p=28054"},"modified":"2024-12-20T22:59:03","modified_gmt":"2024-12-21T03:59:03","slug":"de-manera-novedosa-y-con-un-noticiero-de-ninos-alcaldesa-johana-aranda-rindio-cuentas","status":"publish","type":"post","link":"https:\/\/ciudadyregion.com.co\/index.php\/de-manera-novedosa-y-con-un-noticiero-de-ninos-alcaldesa-johana-aranda-rindio-cuentas\/ibague\/","title":{"rendered":"De manera novedosa y con un noticiero de ni\u00f1os, alcaldesa Johana Aranda rindi\u00f3 cuentas"},"content":{"rendered":"<div>Ante cientos de asistentes y de manera novedosa, con un noticiero infantil, la alcaldesa Johana Aranda destac\u00f3 los logros de su primer a\u00f1o de gobierno y les rindi\u00f3 cuentas a los ibaguere\u00f1os, en una jornada que se llev\u00f3 a cabo desde las 3:00 de la tarde de este viernes 20 de diciembre, en el Patio de Banderas del Complejo Deportivo de la calle 42.<\/div>\n<div><span style=\"font-family: Arial, Verdana;\">\u00a0<\/span><\/div>\n<div><span style=\"font-family: Arial, Verdana;\">Durante la jornada, la mandataria local destac\u00f3 las 4.272 mujeres beneficiadas con la apertura de la Casa Rosa, la atenci\u00f3n a 1.440 habitantes de calle, el fortalecimiento de los comedores comunitarios con 24.000 raciones de alimentos distribuidas mensualmente, as\u00ed como la dotaci\u00f3n de equipos especializados para el Cuerpo Oficial de Bomberos y la reforestaci\u00f3n de 180.000 \u00e1rboles.<\/span><\/div>\n<div><span style=\"font-family: Arial, Verdana;\"><i>\u00a0<\/i><\/span><\/div>\n<blockquote>\n<div><span style=\"font-family: Arial, Verdana;\"><i>\u201cUna rendici\u00f3n de cuentas para ellos, para los ni\u00f1os y ni\u00f1as de Ibagu\u00e9, para los que con amor y con profundo coraz\u00f3n hemos construido este Plan de Desarrollo, el segundo mejor del pa\u00eds\u201d,<\/i>\u00a0se\u00f1al\u00f3 la Alcaldesa.<\/span><\/div>\n<\/blockquote>\n<div><span style=\"font-family: Arial, Verdana;\">\u00a0<\/span><\/div>\n<div><span style=\"font-family: Arial, Verdana;\">A su vez, la mandataria local socializ\u00f3 que durante este 2024, se redujo en un 43% los suicidios consumados; visitaron 2.900 restaurantes y 43 fueron cerrados por incumplir las normas sanitarias; asimismo, aplicaron 25.644 dosis de vacunas contra la fiebre amarilla, del primero de enero al 29 de noviembre.\u00a0<\/span><\/div>\n<div><span style=\"font-family: Arial, Verdana;\">\u00a0<\/span><\/div>\n<div><span style=\"font-family: Arial, Verdana;\">Tambi\u00e9n, gestionaron el sistema de luces PAPI, Precision Approach Path Indicator, para el Aeropuerto Perales; 1.522 personas obtuvieron trabajo gracias a las Ferias del Camello; Ibagu\u00e9 tuvo un incremento del 63.1% en la llegada de turistas; mientras que a trav\u00e9s del PAE, garantizaron la alimentaci\u00f3n a 37.014 ni\u00f1os.<\/span><\/div>\n<div><span style=\"font-family: Arial, Verdana;\">\u00a0<\/span><\/div>\n<blockquote>\n<div><span style=\"font-family: Arial, Verdana;\"><i>\u201cHist\u00f3ricos han sido muchos de nuestros resultados, salimos de los primeros lugares del desempleo y ese s\u00ed que es un gran resultado. Despu\u00e9s de 13 a\u00f1os de ocupar los primeros lugares, hoy ya estamos en el puesto 11\u201d<\/i>, agreg\u00f3 Aranda.\u00a0<\/span><\/div>\n<\/blockquote>\n<div><span style=\"font-family: Arial, Verdana;\">\u00a0<\/span><\/div>\n<div><span style=\"font-family: Arial, Verdana;\">Es de destacar que luego de 30 a\u00f1os de espera, se entreg\u00f3 el Segundo Acueducto de Ibagu\u00e9; adem\u00e1s adelantaron el mejoramiento de 266 viviendas; entregaron tres cubiertas de polideportivos e inauguraron el Parque Sac\u00fadete en el barrio Viveros; as\u00ed como las ocho estaciones del Sistema P\u00fablico de Bicicletas; la ampliaci\u00f3n a 33 redes de alumbrado p\u00fablico; y las cerca de 30.000 personas que visitaron el Museo Pan\u00f3ptico.<\/span><\/div>\n<div><span style=\"font-family: Arial, Verdana;\">\u00a0<\/span><\/div>\n<blockquote>\n<div><span style=\"font-family: Arial, Verdana;\"><i>\u201cLogramos la entrega de m\u00e1s de cinco colegios, 140 calles rehabilitadas y el a\u00f1o entrante vamos a lograr una inversi\u00f3n hist\u00f3rica en pavimentaci\u00f3n, gracias al honorable Concejo, vamos a devolverle a Ibagu\u00e9 sus calles en buen estado\u201d,<\/i>\u00a0concluy\u00f3 la mandataria.\u00a0<\/span><\/div>\n<\/blockquote>\n<div><span style=\"font-family: Arial, Verdana;\">\u00a0<\/span><\/div>\n<div><span style=\"font-family: Arial, Verdana;\">Tenga en cuenta que en este 2024, entregaron $1.214 millones a 210 artistas locales en est\u00edmulos culturales; adem\u00e1s realizaron 59 eventos de esta \u00edndole en la ciudad; asimismo, llevaron a cabo 57 eventos deportivos nacionales internacionales; apoyaron la formaci\u00f3n de 2.500 ni\u00f1os en 22 disciplinas; por otro lado, fortalecieron a la Fuerza P\u00fablica con nuevos equipos; y esterilizaron gratis 3.015 animales.<\/span><\/div>\n<div><span style=\"font-family: Arial, Verdana;\">\u00a0<\/span><\/div>\n<div><span style=\"font-family: Arial, Verdana;\">Finalmente, Ibagu\u00e9 aument\u00f3 en un 142% la matr\u00edcula de veh\u00edculos con relaci\u00f3n al a\u00f1o pasado; impactaron 74 calles y rehabilitaron m\u00e1s de 10.000 m2 con el \u2018Combo 3&#215;1\u2019, cambiando las tuber\u00edas de acueducto, alcantarillado y pavimentando las v\u00edas; fueron construidas las PTAP de Chembe, y las PTAR y PTAP de Arboleda del Campestre.<\/span><\/div>\n","protected":false},"excerpt":{"rendered":"<p>Ante cientos de asistentes y de manera novedosa, con un noticiero infantil, la alcaldesa Johana Aranda destac\u00f3 los logros de su primer a\u00f1o de gobierno y les rindi\u00f3 cuentas a los ibaguere\u00f1os, en una jornada que se llev\u00f3 a cabo desde las 3:00 de la tarde de este viernes 20<span class=\"more-link\"><a href=\"https:\/\/ciudadyregion.com.co\/index.php\/de-manera-novedosa-y-con-un-noticiero-de-ninos-alcaldesa-johana-aranda-rindio-cuentas\/ibague\/\">Continuar Leyendo<\/a><\/span><\/p>\n","protected":false},"author":2,"featured_media":28055,"comment_status":"open","ping_status":"open","sticky":false,"template":"","format":"standard","meta":{"_uf_show_specific_survey":0,"_uf_disable_surveys":false,"_jetpack_memberships_contains_paid_content":false,"footnotes":"","jetpack_publicize_message":"","jetpack_publicize_feature_enabled":true,"jetpack_social_post_already_shared":true,"jetpack_social_options":{"image_generator_settings":{"template":"highway","enabled":false},"version":2}},"categories":[14],"tags":[],"class_list":["entry","author-diegoaguirre","post-28054","post","type-post","status-publish","format-standard","has-post-thumbnail","category-ibague"],"jetpack_publicize_connections":[],"yoast_head":"<!-- This site is optimized with the Yoast SEO plugin v24.3 - https:\/\/yoast.com\/wordpress\/plugins\/seo\/ -->\n<title>De manera novedosa y con un noticiero de ni\u00f1os, alcaldesa Johana Aranda rindi\u00f3 cuentas - Ciudad y Region<\/title>\n<meta name=\"robots\" content=\"index, follow, max-snippet:-1, max-image-preview:large, max-video-preview:-1\" \/>\n<link rel=\"canonical\" href=\"https:\/\/ciudadyregion.com.co\/index.php\/de-manera-novedosa-y-con-un-noticiero-de-ninos-alcaldesa-johana-aranda-rindio-cuentas\/ibague\/\" \/>\n<meta property=\"og:locale\" content=\"es_ES\" \/>\n<meta property=\"og:type\" content=\"article\" \/>\n<meta property=\"og:title\" content=\"De manera novedosa y con un noticiero de ni\u00f1os, alcaldesa Johana Aranda rindi\u00f3 cuentas - Ciudad y Region\" \/>\n<meta property=\"og:description\" content=\"Ante cientos de asistentes y de manera novedosa, con un noticiero infantil, la alcaldesa Johana Aranda destac\u00f3 los logros de su primer a\u00f1o de gobierno y les rindi\u00f3 cuentas a los ibaguere\u00f1os, en una jornada que se llev\u00f3 a cabo desde las 3:00 de la tarde de este viernes 20Continuar Leyendo\" \/>\n<meta property=\"og:url\" content=\"https:\/\/ciudadyregion.com.co\/index.php\/de-manera-novedosa-y-con-un-noticiero-de-ninos-alcaldesa-johana-aranda-rindio-cuentas\/ibague\/\" \/>\n<meta property=\"og:site_name\" content=\"Ciudad y Region\" \/>\n<meta property=\"article:published_time\" content=\"2024-12-21T09:58:09+00:00\" \/>\n<meta property=\"article:modified_time\" content=\"2024-12-21T03:59:03+00:00\" \/>\n<meta property=\"og:image\" content=\"https:\/\/i0.wp.com\/ciudadyregion.com.co\/wp-content\/uploads\/2024\/12\/3-60.jpg?fit=800%2C445&ssl=1\" \/>\n\t<meta property=\"og:image:width\" content=\"800\" \/>\n\t<meta property=\"og:image:height\" content=\"445\" \/>\n\t<meta property=\"og:image:type\" content=\"image\/jpeg\" \/>\n<meta name=\"author\" content=\"David Andr\u00e9s Aguirre\" \/>\n<meta name=\"twitter:card\" content=\"summary_large_image\" \/>\n<meta name=\"twitter:label1\" content=\"Escrito por\" \/>\n\t<meta name=\"twitter:data1\" content=\"David Andr\u00e9s Aguirre\" \/>\n\t<meta name=\"twitter:label2\" content=\"Tiempo de lectura\" \/>\n\t<meta name=\"twitter:data2\" content=\"3 minutos\" \/>\n<script type=\"application\/ld+json\" class=\"yoast-schema-graph\">{\"@context\":\"https:\/\/schema.org\",\"@graph\":[{\"@type\":\"WebPage\",\"@id\":\"https:\/\/ciudadyregion.com.co\/index.php\/de-manera-novedosa-y-con-un-noticiero-de-ninos-alcaldesa-johana-aranda-rindio-cuentas\/ibague\/\",\"url\":\"https:\/\/ciudadyregion.com.co\/index.php\/de-manera-novedosa-y-con-un-noticiero-de-ninos-alcaldesa-johana-aranda-rindio-cuentas\/ibague\/\",\"name\":\"De manera novedosa y con un noticiero de ni\u00f1os, alcaldesa Johana Aranda rindi\u00f3 cuentas - Ciudad y Region\",\"isPartOf\":{\"@id\":\"https:\/\/ciudadyregion.com.co\/#website\"},\"primaryImageOfPage\":{\"@id\":\"https:\/\/ciudadyregion.com.co\/index.php\/de-manera-novedosa-y-con-un-noticiero-de-ninos-alcaldesa-johana-aranda-rindio-cuentas\/ibague\/#primaryimage\"},\"image\":{\"@id\":\"https:\/\/ciudadyregion.com.co\/index.php\/de-manera-novedosa-y-con-un-noticiero-de-ninos-alcaldesa-johana-aranda-rindio-cuentas\/ibague\/#primaryimage\"},\"thumbnailUrl\":\"https:\/\/i0.wp.com\/ciudadyregion.com.co\/wp-content\/uploads\/2024\/12\/3-60.jpg?fit=800%2C445&ssl=1\",\"datePublished\":\"2024-12-21T09:58:09+00:00\",\"dateModified\":\"2024-12-21T03:59:03+00:00\",\"author\":{\"@id\":\"https:\/\/ciudadyregion.com.co\/#\/schema\/person\/04a4954373ebc4051f46e8c65ff78622\"},\"breadcrumb\":{\"@id\":\"https:\/\/ciudadyregion.com.co\/index.php\/de-manera-novedosa-y-con-un-noticiero-de-ninos-alcaldesa-johana-aranda-rindio-cuentas\/ibague\/#breadcrumb\"},\"inLanguage\":\"es\",\"potentialAction\":[{\"@type\":\"ReadAction\",\"target\":[\"https:\/\/ciudadyregion.com.co\/index.php\/de-manera-novedosa-y-con-un-noticiero-de-ninos-alcaldesa-johana-aranda-rindio-cuentas\/ibague\/\"]}]},{\"@type\":\"ImageObject\",\"inLanguage\":\"es\",\"@id\":\"https:\/\/ciudadyregion.com.co\/index.php\/de-manera-novedosa-y-con-un-noticiero-de-ninos-alcaldesa-johana-aranda-rindio-cuentas\/ibague\/#primaryimage\",\"url\":\"https:\/\/i0.wp.com\/ciudadyregion.com.co\/wp-content\/uploads\/2024\/12\/3-60.jpg?fit=800%2C445&ssl=1\",\"contentUrl\":\"https:\/\/i0.wp.com\/ciudadyregion.com.co\/wp-content\/uploads\/2024\/12\/3-60.jpg?fit=800%2C445&ssl=1\",\"width\":800,\"height\":445},{\"@type\":\"BreadcrumbList\",\"@id\":\"https:\/\/ciudadyregion.com.co\/index.php\/de-manera-novedosa-y-con-un-noticiero-de-ninos-alcaldesa-johana-aranda-rindio-cuentas\/ibague\/#breadcrumb\",\"itemListElement\":[{\"@type\":\"ListItem\",\"position\":1,\"name\":\"Portada\",\"item\":\"https:\/\/ciudadyregion.com.co\/\"},{\"@type\":\"ListItem\",\"position\":2,\"name\":\"De manera novedosa y con un noticiero de ni\u00f1os, alcaldesa Johana Aranda rindi\u00f3 cuentas\"}]},{\"@type\":\"WebSite\",\"@id\":\"https:\/\/ciudadyregion.com.co\/#website\",\"url\":\"https:\/\/ciudadyregion.com.co\/\",\"name\":\"Ciudad y Region\",\"description\":\"\",\"potentialAction\":[{\"@type\":\"SearchAction\",\"target\":{\"@type\":\"EntryPoint\",\"urlTemplate\":\"https:\/\/ciudadyregion.com.co\/?s={search_term_string}\"},\"query-input\":{\"@type\":\"PropertyValueSpecification\",\"valueRequired\":true,\"valueName\":\"search_term_string\"}}],\"inLanguage\":\"es\"},{\"@type\":\"Person\",\"@id\":\"https:\/\/ciudadyregion.com.co\/#\/schema\/person\/04a4954373ebc4051f46e8c65ff78622\",\"name\":\"David Andr\u00e9s Aguirre\",\"image\":{\"@type\":\"ImageObject\",\"inLanguage\":\"es\",\"@id\":\"https:\/\/ciudadyregion.com.co\/#\/schema\/person\/image\/\",\"url\":\"https:\/\/secure.gravatar.com\/avatar\/bc3c655860202182ee6d1b5edd042dbe?s=96&d=mm&r=g\",\"contentUrl\":\"https:\/\/secure.gravatar.com\/avatar\/bc3c655860202182ee6d1b5edd042dbe?s=96&d=mm&r=g\",\"caption\":\"David Andr\u00e9s Aguirre\"},\"url\":\"https:\/\/ciudadyregion.com.co\/index.php\/author\/diegoaguirre\/\"}]}<\/script>\n<!-- \/ Yoast SEO plugin. -->","yoast_head_json":{"title":"De manera novedosa y con un noticiero de ni\u00f1os, alcaldesa Johana Aranda rindi\u00f3 cuentas - Ciudad y Region","robots":{"index":"index","follow":"follow","max-snippet":"max-snippet:-1","max-image-preview":"max-image-preview:large","max-video-preview":"max-video-preview:-1"},"canonical":"https:\/\/ciudadyregion.com.co\/index.php\/de-manera-novedosa-y-con-un-noticiero-de-ninos-alcaldesa-johana-aranda-rindio-cuentas\/ibague\/","og_locale":"es_ES","og_type":"article","og_title":"De manera novedosa y con un noticiero de ni\u00f1os, alcaldesa Johana Aranda rindi\u00f3 cuentas - Ciudad y Region","og_description":"Ante cientos de asistentes y de manera novedosa, con un noticiero infantil, la alcaldesa Johana Aranda destac\u00f3 los logros de su primer a\u00f1o de gobierno y les rindi\u00f3 cuentas a los ibaguere\u00f1os, en una jornada que se llev\u00f3 a cabo desde las 3:00 de la tarde de este viernes 20Continuar Leyendo","og_url":"https:\/\/ciudadyregion.com.co\/index.php\/de-manera-novedosa-y-con-un-noticiero-de-ninos-alcaldesa-johana-aranda-rindio-cuentas\/ibague\/","og_site_name":"Ciudad y Region","article_published_time":"2024-12-21T09:58:09+00:00","article_modified_time":"2024-12-21T03:59:03+00:00","og_image":[{"width":800,"height":445,"url":"https:\/\/i0.wp.com\/ciudadyregion.com.co\/wp-content\/uploads\/2024\/12\/3-60.jpg?fit=800%2C445&ssl=1","type":"image\/jpeg"}],"author":"David Andr\u00e9s Aguirre","twitter_card":"summary_large_image","twitter_misc":{"Escrito por":"David Andr\u00e9s Aguirre","Tiempo de lectura":"3 minutos"},"schema":{"@context":"https:\/\/schema.org","@graph":[{"@type":"WebPage","@id":"https:\/\/ciudadyregion.com.co\/index.php\/de-manera-novedosa-y-con-un-noticiero-de-ninos-alcaldesa-johana-aranda-rindio-cuentas\/ibague\/","url":"https:\/\/ciudadyregion.com.co\/index.php\/de-manera-novedosa-y-con-un-noticiero-de-ninos-alcaldesa-johana-aranda-rindio-cuentas\/ibague\/","name":"De manera novedosa y con un noticiero de ni\u00f1os, alcaldesa Johana Aranda rindi\u00f3 cuentas - Ciudad y Region","isPartOf":{"@id":"https:\/\/ciudadyregion.com.co\/#website"},"primaryImageOfPage":{"@id":"https:\/\/ciudadyregion.com.co\/index.php\/de-manera-novedosa-y-con-un-noticiero-de-ninos-alcaldesa-johana-aranda-rindio-cuentas\/ibague\/#primaryimage"},"image":{"@id":"https:\/\/ciudadyregion.com.co\/index.php\/de-manera-novedosa-y-con-un-noticiero-de-ninos-alcaldesa-johana-aranda-rindio-cuentas\/ibague\/#primaryimage"},"thumbnailUrl":"https:\/\/i0.wp.com\/ciudadyregion.com.co\/wp-content\/uploads\/2024\/12\/3-60.jpg?fit=800%2C445&ssl=1","datePublished":"2024-12-21T09:58:09+00:00","dateModified":"2024-12-21T03:59:03+00:00","author":{"@id":"https:\/\/ciudadyregion.com.co\/#\/schema\/person\/04a4954373ebc4051f46e8c65ff78622"},"breadcrumb":{"@id":"https:\/\/ciudadyregion.com.co\/index.php\/de-manera-novedosa-y-con-un-noticiero-de-ninos-alcaldesa-johana-aranda-rindio-cuentas\/ibague\/#breadcrumb"},"inLanguage":"es","potentialAction":[{"@type":"ReadAction","target":["https:\/\/ciudadyregion.com.co\/index.php\/de-manera-novedosa-y-con-un-noticiero-de-ninos-alcaldesa-johana-aranda-rindio-cuentas\/ibague\/"]}]},{"@type":"ImageObject","inLanguage":"es","@id":"https:\/\/ciudadyregion.com.co\/index.php\/de-manera-novedosa-y-con-un-noticiero-de-ninos-alcaldesa-johana-aranda-rindio-cuentas\/ibague\/#primaryimage","url":"https:\/\/i0.wp.com\/ciudadyregion.com.co\/wp-content\/uploads\/2024\/12\/3-60.jpg?fit=800%2C445&ssl=1","contentUrl":"https:\/\/i0.wp.com\/ciudadyregion.com.co\/wp-content\/uploads\/2024\/12\/3-60.jpg?fit=800%2C445&ssl=1","width":800,"height":445},{"@type":"BreadcrumbList","@id":"https:\/\/ciudadyregion.com.co\/index.php\/de-manera-novedosa-y-con-un-noticiero-de-ninos-alcaldesa-johana-aranda-rindio-cuentas\/ibague\/#breadcrumb","itemListElement":[{"@type":"ListItem","position":1,"name":"Portada","item":"https:\/\/ciudadyregion.com.co\/"},{"@type":"ListItem","position":2,"name":"De manera novedosa y con un noticiero de ni\u00f1os, alcaldesa Johana Aranda rindi\u00f3 cuentas"}]},{"@type":"WebSite","@id":"https:\/\/ciudadyregion.com.co\/#website","url":"https:\/\/ciudadyregion.com.co\/","name":"Ciudad y Region","description":"","potentialAction":[{"@type":"SearchAction","target":{"@type":"EntryPoint","urlTemplate":"https:\/\/ciudadyregion.com.co\/?s={search_term_string}"},"query-input":{"@type":"PropertyValueSpecification","valueRequired":true,"valueName":"search_term_string"}}],"inLanguage":"es"},{"@type":"Person","@id":"https:\/\/ciudadyregion.com.co\/#\/schema\/person\/04a4954373ebc4051f46e8c65ff78622","name":"David Andr\u00e9s Aguirre","image":{"@type":"ImageObject","inLanguage":"es","@id":"https:\/\/ciudadyregion.com.co\/#\/schema\/person\/image\/","url":"https:\/\/secure.gravatar.com\/avatar\/bc3c655860202182ee6d1b5edd042dbe?s=96&d=mm&r=g","contentUrl":"https:\/\/secure.gravatar.com\/avatar\/bc3c655860202182ee6d1b5edd042dbe?s=96&d=mm&r=g","caption":"David Andr\u00e9s Aguirre"},"url":"https:\/\/ciudadyregion.com.co\/index.php\/author\/diegoaguirre\/"}]}},"jetpack_featured_media_url":"https:\/\/i0.wp.com\/ciudadyregion.com.co\/wp-content\/uploads\/2024\/12\/3-60.jpg?fit=800%2C445&ssl=1","jetpack_sharing_enabled":true,"jetpack_shortlink":"https:\/\/wp.me\/pbS7hh-7iu","jetpack-related-posts":[],"_links":{"self":[{"href":"https:\/\/ciudadyregion.com.co\/index.php\/wp-json\/wp\/v2\/posts\/28054"}],"collection":[{"href":"https:\/\/ciudadyregion.com.co\/index.php\/wp-json\/wp\/v2\/posts"}],"about":[{"href":"https:\/\/ciudadyregion.com.co\/index.php\/wp-json\/wp\/v2\/types\/post"}],"author":[{"embeddable":true,"href":"https:\/\/ciudadyregion.com.co\/index.php\/wp-json\/wp\/v2\/users\/2"}],"replies":[{"embeddable":true,"href":"https:\/\/ciudadyregion.com.co\/index.php\/wp-json\/wp\/v2\/comments?post=28054"}],"version-history":[{"count":1,"href":"https:\/\/ciudadyregion.com.co\/index.php\/wp-json\/wp\/v2\/posts\/28054\/revisions"}],"predecessor-version":[{"id":28056,"href":"https:\/\/ciudadyregion.com.co\/index.php\/wp-json\/wp\/v2\/posts\/28054\/revisions\/28056"}],"wp:featuredmedia":[{"embeddable":true,"href":"https:\/\/ciudadyregion.com.co\/index.php\/wp-json\/wp\/v2\/media\/28055"}],"wp:attachment":[{"href":"https:\/\/ciudadyregion.com.co\/index.php\/wp-json\/wp\/v2\/media?parent=28054"}],"wp:term":[{"taxonomy":"category","embeddable":true,"href":"https:\/\/ciudadyregion.com.co\/index.php\/wp-json\/wp\/v2\/categories?post=28054"},{"taxonomy":"post_tag","embeddable":true,"href":"https:\/\/ciudadyregion.com.co\/index.php\/wp-json\/wp\/v2\/tags?post=28054"}],"curies":[{"name":"wp","href":"https:\/\/api.w.org\/{rel}","templated":true}]}}