{"id":2698,"date":"2023-11-27T09:44:27","date_gmt":"2023-11-27T14:44:27","guid":{"rendered":"https:\/\/ciudadyregion.com.co\/?p=2698"},"modified":"2023-11-27T09:44:27","modified_gmt":"2023-11-27T14:44:27","slug":"cortolima-inicio-entregas-del-proyecto-para-recoleccion-de-aguas-lluvias-agua-para-vivir","status":"publish","type":"post","link":"https:\/\/ciudadyregion.com.co\/index.php\/cortolima-inicio-entregas-del-proyecto-para-recoleccion-de-aguas-lluvias-agua-para-vivir\/medio-ambiente\/","title":{"rendered":"Cortolima inici\u00f3 entregas del proyecto para recolecci\u00f3n de aguas lluvias: \u00abAgua para vivir\u00bb"},"content":{"rendered":"<ul>\n<li>68 familias de Natagaima y de Prado son las beneficiadas.<\/li>\n<li>Cada tanque sirve como reservorio de 1.500 litros de aguas lluvias.<\/li>\n<li>Es un proyecto piloto. La inversi\u00f3n continuar\u00e1 en los municipios m\u00e1s c\u00e1lidos del departamento.<\/li>\n<\/ul>\n<p>Grandes noticias para dos de los municipios tolimenses que tienen las temperaturas m\u00e1s altas. Un total de 68 familias, (29 de Natagaima y 39 de Prado) ahora contar\u00e1n cada una con un tanque con capacidad de 1.500 litros de almacenamiento como reservorio de aguas lluvias.<\/p>\n<p><img data-recalc-dims=\"1\" loading=\"lazy\" decoding=\"async\" class=\"alignnone wp-image-2700 size-full\" src=\"https:\/\/i0.wp.com\/ciudadyregion.com.co\/wp-content\/uploads\/2023\/11\/WhatsApp-Image-2023-11-26-at-5.54.48-PM.jpeg?resize=1280%2C853&#038;ssl=1\" alt=\"\" width=\"1280\" height=\"853\" srcset=\"https:\/\/i0.wp.com\/ciudadyregion.com.co\/wp-content\/uploads\/2023\/11\/WhatsApp-Image-2023-11-26-at-5.54.48-PM.jpeg?w=1280&amp;ssl=1 1280w, https:\/\/i0.wp.com\/ciudadyregion.com.co\/wp-content\/uploads\/2023\/11\/WhatsApp-Image-2023-11-26-at-5.54.48-PM.jpeg?resize=300%2C200&amp;ssl=1 300w, https:\/\/i0.wp.com\/ciudadyregion.com.co\/wp-content\/uploads\/2023\/11\/WhatsApp-Image-2023-11-26-at-5.54.48-PM.jpeg?resize=1024%2C682&amp;ssl=1 1024w, https:\/\/i0.wp.com\/ciudadyregion.com.co\/wp-content\/uploads\/2023\/11\/WhatsApp-Image-2023-11-26-at-5.54.48-PM.jpeg?resize=768%2C512&amp;ssl=1 768w, https:\/\/i0.wp.com\/ciudadyregion.com.co\/wp-content\/uploads\/2023\/11\/WhatsApp-Image-2023-11-26-at-5.54.48-PM.jpeg?resize=391%2C260&amp;ssl=1 391w, https:\/\/i0.wp.com\/ciudadyregion.com.co\/wp-content\/uploads\/2023\/11\/WhatsApp-Image-2023-11-26-at-5.54.48-PM.jpeg?resize=465%2C310&amp;ssl=1 465w, https:\/\/i0.wp.com\/ciudadyregion.com.co\/wp-content\/uploads\/2023\/11\/WhatsApp-Image-2023-11-26-at-5.54.48-PM.jpeg?resize=695%2C463&amp;ssl=1 695w\" sizes=\"(max-width: 1280px) 100vw, 1280px\" \/><\/p>\n<p>La comunidad de la Fundaci\u00f3n Asfumujer est\u00e1 celebrando que se haya iniciado la entrega del proyecto Agua para vivir, porque fue una idea que naci\u00f3 de las mujeres de las veredas La Palmita, Cocana Pueblo Nuevo y Guasim\u00e1l, Camino real y Rinc\u00f3n de Anchique de Natagaima para dar parte de la soluci\u00f3n al riego de sus huertas caseras en esta zona donde se presenta tanta sequ\u00eda.<\/p>\n<blockquote><p>\u00abA nuestro tanque le decimos cosecha de agua porque vamos a recolectar el agua para nuestro beneficio, para nuestros parques productivos, es decir, nuestras huertas caseras. \u00a1Gracias Cortolima!\u00bb: Mercy Vera, primera beneficiaria del proyecto Agua para vivir.<\/p><\/blockquote>\n<p><img data-recalc-dims=\"1\" loading=\"lazy\" decoding=\"async\" class=\"alignnone wp-image-2701 size-full\" src=\"https:\/\/i0.wp.com\/ciudadyregion.com.co\/wp-content\/uploads\/2023\/11\/WhatsApp-Image-2023-11-26-at-5.54.48-PM-1.jpeg?resize=1280%2C719&#038;ssl=1\" alt=\"\" width=\"1280\" height=\"719\" srcset=\"https:\/\/i0.wp.com\/ciudadyregion.com.co\/wp-content\/uploads\/2023\/11\/WhatsApp-Image-2023-11-26-at-5.54.48-PM-1.jpeg?w=1280&amp;ssl=1 1280w, https:\/\/i0.wp.com\/ciudadyregion.com.co\/wp-content\/uploads\/2023\/11\/WhatsApp-Image-2023-11-26-at-5.54.48-PM-1.jpeg?resize=300%2C169&amp;ssl=1 300w, https:\/\/i0.wp.com\/ciudadyregion.com.co\/wp-content\/uploads\/2023\/11\/WhatsApp-Image-2023-11-26-at-5.54.48-PM-1.jpeg?resize=1024%2C575&amp;ssl=1 1024w, https:\/\/i0.wp.com\/ciudadyregion.com.co\/wp-content\/uploads\/2023\/11\/WhatsApp-Image-2023-11-26-at-5.54.48-PM-1.jpeg?resize=768%2C431&amp;ssl=1 768w, https:\/\/i0.wp.com\/ciudadyregion.com.co\/wp-content\/uploads\/2023\/11\/WhatsApp-Image-2023-11-26-at-5.54.48-PM-1.jpeg?resize=465%2C261&amp;ssl=1 465w, https:\/\/i0.wp.com\/ciudadyregion.com.co\/wp-content\/uploads\/2023\/11\/WhatsApp-Image-2023-11-26-at-5.54.48-PM-1.jpeg?resize=695%2C390&amp;ssl=1 695w\" sizes=\"(max-width: 1280px) 100vw, 1280px\" \/><\/p>\n<p>&nbsp;<\/p>\n<p>&nbsp;<\/p>\n<p>&nbsp;<\/p>\n<p>&nbsp;<\/p>\n<p>&nbsp;<\/p>\n<p>&nbsp;<\/p>\n<p>&nbsp;<\/p>\n<p>&nbsp;<\/p>\n<p>&nbsp;<\/p>\n<p><em>Cr\u00e9ditos: Cortolima<\/em><\/p>\n","protected":false},"excerpt":{"rendered":"<p>68 familias de Natagaima y de Prado son las beneficiadas. Cada tanque sirve como reservorio de 1.500 litros de aguas lluvias. Es un proyecto piloto. La inversi\u00f3n continuar\u00e1 en los municipios m\u00e1s c\u00e1lidos del departamento. Grandes noticias para dos de los municipios tolimenses que tienen las temperaturas m\u00e1s altas. Un<span class=\"more-link\"><a href=\"https:\/\/ciudadyregion.com.co\/index.php\/cortolima-inicio-entregas-del-proyecto-para-recoleccion-de-aguas-lluvias-agua-para-vivir\/medio-ambiente\/\">Continuar Leyendo<\/a><\/span><\/p>\n","protected":false},"author":2,"featured_media":2699,"comment_status":"open","ping_status":"open","sticky":false,"template":"","format":"standard","meta":{"_uf_show_specific_survey":0,"_uf_disable_surveys":false,"_jetpack_memberships_contains_paid_content":false,"footnotes":"","jetpack_publicize_message":"","jetpack_publicize_feature_enabled":true,"jetpack_social_post_already_shared":true,"jetpack_social_options":{"image_generator_settings":{"template":"highway","enabled":false},"version":2}},"categories":[32],"tags":[],"class_list":["entry","author-diegoaguirre","post-2698","post","type-post","status-publish","format-standard","has-post-thumbnail","category-medio-ambiente"],"jetpack_publicize_connections":[],"yoast_head":"<!-- This site is optimized with the Yoast SEO plugin v24.3 - https:\/\/yoast.com\/wordpress\/plugins\/seo\/ -->\n<title>Cortolima inici\u00f3 entregas del proyecto para recolecci\u00f3n de aguas lluvias: &quot;Agua para vivir&quot; - Ciudad y Region<\/title>\n<meta name=\"robots\" content=\"index, follow, max-snippet:-1, max-image-preview:large, max-video-preview:-1\" \/>\n<link rel=\"canonical\" href=\"https:\/\/ciudadyregion.com.co\/index.php\/cortolima-inicio-entregas-del-proyecto-para-recoleccion-de-aguas-lluvias-agua-para-vivir\/medio-ambiente\/\" \/>\n<meta property=\"og:locale\" content=\"es_ES\" \/>\n<meta property=\"og:type\" content=\"article\" \/>\n<meta property=\"og:title\" content=\"Cortolima inici\u00f3 entregas del proyecto para recolecci\u00f3n de aguas lluvias: &quot;Agua para vivir&quot; - Ciudad y Region\" \/>\n<meta property=\"og:description\" content=\"68 familias de Natagaima y de Prado son las beneficiadas. Cada tanque sirve como reservorio de 1.500 litros de aguas lluvias. Es un proyecto piloto. La inversi\u00f3n continuar\u00e1 en los municipios m\u00e1s c\u00e1lidos del departamento. Grandes noticias para dos de los municipios tolimenses que tienen las temperaturas m\u00e1s altas. UnContinuar Leyendo\" \/>\n<meta property=\"og:url\" content=\"https:\/\/ciudadyregion.com.co\/index.php\/cortolima-inicio-entregas-del-proyecto-para-recoleccion-de-aguas-lluvias-agua-para-vivir\/medio-ambiente\/\" \/>\n<meta property=\"og:site_name\" content=\"Ciudad y Region\" \/>\n<meta property=\"article:published_time\" content=\"2023-11-27T14:44:27+00:00\" \/>\n<meta property=\"og:image\" content=\"https:\/\/ciudadyregion.com.co\/wp-content\/uploads\/2023\/11\/4-25.jpg\" \/>\n\t<meta property=\"og:image:width\" content=\"800\" \/>\n\t<meta property=\"og:image:height\" content=\"445\" \/>\n\t<meta property=\"og:image:type\" content=\"image\/jpeg\" \/>\n<meta name=\"author\" content=\"David Andr\u00e9s Aguirre\" \/>\n<meta name=\"twitter:card\" content=\"summary_large_image\" \/>\n<meta name=\"twitter:label1\" content=\"Escrito por\" \/>\n\t<meta name=\"twitter:data1\" content=\"David Andr\u00e9s Aguirre\" \/>\n\t<meta name=\"twitter:label2\" content=\"Tiempo de lectura\" \/>\n\t<meta name=\"twitter:data2\" content=\"2 minutos\" \/>\n<script type=\"application\/ld+json\" class=\"yoast-schema-graph\">{\"@context\":\"https:\/\/schema.org\",\"@graph\":[{\"@type\":\"WebPage\",\"@id\":\"https:\/\/ciudadyregion.com.co\/index.php\/cortolima-inicio-entregas-del-proyecto-para-recoleccion-de-aguas-lluvias-agua-para-vivir\/medio-ambiente\/\",\"url\":\"https:\/\/ciudadyregion.com.co\/index.php\/cortolima-inicio-entregas-del-proyecto-para-recoleccion-de-aguas-lluvias-agua-para-vivir\/medio-ambiente\/\",\"name\":\"Cortolima inici\u00f3 entregas del proyecto para recolecci\u00f3n de aguas lluvias: \\\"Agua para vivir\\\" - Ciudad y Region\",\"isPartOf\":{\"@id\":\"https:\/\/ciudadyregion.com.co\/#website\"},\"primaryImageOfPage\":{\"@id\":\"https:\/\/ciudadyregion.com.co\/index.php\/cortolima-inicio-entregas-del-proyecto-para-recoleccion-de-aguas-lluvias-agua-para-vivir\/medio-ambiente\/#primaryimage\"},\"image\":{\"@id\":\"https:\/\/ciudadyregion.com.co\/index.php\/cortolima-inicio-entregas-del-proyecto-para-recoleccion-de-aguas-lluvias-agua-para-vivir\/medio-ambiente\/#primaryimage\"},\"thumbnailUrl\":\"https:\/\/i0.wp.com\/ciudadyregion.com.co\/wp-content\/uploads\/2023\/11\/4-25.jpg?fit=800%2C445&ssl=1\",\"datePublished\":\"2023-11-27T14:44:27+00:00\",\"dateModified\":\"2023-11-27T14:44:27+00:00\",\"author\":{\"@id\":\"https:\/\/ciudadyregion.com.co\/#\/schema\/person\/04a4954373ebc4051f46e8c65ff78622\"},\"breadcrumb\":{\"@id\":\"https:\/\/ciudadyregion.com.co\/index.php\/cortolima-inicio-entregas-del-proyecto-para-recoleccion-de-aguas-lluvias-agua-para-vivir\/medio-ambiente\/#breadcrumb\"},\"inLanguage\":\"es\",\"potentialAction\":[{\"@type\":\"ReadAction\",\"target\":[\"https:\/\/ciudadyregion.com.co\/index.php\/cortolima-inicio-entregas-del-proyecto-para-recoleccion-de-aguas-lluvias-agua-para-vivir\/medio-ambiente\/\"]}]},{\"@type\":\"ImageObject\",\"inLanguage\":\"es\",\"@id\":\"https:\/\/ciudadyregion.com.co\/index.php\/cortolima-inicio-entregas-del-proyecto-para-recoleccion-de-aguas-lluvias-agua-para-vivir\/medio-ambiente\/#primaryimage\",\"url\":\"https:\/\/i0.wp.com\/ciudadyregion.com.co\/wp-content\/uploads\/2023\/11\/4-25.jpg?fit=800%2C445&ssl=1\",\"contentUrl\":\"https:\/\/i0.wp.com\/ciudadyregion.com.co\/wp-content\/uploads\/2023\/11\/4-25.jpg?fit=800%2C445&ssl=1\",\"width\":800,\"height\":445},{\"@type\":\"BreadcrumbList\",\"@id\":\"https:\/\/ciudadyregion.com.co\/index.php\/cortolima-inicio-entregas-del-proyecto-para-recoleccion-de-aguas-lluvias-agua-para-vivir\/medio-ambiente\/#breadcrumb\",\"itemListElement\":[{\"@type\":\"ListItem\",\"position\":1,\"name\":\"Portada\",\"item\":\"https:\/\/ciudadyregion.com.co\/\"},{\"@type\":\"ListItem\",\"position\":2,\"name\":\"Cortolima inici\u00f3 entregas del proyecto para recolecci\u00f3n de aguas lluvias: &#8220;Agua para vivir&#8221;\"}]},{\"@type\":\"WebSite\",\"@id\":\"https:\/\/ciudadyregion.com.co\/#website\",\"url\":\"https:\/\/ciudadyregion.com.co\/\",\"name\":\"Ciudad y Region\",\"description\":\"\",\"potentialAction\":[{\"@type\":\"SearchAction\",\"target\":{\"@type\":\"EntryPoint\",\"urlTemplate\":\"https:\/\/ciudadyregion.com.co\/?s={search_term_string}\"},\"query-input\":{\"@type\":\"PropertyValueSpecification\",\"valueRequired\":true,\"valueName\":\"search_term_string\"}}],\"inLanguage\":\"es\"},{\"@type\":\"Person\",\"@id\":\"https:\/\/ciudadyregion.com.co\/#\/schema\/person\/04a4954373ebc4051f46e8c65ff78622\",\"name\":\"David Andr\u00e9s Aguirre\",\"image\":{\"@type\":\"ImageObject\",\"inLanguage\":\"es\",\"@id\":\"https:\/\/ciudadyregion.com.co\/#\/schema\/person\/image\/\",\"url\":\"https:\/\/secure.gravatar.com\/avatar\/bc3c655860202182ee6d1b5edd042dbe?s=96&d=mm&r=g\",\"contentUrl\":\"https:\/\/secure.gravatar.com\/avatar\/bc3c655860202182ee6d1b5edd042dbe?s=96&d=mm&r=g\",\"caption\":\"David Andr\u00e9s Aguirre\"},\"url\":\"https:\/\/ciudadyregion.com.co\/index.php\/author\/diegoaguirre\/\"}]}<\/script>\n<!-- \/ Yoast SEO plugin. -->","yoast_head_json":{"title":"Cortolima inici\u00f3 entregas del proyecto para recolecci\u00f3n de aguas lluvias: \"Agua para vivir\" - Ciudad y Region","robots":{"index":"index","follow":"follow","max-snippet":"max-snippet:-1","max-image-preview":"max-image-preview:large","max-video-preview":"max-video-preview:-1"},"canonical":"https:\/\/ciudadyregion.com.co\/index.php\/cortolima-inicio-entregas-del-proyecto-para-recoleccion-de-aguas-lluvias-agua-para-vivir\/medio-ambiente\/","og_locale":"es_ES","og_type":"article","og_title":"Cortolima inici\u00f3 entregas del proyecto para recolecci\u00f3n de aguas lluvias: \"Agua para vivir\" - Ciudad y Region","og_description":"68 familias de Natagaima y de Prado son las beneficiadas. Cada tanque sirve como reservorio de 1.500 litros de aguas lluvias. Es un proyecto piloto. La inversi\u00f3n continuar\u00e1 en los municipios m\u00e1s c\u00e1lidos del departamento. Grandes noticias para dos de los municipios tolimenses que tienen las temperaturas m\u00e1s altas. UnContinuar Leyendo","og_url":"https:\/\/ciudadyregion.com.co\/index.php\/cortolima-inicio-entregas-del-proyecto-para-recoleccion-de-aguas-lluvias-agua-para-vivir\/medio-ambiente\/","og_site_name":"Ciudad y Region","article_published_time":"2023-11-27T14:44:27+00:00","og_image":[{"width":800,"height":445,"url":"https:\/\/ciudadyregion.com.co\/wp-content\/uploads\/2023\/11\/4-25.jpg","type":"image\/jpeg"}],"author":"David Andr\u00e9s Aguirre","twitter_card":"summary_large_image","twitter_misc":{"Escrito por":"David Andr\u00e9s Aguirre","Tiempo de lectura":"2 minutos"},"schema":{"@context":"https:\/\/schema.org","@graph":[{"@type":"WebPage","@id":"https:\/\/ciudadyregion.com.co\/index.php\/cortolima-inicio-entregas-del-proyecto-para-recoleccion-de-aguas-lluvias-agua-para-vivir\/medio-ambiente\/","url":"https:\/\/ciudadyregion.com.co\/index.php\/cortolima-inicio-entregas-del-proyecto-para-recoleccion-de-aguas-lluvias-agua-para-vivir\/medio-ambiente\/","name":"Cortolima inici\u00f3 entregas del proyecto para recolecci\u00f3n de aguas lluvias: \"Agua para vivir\" - Ciudad y Region","isPartOf":{"@id":"https:\/\/ciudadyregion.com.co\/#website"},"primaryImageOfPage":{"@id":"https:\/\/ciudadyregion.com.co\/index.php\/cortolima-inicio-entregas-del-proyecto-para-recoleccion-de-aguas-lluvias-agua-para-vivir\/medio-ambiente\/#primaryimage"},"image":{"@id":"https:\/\/ciudadyregion.com.co\/index.php\/cortolima-inicio-entregas-del-proyecto-para-recoleccion-de-aguas-lluvias-agua-para-vivir\/medio-ambiente\/#primaryimage"},"thumbnailUrl":"https:\/\/i0.wp.com\/ciudadyregion.com.co\/wp-content\/uploads\/2023\/11\/4-25.jpg?fit=800%2C445&ssl=1","datePublished":"2023-11-27T14:44:27+00:00","dateModified":"2023-11-27T14:44:27+00:00","author":{"@id":"https:\/\/ciudadyregion.com.co\/#\/schema\/person\/04a4954373ebc4051f46e8c65ff78622"},"breadcrumb":{"@id":"https:\/\/ciudadyregion.com.co\/index.php\/cortolima-inicio-entregas-del-proyecto-para-recoleccion-de-aguas-lluvias-agua-para-vivir\/medio-ambiente\/#breadcrumb"},"inLanguage":"es","potentialAction":[{"@type":"ReadAction","target":["https:\/\/ciudadyregion.com.co\/index.php\/cortolima-inicio-entregas-del-proyecto-para-recoleccion-de-aguas-lluvias-agua-para-vivir\/medio-ambiente\/"]}]},{"@type":"ImageObject","inLanguage":"es","@id":"https:\/\/ciudadyregion.com.co\/index.php\/cortolima-inicio-entregas-del-proyecto-para-recoleccion-de-aguas-lluvias-agua-para-vivir\/medio-ambiente\/#primaryimage","url":"https:\/\/i0.wp.com\/ciudadyregion.com.co\/wp-content\/uploads\/2023\/11\/4-25.jpg?fit=800%2C445&ssl=1","contentUrl":"https:\/\/i0.wp.com\/ciudadyregion.com.co\/wp-content\/uploads\/2023\/11\/4-25.jpg?fit=800%2C445&ssl=1","width":800,"height":445},{"@type":"BreadcrumbList","@id":"https:\/\/ciudadyregion.com.co\/index.php\/cortolima-inicio-entregas-del-proyecto-para-recoleccion-de-aguas-lluvias-agua-para-vivir\/medio-ambiente\/#breadcrumb","itemListElement":[{"@type":"ListItem","position":1,"name":"Portada","item":"https:\/\/ciudadyregion.com.co\/"},{"@type":"ListItem","position":2,"name":"Cortolima inici\u00f3 entregas del proyecto para recolecci\u00f3n de aguas lluvias: &#8220;Agua para vivir&#8221;"}]},{"@type":"WebSite","@id":"https:\/\/ciudadyregion.com.co\/#website","url":"https:\/\/ciudadyregion.com.co\/","name":"Ciudad y Region","description":"","potentialAction":[{"@type":"SearchAction","target":{"@type":"EntryPoint","urlTemplate":"https:\/\/ciudadyregion.com.co\/?s={search_term_string}"},"query-input":{"@type":"PropertyValueSpecification","valueRequired":true,"valueName":"search_term_string"}}],"inLanguage":"es"},{"@type":"Person","@id":"https:\/\/ciudadyregion.com.co\/#\/schema\/person\/04a4954373ebc4051f46e8c65ff78622","name":"David Andr\u00e9s Aguirre","image":{"@type":"ImageObject","inLanguage":"es","@id":"https:\/\/ciudadyregion.com.co\/#\/schema\/person\/image\/","url":"https:\/\/secure.gravatar.com\/avatar\/bc3c655860202182ee6d1b5edd042dbe?s=96&d=mm&r=g","contentUrl":"https:\/\/secure.gravatar.com\/avatar\/bc3c655860202182ee6d1b5edd042dbe?s=96&d=mm&r=g","caption":"David Andr\u00e9s Aguirre"},"url":"https:\/\/ciudadyregion.com.co\/index.php\/author\/diegoaguirre\/"}]}},"jetpack_featured_media_url":"https:\/\/i0.wp.com\/ciudadyregion.com.co\/wp-content\/uploads\/2023\/11\/4-25.jpg?fit=800%2C445&ssl=1","jetpack_sharing_enabled":true,"jetpack_shortlink":"https:\/\/wp.me\/pbS7hh-Hw","jetpack-related-posts":[],"_links":{"self":[{"href":"https:\/\/ciudadyregion.com.co\/index.php\/wp-json\/wp\/v2\/posts\/2698"}],"collection":[{"href":"https:\/\/ciudadyregion.com.co\/index.php\/wp-json\/wp\/v2\/posts"}],"about":[{"href":"https:\/\/ciudadyregion.com.co\/index.php\/wp-json\/wp\/v2\/types\/post"}],"author":[{"embeddable":true,"href":"https:\/\/ciudadyregion.com.co\/index.php\/wp-json\/wp\/v2\/users\/2"}],"replies":[{"embeddable":true,"href":"https:\/\/ciudadyregion.com.co\/index.php\/wp-json\/wp\/v2\/comments?post=2698"}],"version-history":[{"count":1,"href":"https:\/\/ciudadyregion.com.co\/index.php\/wp-json\/wp\/v2\/posts\/2698\/revisions"}],"predecessor-version":[{"id":2702,"href":"https:\/\/ciudadyregion.com.co\/index.php\/wp-json\/wp\/v2\/posts\/2698\/revisions\/2702"}],"wp:featuredmedia":[{"embeddable":true,"href":"https:\/\/ciudadyregion.com.co\/index.php\/wp-json\/wp\/v2\/media\/2699"}],"wp:attachment":[{"href":"https:\/\/ciudadyregion.com.co\/index.php\/wp-json\/wp\/v2\/media?parent=2698"}],"wp:term":[{"taxonomy":"category","embeddable":true,"href":"https:\/\/ciudadyregion.com.co\/index.php\/wp-json\/wp\/v2\/categories?post=2698"},{"taxonomy":"post_tag","embeddable":true,"href":"https:\/\/ciudadyregion.com.co\/index.php\/wp-json\/wp\/v2\/tags?post=2698"}],"curies":[{"name":"wp","href":"https:\/\/api.w.org\/{rel}","templated":true}]}}