{"id":2599,"date":"2023-11-25T04:52:50","date_gmt":"2023-11-25T09:52:50","guid":{"rendered":"https:\/\/ciudadyregion.com.co\/?p=2599"},"modified":"2023-11-24T15:54:03","modified_gmt":"2023-11-24T20:54:03","slug":"este-hombre-fue-capturado-en-el-carmen-de-apicala-por-el-porte-ilegal-de-arma-de-fuego","status":"publish","type":"post","link":"https:\/\/ciudadyregion.com.co\/index.php\/este-hombre-fue-capturado-en-el-carmen-de-apicala-por-el-porte-ilegal-de-arma-de-fuego\/judicial\/","title":{"rendered":"Este hombre fue capturado en el Carmen de Apical\u00e1 por el porte ilegal de arma de fuego"},"content":{"rendered":"<ul>\n<li>Dicha persona fue cobijada con medida de aseguramiento intramural.<\/li>\n<\/ul>\n<p>Continuando con la estrategia enfocada contra el porte ilegal de armas de fuego en el marco del Plan Choque \u2018Seguridad 360\u2019, la Polic\u00eda Tolima en cabeza del se\u00f1or coronel Libardo Fabio Ojeda Eraso, en las \u00faltimas horas con uniformados de los cuadrantes de la estaci\u00f3n de Polic\u00eda Carmen de Apical\u00e1, lograron la captura de un sujeto requerido por autoridades de la Ciudad de Ibagu\u00e9.<\/p>\n<p>El hecho se present\u00f3 sobre las 07:40 de la noche, en v\u00eda publica que del municipio de Carmen de Apical\u00e1 conduce a Melgar, lugar donde los uniformados lograron la materializaci\u00f3n y captura de un sujeto de 43 a\u00f1os, a quien le figuraba una orden de captura vigente, emanada por el juzgado N\u00b09 de ejecuci\u00f3n de penas y medidas de seguridad de Ibagu\u00e9, por el delito de fabricaci\u00f3n, tr\u00e1fico, porte o tenencia de armas de fuego, accesorios, partes o municiones.<\/p>\n<p>El capturado fue dejado a disposici\u00f3n de la autoridad competente, por el delito antes en menci\u00f3n, el cual despu\u00e9s de audiencia virtual fue cobijado con medida de aseguramiento intramural.<\/p>\n","protected":false},"excerpt":{"rendered":"<p>Dicha persona fue cobijada con medida de aseguramiento intramural. Continuando con la estrategia enfocada contra el porte ilegal de armas de fuego en el marco del Plan Choque \u2018Seguridad 360\u2019, la Polic\u00eda Tolima en cabeza del se\u00f1or coronel Libardo Fabio Ojeda Eraso, en las \u00faltimas horas con uniformados de los<span class=\"more-link\"><a href=\"https:\/\/ciudadyregion.com.co\/index.php\/este-hombre-fue-capturado-en-el-carmen-de-apicala-por-el-porte-ilegal-de-arma-de-fuego\/judicial\/\">Continuar Leyendo<\/a><\/span><\/p>\n","protected":false},"author":2,"featured_media":2600,"comment_status":"open","ping_status":"open","sticky":false,"template":"","format":"standard","meta":{"_uf_show_specific_survey":0,"_uf_disable_surveys":false,"_jetpack_memberships_contains_paid_content":false,"footnotes":"","jetpack_publicize_message":"","jetpack_publicize_feature_enabled":true,"jetpack_social_post_already_shared":true,"jetpack_social_options":{"image_generator_settings":{"template":"highway","enabled":false},"version":2}},"categories":[18],"tags":[],"class_list":["entry","author-diegoaguirre","post-2599","post","type-post","status-publish","format-standard","has-post-thumbnail","category-judicial"],"jetpack_publicize_connections":[],"yoast_head":"<!-- This site is optimized with the Yoast SEO plugin v24.3 - https:\/\/yoast.com\/wordpress\/plugins\/seo\/ -->\n<title>Este hombre fue capturado en el Carmen de Apical\u00e1 por el porte ilegal de arma de fuego - Ciudad y Region<\/title>\n<meta name=\"robots\" content=\"index, follow, max-snippet:-1, max-image-preview:large, max-video-preview:-1\" \/>\n<link rel=\"canonical\" href=\"https:\/\/ciudadyregion.com.co\/index.php\/este-hombre-fue-capturado-en-el-carmen-de-apicala-por-el-porte-ilegal-de-arma-de-fuego\/judicial\/\" \/>\n<meta property=\"og:locale\" content=\"es_ES\" \/>\n<meta property=\"og:type\" content=\"article\" \/>\n<meta property=\"og:title\" content=\"Este hombre fue capturado en el Carmen de Apical\u00e1 por el porte ilegal de arma de fuego - Ciudad y Region\" \/>\n<meta property=\"og:description\" content=\"Dicha persona fue cobijada con medida de aseguramiento intramural. Continuando con la estrategia enfocada contra el porte ilegal de armas de fuego en el marco del Plan Choque \u2018Seguridad 360\u2019, la Polic\u00eda Tolima en cabeza del se\u00f1or coronel Libardo Fabio Ojeda Eraso, en las \u00faltimas horas con uniformados de losContinuar Leyendo\" \/>\n<meta property=\"og:url\" content=\"https:\/\/ciudadyregion.com.co\/index.php\/este-hombre-fue-capturado-en-el-carmen-de-apicala-por-el-porte-ilegal-de-arma-de-fuego\/judicial\/\" \/>\n<meta property=\"og:site_name\" content=\"Ciudad y Region\" \/>\n<meta property=\"article:published_time\" content=\"2023-11-25T09:52:50+00:00\" \/>\n<meta property=\"article:modified_time\" content=\"2023-11-24T20:54:03+00:00\" \/>\n<meta property=\"og:image\" content=\"https:\/\/i0.wp.com\/ciudadyregion.com.co\/wp-content\/uploads\/2023\/11\/11-8.jpg?fit=800%2C445&ssl=1\" \/>\n\t<meta property=\"og:image:width\" content=\"800\" \/>\n\t<meta property=\"og:image:height\" content=\"445\" \/>\n\t<meta property=\"og:image:type\" content=\"image\/jpeg\" \/>\n<meta name=\"author\" content=\"David Andr\u00e9s Aguirre\" \/>\n<meta name=\"twitter:card\" content=\"summary_large_image\" \/>\n<meta name=\"twitter:label1\" content=\"Escrito por\" \/>\n\t<meta name=\"twitter:data1\" content=\"David Andr\u00e9s Aguirre\" \/>\n\t<meta name=\"twitter:label2\" content=\"Tiempo de lectura\" \/>\n\t<meta name=\"twitter:data2\" content=\"1 minuto\" \/>\n<script type=\"application\/ld+json\" class=\"yoast-schema-graph\">{\"@context\":\"https:\/\/schema.org\",\"@graph\":[{\"@type\":\"WebPage\",\"@id\":\"https:\/\/ciudadyregion.com.co\/index.php\/este-hombre-fue-capturado-en-el-carmen-de-apicala-por-el-porte-ilegal-de-arma-de-fuego\/judicial\/\",\"url\":\"https:\/\/ciudadyregion.com.co\/index.php\/este-hombre-fue-capturado-en-el-carmen-de-apicala-por-el-porte-ilegal-de-arma-de-fuego\/judicial\/\",\"name\":\"Este hombre fue capturado en el Carmen de Apical\u00e1 por el porte ilegal de arma de fuego - Ciudad y Region\",\"isPartOf\":{\"@id\":\"https:\/\/ciudadyregion.com.co\/#website\"},\"primaryImageOfPage\":{\"@id\":\"https:\/\/ciudadyregion.com.co\/index.php\/este-hombre-fue-capturado-en-el-carmen-de-apicala-por-el-porte-ilegal-de-arma-de-fuego\/judicial\/#primaryimage\"},\"image\":{\"@id\":\"https:\/\/ciudadyregion.com.co\/index.php\/este-hombre-fue-capturado-en-el-carmen-de-apicala-por-el-porte-ilegal-de-arma-de-fuego\/judicial\/#primaryimage\"},\"thumbnailUrl\":\"https:\/\/i0.wp.com\/ciudadyregion.com.co\/wp-content\/uploads\/2023\/11\/11-8.jpg?fit=800%2C445&ssl=1\",\"datePublished\":\"2023-11-25T09:52:50+00:00\",\"dateModified\":\"2023-11-24T20:54:03+00:00\",\"author\":{\"@id\":\"https:\/\/ciudadyregion.com.co\/#\/schema\/person\/04a4954373ebc4051f46e8c65ff78622\"},\"breadcrumb\":{\"@id\":\"https:\/\/ciudadyregion.com.co\/index.php\/este-hombre-fue-capturado-en-el-carmen-de-apicala-por-el-porte-ilegal-de-arma-de-fuego\/judicial\/#breadcrumb\"},\"inLanguage\":\"es\",\"potentialAction\":[{\"@type\":\"ReadAction\",\"target\":[\"https:\/\/ciudadyregion.com.co\/index.php\/este-hombre-fue-capturado-en-el-carmen-de-apicala-por-el-porte-ilegal-de-arma-de-fuego\/judicial\/\"]}]},{\"@type\":\"ImageObject\",\"inLanguage\":\"es\",\"@id\":\"https:\/\/ciudadyregion.com.co\/index.php\/este-hombre-fue-capturado-en-el-carmen-de-apicala-por-el-porte-ilegal-de-arma-de-fuego\/judicial\/#primaryimage\",\"url\":\"https:\/\/i0.wp.com\/ciudadyregion.com.co\/wp-content\/uploads\/2023\/11\/11-8.jpg?fit=800%2C445&ssl=1\",\"contentUrl\":\"https:\/\/i0.wp.com\/ciudadyregion.com.co\/wp-content\/uploads\/2023\/11\/11-8.jpg?fit=800%2C445&ssl=1\",\"width\":800,\"height\":445},{\"@type\":\"BreadcrumbList\",\"@id\":\"https:\/\/ciudadyregion.com.co\/index.php\/este-hombre-fue-capturado-en-el-carmen-de-apicala-por-el-porte-ilegal-de-arma-de-fuego\/judicial\/#breadcrumb\",\"itemListElement\":[{\"@type\":\"ListItem\",\"position\":1,\"name\":\"Portada\",\"item\":\"https:\/\/ciudadyregion.com.co\/\"},{\"@type\":\"ListItem\",\"position\":2,\"name\":\"Este hombre fue capturado en el Carmen de Apical\u00e1 por el porte ilegal de arma de fuego\"}]},{\"@type\":\"WebSite\",\"@id\":\"https:\/\/ciudadyregion.com.co\/#website\",\"url\":\"https:\/\/ciudadyregion.com.co\/\",\"name\":\"Ciudad y Region\",\"description\":\"\",\"potentialAction\":[{\"@type\":\"SearchAction\",\"target\":{\"@type\":\"EntryPoint\",\"urlTemplate\":\"https:\/\/ciudadyregion.com.co\/?s={search_term_string}\"},\"query-input\":{\"@type\":\"PropertyValueSpecification\",\"valueRequired\":true,\"valueName\":\"search_term_string\"}}],\"inLanguage\":\"es\"},{\"@type\":\"Person\",\"@id\":\"https:\/\/ciudadyregion.com.co\/#\/schema\/person\/04a4954373ebc4051f46e8c65ff78622\",\"name\":\"David Andr\u00e9s Aguirre\",\"image\":{\"@type\":\"ImageObject\",\"inLanguage\":\"es\",\"@id\":\"https:\/\/ciudadyregion.com.co\/#\/schema\/person\/image\/\",\"url\":\"https:\/\/secure.gravatar.com\/avatar\/bc3c655860202182ee6d1b5edd042dbe?s=96&d=mm&r=g\",\"contentUrl\":\"https:\/\/secure.gravatar.com\/avatar\/bc3c655860202182ee6d1b5edd042dbe?s=96&d=mm&r=g\",\"caption\":\"David Andr\u00e9s Aguirre\"},\"url\":\"https:\/\/ciudadyregion.com.co\/index.php\/author\/diegoaguirre\/\"}]}<\/script>\n<!-- \/ Yoast SEO plugin. -->","yoast_head_json":{"title":"Este hombre fue capturado en el Carmen de Apical\u00e1 por el porte ilegal de arma de fuego - Ciudad y Region","robots":{"index":"index","follow":"follow","max-snippet":"max-snippet:-1","max-image-preview":"max-image-preview:large","max-video-preview":"max-video-preview:-1"},"canonical":"https:\/\/ciudadyregion.com.co\/index.php\/este-hombre-fue-capturado-en-el-carmen-de-apicala-por-el-porte-ilegal-de-arma-de-fuego\/judicial\/","og_locale":"es_ES","og_type":"article","og_title":"Este hombre fue capturado en el Carmen de Apical\u00e1 por el porte ilegal de arma de fuego - Ciudad y Region","og_description":"Dicha persona fue cobijada con medida de aseguramiento intramural. Continuando con la estrategia enfocada contra el porte ilegal de armas de fuego en el marco del Plan Choque \u2018Seguridad 360\u2019, la Polic\u00eda Tolima en cabeza del se\u00f1or coronel Libardo Fabio Ojeda Eraso, en las \u00faltimas horas con uniformados de losContinuar Leyendo","og_url":"https:\/\/ciudadyregion.com.co\/index.php\/este-hombre-fue-capturado-en-el-carmen-de-apicala-por-el-porte-ilegal-de-arma-de-fuego\/judicial\/","og_site_name":"Ciudad y Region","article_published_time":"2023-11-25T09:52:50+00:00","article_modified_time":"2023-11-24T20:54:03+00:00","og_image":[{"width":800,"height":445,"url":"https:\/\/i0.wp.com\/ciudadyregion.com.co\/wp-content\/uploads\/2023\/11\/11-8.jpg?fit=800%2C445&ssl=1","type":"image\/jpeg"}],"author":"David Andr\u00e9s Aguirre","twitter_card":"summary_large_image","twitter_misc":{"Escrito por":"David Andr\u00e9s Aguirre","Tiempo de lectura":"1 minuto"},"schema":{"@context":"https:\/\/schema.org","@graph":[{"@type":"WebPage","@id":"https:\/\/ciudadyregion.com.co\/index.php\/este-hombre-fue-capturado-en-el-carmen-de-apicala-por-el-porte-ilegal-de-arma-de-fuego\/judicial\/","url":"https:\/\/ciudadyregion.com.co\/index.php\/este-hombre-fue-capturado-en-el-carmen-de-apicala-por-el-porte-ilegal-de-arma-de-fuego\/judicial\/","name":"Este hombre fue capturado en el Carmen de Apical\u00e1 por el porte ilegal de arma de fuego - Ciudad y Region","isPartOf":{"@id":"https:\/\/ciudadyregion.com.co\/#website"},"primaryImageOfPage":{"@id":"https:\/\/ciudadyregion.com.co\/index.php\/este-hombre-fue-capturado-en-el-carmen-de-apicala-por-el-porte-ilegal-de-arma-de-fuego\/judicial\/#primaryimage"},"image":{"@id":"https:\/\/ciudadyregion.com.co\/index.php\/este-hombre-fue-capturado-en-el-carmen-de-apicala-por-el-porte-ilegal-de-arma-de-fuego\/judicial\/#primaryimage"},"thumbnailUrl":"https:\/\/i0.wp.com\/ciudadyregion.com.co\/wp-content\/uploads\/2023\/11\/11-8.jpg?fit=800%2C445&ssl=1","datePublished":"2023-11-25T09:52:50+00:00","dateModified":"2023-11-24T20:54:03+00:00","author":{"@id":"https:\/\/ciudadyregion.com.co\/#\/schema\/person\/04a4954373ebc4051f46e8c65ff78622"},"breadcrumb":{"@id":"https:\/\/ciudadyregion.com.co\/index.php\/este-hombre-fue-capturado-en-el-carmen-de-apicala-por-el-porte-ilegal-de-arma-de-fuego\/judicial\/#breadcrumb"},"inLanguage":"es","potentialAction":[{"@type":"ReadAction","target":["https:\/\/ciudadyregion.com.co\/index.php\/este-hombre-fue-capturado-en-el-carmen-de-apicala-por-el-porte-ilegal-de-arma-de-fuego\/judicial\/"]}]},{"@type":"ImageObject","inLanguage":"es","@id":"https:\/\/ciudadyregion.com.co\/index.php\/este-hombre-fue-capturado-en-el-carmen-de-apicala-por-el-porte-ilegal-de-arma-de-fuego\/judicial\/#primaryimage","url":"https:\/\/i0.wp.com\/ciudadyregion.com.co\/wp-content\/uploads\/2023\/11\/11-8.jpg?fit=800%2C445&ssl=1","contentUrl":"https:\/\/i0.wp.com\/ciudadyregion.com.co\/wp-content\/uploads\/2023\/11\/11-8.jpg?fit=800%2C445&ssl=1","width":800,"height":445},{"@type":"BreadcrumbList","@id":"https:\/\/ciudadyregion.com.co\/index.php\/este-hombre-fue-capturado-en-el-carmen-de-apicala-por-el-porte-ilegal-de-arma-de-fuego\/judicial\/#breadcrumb","itemListElement":[{"@type":"ListItem","position":1,"name":"Portada","item":"https:\/\/ciudadyregion.com.co\/"},{"@type":"ListItem","position":2,"name":"Este hombre fue capturado en el Carmen de Apical\u00e1 por el porte ilegal de arma de fuego"}]},{"@type":"WebSite","@id":"https:\/\/ciudadyregion.com.co\/#website","url":"https:\/\/ciudadyregion.com.co\/","name":"Ciudad y Region","description":"","potentialAction":[{"@type":"SearchAction","target":{"@type":"EntryPoint","urlTemplate":"https:\/\/ciudadyregion.com.co\/?s={search_term_string}"},"query-input":{"@type":"PropertyValueSpecification","valueRequired":true,"valueName":"search_term_string"}}],"inLanguage":"es"},{"@type":"Person","@id":"https:\/\/ciudadyregion.com.co\/#\/schema\/person\/04a4954373ebc4051f46e8c65ff78622","name":"David Andr\u00e9s Aguirre","image":{"@type":"ImageObject","inLanguage":"es","@id":"https:\/\/ciudadyregion.com.co\/#\/schema\/person\/image\/","url":"https:\/\/secure.gravatar.com\/avatar\/bc3c655860202182ee6d1b5edd042dbe?s=96&d=mm&r=g","contentUrl":"https:\/\/secure.gravatar.com\/avatar\/bc3c655860202182ee6d1b5edd042dbe?s=96&d=mm&r=g","caption":"David Andr\u00e9s Aguirre"},"url":"https:\/\/ciudadyregion.com.co\/index.php\/author\/diegoaguirre\/"}]}},"jetpack_featured_media_url":"https:\/\/i0.wp.com\/ciudadyregion.com.co\/wp-content\/uploads\/2023\/11\/11-8.jpg?fit=800%2C445&ssl=1","jetpack_sharing_enabled":true,"jetpack_shortlink":"https:\/\/wp.me\/pbS7hh-FV","jetpack-related-posts":[],"_links":{"self":[{"href":"https:\/\/ciudadyregion.com.co\/index.php\/wp-json\/wp\/v2\/posts\/2599"}],"collection":[{"href":"https:\/\/ciudadyregion.com.co\/index.php\/wp-json\/wp\/v2\/posts"}],"about":[{"href":"https:\/\/ciudadyregion.com.co\/index.php\/wp-json\/wp\/v2\/types\/post"}],"author":[{"embeddable":true,"href":"https:\/\/ciudadyregion.com.co\/index.php\/wp-json\/wp\/v2\/users\/2"}],"replies":[{"embeddable":true,"href":"https:\/\/ciudadyregion.com.co\/index.php\/wp-json\/wp\/v2\/comments?post=2599"}],"version-history":[{"count":1,"href":"https:\/\/ciudadyregion.com.co\/index.php\/wp-json\/wp\/v2\/posts\/2599\/revisions"}],"predecessor-version":[{"id":2601,"href":"https:\/\/ciudadyregion.com.co\/index.php\/wp-json\/wp\/v2\/posts\/2599\/revisions\/2601"}],"wp:featuredmedia":[{"embeddable":true,"href":"https:\/\/ciudadyregion.com.co\/index.php\/wp-json\/wp\/v2\/media\/2600"}],"wp:attachment":[{"href":"https:\/\/ciudadyregion.com.co\/index.php\/wp-json\/wp\/v2\/media?parent=2599"}],"wp:term":[{"taxonomy":"category","embeddable":true,"href":"https:\/\/ciudadyregion.com.co\/index.php\/wp-json\/wp\/v2\/categories?post=2599"},{"taxonomy":"post_tag","embeddable":true,"href":"https:\/\/ciudadyregion.com.co\/index.php\/wp-json\/wp\/v2\/tags?post=2599"}],"curies":[{"name":"wp","href":"https:\/\/api.w.org\/{rel}","templated":true}]}}