{"id":2590,"date":"2023-11-25T04:24:38","date_gmt":"2023-11-25T09:24:38","guid":{"rendered":"https:\/\/ciudadyregion.com.co\/?p=2590"},"modified":"2023-11-24T14:29:32","modified_gmt":"2023-11-24T19:29:32","slug":"la-fiscalia-le-imputo-un-nuevo-cargo-al-intendente-involucrado-en-las-chuzadas-a-marelbys-meza","status":"publish","type":"post","link":"https:\/\/ciudadyregion.com.co\/index.php\/la-fiscalia-le-imputo-un-nuevo-cargo-al-intendente-involucrado-en-las-chuzadas-a-marelbys-meza\/judicial\/","title":{"rendered":"La Fiscal\u00eda le imput\u00f3 un nuevo cargo al intendente involucrado en las &#8216;chuzadas&#8217; a Marelbys Meza"},"content":{"rendered":"<ul>\n<li>Es se\u00f1alado de obligar a un subalterno a modificar una entrevista incluida en el informe de polic\u00eda judicial realizado luego de la denuncia de la p\u00e9rdida de un dinero en la vivienda de la exjefe de Gabinete de la Presidencia de la Rep\u00fablica.<\/li>\n<\/ul>\n<p>La Fiscal\u00eda General de la Naci\u00f3n present\u00f3 ante un juez de control de garant\u00edas al intendente Alfonso Quinchanegua Quinchanegua, quien est\u00e1 vinculado a la investigaci\u00f3n por las interceptaciones ilegales realizadas a tres personas, entre ellas Marelbys Meza Buelvas, exempleada de la exjefe de Gabinete de la Presidencia de la Rep\u00fablica, Laura Sarabia Torres.<\/p>\n<p>En esta oportunidad, una fiscal de la Direcci\u00f3n Especializada contra la Corrupci\u00f3n le imput\u00f3 un nuevo delito. Se trata de falsedad material en documento p\u00fablico, el cual no acept\u00f3. Los elementos de prueba recolectados indican que el intendente habr\u00eda ordenado a un patrullero modificar y adicionar algunos apartes de la entrevista que dio Marelbys Meza, con ocasi\u00f3n de la p\u00e9rdida de un dinero en la vivienda de la se\u00f1ora Sarabia Torres, el 29 de enero del a\u00f1o en curso.<\/p>\n<p>En ese sentido, se incluy\u00f3 que la exempleada tom\u00f3 un servicio de transporte particular,\u00a0 luego de culminar su jornada laboral, el d\u00eda en el que se extraviaron unos d\u00f3lares. Esta informaci\u00f3n, presuntamente, se us\u00f3 para justificar una declaraci\u00f3n tomada de manera extempor\u00e1nea a un conductor de plataformas virtuales de transporte.<\/p>\n<p>La investigaci\u00f3n da cuenta de que el intendente Quinchanegua, al parecer, presion\u00f3 a su subalterno, a trav\u00e9s de mensajes de texto y de manera verbal, para que procediera irregularmente. La entrevista alterada hizo parte del informe de polic\u00eda judicial presentado a la fiscal que orden\u00f3 interceptar las comunicaciones de Marelbys Meza Buelvas y otra\u00a0 Persona, con base en varios elementos suministrados por los imputados por estos hechos.<\/p>\n","protected":false},"excerpt":{"rendered":"<p>Es se\u00f1alado de obligar a un subalterno a modificar una entrevista incluida en el informe de polic\u00eda judicial realizado luego de la denuncia de la p\u00e9rdida de un dinero en la vivienda de la exjefe de Gabinete de la Presidencia de la Rep\u00fablica. La Fiscal\u00eda General de la Naci\u00f3n present\u00f3<span class=\"more-link\"><a href=\"https:\/\/ciudadyregion.com.co\/index.php\/la-fiscalia-le-imputo-un-nuevo-cargo-al-intendente-involucrado-en-las-chuzadas-a-marelbys-meza\/judicial\/\">Continuar Leyendo<\/a><\/span><\/p>\n","protected":false},"author":2,"featured_media":2591,"comment_status":"open","ping_status":"open","sticky":false,"template":"","format":"standard","meta":{"_uf_show_specific_survey":0,"_uf_disable_surveys":false,"_jetpack_memberships_contains_paid_content":false,"footnotes":"","jetpack_publicize_message":"","jetpack_publicize_feature_enabled":true,"jetpack_social_post_already_shared":true,"jetpack_social_options":{"image_generator_settings":{"template":"highway","enabled":false},"version":2}},"categories":[18],"tags":[],"class_list":["entry","author-diegoaguirre","post-2590","post","type-post","status-publish","format-standard","has-post-thumbnail","category-judicial"],"jetpack_publicize_connections":[],"yoast_head":"<!-- This site is optimized with the Yoast SEO plugin v24.3 - https:\/\/yoast.com\/wordpress\/plugins\/seo\/ -->\n<title>La Fiscal\u00eda le imput\u00f3 un nuevo cargo al intendente involucrado en las &#039;chuzadas&#039; a Marelbys Meza - Ciudad y Region<\/title>\n<meta name=\"robots\" content=\"index, follow, max-snippet:-1, max-image-preview:large, max-video-preview:-1\" \/>\n<link rel=\"canonical\" href=\"https:\/\/ciudadyregion.com.co\/index.php\/la-fiscalia-le-imputo-un-nuevo-cargo-al-intendente-involucrado-en-las-chuzadas-a-marelbys-meza\/judicial\/\" \/>\n<meta property=\"og:locale\" content=\"es_ES\" \/>\n<meta property=\"og:type\" content=\"article\" \/>\n<meta property=\"og:title\" content=\"La Fiscal\u00eda le imput\u00f3 un nuevo cargo al intendente involucrado en las &#039;chuzadas&#039; a Marelbys Meza - Ciudad y Region\" \/>\n<meta property=\"og:description\" content=\"Es se\u00f1alado de obligar a un subalterno a modificar una entrevista incluida en el informe de polic\u00eda judicial realizado luego de la denuncia de la p\u00e9rdida de un dinero en la vivienda de la exjefe de Gabinete de la Presidencia de la Rep\u00fablica. La Fiscal\u00eda General de la Naci\u00f3n present\u00f3Continuar Leyendo\" \/>\n<meta property=\"og:url\" content=\"https:\/\/ciudadyregion.com.co\/index.php\/la-fiscalia-le-imputo-un-nuevo-cargo-al-intendente-involucrado-en-las-chuzadas-a-marelbys-meza\/judicial\/\" \/>\n<meta property=\"og:site_name\" content=\"Ciudad y Region\" \/>\n<meta property=\"article:published_time\" content=\"2023-11-25T09:24:38+00:00\" \/>\n<meta property=\"article:modified_time\" content=\"2023-11-24T19:29:32+00:00\" \/>\n<meta property=\"og:image\" content=\"https:\/\/i0.wp.com\/ciudadyregion.com.co\/wp-content\/uploads\/2023\/11\/9-chuzadas-marelbys-meza.jpg?fit=800%2C445&ssl=1\" \/>\n\t<meta property=\"og:image:width\" content=\"800\" \/>\n\t<meta property=\"og:image:height\" content=\"445\" \/>\n\t<meta property=\"og:image:type\" content=\"image\/jpeg\" \/>\n<meta name=\"author\" content=\"David Andr\u00e9s Aguirre\" \/>\n<meta name=\"twitter:card\" content=\"summary_large_image\" \/>\n<meta name=\"twitter:label1\" content=\"Escrito por\" \/>\n\t<meta name=\"twitter:data1\" content=\"David Andr\u00e9s Aguirre\" \/>\n\t<meta name=\"twitter:label2\" content=\"Tiempo de lectura\" \/>\n\t<meta name=\"twitter:data2\" content=\"2 minutos\" \/>\n<script type=\"application\/ld+json\" class=\"yoast-schema-graph\">{\"@context\":\"https:\/\/schema.org\",\"@graph\":[{\"@type\":\"WebPage\",\"@id\":\"https:\/\/ciudadyregion.com.co\/index.php\/la-fiscalia-le-imputo-un-nuevo-cargo-al-intendente-involucrado-en-las-chuzadas-a-marelbys-meza\/judicial\/\",\"url\":\"https:\/\/ciudadyregion.com.co\/index.php\/la-fiscalia-le-imputo-un-nuevo-cargo-al-intendente-involucrado-en-las-chuzadas-a-marelbys-meza\/judicial\/\",\"name\":\"La Fiscal\u00eda le imput\u00f3 un nuevo cargo al intendente involucrado en las 'chuzadas' a Marelbys Meza - Ciudad y Region\",\"isPartOf\":{\"@id\":\"https:\/\/ciudadyregion.com.co\/#website\"},\"primaryImageOfPage\":{\"@id\":\"https:\/\/ciudadyregion.com.co\/index.php\/la-fiscalia-le-imputo-un-nuevo-cargo-al-intendente-involucrado-en-las-chuzadas-a-marelbys-meza\/judicial\/#primaryimage\"},\"image\":{\"@id\":\"https:\/\/ciudadyregion.com.co\/index.php\/la-fiscalia-le-imputo-un-nuevo-cargo-al-intendente-involucrado-en-las-chuzadas-a-marelbys-meza\/judicial\/#primaryimage\"},\"thumbnailUrl\":\"https:\/\/i0.wp.com\/ciudadyregion.com.co\/wp-content\/uploads\/2023\/11\/9-chuzadas-marelbys-meza.jpg?fit=800%2C445&ssl=1\",\"datePublished\":\"2023-11-25T09:24:38+00:00\",\"dateModified\":\"2023-11-24T19:29:32+00:00\",\"author\":{\"@id\":\"https:\/\/ciudadyregion.com.co\/#\/schema\/person\/04a4954373ebc4051f46e8c65ff78622\"},\"breadcrumb\":{\"@id\":\"https:\/\/ciudadyregion.com.co\/index.php\/la-fiscalia-le-imputo-un-nuevo-cargo-al-intendente-involucrado-en-las-chuzadas-a-marelbys-meza\/judicial\/#breadcrumb\"},\"inLanguage\":\"es\",\"potentialAction\":[{\"@type\":\"ReadAction\",\"target\":[\"https:\/\/ciudadyregion.com.co\/index.php\/la-fiscalia-le-imputo-un-nuevo-cargo-al-intendente-involucrado-en-las-chuzadas-a-marelbys-meza\/judicial\/\"]}]},{\"@type\":\"ImageObject\",\"inLanguage\":\"es\",\"@id\":\"https:\/\/ciudadyregion.com.co\/index.php\/la-fiscalia-le-imputo-un-nuevo-cargo-al-intendente-involucrado-en-las-chuzadas-a-marelbys-meza\/judicial\/#primaryimage\",\"url\":\"https:\/\/i0.wp.com\/ciudadyregion.com.co\/wp-content\/uploads\/2023\/11\/9-chuzadas-marelbys-meza.jpg?fit=800%2C445&ssl=1\",\"contentUrl\":\"https:\/\/i0.wp.com\/ciudadyregion.com.co\/wp-content\/uploads\/2023\/11\/9-chuzadas-marelbys-meza.jpg?fit=800%2C445&ssl=1\",\"width\":800,\"height\":445},{\"@type\":\"BreadcrumbList\",\"@id\":\"https:\/\/ciudadyregion.com.co\/index.php\/la-fiscalia-le-imputo-un-nuevo-cargo-al-intendente-involucrado-en-las-chuzadas-a-marelbys-meza\/judicial\/#breadcrumb\",\"itemListElement\":[{\"@type\":\"ListItem\",\"position\":1,\"name\":\"Portada\",\"item\":\"https:\/\/ciudadyregion.com.co\/\"},{\"@type\":\"ListItem\",\"position\":2,\"name\":\"La Fiscal\u00eda le imput\u00f3 un nuevo cargo al intendente involucrado en las &#8216;chuzadas&#8217; a Marelbys Meza\"}]},{\"@type\":\"WebSite\",\"@id\":\"https:\/\/ciudadyregion.com.co\/#website\",\"url\":\"https:\/\/ciudadyregion.com.co\/\",\"name\":\"Ciudad y Region\",\"description\":\"\",\"potentialAction\":[{\"@type\":\"SearchAction\",\"target\":{\"@type\":\"EntryPoint\",\"urlTemplate\":\"https:\/\/ciudadyregion.com.co\/?s={search_term_string}\"},\"query-input\":{\"@type\":\"PropertyValueSpecification\",\"valueRequired\":true,\"valueName\":\"search_term_string\"}}],\"inLanguage\":\"es\"},{\"@type\":\"Person\",\"@id\":\"https:\/\/ciudadyregion.com.co\/#\/schema\/person\/04a4954373ebc4051f46e8c65ff78622\",\"name\":\"David Andr\u00e9s Aguirre\",\"image\":{\"@type\":\"ImageObject\",\"inLanguage\":\"es\",\"@id\":\"https:\/\/ciudadyregion.com.co\/#\/schema\/person\/image\/\",\"url\":\"https:\/\/secure.gravatar.com\/avatar\/bc3c655860202182ee6d1b5edd042dbe?s=96&d=mm&r=g\",\"contentUrl\":\"https:\/\/secure.gravatar.com\/avatar\/bc3c655860202182ee6d1b5edd042dbe?s=96&d=mm&r=g\",\"caption\":\"David Andr\u00e9s Aguirre\"},\"url\":\"https:\/\/ciudadyregion.com.co\/index.php\/author\/diegoaguirre\/\"}]}<\/script>\n<!-- \/ Yoast SEO plugin. -->","yoast_head_json":{"title":"La Fiscal\u00eda le imput\u00f3 un nuevo cargo al intendente involucrado en las 'chuzadas' a Marelbys Meza - Ciudad y Region","robots":{"index":"index","follow":"follow","max-snippet":"max-snippet:-1","max-image-preview":"max-image-preview:large","max-video-preview":"max-video-preview:-1"},"canonical":"https:\/\/ciudadyregion.com.co\/index.php\/la-fiscalia-le-imputo-un-nuevo-cargo-al-intendente-involucrado-en-las-chuzadas-a-marelbys-meza\/judicial\/","og_locale":"es_ES","og_type":"article","og_title":"La Fiscal\u00eda le imput\u00f3 un nuevo cargo al intendente involucrado en las 'chuzadas' a Marelbys Meza - Ciudad y Region","og_description":"Es se\u00f1alado de obligar a un subalterno a modificar una entrevista incluida en el informe de polic\u00eda judicial realizado luego de la denuncia de la p\u00e9rdida de un dinero en la vivienda de la exjefe de Gabinete de la Presidencia de la Rep\u00fablica. La Fiscal\u00eda General de la Naci\u00f3n present\u00f3Continuar Leyendo","og_url":"https:\/\/ciudadyregion.com.co\/index.php\/la-fiscalia-le-imputo-un-nuevo-cargo-al-intendente-involucrado-en-las-chuzadas-a-marelbys-meza\/judicial\/","og_site_name":"Ciudad y Region","article_published_time":"2023-11-25T09:24:38+00:00","article_modified_time":"2023-11-24T19:29:32+00:00","og_image":[{"width":800,"height":445,"url":"https:\/\/i0.wp.com\/ciudadyregion.com.co\/wp-content\/uploads\/2023\/11\/9-chuzadas-marelbys-meza.jpg?fit=800%2C445&ssl=1","type":"image\/jpeg"}],"author":"David Andr\u00e9s Aguirre","twitter_card":"summary_large_image","twitter_misc":{"Escrito por":"David Andr\u00e9s Aguirre","Tiempo de lectura":"2 minutos"},"schema":{"@context":"https:\/\/schema.org","@graph":[{"@type":"WebPage","@id":"https:\/\/ciudadyregion.com.co\/index.php\/la-fiscalia-le-imputo-un-nuevo-cargo-al-intendente-involucrado-en-las-chuzadas-a-marelbys-meza\/judicial\/","url":"https:\/\/ciudadyregion.com.co\/index.php\/la-fiscalia-le-imputo-un-nuevo-cargo-al-intendente-involucrado-en-las-chuzadas-a-marelbys-meza\/judicial\/","name":"La Fiscal\u00eda le imput\u00f3 un nuevo cargo al intendente involucrado en las 'chuzadas' a Marelbys Meza - Ciudad y Region","isPartOf":{"@id":"https:\/\/ciudadyregion.com.co\/#website"},"primaryImageOfPage":{"@id":"https:\/\/ciudadyregion.com.co\/index.php\/la-fiscalia-le-imputo-un-nuevo-cargo-al-intendente-involucrado-en-las-chuzadas-a-marelbys-meza\/judicial\/#primaryimage"},"image":{"@id":"https:\/\/ciudadyregion.com.co\/index.php\/la-fiscalia-le-imputo-un-nuevo-cargo-al-intendente-involucrado-en-las-chuzadas-a-marelbys-meza\/judicial\/#primaryimage"},"thumbnailUrl":"https:\/\/i0.wp.com\/ciudadyregion.com.co\/wp-content\/uploads\/2023\/11\/9-chuzadas-marelbys-meza.jpg?fit=800%2C445&ssl=1","datePublished":"2023-11-25T09:24:38+00:00","dateModified":"2023-11-24T19:29:32+00:00","author":{"@id":"https:\/\/ciudadyregion.com.co\/#\/schema\/person\/04a4954373ebc4051f46e8c65ff78622"},"breadcrumb":{"@id":"https:\/\/ciudadyregion.com.co\/index.php\/la-fiscalia-le-imputo-un-nuevo-cargo-al-intendente-involucrado-en-las-chuzadas-a-marelbys-meza\/judicial\/#breadcrumb"},"inLanguage":"es","potentialAction":[{"@type":"ReadAction","target":["https:\/\/ciudadyregion.com.co\/index.php\/la-fiscalia-le-imputo-un-nuevo-cargo-al-intendente-involucrado-en-las-chuzadas-a-marelbys-meza\/judicial\/"]}]},{"@type":"ImageObject","inLanguage":"es","@id":"https:\/\/ciudadyregion.com.co\/index.php\/la-fiscalia-le-imputo-un-nuevo-cargo-al-intendente-involucrado-en-las-chuzadas-a-marelbys-meza\/judicial\/#primaryimage","url":"https:\/\/i0.wp.com\/ciudadyregion.com.co\/wp-content\/uploads\/2023\/11\/9-chuzadas-marelbys-meza.jpg?fit=800%2C445&ssl=1","contentUrl":"https:\/\/i0.wp.com\/ciudadyregion.com.co\/wp-content\/uploads\/2023\/11\/9-chuzadas-marelbys-meza.jpg?fit=800%2C445&ssl=1","width":800,"height":445},{"@type":"BreadcrumbList","@id":"https:\/\/ciudadyregion.com.co\/index.php\/la-fiscalia-le-imputo-un-nuevo-cargo-al-intendente-involucrado-en-las-chuzadas-a-marelbys-meza\/judicial\/#breadcrumb","itemListElement":[{"@type":"ListItem","position":1,"name":"Portada","item":"https:\/\/ciudadyregion.com.co\/"},{"@type":"ListItem","position":2,"name":"La Fiscal\u00eda le imput\u00f3 un nuevo cargo al intendente involucrado en las &#8216;chuzadas&#8217; a Marelbys Meza"}]},{"@type":"WebSite","@id":"https:\/\/ciudadyregion.com.co\/#website","url":"https:\/\/ciudadyregion.com.co\/","name":"Ciudad y Region","description":"","potentialAction":[{"@type":"SearchAction","target":{"@type":"EntryPoint","urlTemplate":"https:\/\/ciudadyregion.com.co\/?s={search_term_string}"},"query-input":{"@type":"PropertyValueSpecification","valueRequired":true,"valueName":"search_term_string"}}],"inLanguage":"es"},{"@type":"Person","@id":"https:\/\/ciudadyregion.com.co\/#\/schema\/person\/04a4954373ebc4051f46e8c65ff78622","name":"David Andr\u00e9s Aguirre","image":{"@type":"ImageObject","inLanguage":"es","@id":"https:\/\/ciudadyregion.com.co\/#\/schema\/person\/image\/","url":"https:\/\/secure.gravatar.com\/avatar\/bc3c655860202182ee6d1b5edd042dbe?s=96&d=mm&r=g","contentUrl":"https:\/\/secure.gravatar.com\/avatar\/bc3c655860202182ee6d1b5edd042dbe?s=96&d=mm&r=g","caption":"David Andr\u00e9s Aguirre"},"url":"https:\/\/ciudadyregion.com.co\/index.php\/author\/diegoaguirre\/"}]}},"jetpack_featured_media_url":"https:\/\/i0.wp.com\/ciudadyregion.com.co\/wp-content\/uploads\/2023\/11\/9-chuzadas-marelbys-meza.jpg?fit=800%2C445&ssl=1","jetpack_sharing_enabled":true,"jetpack_shortlink":"https:\/\/wp.me\/pbS7hh-FM","jetpack-related-posts":[],"_links":{"self":[{"href":"https:\/\/ciudadyregion.com.co\/index.php\/wp-json\/wp\/v2\/posts\/2590"}],"collection":[{"href":"https:\/\/ciudadyregion.com.co\/index.php\/wp-json\/wp\/v2\/posts"}],"about":[{"href":"https:\/\/ciudadyregion.com.co\/index.php\/wp-json\/wp\/v2\/types\/post"}],"author":[{"embeddable":true,"href":"https:\/\/ciudadyregion.com.co\/index.php\/wp-json\/wp\/v2\/users\/2"}],"replies":[{"embeddable":true,"href":"https:\/\/ciudadyregion.com.co\/index.php\/wp-json\/wp\/v2\/comments?post=2590"}],"version-history":[{"count":1,"href":"https:\/\/ciudadyregion.com.co\/index.php\/wp-json\/wp\/v2\/posts\/2590\/revisions"}],"predecessor-version":[{"id":2592,"href":"https:\/\/ciudadyregion.com.co\/index.php\/wp-json\/wp\/v2\/posts\/2590\/revisions\/2592"}],"wp:featuredmedia":[{"embeddable":true,"href":"https:\/\/ciudadyregion.com.co\/index.php\/wp-json\/wp\/v2\/media\/2591"}],"wp:attachment":[{"href":"https:\/\/ciudadyregion.com.co\/index.php\/wp-json\/wp\/v2\/media?parent=2590"}],"wp:term":[{"taxonomy":"category","embeddable":true,"href":"https:\/\/ciudadyregion.com.co\/index.php\/wp-json\/wp\/v2\/categories?post=2590"},{"taxonomy":"post_tag","embeddable":true,"href":"https:\/\/ciudadyregion.com.co\/index.php\/wp-json\/wp\/v2\/tags?post=2590"}],"curies":[{"name":"wp","href":"https:\/\/api.w.org\/{rel}","templated":true}]}}