{"id":2587,"date":"2023-11-25T04:20:58","date_gmt":"2023-11-25T09:20:58","guid":{"rendered":"https:\/\/ciudadyregion.com.co\/?p=2587"},"modified":"2023-11-24T14:24:07","modified_gmt":"2023-11-24T19:24:07","slug":"el-atletismo-del-tolima-cuenta-con-una-gran-reserva-para-2027","status":"publish","type":"post","link":"https:\/\/ciudadyregion.com.co\/index.php\/el-atletismo-del-tolima-cuenta-con-una-gran-reserva-para-2027\/deportes\/","title":{"rendered":"El atletismo del Tolima cuenta con una gran reserva para 2027"},"content":{"rendered":"<p>En los Juegos Deportivos Nacionales del Eje Cafetero, la atleta tolimense Karen Bedoya obtuvo medalla de bronce en la prueba de salto con p\u00e9rtiga, alcanzando 3.80 metros en la definici\u00f3n del p\u00f3dium.<\/p>\n<p>El Tolima lleg\u00f3 a la prueba de Salto con P\u00e9rtiga de los Juegos Deportivos Nacionales con tres atletas en rama femenina, Karen Bedoya (21), Tatiana Bedoya (21) y Carol Ruiz (19), logrando los puestos 3, 4 y 5 de la competencia, lo que permiti\u00f3 obtener la medalla de bronce con Karen Bedoya.<\/p>\n<p>Bedoya, en los Juegos Deportivos Nacionales de 2019 hab\u00eda alcanzado el cuarto puesto en salto con p\u00e9rtiga, y luego de un ciclo completo de preparaci\u00f3n ascendi\u00f3 un lugar, evidenciando el trabajo de preparaci\u00f3n que incluy\u00f3 la convocatoria a Selecci\u00f3n Colombia.<\/p>\n<blockquote><p>\u201cPara la familia del atletismo es satisfactorio aportar al cuadro de medallas del Tolima, ten\u00edamos esta proyecci\u00f3n con Karen Bedoya y as\u00ed mismo ya se piensa en mejorar el lugar para los pr\u00f3ximos Juegos. En este proceso de cuatro a\u00f1os hemos contado con el apoyo permanente de la Gobernaci\u00f3n del Tolima e Indeportes, no solo para la alta competencia, tambi\u00e9n para la formaci\u00f3n de la reserva, lo que significa que en 2027 tendremos un equipo s\u00f3lido gracias a lo hecho en este ciclo\u201d, afirmo Nelson Barrag\u00e1n, presidente de la Liga de Atletismo del Tolima.<\/p><\/blockquote>\n<p>En ese plan de formaci\u00f3n de la reserva deportiva, el apoyo de Indeportes ha permitido que la Liga de Atletismo pueda masificar, tener formadores en siete municipios, descentralizar este deporte y fortalecer una cantera de talentos que es de las de mayor proyecci\u00f3n en Colombia.<\/p>\n<p>&nbsp;<\/p>\n<p>&nbsp;<\/p>\n<p>Cr\u00e9ditos: Gobernaci\u00f3n del Tolima<\/p>\n","protected":false},"excerpt":{"rendered":"<p>En los Juegos Deportivos Nacionales del Eje Cafetero, la atleta tolimense Karen Bedoya obtuvo medalla de bronce en la prueba de salto con p\u00e9rtiga, alcanzando 3.80 metros en la definici\u00f3n del p\u00f3dium. El Tolima lleg\u00f3 a la prueba de Salto con P\u00e9rtiga de los Juegos Deportivos Nacionales con tres atletas<span class=\"more-link\"><a href=\"https:\/\/ciudadyregion.com.co\/index.php\/el-atletismo-del-tolima-cuenta-con-una-gran-reserva-para-2027\/deportes\/\">Continuar Leyendo<\/a><\/span><\/p>\n","protected":false},"author":2,"featured_media":2588,"comment_status":"open","ping_status":"open","sticky":false,"template":"","format":"standard","meta":{"_uf_show_specific_survey":0,"_uf_disable_surveys":false,"_jetpack_memberships_contains_paid_content":false,"footnotes":"","jetpack_publicize_message":"","jetpack_publicize_feature_enabled":true,"jetpack_social_post_already_shared":true,"jetpack_social_options":{"image_generator_settings":{"template":"highway","enabled":false},"version":2}},"categories":[15],"tags":[],"class_list":["entry","author-diegoaguirre","post-2587","post","type-post","status-publish","format-standard","has-post-thumbnail","category-deportes"],"jetpack_publicize_connections":[],"yoast_head":"<!-- This site is optimized with the Yoast SEO plugin v24.3 - https:\/\/yoast.com\/wordpress\/plugins\/seo\/ -->\n<title>El atletismo del Tolima cuenta con una gran reserva para 2027 - Ciudad y Region<\/title>\n<meta name=\"robots\" content=\"index, follow, max-snippet:-1, max-image-preview:large, max-video-preview:-1\" \/>\n<link rel=\"canonical\" href=\"https:\/\/ciudadyregion.com.co\/index.php\/el-atletismo-del-tolima-cuenta-con-una-gran-reserva-para-2027\/deportes\/\" \/>\n<meta property=\"og:locale\" content=\"es_ES\" \/>\n<meta property=\"og:type\" content=\"article\" \/>\n<meta property=\"og:title\" content=\"El atletismo del Tolima cuenta con una gran reserva para 2027 - Ciudad y Region\" \/>\n<meta property=\"og:description\" content=\"En los Juegos Deportivos Nacionales del Eje Cafetero, la atleta tolimense Karen Bedoya obtuvo medalla de bronce en la prueba de salto con p\u00e9rtiga, alcanzando 3.80 metros en la definici\u00f3n del p\u00f3dium. El Tolima lleg\u00f3 a la prueba de Salto con P\u00e9rtiga de los Juegos Deportivos Nacionales con tres atletasContinuar Leyendo\" \/>\n<meta property=\"og:url\" content=\"https:\/\/ciudadyregion.com.co\/index.php\/el-atletismo-del-tolima-cuenta-con-una-gran-reserva-para-2027\/deportes\/\" \/>\n<meta property=\"og:site_name\" content=\"Ciudad y Region\" \/>\n<meta property=\"article:published_time\" content=\"2023-11-25T09:20:58+00:00\" \/>\n<meta property=\"article:modified_time\" content=\"2023-11-24T19:24:07+00:00\" \/>\n<meta property=\"og:image\" content=\"https:\/\/i0.wp.com\/ciudadyregion.com.co\/wp-content\/uploads\/2023\/11\/88.jpg?fit=800%2C445&ssl=1\" \/>\n\t<meta property=\"og:image:width\" content=\"800\" \/>\n\t<meta property=\"og:image:height\" content=\"445\" \/>\n\t<meta property=\"og:image:type\" content=\"image\/jpeg\" \/>\n<meta name=\"author\" content=\"David Andr\u00e9s Aguirre\" \/>\n<meta name=\"twitter:card\" content=\"summary_large_image\" \/>\n<meta name=\"twitter:label1\" content=\"Escrito por\" \/>\n\t<meta name=\"twitter:data1\" content=\"David Andr\u00e9s Aguirre\" \/>\n\t<meta name=\"twitter:label2\" content=\"Tiempo de lectura\" \/>\n\t<meta name=\"twitter:data2\" content=\"1 minuto\" \/>\n<script type=\"application\/ld+json\" class=\"yoast-schema-graph\">{\"@context\":\"https:\/\/schema.org\",\"@graph\":[{\"@type\":\"WebPage\",\"@id\":\"https:\/\/ciudadyregion.com.co\/index.php\/el-atletismo-del-tolima-cuenta-con-una-gran-reserva-para-2027\/deportes\/\",\"url\":\"https:\/\/ciudadyregion.com.co\/index.php\/el-atletismo-del-tolima-cuenta-con-una-gran-reserva-para-2027\/deportes\/\",\"name\":\"El atletismo del Tolima cuenta con una gran reserva para 2027 - Ciudad y Region\",\"isPartOf\":{\"@id\":\"https:\/\/ciudadyregion.com.co\/#website\"},\"primaryImageOfPage\":{\"@id\":\"https:\/\/ciudadyregion.com.co\/index.php\/el-atletismo-del-tolima-cuenta-con-una-gran-reserva-para-2027\/deportes\/#primaryimage\"},\"image\":{\"@id\":\"https:\/\/ciudadyregion.com.co\/index.php\/el-atletismo-del-tolima-cuenta-con-una-gran-reserva-para-2027\/deportes\/#primaryimage\"},\"thumbnailUrl\":\"https:\/\/i0.wp.com\/ciudadyregion.com.co\/wp-content\/uploads\/2023\/11\/88.jpg?fit=800%2C445&ssl=1\",\"datePublished\":\"2023-11-25T09:20:58+00:00\",\"dateModified\":\"2023-11-24T19:24:07+00:00\",\"author\":{\"@id\":\"https:\/\/ciudadyregion.com.co\/#\/schema\/person\/04a4954373ebc4051f46e8c65ff78622\"},\"breadcrumb\":{\"@id\":\"https:\/\/ciudadyregion.com.co\/index.php\/el-atletismo-del-tolima-cuenta-con-una-gran-reserva-para-2027\/deportes\/#breadcrumb\"},\"inLanguage\":\"es\",\"potentialAction\":[{\"@type\":\"ReadAction\",\"target\":[\"https:\/\/ciudadyregion.com.co\/index.php\/el-atletismo-del-tolima-cuenta-con-una-gran-reserva-para-2027\/deportes\/\"]}]},{\"@type\":\"ImageObject\",\"inLanguage\":\"es\",\"@id\":\"https:\/\/ciudadyregion.com.co\/index.php\/el-atletismo-del-tolima-cuenta-con-una-gran-reserva-para-2027\/deportes\/#primaryimage\",\"url\":\"https:\/\/i0.wp.com\/ciudadyregion.com.co\/wp-content\/uploads\/2023\/11\/88.jpg?fit=800%2C445&ssl=1\",\"contentUrl\":\"https:\/\/i0.wp.com\/ciudadyregion.com.co\/wp-content\/uploads\/2023\/11\/88.jpg?fit=800%2C445&ssl=1\",\"width\":800,\"height\":445},{\"@type\":\"BreadcrumbList\",\"@id\":\"https:\/\/ciudadyregion.com.co\/index.php\/el-atletismo-del-tolima-cuenta-con-una-gran-reserva-para-2027\/deportes\/#breadcrumb\",\"itemListElement\":[{\"@type\":\"ListItem\",\"position\":1,\"name\":\"Portada\",\"item\":\"https:\/\/ciudadyregion.com.co\/\"},{\"@type\":\"ListItem\",\"position\":2,\"name\":\"El atletismo del Tolima cuenta con una gran reserva para 2027\"}]},{\"@type\":\"WebSite\",\"@id\":\"https:\/\/ciudadyregion.com.co\/#website\",\"url\":\"https:\/\/ciudadyregion.com.co\/\",\"name\":\"Ciudad y Region\",\"description\":\"\",\"potentialAction\":[{\"@type\":\"SearchAction\",\"target\":{\"@type\":\"EntryPoint\",\"urlTemplate\":\"https:\/\/ciudadyregion.com.co\/?s={search_term_string}\"},\"query-input\":{\"@type\":\"PropertyValueSpecification\",\"valueRequired\":true,\"valueName\":\"search_term_string\"}}],\"inLanguage\":\"es\"},{\"@type\":\"Person\",\"@id\":\"https:\/\/ciudadyregion.com.co\/#\/schema\/person\/04a4954373ebc4051f46e8c65ff78622\",\"name\":\"David Andr\u00e9s Aguirre\",\"image\":{\"@type\":\"ImageObject\",\"inLanguage\":\"es\",\"@id\":\"https:\/\/ciudadyregion.com.co\/#\/schema\/person\/image\/\",\"url\":\"https:\/\/secure.gravatar.com\/avatar\/bc3c655860202182ee6d1b5edd042dbe?s=96&d=mm&r=g\",\"contentUrl\":\"https:\/\/secure.gravatar.com\/avatar\/bc3c655860202182ee6d1b5edd042dbe?s=96&d=mm&r=g\",\"caption\":\"David Andr\u00e9s Aguirre\"},\"url\":\"https:\/\/ciudadyregion.com.co\/index.php\/author\/diegoaguirre\/\"}]}<\/script>\n<!-- \/ Yoast SEO plugin. -->","yoast_head_json":{"title":"El atletismo del Tolima cuenta con una gran reserva para 2027 - Ciudad y Region","robots":{"index":"index","follow":"follow","max-snippet":"max-snippet:-1","max-image-preview":"max-image-preview:large","max-video-preview":"max-video-preview:-1"},"canonical":"https:\/\/ciudadyregion.com.co\/index.php\/el-atletismo-del-tolima-cuenta-con-una-gran-reserva-para-2027\/deportes\/","og_locale":"es_ES","og_type":"article","og_title":"El atletismo del Tolima cuenta con una gran reserva para 2027 - Ciudad y Region","og_description":"En los Juegos Deportivos Nacionales del Eje Cafetero, la atleta tolimense Karen Bedoya obtuvo medalla de bronce en la prueba de salto con p\u00e9rtiga, alcanzando 3.80 metros en la definici\u00f3n del p\u00f3dium. El Tolima lleg\u00f3 a la prueba de Salto con P\u00e9rtiga de los Juegos Deportivos Nacionales con tres atletasContinuar Leyendo","og_url":"https:\/\/ciudadyregion.com.co\/index.php\/el-atletismo-del-tolima-cuenta-con-una-gran-reserva-para-2027\/deportes\/","og_site_name":"Ciudad y Region","article_published_time":"2023-11-25T09:20:58+00:00","article_modified_time":"2023-11-24T19:24:07+00:00","og_image":[{"width":800,"height":445,"url":"https:\/\/i0.wp.com\/ciudadyregion.com.co\/wp-content\/uploads\/2023\/11\/88.jpg?fit=800%2C445&ssl=1","type":"image\/jpeg"}],"author":"David Andr\u00e9s Aguirre","twitter_card":"summary_large_image","twitter_misc":{"Escrito por":"David Andr\u00e9s Aguirre","Tiempo de lectura":"1 minuto"},"schema":{"@context":"https:\/\/schema.org","@graph":[{"@type":"WebPage","@id":"https:\/\/ciudadyregion.com.co\/index.php\/el-atletismo-del-tolima-cuenta-con-una-gran-reserva-para-2027\/deportes\/","url":"https:\/\/ciudadyregion.com.co\/index.php\/el-atletismo-del-tolima-cuenta-con-una-gran-reserva-para-2027\/deportes\/","name":"El atletismo del Tolima cuenta con una gran reserva para 2027 - Ciudad y Region","isPartOf":{"@id":"https:\/\/ciudadyregion.com.co\/#website"},"primaryImageOfPage":{"@id":"https:\/\/ciudadyregion.com.co\/index.php\/el-atletismo-del-tolima-cuenta-con-una-gran-reserva-para-2027\/deportes\/#primaryimage"},"image":{"@id":"https:\/\/ciudadyregion.com.co\/index.php\/el-atletismo-del-tolima-cuenta-con-una-gran-reserva-para-2027\/deportes\/#primaryimage"},"thumbnailUrl":"https:\/\/i0.wp.com\/ciudadyregion.com.co\/wp-content\/uploads\/2023\/11\/88.jpg?fit=800%2C445&ssl=1","datePublished":"2023-11-25T09:20:58+00:00","dateModified":"2023-11-24T19:24:07+00:00","author":{"@id":"https:\/\/ciudadyregion.com.co\/#\/schema\/person\/04a4954373ebc4051f46e8c65ff78622"},"breadcrumb":{"@id":"https:\/\/ciudadyregion.com.co\/index.php\/el-atletismo-del-tolima-cuenta-con-una-gran-reserva-para-2027\/deportes\/#breadcrumb"},"inLanguage":"es","potentialAction":[{"@type":"ReadAction","target":["https:\/\/ciudadyregion.com.co\/index.php\/el-atletismo-del-tolima-cuenta-con-una-gran-reserva-para-2027\/deportes\/"]}]},{"@type":"ImageObject","inLanguage":"es","@id":"https:\/\/ciudadyregion.com.co\/index.php\/el-atletismo-del-tolima-cuenta-con-una-gran-reserva-para-2027\/deportes\/#primaryimage","url":"https:\/\/i0.wp.com\/ciudadyregion.com.co\/wp-content\/uploads\/2023\/11\/88.jpg?fit=800%2C445&ssl=1","contentUrl":"https:\/\/i0.wp.com\/ciudadyregion.com.co\/wp-content\/uploads\/2023\/11\/88.jpg?fit=800%2C445&ssl=1","width":800,"height":445},{"@type":"BreadcrumbList","@id":"https:\/\/ciudadyregion.com.co\/index.php\/el-atletismo-del-tolima-cuenta-con-una-gran-reserva-para-2027\/deportes\/#breadcrumb","itemListElement":[{"@type":"ListItem","position":1,"name":"Portada","item":"https:\/\/ciudadyregion.com.co\/"},{"@type":"ListItem","position":2,"name":"El atletismo del Tolima cuenta con una gran reserva para 2027"}]},{"@type":"WebSite","@id":"https:\/\/ciudadyregion.com.co\/#website","url":"https:\/\/ciudadyregion.com.co\/","name":"Ciudad y Region","description":"","potentialAction":[{"@type":"SearchAction","target":{"@type":"EntryPoint","urlTemplate":"https:\/\/ciudadyregion.com.co\/?s={search_term_string}"},"query-input":{"@type":"PropertyValueSpecification","valueRequired":true,"valueName":"search_term_string"}}],"inLanguage":"es"},{"@type":"Person","@id":"https:\/\/ciudadyregion.com.co\/#\/schema\/person\/04a4954373ebc4051f46e8c65ff78622","name":"David Andr\u00e9s Aguirre","image":{"@type":"ImageObject","inLanguage":"es","@id":"https:\/\/ciudadyregion.com.co\/#\/schema\/person\/image\/","url":"https:\/\/secure.gravatar.com\/avatar\/bc3c655860202182ee6d1b5edd042dbe?s=96&d=mm&r=g","contentUrl":"https:\/\/secure.gravatar.com\/avatar\/bc3c655860202182ee6d1b5edd042dbe?s=96&d=mm&r=g","caption":"David Andr\u00e9s Aguirre"},"url":"https:\/\/ciudadyregion.com.co\/index.php\/author\/diegoaguirre\/"}]}},"jetpack_featured_media_url":"https:\/\/i0.wp.com\/ciudadyregion.com.co\/wp-content\/uploads\/2023\/11\/88.jpg?fit=800%2C445&ssl=1","jetpack_sharing_enabled":true,"jetpack_shortlink":"https:\/\/wp.me\/pbS7hh-FJ","jetpack-related-posts":[],"_links":{"self":[{"href":"https:\/\/ciudadyregion.com.co\/index.php\/wp-json\/wp\/v2\/posts\/2587"}],"collection":[{"href":"https:\/\/ciudadyregion.com.co\/index.php\/wp-json\/wp\/v2\/posts"}],"about":[{"href":"https:\/\/ciudadyregion.com.co\/index.php\/wp-json\/wp\/v2\/types\/post"}],"author":[{"embeddable":true,"href":"https:\/\/ciudadyregion.com.co\/index.php\/wp-json\/wp\/v2\/users\/2"}],"replies":[{"embeddable":true,"href":"https:\/\/ciudadyregion.com.co\/index.php\/wp-json\/wp\/v2\/comments?post=2587"}],"version-history":[{"count":1,"href":"https:\/\/ciudadyregion.com.co\/index.php\/wp-json\/wp\/v2\/posts\/2587\/revisions"}],"predecessor-version":[{"id":2589,"href":"https:\/\/ciudadyregion.com.co\/index.php\/wp-json\/wp\/v2\/posts\/2587\/revisions\/2589"}],"wp:featuredmedia":[{"embeddable":true,"href":"https:\/\/ciudadyregion.com.co\/index.php\/wp-json\/wp\/v2\/media\/2588"}],"wp:attachment":[{"href":"https:\/\/ciudadyregion.com.co\/index.php\/wp-json\/wp\/v2\/media?parent=2587"}],"wp:term":[{"taxonomy":"category","embeddable":true,"href":"https:\/\/ciudadyregion.com.co\/index.php\/wp-json\/wp\/v2\/categories?post=2587"},{"taxonomy":"post_tag","embeddable":true,"href":"https:\/\/ciudadyregion.com.co\/index.php\/wp-json\/wp\/v2\/tags?post=2587"}],"curies":[{"name":"wp","href":"https:\/\/api.w.org\/{rel}","templated":true}]}}