{"id":2565,"date":"2023-11-25T04:41:49","date_gmt":"2023-11-25T09:41:49","guid":{"rendered":"https:\/\/ciudadyregion.com.co\/?p=2565"},"modified":"2023-11-24T13:01:21","modified_gmt":"2023-11-24T18:01:21","slug":"2-organizaciones-criminales-dedicadas-al-trafico-de-estupefacientes-fue-impactada","status":"publish","type":"post","link":"https:\/\/ciudadyregion.com.co\/index.php\/2-organizaciones-criminales-dedicadas-al-trafico-de-estupefacientes-fue-impactada\/judicial\/","title":{"rendered":"2 Organizaciones criminales dedicadas al tr\u00e1fico de estupefacientes fue impactada"},"content":{"rendered":"<ul>\n<li>Eran conocidas como \u2018Los Viajeros\u2019 y \u2018Los Cole\u2019. Todos fueron afectados con medida de aseguramiento intramuros.<\/li>\n<\/ul>\n<p>En un trabajo conjunto entre la Unidad Antinarc\u00f3ticos de la Fiscal\u00eda Seccional Tolima, la Sij\u00edn de la Polic\u00eda Metropolitana de Ibagu\u00e9 y Polic\u00eda del Tolima,se logr\u00f3 la captura por orden judicial de 13 personas pertenecientes, al parecer, a dos grupos de delincuencia organizada dedicados al tr\u00e1fico de sustancias estupefacientes en los municipios de Ibagu\u00e9, San Sebasti\u00e1n de Mariquita y Palocabildo, Tolima.<\/p>\n<p>Un despacho especializado les imput\u00f3 los delitos de concierto para delinquir; tr\u00e1fico, porte y\/o fabricaci\u00f3n de estupefacientes; destinaci\u00f3n il\u00edcita de bienes o inmuebles; y porte, tr\u00e1fico y\/o fabricaci\u00f3n de armas de fuego, partes o municiones, seg\u00fan sus responsabilidades individuales.<\/p>\n<p><img data-recalc-dims=\"1\" loading=\"lazy\" decoding=\"async\" class=\"alignnone wp-image-2572 size-full\" src=\"https:\/\/i0.wp.com\/ciudadyregion.com.co\/wp-content\/uploads\/2023\/11\/WhatsApp-Image-2023-11-22-at-4.07.20-PM-1.jpeg?resize=1440%2C635&#038;ssl=1\" alt=\"\" width=\"1440\" height=\"635\" srcset=\"https:\/\/i0.wp.com\/ciudadyregion.com.co\/wp-content\/uploads\/2023\/11\/WhatsApp-Image-2023-11-22-at-4.07.20-PM-1.jpeg?w=1600&amp;ssl=1 1600w, https:\/\/i0.wp.com\/ciudadyregion.com.co\/wp-content\/uploads\/2023\/11\/WhatsApp-Image-2023-11-22-at-4.07.20-PM-1.jpeg?resize=300%2C132&amp;ssl=1 300w, https:\/\/i0.wp.com\/ciudadyregion.com.co\/wp-content\/uploads\/2023\/11\/WhatsApp-Image-2023-11-22-at-4.07.20-PM-1.jpeg?resize=1024%2C452&amp;ssl=1 1024w, https:\/\/i0.wp.com\/ciudadyregion.com.co\/wp-content\/uploads\/2023\/11\/WhatsApp-Image-2023-11-22-at-4.07.20-PM-1.jpeg?resize=768%2C339&amp;ssl=1 768w, https:\/\/i0.wp.com\/ciudadyregion.com.co\/wp-content\/uploads\/2023\/11\/WhatsApp-Image-2023-11-22-at-4.07.20-PM-1.jpeg?resize=1536%2C678&amp;ssl=1 1536w, https:\/\/i0.wp.com\/ciudadyregion.com.co\/wp-content\/uploads\/2023\/11\/WhatsApp-Image-2023-11-22-at-4.07.20-PM-1.jpeg?resize=465%2C205&amp;ssl=1 465w, https:\/\/i0.wp.com\/ciudadyregion.com.co\/wp-content\/uploads\/2023\/11\/WhatsApp-Image-2023-11-22-at-4.07.20-PM-1.jpeg?resize=695%2C307&amp;ssl=1 695w\" sizes=\"(max-width: 1440px) 100vw, 1440px\" \/><\/p>\n<p>A los nueve detenidos de la organizaci\u00f3n conocida como \u2018Los Viajeros\u2019, la Fiscal\u00eda los investiga por su presunta responsabilidad en el almacenamiento y expendio de estupefacientes en menores cantidades de marihuana y coca\u00edna en la comuna 8 de la capital tolimense, principalmente en la periferia de la galer\u00eda o plaza de mercado del barrio El Jard\u00edn, afectando adem\u00e1s los barrios Prado II, y Villa Jard\u00edn en el mismo sector.<\/p>\n<p>Gracias al material probatorio presentado en su contra por parte del delegado fiscal, un juez con funciones de control de garant\u00edas les impuso a ocho de ellos medida de aseguramiento intramuros, mientras que a una de las detenidas medida de aseguramiento domiciliaria.<\/p>\n<p><img data-recalc-dims=\"1\" loading=\"lazy\" decoding=\"async\" class=\"alignnone wp-image-2570 size-full\" src=\"https:\/\/i0.wp.com\/ciudadyregion.com.co\/wp-content\/uploads\/2023\/11\/WhatsApp-Image-2023-11-22-at-4.07.18-PM.jpeg?resize=1440%2C439&#038;ssl=1\" alt=\"\" width=\"1440\" height=\"439\" srcset=\"https:\/\/i0.wp.com\/ciudadyregion.com.co\/wp-content\/uploads\/2023\/11\/WhatsApp-Image-2023-11-22-at-4.07.18-PM.jpeg?w=1600&amp;ssl=1 1600w, https:\/\/i0.wp.com\/ciudadyregion.com.co\/wp-content\/uploads\/2023\/11\/WhatsApp-Image-2023-11-22-at-4.07.18-PM.jpeg?resize=300%2C92&amp;ssl=1 300w, https:\/\/i0.wp.com\/ciudadyregion.com.co\/wp-content\/uploads\/2023\/11\/WhatsApp-Image-2023-11-22-at-4.07.18-PM.jpeg?resize=1024%2C312&amp;ssl=1 1024w, https:\/\/i0.wp.com\/ciudadyregion.com.co\/wp-content\/uploads\/2023\/11\/WhatsApp-Image-2023-11-22-at-4.07.18-PM.jpeg?resize=768%2C234&amp;ssl=1 768w, https:\/\/i0.wp.com\/ciudadyregion.com.co\/wp-content\/uploads\/2023\/11\/WhatsApp-Image-2023-11-22-at-4.07.18-PM.jpeg?resize=1536%2C468&amp;ssl=1 1536w, https:\/\/i0.wp.com\/ciudadyregion.com.co\/wp-content\/uploads\/2023\/11\/WhatsApp-Image-2023-11-22-at-4.07.18-PM.jpeg?resize=465%2C142&amp;ssl=1 465w, https:\/\/i0.wp.com\/ciudadyregion.com.co\/wp-content\/uploads\/2023\/11\/WhatsApp-Image-2023-11-22-at-4.07.18-PM.jpeg?resize=695%2C212&amp;ssl=1 695w\" sizes=\"(max-width: 1440px) 100vw, 1440px\" \/><\/p>\n<p>Ellos son Oliva Parrado Marulanda, Glorised Portillo Barreto, Mar\u00eda de los \u00c1ngeles Pe\u00f1a Parrado, Fabio Nelson Mur Bata, John Fredy Quintero Var\u00f3n, Liseth Stefany Hern\u00e1ndez\u00a0 Hern\u00e1ndez, Darwin Mauricio Rocha Monsalve, Edwin Alberto Virguez Conde y Yedison Alex\u00e1nder Quintero Bol\u00edvar.<\/p>\n<p>Por su parte a \u2018Los Cole\u2019, la Fiscal\u00eda los investiga por narcomenudeo en San Sebasti\u00e1n de Mariquita y Palocabildo, contando con elementos de pruebas suficientes en su contra para se\u00f1alarlos como part\u00edcipes de expender estupefacientes como marihuana, coca\u00edna y hero\u00edna en polvo. Durante las diligencias de allanamiento en zona rural de Palocabildo les fue encontrada una escopeta.<\/p>\n<p>&nbsp;<\/p>\n<p>A todos les fue impuesta medida de aseguramiento en centro carcelario. Ellos son Cristhian Fernando Melo Ceballos, Juli\u00e1n Albeiro Guti\u00e9rrez Vel\u00e1squez, Daniel Andr\u00e9s Fl\u00f3rez Hilarion, Yesid Leandro Trujillo Hern\u00e1ndez y Miguel \u00c1ngel Parra B\u00e1ez.<\/p>\n","protected":false},"excerpt":{"rendered":"<p>Eran conocidas como \u2018Los Viajeros\u2019 y \u2018Los Cole\u2019. Todos fueron afectados con medida de aseguramiento intramuros. En un trabajo conjunto entre la Unidad Antinarc\u00f3ticos de la Fiscal\u00eda Seccional Tolima, la Sij\u00edn de la Polic\u00eda Metropolitana de Ibagu\u00e9 y Polic\u00eda del Tolima,se logr\u00f3 la captura por orden judicial de 13 personas<span class=\"more-link\"><a href=\"https:\/\/ciudadyregion.com.co\/index.php\/2-organizaciones-criminales-dedicadas-al-trafico-de-estupefacientes-fue-impactada\/judicial\/\">Continuar Leyendo<\/a><\/span><\/p>\n","protected":false},"author":2,"featured_media":678,"comment_status":"open","ping_status":"open","sticky":false,"template":"","format":"standard","meta":{"_uf_show_specific_survey":0,"_uf_disable_surveys":false,"_jetpack_memberships_contains_paid_content":false,"footnotes":"","jetpack_publicize_message":"","jetpack_publicize_feature_enabled":true,"jetpack_social_post_already_shared":true,"jetpack_social_options":{"image_generator_settings":{"template":"highway","enabled":false},"version":2}},"categories":[18],"tags":[],"class_list":["entry","author-diegoaguirre","post-2565","post","type-post","status-publish","format-standard","has-post-thumbnail","category-judicial"],"jetpack_publicize_connections":[],"yoast_head":"<!-- This site is optimized with the Yoast SEO plugin v24.3 - https:\/\/yoast.com\/wordpress\/plugins\/seo\/ -->\n<title>2 Organizaciones criminales dedicadas al tr\u00e1fico de estupefacientes fue impactada - Ciudad y Region<\/title>\n<meta name=\"robots\" content=\"index, follow, max-snippet:-1, max-image-preview:large, max-video-preview:-1\" \/>\n<link rel=\"canonical\" href=\"https:\/\/ciudadyregion.com.co\/index.php\/2-organizaciones-criminales-dedicadas-al-trafico-de-estupefacientes-fue-impactada\/judicial\/\" \/>\n<meta property=\"og:locale\" content=\"es_ES\" \/>\n<meta property=\"og:type\" content=\"article\" \/>\n<meta property=\"og:title\" content=\"2 Organizaciones criminales dedicadas al tr\u00e1fico de estupefacientes fue impactada - Ciudad y Region\" \/>\n<meta property=\"og:description\" content=\"Eran conocidas como \u2018Los Viajeros\u2019 y \u2018Los Cole\u2019. Todos fueron afectados con medida de aseguramiento intramuros. En un trabajo conjunto entre la Unidad Antinarc\u00f3ticos de la Fiscal\u00eda Seccional Tolima, la Sij\u00edn de la Polic\u00eda Metropolitana de Ibagu\u00e9 y Polic\u00eda del Tolima,se logr\u00f3 la captura por orden judicial de 13 personasContinuar Leyendo\" \/>\n<meta property=\"og:url\" content=\"https:\/\/ciudadyregion.com.co\/index.php\/2-organizaciones-criminales-dedicadas-al-trafico-de-estupefacientes-fue-impactada\/judicial\/\" \/>\n<meta property=\"og:site_name\" content=\"Ciudad y Region\" \/>\n<meta property=\"article:published_time\" content=\"2023-11-25T09:41:49+00:00\" \/>\n<meta property=\"article:modified_time\" content=\"2023-11-24T18:01:21+00:00\" \/>\n<meta property=\"og:image\" content=\"https:\/\/i0.wp.com\/ciudadyregion.com.co\/wp-content\/uploads\/2023\/10\/FISCALIA.jpg?fit=800%2C445&ssl=1\" \/>\n\t<meta property=\"og:image:width\" content=\"800\" \/>\n\t<meta property=\"og:image:height\" content=\"445\" \/>\n\t<meta property=\"og:image:type\" content=\"image\/jpeg\" \/>\n<meta name=\"author\" content=\"David Andr\u00e9s Aguirre\" \/>\n<meta name=\"twitter:card\" content=\"summary_large_image\" \/>\n<meta name=\"twitter:label1\" content=\"Escrito por\" \/>\n\t<meta name=\"twitter:data1\" content=\"David Andr\u00e9s Aguirre\" \/>\n\t<meta name=\"twitter:label2\" content=\"Tiempo de lectura\" \/>\n\t<meta name=\"twitter:data2\" content=\"3 minutos\" \/>\n<script type=\"application\/ld+json\" class=\"yoast-schema-graph\">{\"@context\":\"https:\/\/schema.org\",\"@graph\":[{\"@type\":\"WebPage\",\"@id\":\"https:\/\/ciudadyregion.com.co\/index.php\/2-organizaciones-criminales-dedicadas-al-trafico-de-estupefacientes-fue-impactada\/judicial\/\",\"url\":\"https:\/\/ciudadyregion.com.co\/index.php\/2-organizaciones-criminales-dedicadas-al-trafico-de-estupefacientes-fue-impactada\/judicial\/\",\"name\":\"2 Organizaciones criminales dedicadas al tr\u00e1fico de estupefacientes fue impactada - Ciudad y Region\",\"isPartOf\":{\"@id\":\"https:\/\/ciudadyregion.com.co\/#website\"},\"primaryImageOfPage\":{\"@id\":\"https:\/\/ciudadyregion.com.co\/index.php\/2-organizaciones-criminales-dedicadas-al-trafico-de-estupefacientes-fue-impactada\/judicial\/#primaryimage\"},\"image\":{\"@id\":\"https:\/\/ciudadyregion.com.co\/index.php\/2-organizaciones-criminales-dedicadas-al-trafico-de-estupefacientes-fue-impactada\/judicial\/#primaryimage\"},\"thumbnailUrl\":\"https:\/\/i0.wp.com\/ciudadyregion.com.co\/wp-content\/uploads\/2023\/10\/FISCALIA.jpg?fit=800%2C445&ssl=1\",\"datePublished\":\"2023-11-25T09:41:49+00:00\",\"dateModified\":\"2023-11-24T18:01:21+00:00\",\"author\":{\"@id\":\"https:\/\/ciudadyregion.com.co\/#\/schema\/person\/04a4954373ebc4051f46e8c65ff78622\"},\"breadcrumb\":{\"@id\":\"https:\/\/ciudadyregion.com.co\/index.php\/2-organizaciones-criminales-dedicadas-al-trafico-de-estupefacientes-fue-impactada\/judicial\/#breadcrumb\"},\"inLanguage\":\"es\",\"potentialAction\":[{\"@type\":\"ReadAction\",\"target\":[\"https:\/\/ciudadyregion.com.co\/index.php\/2-organizaciones-criminales-dedicadas-al-trafico-de-estupefacientes-fue-impactada\/judicial\/\"]}]},{\"@type\":\"ImageObject\",\"inLanguage\":\"es\",\"@id\":\"https:\/\/ciudadyregion.com.co\/index.php\/2-organizaciones-criminales-dedicadas-al-trafico-de-estupefacientes-fue-impactada\/judicial\/#primaryimage\",\"url\":\"https:\/\/i0.wp.com\/ciudadyregion.com.co\/wp-content\/uploads\/2023\/10\/FISCALIA.jpg?fit=800%2C445&ssl=1\",\"contentUrl\":\"https:\/\/i0.wp.com\/ciudadyregion.com.co\/wp-content\/uploads\/2023\/10\/FISCALIA.jpg?fit=800%2C445&ssl=1\",\"width\":800,\"height\":445},{\"@type\":\"BreadcrumbList\",\"@id\":\"https:\/\/ciudadyregion.com.co\/index.php\/2-organizaciones-criminales-dedicadas-al-trafico-de-estupefacientes-fue-impactada\/judicial\/#breadcrumb\",\"itemListElement\":[{\"@type\":\"ListItem\",\"position\":1,\"name\":\"Portada\",\"item\":\"https:\/\/ciudadyregion.com.co\/\"},{\"@type\":\"ListItem\",\"position\":2,\"name\":\"2 Organizaciones criminales dedicadas al tr\u00e1fico de estupefacientes fue impactada\"}]},{\"@type\":\"WebSite\",\"@id\":\"https:\/\/ciudadyregion.com.co\/#website\",\"url\":\"https:\/\/ciudadyregion.com.co\/\",\"name\":\"Ciudad y Region\",\"description\":\"\",\"potentialAction\":[{\"@type\":\"SearchAction\",\"target\":{\"@type\":\"EntryPoint\",\"urlTemplate\":\"https:\/\/ciudadyregion.com.co\/?s={search_term_string}\"},\"query-input\":{\"@type\":\"PropertyValueSpecification\",\"valueRequired\":true,\"valueName\":\"search_term_string\"}}],\"inLanguage\":\"es\"},{\"@type\":\"Person\",\"@id\":\"https:\/\/ciudadyregion.com.co\/#\/schema\/person\/04a4954373ebc4051f46e8c65ff78622\",\"name\":\"David Andr\u00e9s Aguirre\",\"image\":{\"@type\":\"ImageObject\",\"inLanguage\":\"es\",\"@id\":\"https:\/\/ciudadyregion.com.co\/#\/schema\/person\/image\/\",\"url\":\"https:\/\/secure.gravatar.com\/avatar\/bc3c655860202182ee6d1b5edd042dbe?s=96&d=mm&r=g\",\"contentUrl\":\"https:\/\/secure.gravatar.com\/avatar\/bc3c655860202182ee6d1b5edd042dbe?s=96&d=mm&r=g\",\"caption\":\"David Andr\u00e9s Aguirre\"},\"url\":\"https:\/\/ciudadyregion.com.co\/index.php\/author\/diegoaguirre\/\"}]}<\/script>\n<!-- \/ Yoast SEO plugin. -->","yoast_head_json":{"title":"2 Organizaciones criminales dedicadas al tr\u00e1fico de estupefacientes fue impactada - Ciudad y Region","robots":{"index":"index","follow":"follow","max-snippet":"max-snippet:-1","max-image-preview":"max-image-preview:large","max-video-preview":"max-video-preview:-1"},"canonical":"https:\/\/ciudadyregion.com.co\/index.php\/2-organizaciones-criminales-dedicadas-al-trafico-de-estupefacientes-fue-impactada\/judicial\/","og_locale":"es_ES","og_type":"article","og_title":"2 Organizaciones criminales dedicadas al tr\u00e1fico de estupefacientes fue impactada - Ciudad y Region","og_description":"Eran conocidas como \u2018Los Viajeros\u2019 y \u2018Los Cole\u2019. Todos fueron afectados con medida de aseguramiento intramuros. En un trabajo conjunto entre la Unidad Antinarc\u00f3ticos de la Fiscal\u00eda Seccional Tolima, la Sij\u00edn de la Polic\u00eda Metropolitana de Ibagu\u00e9 y Polic\u00eda del Tolima,se logr\u00f3 la captura por orden judicial de 13 personasContinuar Leyendo","og_url":"https:\/\/ciudadyregion.com.co\/index.php\/2-organizaciones-criminales-dedicadas-al-trafico-de-estupefacientes-fue-impactada\/judicial\/","og_site_name":"Ciudad y Region","article_published_time":"2023-11-25T09:41:49+00:00","article_modified_time":"2023-11-24T18:01:21+00:00","og_image":[{"width":800,"height":445,"url":"https:\/\/i0.wp.com\/ciudadyregion.com.co\/wp-content\/uploads\/2023\/10\/FISCALIA.jpg?fit=800%2C445&ssl=1","type":"image\/jpeg"}],"author":"David Andr\u00e9s Aguirre","twitter_card":"summary_large_image","twitter_misc":{"Escrito por":"David Andr\u00e9s Aguirre","Tiempo de lectura":"3 minutos"},"schema":{"@context":"https:\/\/schema.org","@graph":[{"@type":"WebPage","@id":"https:\/\/ciudadyregion.com.co\/index.php\/2-organizaciones-criminales-dedicadas-al-trafico-de-estupefacientes-fue-impactada\/judicial\/","url":"https:\/\/ciudadyregion.com.co\/index.php\/2-organizaciones-criminales-dedicadas-al-trafico-de-estupefacientes-fue-impactada\/judicial\/","name":"2 Organizaciones criminales dedicadas al tr\u00e1fico de estupefacientes fue impactada - Ciudad y Region","isPartOf":{"@id":"https:\/\/ciudadyregion.com.co\/#website"},"primaryImageOfPage":{"@id":"https:\/\/ciudadyregion.com.co\/index.php\/2-organizaciones-criminales-dedicadas-al-trafico-de-estupefacientes-fue-impactada\/judicial\/#primaryimage"},"image":{"@id":"https:\/\/ciudadyregion.com.co\/index.php\/2-organizaciones-criminales-dedicadas-al-trafico-de-estupefacientes-fue-impactada\/judicial\/#primaryimage"},"thumbnailUrl":"https:\/\/i0.wp.com\/ciudadyregion.com.co\/wp-content\/uploads\/2023\/10\/FISCALIA.jpg?fit=800%2C445&ssl=1","datePublished":"2023-11-25T09:41:49+00:00","dateModified":"2023-11-24T18:01:21+00:00","author":{"@id":"https:\/\/ciudadyregion.com.co\/#\/schema\/person\/04a4954373ebc4051f46e8c65ff78622"},"breadcrumb":{"@id":"https:\/\/ciudadyregion.com.co\/index.php\/2-organizaciones-criminales-dedicadas-al-trafico-de-estupefacientes-fue-impactada\/judicial\/#breadcrumb"},"inLanguage":"es","potentialAction":[{"@type":"ReadAction","target":["https:\/\/ciudadyregion.com.co\/index.php\/2-organizaciones-criminales-dedicadas-al-trafico-de-estupefacientes-fue-impactada\/judicial\/"]}]},{"@type":"ImageObject","inLanguage":"es","@id":"https:\/\/ciudadyregion.com.co\/index.php\/2-organizaciones-criminales-dedicadas-al-trafico-de-estupefacientes-fue-impactada\/judicial\/#primaryimage","url":"https:\/\/i0.wp.com\/ciudadyregion.com.co\/wp-content\/uploads\/2023\/10\/FISCALIA.jpg?fit=800%2C445&ssl=1","contentUrl":"https:\/\/i0.wp.com\/ciudadyregion.com.co\/wp-content\/uploads\/2023\/10\/FISCALIA.jpg?fit=800%2C445&ssl=1","width":800,"height":445},{"@type":"BreadcrumbList","@id":"https:\/\/ciudadyregion.com.co\/index.php\/2-organizaciones-criminales-dedicadas-al-trafico-de-estupefacientes-fue-impactada\/judicial\/#breadcrumb","itemListElement":[{"@type":"ListItem","position":1,"name":"Portada","item":"https:\/\/ciudadyregion.com.co\/"},{"@type":"ListItem","position":2,"name":"2 Organizaciones criminales dedicadas al tr\u00e1fico de estupefacientes fue impactada"}]},{"@type":"WebSite","@id":"https:\/\/ciudadyregion.com.co\/#website","url":"https:\/\/ciudadyregion.com.co\/","name":"Ciudad y Region","description":"","potentialAction":[{"@type":"SearchAction","target":{"@type":"EntryPoint","urlTemplate":"https:\/\/ciudadyregion.com.co\/?s={search_term_string}"},"query-input":{"@type":"PropertyValueSpecification","valueRequired":true,"valueName":"search_term_string"}}],"inLanguage":"es"},{"@type":"Person","@id":"https:\/\/ciudadyregion.com.co\/#\/schema\/person\/04a4954373ebc4051f46e8c65ff78622","name":"David Andr\u00e9s Aguirre","image":{"@type":"ImageObject","inLanguage":"es","@id":"https:\/\/ciudadyregion.com.co\/#\/schema\/person\/image\/","url":"https:\/\/secure.gravatar.com\/avatar\/bc3c655860202182ee6d1b5edd042dbe?s=96&d=mm&r=g","contentUrl":"https:\/\/secure.gravatar.com\/avatar\/bc3c655860202182ee6d1b5edd042dbe?s=96&d=mm&r=g","caption":"David Andr\u00e9s Aguirre"},"url":"https:\/\/ciudadyregion.com.co\/index.php\/author\/diegoaguirre\/"}]}},"jetpack_featured_media_url":"https:\/\/i0.wp.com\/ciudadyregion.com.co\/wp-content\/uploads\/2023\/10\/FISCALIA.jpg?fit=800%2C445&ssl=1","jetpack_sharing_enabled":true,"jetpack_shortlink":"https:\/\/wp.me\/pbS7hh-Fn","jetpack-related-posts":[],"_links":{"self":[{"href":"https:\/\/ciudadyregion.com.co\/index.php\/wp-json\/wp\/v2\/posts\/2565"}],"collection":[{"href":"https:\/\/ciudadyregion.com.co\/index.php\/wp-json\/wp\/v2\/posts"}],"about":[{"href":"https:\/\/ciudadyregion.com.co\/index.php\/wp-json\/wp\/v2\/types\/post"}],"author":[{"embeddable":true,"href":"https:\/\/ciudadyregion.com.co\/index.php\/wp-json\/wp\/v2\/users\/2"}],"replies":[{"embeddable":true,"href":"https:\/\/ciudadyregion.com.co\/index.php\/wp-json\/wp\/v2\/comments?post=2565"}],"version-history":[{"count":3,"href":"https:\/\/ciudadyregion.com.co\/index.php\/wp-json\/wp\/v2\/posts\/2565\/revisions"}],"predecessor-version":[{"id":2573,"href":"https:\/\/ciudadyregion.com.co\/index.php\/wp-json\/wp\/v2\/posts\/2565\/revisions\/2573"}],"wp:featuredmedia":[{"embeddable":true,"href":"https:\/\/ciudadyregion.com.co\/index.php\/wp-json\/wp\/v2\/media\/678"}],"wp:attachment":[{"href":"https:\/\/ciudadyregion.com.co\/index.php\/wp-json\/wp\/v2\/media?parent=2565"}],"wp:term":[{"taxonomy":"category","embeddable":true,"href":"https:\/\/ciudadyregion.com.co\/index.php\/wp-json\/wp\/v2\/categories?post=2565"},{"taxonomy":"post_tag","embeddable":true,"href":"https:\/\/ciudadyregion.com.co\/index.php\/wp-json\/wp\/v2\/tags?post=2565"}],"curies":[{"name":"wp","href":"https:\/\/api.w.org\/{rel}","templated":true}]}}