{"id":25561,"date":"2024-11-13T08:03:40","date_gmt":"2024-11-13T13:03:40","guid":{"rendered":"https:\/\/ciudadyregion.com.co\/?p=25561"},"modified":"2024-11-13T08:03:40","modified_gmt":"2024-11-13T13:03:40","slug":"39-anos-despues-de-la-tragedia-de-armero-el-origen-de-la-gestion-del-riesgo-en-colombia","status":"publish","type":"post","link":"https:\/\/ciudadyregion.com.co\/index.php\/39-anos-despues-de-la-tragedia-de-armero-el-origen-de-la-gestion-del-riesgo-en-colombia\/nacional\/","title":{"rendered":"39 a\u00f1os despu\u00e9s de la tragedia de Armero: el origen de la Gesti\u00f3n del Riesgo en Colombia"},"content":{"rendered":"<p>Hoy, 13 de noviembre, se cumplen 39 a\u00f1os de la tragedia de Armero, un desastre que dej\u00f3 miles de v\u00edctimas y se consolid\u00f3 como una de las tragedias naturales m\u00e1s devastadoras de Am\u00e9rica Latina y la m\u00e1s grande en la historia de Colombia.<\/p>\n<p>Este evento marc\u00f3 un antes y un despu\u00e9s en la gesti\u00f3n de emergencias en el pa\u00eds con la creaci\u00f3n de planes y protocolos espec\u00edficos para la atenci\u00f3n y prevenci\u00f3n de desastres. \u201cHoy, 13 de noviembre, conmemoramos 39 a\u00f1os de la tragedia de Armero, donde m\u00e1s de 20.000 personas perdieron la vida\u201d, expres\u00f3 la secretaria de Ambiente y Gesti\u00f3n del Riesgo del Tolima, Ericka Lozano. La tragedia, provocada por la erupci\u00f3n del Volc\u00e1n Nevado del Ruiz, impuls\u00f3 cambios significativos en la forma en que el pa\u00eds se prepara y responde ante desastres naturales.<\/p>\n<p>En 1988, como respuesta directa a este suceso, se cre\u00f3 el Sistema Nacional de Gesti\u00f3n del Riesgo. \u201cEn 1988 se crea el Sistema Nacional de Gesti\u00f3n del Riesgo y en el 2012 se crea la Ley 1523, que d\u00e1 al Sistema Nacional de Gesti\u00f3n del Riesgo las responsabilidades que tienen las autoridades y cada uno de los habitantes colombianos frente a esta respuesta y atenci\u00f3n\u201d, explic\u00f3 la secretaria.<\/p>\n<p>La Ley 1523, creada en 2012, ha sido fundamental en la organizaci\u00f3n del sistema de gesti\u00f3n del riesgo en Colombia, estableciendo un marco legal que define las responsabilidades tanto de las autoridades como de los ciudadanos. Ericka Lozano subray\u00f3 que la ley no solo plantea la atenci\u00f3n de emergencias, sino tambi\u00e9n la importancia de la \u201crespuesta y atenci\u00f3n, pero sobre todo conocimiento y reducci\u00f3n de la gesti\u00f3n del riesgo\u201d, indicando que la prevenci\u00f3n y el aprendizaje son piezas claves en el sistema.<\/p>\n<p>En el Tolima, la gesti\u00f3n del riesgo se ha convertido en un proceso de mejora continua y de trabajo colaborativo entre los diversos actores del sistema. \u201cDiariamente la gesti\u00f3n del riesgo requiere una actualizaci\u00f3n, mejoramiento continuo, pero ante todo un trabajo en equipo, donde los integrantes de los consejos departamentales y municipales juegan un papel muy importante\u201d, asegur\u00f3 Lozano.<\/p>\n<p>La colaboraci\u00f3n y la coordinaci\u00f3n entre los niveles departamental y municipal son esenciales para que la respuesta ante emergencias sea r\u00e1pida y eficaz.<\/p>\n<p>Desde la Secretar\u00eda de Ambiente y Gesti\u00f3n del Riesgo del Tolima, el compromiso con los tolimenses es total. Lozano afirm\u00f3 que la entidad trabaja de manera constante y articulada con todos los actores del sistema, siempre enfocados en \u201cfortalecer de manera oportuna la atenci\u00f3n de emergencias, el conocimiento y la reducci\u00f3n\u201d. La labor de la secretar\u00eda no solo se centra en responder a emergencias, sino en reducir el riesgo a trav\u00e9s de acciones preventivas.<\/p>\n<p>La conmemoraci\u00f3n de la tragedia de Armero es un recordatorio de la importancia de la prevenci\u00f3n y la gesti\u00f3n del riesgo, y tambi\u00e9n una oportunidad para seguir fortaleciendo la preparaci\u00f3n del Tolima frente a cualquier eventualidad.<\/p>\n","protected":false},"excerpt":{"rendered":"<p>Hoy, 13 de noviembre, se cumplen 39 a\u00f1os de la tragedia de Armero, un desastre que dej\u00f3 miles de v\u00edctimas y se consolid\u00f3 como una de las tragedias naturales m\u00e1s devastadoras de Am\u00e9rica Latina y la m\u00e1s grande en la historia de Colombia. Este evento marc\u00f3 un antes y un<span class=\"more-link\"><a href=\"https:\/\/ciudadyregion.com.co\/index.php\/39-anos-despues-de-la-tragedia-de-armero-el-origen-de-la-gestion-del-riesgo-en-colombia\/nacional\/\">Continuar Leyendo<\/a><\/span><\/p>\n","protected":false},"author":2,"featured_media":25562,"comment_status":"open","ping_status":"open","sticky":false,"template":"","format":"standard","meta":{"_uf_show_specific_survey":0,"_uf_disable_surveys":false,"_jetpack_memberships_contains_paid_content":false,"footnotes":"","jetpack_publicize_message":"","jetpack_publicize_feature_enabled":true,"jetpack_social_post_already_shared":true,"jetpack_social_options":{"image_generator_settings":{"template":"highway","enabled":false},"version":2}},"categories":[23],"tags":[],"class_list":["entry","author-diegoaguirre","post-25561","post","type-post","status-publish","format-standard","has-post-thumbnail","category-nacional"],"jetpack_publicize_connections":[],"yoast_head":"<!-- This site is optimized with the Yoast SEO plugin v24.3 - https:\/\/yoast.com\/wordpress\/plugins\/seo\/ -->\n<title>39 a\u00f1os despu\u00e9s de la tragedia de Armero: el origen de la Gesti\u00f3n del Riesgo en Colombia - Ciudad y Region<\/title>\n<meta name=\"robots\" content=\"index, follow, max-snippet:-1, max-image-preview:large, max-video-preview:-1\" \/>\n<link rel=\"canonical\" href=\"https:\/\/ciudadyregion.com.co\/index.php\/39-anos-despues-de-la-tragedia-de-armero-el-origen-de-la-gestion-del-riesgo-en-colombia\/nacional\/\" \/>\n<meta property=\"og:locale\" content=\"es_ES\" \/>\n<meta property=\"og:type\" content=\"article\" \/>\n<meta property=\"og:title\" content=\"39 a\u00f1os despu\u00e9s de la tragedia de Armero: el origen de la Gesti\u00f3n del Riesgo en Colombia - Ciudad y Region\" \/>\n<meta property=\"og:description\" content=\"Hoy, 13 de noviembre, se cumplen 39 a\u00f1os de la tragedia de Armero, un desastre que dej\u00f3 miles de v\u00edctimas y se consolid\u00f3 como una de las tragedias naturales m\u00e1s devastadoras de Am\u00e9rica Latina y la m\u00e1s grande en la historia de Colombia. Este evento marc\u00f3 un antes y unContinuar Leyendo\" \/>\n<meta property=\"og:url\" content=\"https:\/\/ciudadyregion.com.co\/index.php\/39-anos-despues-de-la-tragedia-de-armero-el-origen-de-la-gestion-del-riesgo-en-colombia\/nacional\/\" \/>\n<meta property=\"og:site_name\" content=\"Ciudad y Region\" \/>\n<meta property=\"article:published_time\" content=\"2024-11-13T13:03:40+00:00\" \/>\n<meta property=\"og:image\" content=\"https:\/\/ciudadyregion.com.co\/wp-content\/uploads\/2024\/11\/armero.jpg\" \/>\n\t<meta property=\"og:image:width\" content=\"800\" \/>\n\t<meta property=\"og:image:height\" content=\"445\" \/>\n\t<meta property=\"og:image:type\" content=\"image\/jpeg\" \/>\n<meta name=\"author\" content=\"David Andr\u00e9s Aguirre\" \/>\n<meta name=\"twitter:card\" content=\"summary_large_image\" \/>\n<meta name=\"twitter:label1\" content=\"Escrito por\" \/>\n\t<meta name=\"twitter:data1\" content=\"David Andr\u00e9s Aguirre\" \/>\n\t<meta name=\"twitter:label2\" content=\"Tiempo de lectura\" \/>\n\t<meta name=\"twitter:data2\" content=\"3 minutos\" \/>\n<script type=\"application\/ld+json\" class=\"yoast-schema-graph\">{\"@context\":\"https:\/\/schema.org\",\"@graph\":[{\"@type\":\"WebPage\",\"@id\":\"https:\/\/ciudadyregion.com.co\/index.php\/39-anos-despues-de-la-tragedia-de-armero-el-origen-de-la-gestion-del-riesgo-en-colombia\/nacional\/\",\"url\":\"https:\/\/ciudadyregion.com.co\/index.php\/39-anos-despues-de-la-tragedia-de-armero-el-origen-de-la-gestion-del-riesgo-en-colombia\/nacional\/\",\"name\":\"39 a\u00f1os despu\u00e9s de la tragedia de Armero: el origen de la Gesti\u00f3n del Riesgo en Colombia - Ciudad y Region\",\"isPartOf\":{\"@id\":\"https:\/\/ciudadyregion.com.co\/#website\"},\"primaryImageOfPage\":{\"@id\":\"https:\/\/ciudadyregion.com.co\/index.php\/39-anos-despues-de-la-tragedia-de-armero-el-origen-de-la-gestion-del-riesgo-en-colombia\/nacional\/#primaryimage\"},\"image\":{\"@id\":\"https:\/\/ciudadyregion.com.co\/index.php\/39-anos-despues-de-la-tragedia-de-armero-el-origen-de-la-gestion-del-riesgo-en-colombia\/nacional\/#primaryimage\"},\"thumbnailUrl\":\"https:\/\/i0.wp.com\/ciudadyregion.com.co\/wp-content\/uploads\/2024\/11\/armero.jpg?fit=800%2C445&ssl=1\",\"datePublished\":\"2024-11-13T13:03:40+00:00\",\"dateModified\":\"2024-11-13T13:03:40+00:00\",\"author\":{\"@id\":\"https:\/\/ciudadyregion.com.co\/#\/schema\/person\/04a4954373ebc4051f46e8c65ff78622\"},\"breadcrumb\":{\"@id\":\"https:\/\/ciudadyregion.com.co\/index.php\/39-anos-despues-de-la-tragedia-de-armero-el-origen-de-la-gestion-del-riesgo-en-colombia\/nacional\/#breadcrumb\"},\"inLanguage\":\"es\",\"potentialAction\":[{\"@type\":\"ReadAction\",\"target\":[\"https:\/\/ciudadyregion.com.co\/index.php\/39-anos-despues-de-la-tragedia-de-armero-el-origen-de-la-gestion-del-riesgo-en-colombia\/nacional\/\"]}]},{\"@type\":\"ImageObject\",\"inLanguage\":\"es\",\"@id\":\"https:\/\/ciudadyregion.com.co\/index.php\/39-anos-despues-de-la-tragedia-de-armero-el-origen-de-la-gestion-del-riesgo-en-colombia\/nacional\/#primaryimage\",\"url\":\"https:\/\/i0.wp.com\/ciudadyregion.com.co\/wp-content\/uploads\/2024\/11\/armero.jpg?fit=800%2C445&ssl=1\",\"contentUrl\":\"https:\/\/i0.wp.com\/ciudadyregion.com.co\/wp-content\/uploads\/2024\/11\/armero.jpg?fit=800%2C445&ssl=1\",\"width\":800,\"height\":445},{\"@type\":\"BreadcrumbList\",\"@id\":\"https:\/\/ciudadyregion.com.co\/index.php\/39-anos-despues-de-la-tragedia-de-armero-el-origen-de-la-gestion-del-riesgo-en-colombia\/nacional\/#breadcrumb\",\"itemListElement\":[{\"@type\":\"ListItem\",\"position\":1,\"name\":\"Portada\",\"item\":\"https:\/\/ciudadyregion.com.co\/\"},{\"@type\":\"ListItem\",\"position\":2,\"name\":\"39 a\u00f1os despu\u00e9s de la tragedia de Armero: el origen de la Gesti\u00f3n del Riesgo en Colombia\"}]},{\"@type\":\"WebSite\",\"@id\":\"https:\/\/ciudadyregion.com.co\/#website\",\"url\":\"https:\/\/ciudadyregion.com.co\/\",\"name\":\"Ciudad y Region\",\"description\":\"\",\"potentialAction\":[{\"@type\":\"SearchAction\",\"target\":{\"@type\":\"EntryPoint\",\"urlTemplate\":\"https:\/\/ciudadyregion.com.co\/?s={search_term_string}\"},\"query-input\":{\"@type\":\"PropertyValueSpecification\",\"valueRequired\":true,\"valueName\":\"search_term_string\"}}],\"inLanguage\":\"es\"},{\"@type\":\"Person\",\"@id\":\"https:\/\/ciudadyregion.com.co\/#\/schema\/person\/04a4954373ebc4051f46e8c65ff78622\",\"name\":\"David Andr\u00e9s Aguirre\",\"image\":{\"@type\":\"ImageObject\",\"inLanguage\":\"es\",\"@id\":\"https:\/\/ciudadyregion.com.co\/#\/schema\/person\/image\/\",\"url\":\"https:\/\/secure.gravatar.com\/avatar\/bc3c655860202182ee6d1b5edd042dbe?s=96&d=mm&r=g\",\"contentUrl\":\"https:\/\/secure.gravatar.com\/avatar\/bc3c655860202182ee6d1b5edd042dbe?s=96&d=mm&r=g\",\"caption\":\"David Andr\u00e9s Aguirre\"},\"url\":\"https:\/\/ciudadyregion.com.co\/index.php\/author\/diegoaguirre\/\"}]}<\/script>\n<!-- \/ Yoast SEO plugin. -->","yoast_head_json":{"title":"39 a\u00f1os despu\u00e9s de la tragedia de Armero: el origen de la Gesti\u00f3n del Riesgo en Colombia - Ciudad y Region","robots":{"index":"index","follow":"follow","max-snippet":"max-snippet:-1","max-image-preview":"max-image-preview:large","max-video-preview":"max-video-preview:-1"},"canonical":"https:\/\/ciudadyregion.com.co\/index.php\/39-anos-despues-de-la-tragedia-de-armero-el-origen-de-la-gestion-del-riesgo-en-colombia\/nacional\/","og_locale":"es_ES","og_type":"article","og_title":"39 a\u00f1os despu\u00e9s de la tragedia de Armero: el origen de la Gesti\u00f3n del Riesgo en Colombia - Ciudad y Region","og_description":"Hoy, 13 de noviembre, se cumplen 39 a\u00f1os de la tragedia de Armero, un desastre que dej\u00f3 miles de v\u00edctimas y se consolid\u00f3 como una de las tragedias naturales m\u00e1s devastadoras de Am\u00e9rica Latina y la m\u00e1s grande en la historia de Colombia. Este evento marc\u00f3 un antes y unContinuar Leyendo","og_url":"https:\/\/ciudadyregion.com.co\/index.php\/39-anos-despues-de-la-tragedia-de-armero-el-origen-de-la-gestion-del-riesgo-en-colombia\/nacional\/","og_site_name":"Ciudad y Region","article_published_time":"2024-11-13T13:03:40+00:00","og_image":[{"width":800,"height":445,"url":"https:\/\/ciudadyregion.com.co\/wp-content\/uploads\/2024\/11\/armero.jpg","type":"image\/jpeg"}],"author":"David Andr\u00e9s Aguirre","twitter_card":"summary_large_image","twitter_misc":{"Escrito por":"David Andr\u00e9s Aguirre","Tiempo de lectura":"3 minutos"},"schema":{"@context":"https:\/\/schema.org","@graph":[{"@type":"WebPage","@id":"https:\/\/ciudadyregion.com.co\/index.php\/39-anos-despues-de-la-tragedia-de-armero-el-origen-de-la-gestion-del-riesgo-en-colombia\/nacional\/","url":"https:\/\/ciudadyregion.com.co\/index.php\/39-anos-despues-de-la-tragedia-de-armero-el-origen-de-la-gestion-del-riesgo-en-colombia\/nacional\/","name":"39 a\u00f1os despu\u00e9s de la tragedia de Armero: el origen de la Gesti\u00f3n del Riesgo en Colombia - Ciudad y Region","isPartOf":{"@id":"https:\/\/ciudadyregion.com.co\/#website"},"primaryImageOfPage":{"@id":"https:\/\/ciudadyregion.com.co\/index.php\/39-anos-despues-de-la-tragedia-de-armero-el-origen-de-la-gestion-del-riesgo-en-colombia\/nacional\/#primaryimage"},"image":{"@id":"https:\/\/ciudadyregion.com.co\/index.php\/39-anos-despues-de-la-tragedia-de-armero-el-origen-de-la-gestion-del-riesgo-en-colombia\/nacional\/#primaryimage"},"thumbnailUrl":"https:\/\/i0.wp.com\/ciudadyregion.com.co\/wp-content\/uploads\/2024\/11\/armero.jpg?fit=800%2C445&ssl=1","datePublished":"2024-11-13T13:03:40+00:00","dateModified":"2024-11-13T13:03:40+00:00","author":{"@id":"https:\/\/ciudadyregion.com.co\/#\/schema\/person\/04a4954373ebc4051f46e8c65ff78622"},"breadcrumb":{"@id":"https:\/\/ciudadyregion.com.co\/index.php\/39-anos-despues-de-la-tragedia-de-armero-el-origen-de-la-gestion-del-riesgo-en-colombia\/nacional\/#breadcrumb"},"inLanguage":"es","potentialAction":[{"@type":"ReadAction","target":["https:\/\/ciudadyregion.com.co\/index.php\/39-anos-despues-de-la-tragedia-de-armero-el-origen-de-la-gestion-del-riesgo-en-colombia\/nacional\/"]}]},{"@type":"ImageObject","inLanguage":"es","@id":"https:\/\/ciudadyregion.com.co\/index.php\/39-anos-despues-de-la-tragedia-de-armero-el-origen-de-la-gestion-del-riesgo-en-colombia\/nacional\/#primaryimage","url":"https:\/\/i0.wp.com\/ciudadyregion.com.co\/wp-content\/uploads\/2024\/11\/armero.jpg?fit=800%2C445&ssl=1","contentUrl":"https:\/\/i0.wp.com\/ciudadyregion.com.co\/wp-content\/uploads\/2024\/11\/armero.jpg?fit=800%2C445&ssl=1","width":800,"height":445},{"@type":"BreadcrumbList","@id":"https:\/\/ciudadyregion.com.co\/index.php\/39-anos-despues-de-la-tragedia-de-armero-el-origen-de-la-gestion-del-riesgo-en-colombia\/nacional\/#breadcrumb","itemListElement":[{"@type":"ListItem","position":1,"name":"Portada","item":"https:\/\/ciudadyregion.com.co\/"},{"@type":"ListItem","position":2,"name":"39 a\u00f1os despu\u00e9s de la tragedia de Armero: el origen de la Gesti\u00f3n del Riesgo en Colombia"}]},{"@type":"WebSite","@id":"https:\/\/ciudadyregion.com.co\/#website","url":"https:\/\/ciudadyregion.com.co\/","name":"Ciudad y Region","description":"","potentialAction":[{"@type":"SearchAction","target":{"@type":"EntryPoint","urlTemplate":"https:\/\/ciudadyregion.com.co\/?s={search_term_string}"},"query-input":{"@type":"PropertyValueSpecification","valueRequired":true,"valueName":"search_term_string"}}],"inLanguage":"es"},{"@type":"Person","@id":"https:\/\/ciudadyregion.com.co\/#\/schema\/person\/04a4954373ebc4051f46e8c65ff78622","name":"David Andr\u00e9s Aguirre","image":{"@type":"ImageObject","inLanguage":"es","@id":"https:\/\/ciudadyregion.com.co\/#\/schema\/person\/image\/","url":"https:\/\/secure.gravatar.com\/avatar\/bc3c655860202182ee6d1b5edd042dbe?s=96&d=mm&r=g","contentUrl":"https:\/\/secure.gravatar.com\/avatar\/bc3c655860202182ee6d1b5edd042dbe?s=96&d=mm&r=g","caption":"David Andr\u00e9s Aguirre"},"url":"https:\/\/ciudadyregion.com.co\/index.php\/author\/diegoaguirre\/"}]}},"jetpack_featured_media_url":"https:\/\/i0.wp.com\/ciudadyregion.com.co\/wp-content\/uploads\/2024\/11\/armero.jpg?fit=800%2C445&ssl=1","jetpack_sharing_enabled":true,"jetpack_shortlink":"https:\/\/wp.me\/pbS7hh-6Eh","jetpack-related-posts":[],"_links":{"self":[{"href":"https:\/\/ciudadyregion.com.co\/index.php\/wp-json\/wp\/v2\/posts\/25561"}],"collection":[{"href":"https:\/\/ciudadyregion.com.co\/index.php\/wp-json\/wp\/v2\/posts"}],"about":[{"href":"https:\/\/ciudadyregion.com.co\/index.php\/wp-json\/wp\/v2\/types\/post"}],"author":[{"embeddable":true,"href":"https:\/\/ciudadyregion.com.co\/index.php\/wp-json\/wp\/v2\/users\/2"}],"replies":[{"embeddable":true,"href":"https:\/\/ciudadyregion.com.co\/index.php\/wp-json\/wp\/v2\/comments?post=25561"}],"version-history":[{"count":1,"href":"https:\/\/ciudadyregion.com.co\/index.php\/wp-json\/wp\/v2\/posts\/25561\/revisions"}],"predecessor-version":[{"id":25563,"href":"https:\/\/ciudadyregion.com.co\/index.php\/wp-json\/wp\/v2\/posts\/25561\/revisions\/25563"}],"wp:featuredmedia":[{"embeddable":true,"href":"https:\/\/ciudadyregion.com.co\/index.php\/wp-json\/wp\/v2\/media\/25562"}],"wp:attachment":[{"href":"https:\/\/ciudadyregion.com.co\/index.php\/wp-json\/wp\/v2\/media?parent=25561"}],"wp:term":[{"taxonomy":"category","embeddable":true,"href":"https:\/\/ciudadyregion.com.co\/index.php\/wp-json\/wp\/v2\/categories?post=25561"},{"taxonomy":"post_tag","embeddable":true,"href":"https:\/\/ciudadyregion.com.co\/index.php\/wp-json\/wp\/v2\/tags?post=25561"}],"curies":[{"name":"wp","href":"https:\/\/api.w.org\/{rel}","templated":true}]}}