{"id":25132,"date":"2024-11-06T08:48:12","date_gmt":"2024-11-06T13:48:12","guid":{"rendered":"https:\/\/ciudadyregion.com.co\/?p=25132"},"modified":"2024-11-06T08:48:12","modified_gmt":"2024-11-06T13:48:12","slug":"ninos-ninas-y-adolescentes-de-280-municipios-pdet-y-zonas-afectadas-por-el-conflicto-armado-estrenan-colegios","status":"publish","type":"post","link":"https:\/\/ciudadyregion.com.co\/index.php\/ninos-ninas-y-adolescentes-de-280-municipios-pdet-y-zonas-afectadas-por-el-conflicto-armado-estrenan-colegios\/nacional\/","title":{"rendered":"Ni\u00f1os, ni\u00f1as y adolescentes de 280 municipios PDET y zonas afectadas por el conflicto armado estrenan colegios"},"content":{"rendered":"<div>\u201cCreo que hay muy buen ambiente, estoy muy optimista de que podamos avanzar r\u00e1pidamente en la aprobaci\u00f3n de este texto que tiene suficiente concertaci\u00f3n. Seguramente habr\u00e1 discusi\u00f3n, se seguir\u00e1n haciendo ajustes, pero vamos por buen camino\u201d, afirm\u00f3 el ministro del Interior, Juan Fernando Cristo, en el inicio del primer debate de la reforma a la salud en la Comisi\u00f3n VII de la C\u00e1mara de Representantes, que comenzar\u00e1 a analizar la ponencia mayoritaria que fue radicada en la noche del 28 de octubre pasado.<\/div>\n<div><\/div>\n<div>Para el ministro es claro que existe \u201cun ambiente muy positivo al que ten\u00eda hace unos meses la reforma a la salud en el Congreso\u201d.<\/div>\n<div><\/div>\n<div>Sobre ese antes y el actual panorama legislativo explic\u00f3 que \u201cse ha concertado, el gobierno ha cedido a unas posiciones, los distintos partidos se han aproximado a la discusi\u00f3n, los actores del sistema participaron en una mesa t\u00e9cnica, la mayor\u00eda de sus propuestas han sido recogidas, como ellos mismos lo reconocieron en un comunicado la semana pasada a la opini\u00f3n p\u00fablica\u201d.<\/div>\n<div><\/div>\n<div>Por esta raz\u00f3n, el ministro Cristo consider\u00f3 que \u201chay conciencia de que el pa\u00eds necesita con urgencia una reforma a la salud para superar la crisis, que no es de ahora, sino que viene de atr\u00e1s\u201d.<\/div>\n<div><\/div>\n<div><a href=\"https:\/\/x.com\/MinSaludCol\/status\/1853832665306120555\">En la cuenta de X de la entidad<\/a>, el ministro de Salud, Guillermo Alfonso Jaramillo, asegur\u00f3 que \u201cla reforma a la salud que hemos propuesto debe materializarse, con el objetivo de trabajar en beneficio de las personas m\u00e1s necesitadas de nuestro pa\u00eds. Hemos priorizado 56 municipios, pero lo m\u00e1s importante es que la comunidad se involucre activamente\u201d.<\/div>\n<div><\/div>\n<div>El texto original de la reforma a la Salud fue radicado por el Gobierno del Cambio el pasado 13 de septiembre de 2024 y el pasado 28 de octubre se entreg\u00f3 la ponencia para su primer debate.<\/div>\n<div><\/div>\n<div>El documento que comenz\u00f3 su tr\u00e1mite ya consta de 526 p\u00e1ginas (incluyendo la exposici\u00f3n de motivos), ocho t\u00edtulos y 58 art\u00edculos (teniendo en cuenta el \u00faltimo de la vigencia), que se lograron gracias a la labor concertada que adelant\u00f3 el Gobierno durante este a\u00f1o.<\/div>\n<div><\/div>\n","protected":false},"excerpt":{"rendered":"<p>\u201cCreo que hay muy buen ambiente, estoy muy optimista de que podamos avanzar r\u00e1pidamente en la aprobaci\u00f3n de este texto que tiene suficiente concertaci\u00f3n. Seguramente habr\u00e1 discusi\u00f3n, se seguir\u00e1n haciendo ajustes, pero vamos por buen camino\u201d, afirm\u00f3 el ministro del Interior, Juan Fernando Cristo, en el inicio del primer debate<span class=\"more-link\"><a href=\"https:\/\/ciudadyregion.com.co\/index.php\/ninos-ninas-y-adolescentes-de-280-municipios-pdet-y-zonas-afectadas-por-el-conflicto-armado-estrenan-colegios\/nacional\/\">Continuar Leyendo<\/a><\/span><\/p>\n","protected":false},"author":2,"featured_media":25133,"comment_status":"open","ping_status":"open","sticky":false,"template":"","format":"standard","meta":{"_uf_show_specific_survey":0,"_uf_disable_surveys":false,"_jetpack_memberships_contains_paid_content":false,"footnotes":"","jetpack_publicize_message":"","jetpack_publicize_feature_enabled":true,"jetpack_social_post_already_shared":true,"jetpack_social_options":{"image_generator_settings":{"template":"highway","enabled":false},"version":2}},"categories":[23],"tags":[],"class_list":["entry","author-diegoaguirre","post-25132","post","type-post","status-publish","format-standard","has-post-thumbnail","category-nacional"],"jetpack_publicize_connections":[],"yoast_head":"<!-- This site is optimized with the Yoast SEO plugin v24.3 - https:\/\/yoast.com\/wordpress\/plugins\/seo\/ -->\n<title>Ni\u00f1os, ni\u00f1as y adolescentes de 280 municipios PDET y zonas afectadas por el conflicto armado estrenan colegios - Ciudad y Region<\/title>\n<meta name=\"robots\" content=\"index, follow, max-snippet:-1, max-image-preview:large, max-video-preview:-1\" \/>\n<link rel=\"canonical\" href=\"https:\/\/ciudadyregion.com.co\/index.php\/ninos-ninas-y-adolescentes-de-280-municipios-pdet-y-zonas-afectadas-por-el-conflicto-armado-estrenan-colegios\/nacional\/\" \/>\n<meta property=\"og:locale\" content=\"es_ES\" \/>\n<meta property=\"og:type\" content=\"article\" \/>\n<meta property=\"og:title\" content=\"Ni\u00f1os, ni\u00f1as y adolescentes de 280 municipios PDET y zonas afectadas por el conflicto armado estrenan colegios - Ciudad y Region\" \/>\n<meta property=\"og:description\" content=\"\u201cCreo que hay muy buen ambiente, estoy muy optimista de que podamos avanzar r\u00e1pidamente en la aprobaci\u00f3n de este texto que tiene suficiente concertaci\u00f3n. Seguramente habr\u00e1 discusi\u00f3n, se seguir\u00e1n haciendo ajustes, pero vamos por buen camino\u201d, afirm\u00f3 el ministro del Interior, Juan Fernando Cristo, en el inicio del primer debateContinuar Leyendo\" \/>\n<meta property=\"og:url\" content=\"https:\/\/ciudadyregion.com.co\/index.php\/ninos-ninas-y-adolescentes-de-280-municipios-pdet-y-zonas-afectadas-por-el-conflicto-armado-estrenan-colegios\/nacional\/\" \/>\n<meta property=\"og:site_name\" content=\"Ciudad y Region\" \/>\n<meta property=\"article:published_time\" content=\"2024-11-06T13:48:12+00:00\" \/>\n<meta property=\"og:image\" content=\"https:\/\/ciudadyregion.com.co\/wp-content\/uploads\/2024\/11\/3-85.jpg\" \/>\n\t<meta property=\"og:image:width\" content=\"800\" \/>\n\t<meta property=\"og:image:height\" content=\"445\" \/>\n\t<meta property=\"og:image:type\" content=\"image\/jpeg\" \/>\n<meta name=\"author\" content=\"David Andr\u00e9s Aguirre\" \/>\n<meta name=\"twitter:card\" content=\"summary_large_image\" \/>\n<meta name=\"twitter:label1\" content=\"Escrito por\" \/>\n\t<meta name=\"twitter:data1\" content=\"David Andr\u00e9s Aguirre\" \/>\n\t<meta name=\"twitter:label2\" content=\"Tiempo de lectura\" \/>\n\t<meta name=\"twitter:data2\" content=\"2 minutos\" \/>\n<script type=\"application\/ld+json\" class=\"yoast-schema-graph\">{\"@context\":\"https:\/\/schema.org\",\"@graph\":[{\"@type\":\"WebPage\",\"@id\":\"https:\/\/ciudadyregion.com.co\/index.php\/ninos-ninas-y-adolescentes-de-280-municipios-pdet-y-zonas-afectadas-por-el-conflicto-armado-estrenan-colegios\/nacional\/\",\"url\":\"https:\/\/ciudadyregion.com.co\/index.php\/ninos-ninas-y-adolescentes-de-280-municipios-pdet-y-zonas-afectadas-por-el-conflicto-armado-estrenan-colegios\/nacional\/\",\"name\":\"Ni\u00f1os, ni\u00f1as y adolescentes de 280 municipios PDET y zonas afectadas por el conflicto armado estrenan colegios - Ciudad y Region\",\"isPartOf\":{\"@id\":\"https:\/\/ciudadyregion.com.co\/#website\"},\"primaryImageOfPage\":{\"@id\":\"https:\/\/ciudadyregion.com.co\/index.php\/ninos-ninas-y-adolescentes-de-280-municipios-pdet-y-zonas-afectadas-por-el-conflicto-armado-estrenan-colegios\/nacional\/#primaryimage\"},\"image\":{\"@id\":\"https:\/\/ciudadyregion.com.co\/index.php\/ninos-ninas-y-adolescentes-de-280-municipios-pdet-y-zonas-afectadas-por-el-conflicto-armado-estrenan-colegios\/nacional\/#primaryimage\"},\"thumbnailUrl\":\"https:\/\/i0.wp.com\/ciudadyregion.com.co\/wp-content\/uploads\/2024\/11\/3-85.jpg?fit=800%2C445&ssl=1\",\"datePublished\":\"2024-11-06T13:48:12+00:00\",\"dateModified\":\"2024-11-06T13:48:12+00:00\",\"author\":{\"@id\":\"https:\/\/ciudadyregion.com.co\/#\/schema\/person\/04a4954373ebc4051f46e8c65ff78622\"},\"breadcrumb\":{\"@id\":\"https:\/\/ciudadyregion.com.co\/index.php\/ninos-ninas-y-adolescentes-de-280-municipios-pdet-y-zonas-afectadas-por-el-conflicto-armado-estrenan-colegios\/nacional\/#breadcrumb\"},\"inLanguage\":\"es\",\"potentialAction\":[{\"@type\":\"ReadAction\",\"target\":[\"https:\/\/ciudadyregion.com.co\/index.php\/ninos-ninas-y-adolescentes-de-280-municipios-pdet-y-zonas-afectadas-por-el-conflicto-armado-estrenan-colegios\/nacional\/\"]}]},{\"@type\":\"ImageObject\",\"inLanguage\":\"es\",\"@id\":\"https:\/\/ciudadyregion.com.co\/index.php\/ninos-ninas-y-adolescentes-de-280-municipios-pdet-y-zonas-afectadas-por-el-conflicto-armado-estrenan-colegios\/nacional\/#primaryimage\",\"url\":\"https:\/\/i0.wp.com\/ciudadyregion.com.co\/wp-content\/uploads\/2024\/11\/3-85.jpg?fit=800%2C445&ssl=1\",\"contentUrl\":\"https:\/\/i0.wp.com\/ciudadyregion.com.co\/wp-content\/uploads\/2024\/11\/3-85.jpg?fit=800%2C445&ssl=1\",\"width\":800,\"height\":445},{\"@type\":\"BreadcrumbList\",\"@id\":\"https:\/\/ciudadyregion.com.co\/index.php\/ninos-ninas-y-adolescentes-de-280-municipios-pdet-y-zonas-afectadas-por-el-conflicto-armado-estrenan-colegios\/nacional\/#breadcrumb\",\"itemListElement\":[{\"@type\":\"ListItem\",\"position\":1,\"name\":\"Portada\",\"item\":\"https:\/\/ciudadyregion.com.co\/\"},{\"@type\":\"ListItem\",\"position\":2,\"name\":\"Ni\u00f1os, ni\u00f1as y adolescentes de 280 municipios PDET y zonas afectadas por el conflicto armado estrenan colegios\"}]},{\"@type\":\"WebSite\",\"@id\":\"https:\/\/ciudadyregion.com.co\/#website\",\"url\":\"https:\/\/ciudadyregion.com.co\/\",\"name\":\"Ciudad y Region\",\"description\":\"\",\"potentialAction\":[{\"@type\":\"SearchAction\",\"target\":{\"@type\":\"EntryPoint\",\"urlTemplate\":\"https:\/\/ciudadyregion.com.co\/?s={search_term_string}\"},\"query-input\":{\"@type\":\"PropertyValueSpecification\",\"valueRequired\":true,\"valueName\":\"search_term_string\"}}],\"inLanguage\":\"es\"},{\"@type\":\"Person\",\"@id\":\"https:\/\/ciudadyregion.com.co\/#\/schema\/person\/04a4954373ebc4051f46e8c65ff78622\",\"name\":\"David Andr\u00e9s Aguirre\",\"image\":{\"@type\":\"ImageObject\",\"inLanguage\":\"es\",\"@id\":\"https:\/\/ciudadyregion.com.co\/#\/schema\/person\/image\/\",\"url\":\"https:\/\/secure.gravatar.com\/avatar\/bc3c655860202182ee6d1b5edd042dbe?s=96&d=mm&r=g\",\"contentUrl\":\"https:\/\/secure.gravatar.com\/avatar\/bc3c655860202182ee6d1b5edd042dbe?s=96&d=mm&r=g\",\"caption\":\"David Andr\u00e9s Aguirre\"},\"url\":\"https:\/\/ciudadyregion.com.co\/index.php\/author\/diegoaguirre\/\"}]}<\/script>\n<!-- \/ Yoast SEO plugin. -->","yoast_head_json":{"title":"Ni\u00f1os, ni\u00f1as y adolescentes de 280 municipios PDET y zonas afectadas por el conflicto armado estrenan colegios - Ciudad y Region","robots":{"index":"index","follow":"follow","max-snippet":"max-snippet:-1","max-image-preview":"max-image-preview:large","max-video-preview":"max-video-preview:-1"},"canonical":"https:\/\/ciudadyregion.com.co\/index.php\/ninos-ninas-y-adolescentes-de-280-municipios-pdet-y-zonas-afectadas-por-el-conflicto-armado-estrenan-colegios\/nacional\/","og_locale":"es_ES","og_type":"article","og_title":"Ni\u00f1os, ni\u00f1as y adolescentes de 280 municipios PDET y zonas afectadas por el conflicto armado estrenan colegios - Ciudad y Region","og_description":"\u201cCreo que hay muy buen ambiente, estoy muy optimista de que podamos avanzar r\u00e1pidamente en la aprobaci\u00f3n de este texto que tiene suficiente concertaci\u00f3n. Seguramente habr\u00e1 discusi\u00f3n, se seguir\u00e1n haciendo ajustes, pero vamos por buen camino\u201d, afirm\u00f3 el ministro del Interior, Juan Fernando Cristo, en el inicio del primer debateContinuar Leyendo","og_url":"https:\/\/ciudadyregion.com.co\/index.php\/ninos-ninas-y-adolescentes-de-280-municipios-pdet-y-zonas-afectadas-por-el-conflicto-armado-estrenan-colegios\/nacional\/","og_site_name":"Ciudad y Region","article_published_time":"2024-11-06T13:48:12+00:00","og_image":[{"width":800,"height":445,"url":"https:\/\/ciudadyregion.com.co\/wp-content\/uploads\/2024\/11\/3-85.jpg","type":"image\/jpeg"}],"author":"David Andr\u00e9s Aguirre","twitter_card":"summary_large_image","twitter_misc":{"Escrito por":"David Andr\u00e9s Aguirre","Tiempo de lectura":"2 minutos"},"schema":{"@context":"https:\/\/schema.org","@graph":[{"@type":"WebPage","@id":"https:\/\/ciudadyregion.com.co\/index.php\/ninos-ninas-y-adolescentes-de-280-municipios-pdet-y-zonas-afectadas-por-el-conflicto-armado-estrenan-colegios\/nacional\/","url":"https:\/\/ciudadyregion.com.co\/index.php\/ninos-ninas-y-adolescentes-de-280-municipios-pdet-y-zonas-afectadas-por-el-conflicto-armado-estrenan-colegios\/nacional\/","name":"Ni\u00f1os, ni\u00f1as y adolescentes de 280 municipios PDET y zonas afectadas por el conflicto armado estrenan colegios - Ciudad y Region","isPartOf":{"@id":"https:\/\/ciudadyregion.com.co\/#website"},"primaryImageOfPage":{"@id":"https:\/\/ciudadyregion.com.co\/index.php\/ninos-ninas-y-adolescentes-de-280-municipios-pdet-y-zonas-afectadas-por-el-conflicto-armado-estrenan-colegios\/nacional\/#primaryimage"},"image":{"@id":"https:\/\/ciudadyregion.com.co\/index.php\/ninos-ninas-y-adolescentes-de-280-municipios-pdet-y-zonas-afectadas-por-el-conflicto-armado-estrenan-colegios\/nacional\/#primaryimage"},"thumbnailUrl":"https:\/\/i0.wp.com\/ciudadyregion.com.co\/wp-content\/uploads\/2024\/11\/3-85.jpg?fit=800%2C445&ssl=1","datePublished":"2024-11-06T13:48:12+00:00","dateModified":"2024-11-06T13:48:12+00:00","author":{"@id":"https:\/\/ciudadyregion.com.co\/#\/schema\/person\/04a4954373ebc4051f46e8c65ff78622"},"breadcrumb":{"@id":"https:\/\/ciudadyregion.com.co\/index.php\/ninos-ninas-y-adolescentes-de-280-municipios-pdet-y-zonas-afectadas-por-el-conflicto-armado-estrenan-colegios\/nacional\/#breadcrumb"},"inLanguage":"es","potentialAction":[{"@type":"ReadAction","target":["https:\/\/ciudadyregion.com.co\/index.php\/ninos-ninas-y-adolescentes-de-280-municipios-pdet-y-zonas-afectadas-por-el-conflicto-armado-estrenan-colegios\/nacional\/"]}]},{"@type":"ImageObject","inLanguage":"es","@id":"https:\/\/ciudadyregion.com.co\/index.php\/ninos-ninas-y-adolescentes-de-280-municipios-pdet-y-zonas-afectadas-por-el-conflicto-armado-estrenan-colegios\/nacional\/#primaryimage","url":"https:\/\/i0.wp.com\/ciudadyregion.com.co\/wp-content\/uploads\/2024\/11\/3-85.jpg?fit=800%2C445&ssl=1","contentUrl":"https:\/\/i0.wp.com\/ciudadyregion.com.co\/wp-content\/uploads\/2024\/11\/3-85.jpg?fit=800%2C445&ssl=1","width":800,"height":445},{"@type":"BreadcrumbList","@id":"https:\/\/ciudadyregion.com.co\/index.php\/ninos-ninas-y-adolescentes-de-280-municipios-pdet-y-zonas-afectadas-por-el-conflicto-armado-estrenan-colegios\/nacional\/#breadcrumb","itemListElement":[{"@type":"ListItem","position":1,"name":"Portada","item":"https:\/\/ciudadyregion.com.co\/"},{"@type":"ListItem","position":2,"name":"Ni\u00f1os, ni\u00f1as y adolescentes de 280 municipios PDET y zonas afectadas por el conflicto armado estrenan colegios"}]},{"@type":"WebSite","@id":"https:\/\/ciudadyregion.com.co\/#website","url":"https:\/\/ciudadyregion.com.co\/","name":"Ciudad y Region","description":"","potentialAction":[{"@type":"SearchAction","target":{"@type":"EntryPoint","urlTemplate":"https:\/\/ciudadyregion.com.co\/?s={search_term_string}"},"query-input":{"@type":"PropertyValueSpecification","valueRequired":true,"valueName":"search_term_string"}}],"inLanguage":"es"},{"@type":"Person","@id":"https:\/\/ciudadyregion.com.co\/#\/schema\/person\/04a4954373ebc4051f46e8c65ff78622","name":"David Andr\u00e9s Aguirre","image":{"@type":"ImageObject","inLanguage":"es","@id":"https:\/\/ciudadyregion.com.co\/#\/schema\/person\/image\/","url":"https:\/\/secure.gravatar.com\/avatar\/bc3c655860202182ee6d1b5edd042dbe?s=96&d=mm&r=g","contentUrl":"https:\/\/secure.gravatar.com\/avatar\/bc3c655860202182ee6d1b5edd042dbe?s=96&d=mm&r=g","caption":"David Andr\u00e9s Aguirre"},"url":"https:\/\/ciudadyregion.com.co\/index.php\/author\/diegoaguirre\/"}]}},"jetpack_featured_media_url":"https:\/\/i0.wp.com\/ciudadyregion.com.co\/wp-content\/uploads\/2024\/11\/3-85.jpg?fit=800%2C445&ssl=1","jetpack_sharing_enabled":true,"jetpack_shortlink":"https:\/\/wp.me\/pbS7hh-6xm","jetpack-related-posts":[],"_links":{"self":[{"href":"https:\/\/ciudadyregion.com.co\/index.php\/wp-json\/wp\/v2\/posts\/25132"}],"collection":[{"href":"https:\/\/ciudadyregion.com.co\/index.php\/wp-json\/wp\/v2\/posts"}],"about":[{"href":"https:\/\/ciudadyregion.com.co\/index.php\/wp-json\/wp\/v2\/types\/post"}],"author":[{"embeddable":true,"href":"https:\/\/ciudadyregion.com.co\/index.php\/wp-json\/wp\/v2\/users\/2"}],"replies":[{"embeddable":true,"href":"https:\/\/ciudadyregion.com.co\/index.php\/wp-json\/wp\/v2\/comments?post=25132"}],"version-history":[{"count":1,"href":"https:\/\/ciudadyregion.com.co\/index.php\/wp-json\/wp\/v2\/posts\/25132\/revisions"}],"predecessor-version":[{"id":25134,"href":"https:\/\/ciudadyregion.com.co\/index.php\/wp-json\/wp\/v2\/posts\/25132\/revisions\/25134"}],"wp:featuredmedia":[{"embeddable":true,"href":"https:\/\/ciudadyregion.com.co\/index.php\/wp-json\/wp\/v2\/media\/25133"}],"wp:attachment":[{"href":"https:\/\/ciudadyregion.com.co\/index.php\/wp-json\/wp\/v2\/media?parent=25132"}],"wp:term":[{"taxonomy":"category","embeddable":true,"href":"https:\/\/ciudadyregion.com.co\/index.php\/wp-json\/wp\/v2\/categories?post=25132"},{"taxonomy":"post_tag","embeddable":true,"href":"https:\/\/ciudadyregion.com.co\/index.php\/wp-json\/wp\/v2\/tags?post=25132"}],"curies":[{"name":"wp","href":"https:\/\/api.w.org\/{rel}","templated":true}]}}