{"id":25126,"date":"2024-11-06T08:42:50","date_gmt":"2024-11-06T13:42:50","guid":{"rendered":"https:\/\/ciudadyregion.com.co\/?p=25126"},"modified":"2024-11-06T08:42:50","modified_gmt":"2024-11-06T13:42:50","slug":"gobierno-nacional-recupera-predio-la-america-de-1-400-hectareas-que-pertenecio-a-jorge-40-en-el-cesar-para-los-campesinos-de-la-region","status":"publish","type":"post","link":"https:\/\/ciudadyregion.com.co\/index.php\/gobierno-nacional-recupera-predio-la-america-de-1-400-hectareas-que-pertenecio-a-jorge-40-en-el-cesar-para-los-campesinos-de-la-region\/nacional\/","title":{"rendered":"Gobierno Nacional recupera predio La Am\u00e9rica de 1.400 hect\u00e1reas que perteneci\u00f3 a Jorge 40 en el Cesar para los campesinos de la regi\u00f3n"},"content":{"rendered":"<div>El Gobierno del Cambio del presidente Gustavo Petro realiz\u00f3 un procedimiento de caracterizaci\u00f3n del predio \u2018La Am\u00e9rica\u2019, de 1.453 hect\u00e1reas, que perteneci\u00f3 a \u00a0Rodrigo Tovar Pupo, alias\u00a0\u2018Jorge 40\u2019 en el Cesar, a fin de ser entregado pr\u00f3ximamente a familias que buscan acceder a terrenos f\u00e9rtiles para ponerlos a producir.<\/div>\n<div><\/div>\n<div>En el Cesar se han entregado alrededor de 12 mil hect\u00e1reas en lo que va corrido de 2024, y la meta es llegar a 30 mil.<\/div>\n<div><\/div>\n<div>No obstante, tras la jornada del fin de semana el director de la Agencia Nacional de tierras, Felipe Harman, debi\u00f3 solicitar a la Fiscal General de la Naci\u00f3n, Luz Adriana Camargo, y a la Polic\u00eda Nacional, acompa\u00f1ar el proceso ya que, seg\u00fan dijo, l\u00edderes campesinos de la zona vienen siendo amenazados.<\/div>\n<div><\/div>\n<div>\u201cIngresamos a hacer la caracterizaci\u00f3n de la finca \u2018La Am\u00e9rica\u2019, que fue de Jorge 40. Hace parte del Fondo de Reparaci\u00f3n y est\u00e1 siendo adquirida por la ANT; va a ser entregada a manos de campesinos del municipio de Chimichagua y del departamento del Cesar\u201d, explic\u00f3 el director de la ANT.<\/div>\n<div><\/div>\n<div>Afirm\u00f3 adem\u00e1s que, en sesi\u00f3n ampliada del Comit\u00e9 Municipal de Reforma Agraria, se definir\u00e1 el universo de campesinos que va a ser beneficiario de este y otros programas.<\/div>\n<div><\/div>\n<h2>Amenazas a campesinos<\/h2>\n<div><\/div>\n<div>Sin embargo, este lunes public\u00f3 en su cuenta de X que \u201cel predio La Am\u00e9rica, en Chimichagua, pertenec\u00eda a la sociedad Rodr\u00edguez Fuentes, embargada por la Fiscal\u00eda en el 2007\u201d, y que hace parte del inventario de tierras entregadas por paramilitares al Fondo de Reparaci\u00f3n de V\u00edctimas.<\/div>\n<div><\/div>\n<div>Sin embargo, indic\u00f3 que \u201csigue bajo el control de la empresa relacionada con \u00b4Comandante Barbie\u00b4, cercano al Bloque Norte de las AUC\u201d, y que luego del anuncio de la recuperaci\u00f3n \u201cvienen amenazando l\u00edderes campesinos de la zona\u201d.<\/div>\n<div><\/div>\n<blockquote>\n<div>\u201cEs importante solicitarle a la Fiscal General de la Naci\u00f3n, Luz Adriana Camargo, y a la Polic\u00eda de Colombia, hacer seguimiento a esta recuperaci\u00f3n. El predio La Am\u00e9rica ser\u00e1 recuperado para los campesinos sin tierra de Chimichagua y el Cesar. Chimichagua es el segundo municipio del pa\u00eds en donde m\u00e1s impacto ha tenido la reforma agraria: El predio La Am\u00e9rica ser\u00e1 recuperado para m\u00e1s de 200 campesinos sin tierra de Chimichagua y el Cesar\u201d, dijo en su trino.<\/div>\n<\/blockquote>\n<div><\/div>\n<div>Este municipio del centro del Cesar es uno de los m\u00e1s favorecidos con los procesos de distribuci\u00f3n de tierra productiva a partir de la adjudicaci\u00f3n de t\u00edtulos y de compra que est\u00e1n en curso.<\/div>\n","protected":false},"excerpt":{"rendered":"<p>El Gobierno del Cambio del presidente Gustavo Petro realiz\u00f3 un procedimiento de caracterizaci\u00f3n del predio \u2018La Am\u00e9rica\u2019, de 1.453 hect\u00e1reas, que perteneci\u00f3 a \u00a0Rodrigo Tovar Pupo, alias\u00a0\u2018Jorge 40\u2019 en el Cesar, a fin de ser entregado pr\u00f3ximamente a familias que buscan acceder a terrenos f\u00e9rtiles para ponerlos a producir. En<span class=\"more-link\"><a href=\"https:\/\/ciudadyregion.com.co\/index.php\/gobierno-nacional-recupera-predio-la-america-de-1-400-hectareas-que-pertenecio-a-jorge-40-en-el-cesar-para-los-campesinos-de-la-region\/nacional\/\">Continuar Leyendo<\/a><\/span><\/p>\n","protected":false},"author":2,"featured_media":25127,"comment_status":"open","ping_status":"open","sticky":false,"template":"","format":"standard","meta":{"_uf_show_specific_survey":0,"_uf_disable_surveys":false,"_jetpack_memberships_contains_paid_content":false,"footnotes":"","jetpack_publicize_message":"","jetpack_publicize_feature_enabled":true,"jetpack_social_post_already_shared":true,"jetpack_social_options":{"image_generator_settings":{"template":"highway","enabled":false},"version":2}},"categories":[23],"tags":[],"class_list":["entry","author-diegoaguirre","post-25126","post","type-post","status-publish","format-standard","has-post-thumbnail","category-nacional"],"jetpack_publicize_connections":[],"yoast_head":"<!-- This site is optimized with the Yoast SEO plugin v24.3 - https:\/\/yoast.com\/wordpress\/plugins\/seo\/ -->\n<title>Gobierno Nacional recupera predio La Am\u00e9rica de 1.400 hect\u00e1reas que perteneci\u00f3 a Jorge 40 en el Cesar para los campesinos de la regi\u00f3n - Ciudad y Region<\/title>\n<meta name=\"robots\" content=\"index, follow, max-snippet:-1, max-image-preview:large, max-video-preview:-1\" \/>\n<link rel=\"canonical\" href=\"https:\/\/ciudadyregion.com.co\/index.php\/gobierno-nacional-recupera-predio-la-america-de-1-400-hectareas-que-pertenecio-a-jorge-40-en-el-cesar-para-los-campesinos-de-la-region\/nacional\/\" \/>\n<meta property=\"og:locale\" content=\"es_ES\" \/>\n<meta property=\"og:type\" content=\"article\" \/>\n<meta property=\"og:title\" content=\"Gobierno Nacional recupera predio La Am\u00e9rica de 1.400 hect\u00e1reas que perteneci\u00f3 a Jorge 40 en el Cesar para los campesinos de la regi\u00f3n - Ciudad y Region\" \/>\n<meta property=\"og:description\" content=\"El Gobierno del Cambio del presidente Gustavo Petro realiz\u00f3 un procedimiento de caracterizaci\u00f3n del predio \u2018La Am\u00e9rica\u2019, de 1.453 hect\u00e1reas, que perteneci\u00f3 a \u00a0Rodrigo Tovar Pupo, alias\u00a0\u2018Jorge 40\u2019 en el Cesar, a fin de ser entregado pr\u00f3ximamente a familias que buscan acceder a terrenos f\u00e9rtiles para ponerlos a producir. EnContinuar Leyendo\" \/>\n<meta property=\"og:url\" content=\"https:\/\/ciudadyregion.com.co\/index.php\/gobierno-nacional-recupera-predio-la-america-de-1-400-hectareas-que-pertenecio-a-jorge-40-en-el-cesar-para-los-campesinos-de-la-region\/nacional\/\" \/>\n<meta property=\"og:site_name\" content=\"Ciudad y Region\" \/>\n<meta property=\"article:published_time\" content=\"2024-11-06T13:42:50+00:00\" \/>\n<meta property=\"og:image\" content=\"https:\/\/ciudadyregion.com.co\/wp-content\/uploads\/2024\/11\/1-83.jpg\" \/>\n\t<meta property=\"og:image:width\" content=\"800\" \/>\n\t<meta property=\"og:image:height\" content=\"445\" \/>\n\t<meta property=\"og:image:type\" content=\"image\/jpeg\" \/>\n<meta name=\"author\" content=\"David Andr\u00e9s Aguirre\" \/>\n<meta name=\"twitter:card\" content=\"summary_large_image\" \/>\n<meta name=\"twitter:label1\" content=\"Escrito por\" \/>\n\t<meta name=\"twitter:data1\" content=\"David Andr\u00e9s Aguirre\" \/>\n\t<meta name=\"twitter:label2\" content=\"Tiempo de lectura\" \/>\n\t<meta name=\"twitter:data2\" content=\"2 minutos\" \/>\n<script type=\"application\/ld+json\" class=\"yoast-schema-graph\">{\"@context\":\"https:\/\/schema.org\",\"@graph\":[{\"@type\":\"WebPage\",\"@id\":\"https:\/\/ciudadyregion.com.co\/index.php\/gobierno-nacional-recupera-predio-la-america-de-1-400-hectareas-que-pertenecio-a-jorge-40-en-el-cesar-para-los-campesinos-de-la-region\/nacional\/\",\"url\":\"https:\/\/ciudadyregion.com.co\/index.php\/gobierno-nacional-recupera-predio-la-america-de-1-400-hectareas-que-pertenecio-a-jorge-40-en-el-cesar-para-los-campesinos-de-la-region\/nacional\/\",\"name\":\"Gobierno Nacional recupera predio La Am\u00e9rica de 1.400 hect\u00e1reas que perteneci\u00f3 a Jorge 40 en el Cesar para los campesinos de la regi\u00f3n - Ciudad y Region\",\"isPartOf\":{\"@id\":\"https:\/\/ciudadyregion.com.co\/#website\"},\"primaryImageOfPage\":{\"@id\":\"https:\/\/ciudadyregion.com.co\/index.php\/gobierno-nacional-recupera-predio-la-america-de-1-400-hectareas-que-pertenecio-a-jorge-40-en-el-cesar-para-los-campesinos-de-la-region\/nacional\/#primaryimage\"},\"image\":{\"@id\":\"https:\/\/ciudadyregion.com.co\/index.php\/gobierno-nacional-recupera-predio-la-america-de-1-400-hectareas-que-pertenecio-a-jorge-40-en-el-cesar-para-los-campesinos-de-la-region\/nacional\/#primaryimage\"},\"thumbnailUrl\":\"https:\/\/i0.wp.com\/ciudadyregion.com.co\/wp-content\/uploads\/2024\/11\/1-83.jpg?fit=800%2C445&ssl=1\",\"datePublished\":\"2024-11-06T13:42:50+00:00\",\"dateModified\":\"2024-11-06T13:42:50+00:00\",\"author\":{\"@id\":\"https:\/\/ciudadyregion.com.co\/#\/schema\/person\/04a4954373ebc4051f46e8c65ff78622\"},\"breadcrumb\":{\"@id\":\"https:\/\/ciudadyregion.com.co\/index.php\/gobierno-nacional-recupera-predio-la-america-de-1-400-hectareas-que-pertenecio-a-jorge-40-en-el-cesar-para-los-campesinos-de-la-region\/nacional\/#breadcrumb\"},\"inLanguage\":\"es\",\"potentialAction\":[{\"@type\":\"ReadAction\",\"target\":[\"https:\/\/ciudadyregion.com.co\/index.php\/gobierno-nacional-recupera-predio-la-america-de-1-400-hectareas-que-pertenecio-a-jorge-40-en-el-cesar-para-los-campesinos-de-la-region\/nacional\/\"]}]},{\"@type\":\"ImageObject\",\"inLanguage\":\"es\",\"@id\":\"https:\/\/ciudadyregion.com.co\/index.php\/gobierno-nacional-recupera-predio-la-america-de-1-400-hectareas-que-pertenecio-a-jorge-40-en-el-cesar-para-los-campesinos-de-la-region\/nacional\/#primaryimage\",\"url\":\"https:\/\/i0.wp.com\/ciudadyregion.com.co\/wp-content\/uploads\/2024\/11\/1-83.jpg?fit=800%2C445&ssl=1\",\"contentUrl\":\"https:\/\/i0.wp.com\/ciudadyregion.com.co\/wp-content\/uploads\/2024\/11\/1-83.jpg?fit=800%2C445&ssl=1\",\"width\":800,\"height\":445},{\"@type\":\"BreadcrumbList\",\"@id\":\"https:\/\/ciudadyregion.com.co\/index.php\/gobierno-nacional-recupera-predio-la-america-de-1-400-hectareas-que-pertenecio-a-jorge-40-en-el-cesar-para-los-campesinos-de-la-region\/nacional\/#breadcrumb\",\"itemListElement\":[{\"@type\":\"ListItem\",\"position\":1,\"name\":\"Portada\",\"item\":\"https:\/\/ciudadyregion.com.co\/\"},{\"@type\":\"ListItem\",\"position\":2,\"name\":\"Gobierno Nacional recupera predio La Am\u00e9rica de 1.400 hect\u00e1reas que perteneci\u00f3 a Jorge 40 en el Cesar para los campesinos de la regi\u00f3n\"}]},{\"@type\":\"WebSite\",\"@id\":\"https:\/\/ciudadyregion.com.co\/#website\",\"url\":\"https:\/\/ciudadyregion.com.co\/\",\"name\":\"Ciudad y Region\",\"description\":\"\",\"potentialAction\":[{\"@type\":\"SearchAction\",\"target\":{\"@type\":\"EntryPoint\",\"urlTemplate\":\"https:\/\/ciudadyregion.com.co\/?s={search_term_string}\"},\"query-input\":{\"@type\":\"PropertyValueSpecification\",\"valueRequired\":true,\"valueName\":\"search_term_string\"}}],\"inLanguage\":\"es\"},{\"@type\":\"Person\",\"@id\":\"https:\/\/ciudadyregion.com.co\/#\/schema\/person\/04a4954373ebc4051f46e8c65ff78622\",\"name\":\"David Andr\u00e9s Aguirre\",\"image\":{\"@type\":\"ImageObject\",\"inLanguage\":\"es\",\"@id\":\"https:\/\/ciudadyregion.com.co\/#\/schema\/person\/image\/\",\"url\":\"https:\/\/secure.gravatar.com\/avatar\/bc3c655860202182ee6d1b5edd042dbe?s=96&d=mm&r=g\",\"contentUrl\":\"https:\/\/secure.gravatar.com\/avatar\/bc3c655860202182ee6d1b5edd042dbe?s=96&d=mm&r=g\",\"caption\":\"David Andr\u00e9s Aguirre\"},\"url\":\"https:\/\/ciudadyregion.com.co\/index.php\/author\/diegoaguirre\/\"}]}<\/script>\n<!-- \/ Yoast SEO plugin. -->","yoast_head_json":{"title":"Gobierno Nacional recupera predio La Am\u00e9rica de 1.400 hect\u00e1reas que perteneci\u00f3 a Jorge 40 en el Cesar para los campesinos de la regi\u00f3n - Ciudad y Region","robots":{"index":"index","follow":"follow","max-snippet":"max-snippet:-1","max-image-preview":"max-image-preview:large","max-video-preview":"max-video-preview:-1"},"canonical":"https:\/\/ciudadyregion.com.co\/index.php\/gobierno-nacional-recupera-predio-la-america-de-1-400-hectareas-que-pertenecio-a-jorge-40-en-el-cesar-para-los-campesinos-de-la-region\/nacional\/","og_locale":"es_ES","og_type":"article","og_title":"Gobierno Nacional recupera predio La Am\u00e9rica de 1.400 hect\u00e1reas que perteneci\u00f3 a Jorge 40 en el Cesar para los campesinos de la regi\u00f3n - Ciudad y Region","og_description":"El Gobierno del Cambio del presidente Gustavo Petro realiz\u00f3 un procedimiento de caracterizaci\u00f3n del predio \u2018La Am\u00e9rica\u2019, de 1.453 hect\u00e1reas, que perteneci\u00f3 a \u00a0Rodrigo Tovar Pupo, alias\u00a0\u2018Jorge 40\u2019 en el Cesar, a fin de ser entregado pr\u00f3ximamente a familias que buscan acceder a terrenos f\u00e9rtiles para ponerlos a producir. EnContinuar Leyendo","og_url":"https:\/\/ciudadyregion.com.co\/index.php\/gobierno-nacional-recupera-predio-la-america-de-1-400-hectareas-que-pertenecio-a-jorge-40-en-el-cesar-para-los-campesinos-de-la-region\/nacional\/","og_site_name":"Ciudad y Region","article_published_time":"2024-11-06T13:42:50+00:00","og_image":[{"width":800,"height":445,"url":"https:\/\/ciudadyregion.com.co\/wp-content\/uploads\/2024\/11\/1-83.jpg","type":"image\/jpeg"}],"author":"David Andr\u00e9s Aguirre","twitter_card":"summary_large_image","twitter_misc":{"Escrito por":"David Andr\u00e9s Aguirre","Tiempo de lectura":"2 minutos"},"schema":{"@context":"https:\/\/schema.org","@graph":[{"@type":"WebPage","@id":"https:\/\/ciudadyregion.com.co\/index.php\/gobierno-nacional-recupera-predio-la-america-de-1-400-hectareas-que-pertenecio-a-jorge-40-en-el-cesar-para-los-campesinos-de-la-region\/nacional\/","url":"https:\/\/ciudadyregion.com.co\/index.php\/gobierno-nacional-recupera-predio-la-america-de-1-400-hectareas-que-pertenecio-a-jorge-40-en-el-cesar-para-los-campesinos-de-la-region\/nacional\/","name":"Gobierno Nacional recupera predio La Am\u00e9rica de 1.400 hect\u00e1reas que perteneci\u00f3 a Jorge 40 en el Cesar para los campesinos de la regi\u00f3n - Ciudad y Region","isPartOf":{"@id":"https:\/\/ciudadyregion.com.co\/#website"},"primaryImageOfPage":{"@id":"https:\/\/ciudadyregion.com.co\/index.php\/gobierno-nacional-recupera-predio-la-america-de-1-400-hectareas-que-pertenecio-a-jorge-40-en-el-cesar-para-los-campesinos-de-la-region\/nacional\/#primaryimage"},"image":{"@id":"https:\/\/ciudadyregion.com.co\/index.php\/gobierno-nacional-recupera-predio-la-america-de-1-400-hectareas-que-pertenecio-a-jorge-40-en-el-cesar-para-los-campesinos-de-la-region\/nacional\/#primaryimage"},"thumbnailUrl":"https:\/\/i0.wp.com\/ciudadyregion.com.co\/wp-content\/uploads\/2024\/11\/1-83.jpg?fit=800%2C445&ssl=1","datePublished":"2024-11-06T13:42:50+00:00","dateModified":"2024-11-06T13:42:50+00:00","author":{"@id":"https:\/\/ciudadyregion.com.co\/#\/schema\/person\/04a4954373ebc4051f46e8c65ff78622"},"breadcrumb":{"@id":"https:\/\/ciudadyregion.com.co\/index.php\/gobierno-nacional-recupera-predio-la-america-de-1-400-hectareas-que-pertenecio-a-jorge-40-en-el-cesar-para-los-campesinos-de-la-region\/nacional\/#breadcrumb"},"inLanguage":"es","potentialAction":[{"@type":"ReadAction","target":["https:\/\/ciudadyregion.com.co\/index.php\/gobierno-nacional-recupera-predio-la-america-de-1-400-hectareas-que-pertenecio-a-jorge-40-en-el-cesar-para-los-campesinos-de-la-region\/nacional\/"]}]},{"@type":"ImageObject","inLanguage":"es","@id":"https:\/\/ciudadyregion.com.co\/index.php\/gobierno-nacional-recupera-predio-la-america-de-1-400-hectareas-que-pertenecio-a-jorge-40-en-el-cesar-para-los-campesinos-de-la-region\/nacional\/#primaryimage","url":"https:\/\/i0.wp.com\/ciudadyregion.com.co\/wp-content\/uploads\/2024\/11\/1-83.jpg?fit=800%2C445&ssl=1","contentUrl":"https:\/\/i0.wp.com\/ciudadyregion.com.co\/wp-content\/uploads\/2024\/11\/1-83.jpg?fit=800%2C445&ssl=1","width":800,"height":445},{"@type":"BreadcrumbList","@id":"https:\/\/ciudadyregion.com.co\/index.php\/gobierno-nacional-recupera-predio-la-america-de-1-400-hectareas-que-pertenecio-a-jorge-40-en-el-cesar-para-los-campesinos-de-la-region\/nacional\/#breadcrumb","itemListElement":[{"@type":"ListItem","position":1,"name":"Portada","item":"https:\/\/ciudadyregion.com.co\/"},{"@type":"ListItem","position":2,"name":"Gobierno Nacional recupera predio La Am\u00e9rica de 1.400 hect\u00e1reas que perteneci\u00f3 a Jorge 40 en el Cesar para los campesinos de la regi\u00f3n"}]},{"@type":"WebSite","@id":"https:\/\/ciudadyregion.com.co\/#website","url":"https:\/\/ciudadyregion.com.co\/","name":"Ciudad y Region","description":"","potentialAction":[{"@type":"SearchAction","target":{"@type":"EntryPoint","urlTemplate":"https:\/\/ciudadyregion.com.co\/?s={search_term_string}"},"query-input":{"@type":"PropertyValueSpecification","valueRequired":true,"valueName":"search_term_string"}}],"inLanguage":"es"},{"@type":"Person","@id":"https:\/\/ciudadyregion.com.co\/#\/schema\/person\/04a4954373ebc4051f46e8c65ff78622","name":"David Andr\u00e9s Aguirre","image":{"@type":"ImageObject","inLanguage":"es","@id":"https:\/\/ciudadyregion.com.co\/#\/schema\/person\/image\/","url":"https:\/\/secure.gravatar.com\/avatar\/bc3c655860202182ee6d1b5edd042dbe?s=96&d=mm&r=g","contentUrl":"https:\/\/secure.gravatar.com\/avatar\/bc3c655860202182ee6d1b5edd042dbe?s=96&d=mm&r=g","caption":"David Andr\u00e9s Aguirre"},"url":"https:\/\/ciudadyregion.com.co\/index.php\/author\/diegoaguirre\/"}]}},"jetpack_featured_media_url":"https:\/\/i0.wp.com\/ciudadyregion.com.co\/wp-content\/uploads\/2024\/11\/1-83.jpg?fit=800%2C445&ssl=1","jetpack_sharing_enabled":true,"jetpack_shortlink":"https:\/\/wp.me\/pbS7hh-6xg","jetpack-related-posts":[],"_links":{"self":[{"href":"https:\/\/ciudadyregion.com.co\/index.php\/wp-json\/wp\/v2\/posts\/25126"}],"collection":[{"href":"https:\/\/ciudadyregion.com.co\/index.php\/wp-json\/wp\/v2\/posts"}],"about":[{"href":"https:\/\/ciudadyregion.com.co\/index.php\/wp-json\/wp\/v2\/types\/post"}],"author":[{"embeddable":true,"href":"https:\/\/ciudadyregion.com.co\/index.php\/wp-json\/wp\/v2\/users\/2"}],"replies":[{"embeddable":true,"href":"https:\/\/ciudadyregion.com.co\/index.php\/wp-json\/wp\/v2\/comments?post=25126"}],"version-history":[{"count":1,"href":"https:\/\/ciudadyregion.com.co\/index.php\/wp-json\/wp\/v2\/posts\/25126\/revisions"}],"predecessor-version":[{"id":25128,"href":"https:\/\/ciudadyregion.com.co\/index.php\/wp-json\/wp\/v2\/posts\/25126\/revisions\/25128"}],"wp:featuredmedia":[{"embeddable":true,"href":"https:\/\/ciudadyregion.com.co\/index.php\/wp-json\/wp\/v2\/media\/25127"}],"wp:attachment":[{"href":"https:\/\/ciudadyregion.com.co\/index.php\/wp-json\/wp\/v2\/media?parent=25126"}],"wp:term":[{"taxonomy":"category","embeddable":true,"href":"https:\/\/ciudadyregion.com.co\/index.php\/wp-json\/wp\/v2\/categories?post=25126"},{"taxonomy":"post_tag","embeddable":true,"href":"https:\/\/ciudadyregion.com.co\/index.php\/wp-json\/wp\/v2\/tags?post=25126"}],"curies":[{"name":"wp","href":"https:\/\/api.w.org\/{rel}","templated":true}]}}